{"id":76412,"date":"2018-02-08T14:14:00","date_gmt":"2018-02-08T12:14:00","guid":{"rendered":"http:\/\/devrri.freshlemon.ro\/news-and-current-affairs\/newsflash\/romanias-justice-system-under-debate-in-the-european-parliament-76412.html"},"modified":"2024-02-16T09:54:36","modified_gmt":"2024-02-16T07:54:36","slug":"romanias-justice-system-under-debate-in-the-european-parliament","status":"publish","type":"post","link":"https:\/\/www.rri.ro\/en\/news-and-current-affairs\/today-in-the-news\/romanias-justice-system-under-debate-in-the-european-parliament-id76412.html","title":{"rendered":"Romania\u2019s justice system, under debate in the European Parliament"},"content":{"rendered":"<p>The domestic turmoil stirred by the modifications brought to the justice laws in Romania has reached the floor of the European Parliament, which on Wednesday hosted a debate on this issue. Convinced that the European Union was misinformed over the justice laws, on Tuesday Justice Minister Tudorel Toader had presented European Commission Vice-President Frans Timmermans the status of their implementation.<\/p>\n<p>&#13;<br \/>\n&#13;<\/p>\n<p>&#13;<br \/>\n&#13;<\/p>\n<p>Justice Minister Tudorel Toader: \u201cI talked to Mr. Timmermans for 70 minutes, not 30 minutes. It was a very straightforward talk, referring to the justice laws. I repeat what I\u2019ve said on numerous occasions: everyone should voice opinions within the limits of their competencies\u201d.<\/p>\n<p>&#13;<br \/>\n&#13;<\/p>\n<p>&#13;<br \/>\n&#13;<\/p>\n<p>After the debate in Parliament, which took place in the presence of EU Commissioner for Justice, Vera Jourova, Minister Toader said the debate had a political stake, and promised he would draw up a list of false information.<\/p>\n<p>&#13;<br \/>\n&#13;<\/p>\n<p>&#13;<br \/>\n&#13;<\/p>\n<p>One of the opponents of the justice laws, MEP Traian Ungureanu from the European People\u2019s Party, pointed out the following: \u201cThe Social-Democrats won the elections after promising more money, prosperity and whatnot. But the Government\u2019s first decision was to modify laws limiting or removing sanctions for crimes committed by its leadership. The abuse of office was written off, while the cap for including embezzlement as a crime was extended. The Social-Democrats\u2019 modifications to the justice laws will turn prosecutors into their bosses\u2019 investigators, while investigations themselves will undergo a new control mechanism\u201d.<\/p>\n<p>&#13;<br \/>\n&#13;<\/p>\n<p>&#13;<br \/>\n&#13;<\/p>\n<p>In turn, MEP Cristian Preda, also with the EPP group, said: \u201cWhen Jean-Claude Juncker and Frans Timmermans called on the Government to consult the Venice Commission, the Government said \u2018no, there\u2019s no need for that\u2019. It was Mr. Tudorel Toader himself, a member of this Commission, who said that\u201d.<\/p>\n<p>&#13;<br \/>\n&#13;<\/p>\n<p>&#13;<br \/>\n&#13;<\/p>\n<p>On the other hand, defending the need for a judicial overhaul, Norica Nicolae with the Alliance of Liberals and Democrats said the following: \u201cThe presumption of innocence, the rights and liberties related to criminal investigations, are they not procedural guarantees that the European Union fosters? What did you do, Madam Commissioner, when hundreds of people were abusively sentenced to prison and acquitted?  What did you do when so many citizens were illegally tapped, when intelligence agencies with no attributes pertaining to the criminal investigation got involved?\u201d<\/p>\n<p>&#13;<br \/>\n&#13;<\/p>\n<p>&#13;<br \/>\n&#13;<\/p>\n<p> Another MEP with the Alliance of Liberals and Democrats, Mircea Diaconu, expressed concern over the rule of law in Romania, which he believes is being challenged: \u201cUnder our Constitution, Parliament is the only one that can solve these problems. It doesn\u2019t need anyone\u2019s approval and can only be silenced by the Constitutional Court, which is a fully-functional institution in Romania. All else is not worth discussing. I would end by saying that I favour the independence of the justice system and of Romania in particular\u201d.<\/p>\n<p>&#13;<br \/>\n&#13;<\/p>\n<p>&#13;<br \/>\n&#13;<\/p>\n<p>In her concluding remarks, EU Commissioner Vera Jourova reiterated the Commission\u2019s request that Romania\u2019s Parliament should call a debate on the modifications to the justice laws, in line with the EU\u2019s recommendations, so as to reach consensus in this matter. <\/p>\n<p>&#13;<\/p>\n","protected":false},"excerpt":{"rendered":"<p>The recent modifications brought to the justice laws in Romania were at the centre of a heated debate in the European Parliament in Strasbourg<\/p>\n","protected":false},"author":109,"featured_media":76413,"comment_status":"closed","ping_status":"closed","sticky":false,"template":"","format":"standard","meta":{"_acf_changed":false,"footnotes":""},"categories":[37738],"tags":[29406,32472,116464],"coauthors":[],"class_list":["post-76412","post","type-post","status-publish","format-standard","has-post-thumbnail","hentry","category-today-in-the-news","tag-european-parliament","tag-justice-laws","tag-romania-en"],"acf":[],"yoast_head":"<!-- This site is optimized with the Yoast SEO plugin v27.3 - https:\/\/yoast.com\/product\/yoast-seo-wordpress\/ -->\n<title>Romania\u2019s justice system, under debate in the European Parliament - Radio Romania International<\/title>\n<meta name=\"robots\" content=\"index, follow, max-snippet:-1, max-image-preview:large, max-video-preview:-1\" \/>\n<link rel=\"canonical\" href=\"https:\/\/www.rri.ro\/en\/news-and-current-affairs\/today-in-the-news\/romanias-justice-system-under-debate-in-the-european-parliament-id76412.html\" \/>\n<meta property=\"og:locale\" content=\"en_US\" \/>\n<meta property=\"og:type\" content=\"article\" \/>\n<meta property=\"og:title\" content=\"Romania\u2019s justice system, under debate in the European Parliament - Radio Romania International\" \/>\n<meta property=\"og:description\" content=\"The recent modifications brought to the justice laws in Romania were at the centre of a heated debate in the European Parliament in Strasbourg\" \/>\n<meta property=\"og:url\" content=\"https:\/\/www.rri.ro\/en\/news-and-current-affairs\/today-in-the-news\/romanias-justice-system-under-debate-in-the-european-parliament-id76412.html\" \/>\n<meta property=\"og:site_name\" content=\"Radio Romania International\" \/>\n<meta property=\"article:published_time\" content=\"2018-02-08T12:14:00+00:00\" \/>\n<meta property=\"article:modified_time\" content=\"2024-02-16T07:54:36+00:00\" \/>\n<meta property=\"og:image\" content=\"https:\/\/www.rri.ro\/wp-content\/uploads\/2023\/10\/parlamentul-european-2017-sus.jpg\" \/>\n\t<meta property=\"og:image:width\" content=\"640\" \/>\n\t<meta property=\"og:image:height\" content=\"428\" \/>\n\t<meta property=\"og:image:type\" content=\"image\/jpeg\" \/>\n<meta name=\"author\" content=\"Roxana Vasile\" \/>\n<meta name=\"twitter:card\" content=\"summary_large_image\" \/>\n<meta name=\"twitter:label1\" content=\"Written by\" \/>\n\t<meta name=\"twitter:data1\" content=\"Roxana Vasile\" \/>\n\t<meta name=\"twitter:label2\" content=\"Est. reading time\" \/>\n\t<meta name=\"twitter:data2\" content=\"3 minutes\" \/>\n<script type=\"application\/ld+json\" class=\"yoast-schema-graph\">{\"@context\":\"https:\\\/\\\/schema.org\",\"@graph\":[{\"@type\":\"Article\",\"@id\":\"https:\\\/\\\/www.rri.ro\\\/en\\\/news-and-current-affairs\\\/today-in-the-news\\\/romanias-justice-system-under-debate-in-the-european-parliament-id76412.html#article\",\"isPartOf\":{\"@id\":\"https:\\\/\\\/www.rri.ro\\\/en\\\/news-and-current-affairs\\\/today-in-the-news\\\/romanias-justice-system-under-debate-in-the-european-parliament-id76412.html\"},\"author\":{\"name\":\"Roxana Vasile\",\"@id\":\"https:\\\/\\\/www.rri.ro\\\/#\\\/schema\\\/person\\\/0745b519f2d1287783422f162c4112af\"},\"headline\":\"Romania\u2019s justice system, under debate in the European Parliament\",\"datePublished\":\"2018-02-08T12:14:00+00:00\",\"dateModified\":\"2024-02-16T07:54:36+00:00\",\"mainEntityOfPage\":{\"@id\":\"https:\\\/\\\/www.rri.ro\\\/en\\\/news-and-current-affairs\\\/today-in-the-news\\\/romanias-justice-system-under-debate-in-the-european-parliament-id76412.html\"},\"wordCount\":511,\"image\":{\"@id\":\"https:\\\/\\\/www.rri.ro\\\/en\\\/news-and-current-affairs\\\/today-in-the-news\\\/romanias-justice-system-under-debate-in-the-european-parliament-id76412.html#primaryimage\"},\"thumbnailUrl\":\"https:\\\/\\\/www.rri.ro\\\/wp-content\\\/uploads\\\/2023\\\/10\\\/parlamentul-european-2017-sus.jpg\",\"keywords\":[\"European Parliament\",\"justice laws\",\"Romania\"],\"articleSection\":[\"Today in the News\"],\"inLanguage\":\"en-US\"},{\"@type\":\"WebPage\",\"@id\":\"https:\\\/\\\/www.rri.ro\\\/en\\\/news-and-current-affairs\\\/today-in-the-news\\\/romanias-justice-system-under-debate-in-the-european-parliament-id76412.html\",\"url\":\"https:\\\/\\\/www.rri.ro\\\/en\\\/news-and-current-affairs\\\/today-in-the-news\\\/romanias-justice-system-under-debate-in-the-european-parliament-id76412.html\",\"name\":\"Romania\u2019s justice system, under debate in the European Parliament - Radio Romania International\",\"isPartOf\":{\"@id\":\"https:\\\/\\\/www.rri.ro\\\/#website\"},\"primaryImageOfPage\":{\"@id\":\"https:\\\/\\\/www.rri.ro\\\/en\\\/news-and-current-affairs\\\/today-in-the-news\\\/romanias-justice-system-under-debate-in-the-european-parliament-id76412.html#primaryimage\"},\"image\":{\"@id\":\"https:\\\/\\\/www.rri.ro\\\/en\\\/news-and-current-affairs\\\/today-in-the-news\\\/romanias-justice-system-under-debate-in-the-european-parliament-id76412.html#primaryimage\"},\"thumbnailUrl\":\"https:\\\/\\\/www.rri.ro\\\/wp-content\\\/uploads\\\/2023\\\/10\\\/parlamentul-european-2017-sus.jpg\",\"datePublished\":\"2018-02-08T12:14:00+00:00\",\"dateModified\":\"2024-02-16T07:54:36+00:00\",\"author\":{\"@id\":\"https:\\\/\\\/www.rri.ro\\\/#\\\/schema\\\/person\\\/0745b519f2d1287783422f162c4112af\"},\"breadcrumb\":{\"@id\":\"https:\\\/\\\/www.rri.ro\\\/en\\\/news-and-current-affairs\\\/today-in-the-news\\\/romanias-justice-system-under-debate-in-the-european-parliament-id76412.html#breadcrumb\"},\"inLanguage\":\"en-US\",\"potentialAction\":[{\"@type\":\"ReadAction\",\"target\":[\"https:\\\/\\\/www.rri.ro\\\/en\\\/news-and-current-affairs\\\/today-in-the-news\\\/romanias-justice-system-under-debate-in-the-european-parliament-id76412.html\"]}]},{\"@type\":\"ImageObject\",\"inLanguage\":\"en-US\",\"@id\":\"https:\\\/\\\/www.rri.ro\\\/en\\\/news-and-current-affairs\\\/today-in-the-news\\\/romanias-justice-system-under-debate-in-the-european-parliament-id76412.html#primaryimage\",\"url\":\"https:\\\/\\\/www.rri.ro\\\/wp-content\\\/uploads\\\/2023\\\/10\\\/parlamentul-european-2017-sus.jpg\",\"contentUrl\":\"https:\\\/\\\/www.rri.ro\\\/wp-content\\\/uploads\\\/2023\\\/10\\\/parlamentul-european-2017-sus.jpg\",\"width\":640,\"height\":428},{\"@type\":\"BreadcrumbList\",\"@id\":\"https:\\\/\\\/www.rri.ro\\\/en\\\/news-and-current-affairs\\\/today-in-the-news\\\/romanias-justice-system-under-debate-in-the-european-parliament-id76412.html#breadcrumb\",\"itemListElement\":[{\"@type\":\"ListItem\",\"position\":1,\"name\":\"Homepage\",\"item\":\"https:\\\/\\\/www.rri.ro\\\/en\"},{\"@type\":\"ListItem\",\"position\":2,\"name\":\"News and Current Affairs\",\"item\":\"https:\\\/\\\/www.rri.ro\\\/en\\\/news-and-current-affairs\"},{\"@type\":\"ListItem\",\"position\":3,\"name\":\"Today in the News\",\"item\":\"https:\\\/\\\/www.rri.ro\\\/en\\\/news-and-current-affairs\\\/today-in-the-news\"},{\"@type\":\"ListItem\",\"position\":4,\"name\":\"Romania\u2019s justice system, under debate in the European Parliament\"}]},{\"@type\":\"WebSite\",\"@id\":\"https:\\\/\\\/www.rri.ro\\\/#website\",\"url\":\"https:\\\/\\\/www.rri.ro\\\/\",\"name\":\"Radio Romania International\",\"description\":\"Totul despre Rom\u00e2nia \u015fi rom\u00e2ni, \u00een 13 limbi\\\/dialecte!\",\"inLanguage\":\"en-US\"},{\"@type\":\"Person\",\"@id\":\"https:\\\/\\\/www.rri.ro\\\/#\\\/schema\\\/person\\\/0745b519f2d1287783422f162c4112af\",\"name\":\"Roxana Vasile\",\"url\":\"https:\\\/\\\/www.rri.ro\\\/en\\\/author\\\/roxana-vasile\"}]}<\/script>\n<!-- \/ Yoast SEO plugin. -->","yoast_head_json":{"title":"Romania\u2019s justice system, under debate in the European Parliament - Radio Romania International","robots":{"index":"index","follow":"follow","max-snippet":"max-snippet:-1","max-image-preview":"max-image-preview:large","max-video-preview":"max-video-preview:-1"},"canonical":"https:\/\/www.rri.ro\/en\/news-and-current-affairs\/today-in-the-news\/romanias-justice-system-under-debate-in-the-european-parliament-id76412.html","og_locale":"en_US","og_type":"article","og_title":"Romania\u2019s justice system, under debate in the European Parliament - Radio Romania International","og_description":"The recent modifications brought to the justice laws in Romania were at the centre of a heated debate in the European Parliament in Strasbourg","og_url":"https:\/\/www.rri.ro\/en\/news-and-current-affairs\/today-in-the-news\/romanias-justice-system-under-debate-in-the-european-parliament-id76412.html","og_site_name":"Radio Romania International","article_published_time":"2018-02-08T12:14:00+00:00","article_modified_time":"2024-02-16T07:54:36+00:00","og_image":[{"width":640,"height":428,"url":"https:\/\/www.rri.ro\/wp-content\/uploads\/2023\/10\/parlamentul-european-2017-sus.jpg","type":"image\/jpeg"}],"author":"Roxana Vasile","twitter_card":"summary_large_image","twitter_misc":{"Written by":"Roxana Vasile","Est. reading time":"3 minutes"},"schema":{"@context":"https:\/\/schema.org","@graph":[{"@type":"Article","@id":"https:\/\/www.rri.ro\/en\/news-and-current-affairs\/today-in-the-news\/romanias-justice-system-under-debate-in-the-european-parliament-id76412.html#article","isPartOf":{"@id":"https:\/\/www.rri.ro\/en\/news-and-current-affairs\/today-in-the-news\/romanias-justice-system-under-debate-in-the-european-parliament-id76412.html"},"author":{"name":"Roxana Vasile","@id":"https:\/\/www.rri.ro\/#\/schema\/person\/0745b519f2d1287783422f162c4112af"},"headline":"Romania\u2019s justice system, under debate in the European Parliament","datePublished":"2018-02-08T12:14:00+00:00","dateModified":"2024-02-16T07:54:36+00:00","mainEntityOfPage":{"@id":"https:\/\/www.rri.ro\/en\/news-and-current-affairs\/today-in-the-news\/romanias-justice-system-under-debate-in-the-european-parliament-id76412.html"},"wordCount":511,"image":{"@id":"https:\/\/www.rri.ro\/en\/news-and-current-affairs\/today-in-the-news\/romanias-justice-system-under-debate-in-the-european-parliament-id76412.html#primaryimage"},"thumbnailUrl":"https:\/\/www.rri.ro\/wp-content\/uploads\/2023\/10\/parlamentul-european-2017-sus.jpg","keywords":["European Parliament","justice laws","Romania"],"articleSection":["Today in the News"],"inLanguage":"en-US"},{"@type":"WebPage","@id":"https:\/\/www.rri.ro\/en\/news-and-current-affairs\/today-in-the-news\/romanias-justice-system-under-debate-in-the-european-parliament-id76412.html","url":"https:\/\/www.rri.ro\/en\/news-and-current-affairs\/today-in-the-news\/romanias-justice-system-under-debate-in-the-european-parliament-id76412.html","name":"Romania\u2019s justice system, under debate in the European Parliament - Radio Romania International","isPartOf":{"@id":"https:\/\/www.rri.ro\/#website"},"primaryImageOfPage":{"@id":"https:\/\/www.rri.ro\/en\/news-and-current-affairs\/today-in-the-news\/romanias-justice-system-under-debate-in-the-european-parliament-id76412.html#primaryimage"},"image":{"@id":"https:\/\/www.rri.ro\/en\/news-and-current-affairs\/today-in-the-news\/romanias-justice-system-under-debate-in-the-european-parliament-id76412.html#primaryimage"},"thumbnailUrl":"https:\/\/www.rri.ro\/wp-content\/uploads\/2023\/10\/parlamentul-european-2017-sus.jpg","datePublished":"2018-02-08T12:14:00+00:00","dateModified":"2024-02-16T07:54:36+00:00","author":{"@id":"https:\/\/www.rri.ro\/#\/schema\/person\/0745b519f2d1287783422f162c4112af"},"breadcrumb":{"@id":"https:\/\/www.rri.ro\/en\/news-and-current-affairs\/today-in-the-news\/romanias-justice-system-under-debate-in-the-european-parliament-id76412.html#breadcrumb"},"inLanguage":"en-US","potentialAction":[{"@type":"ReadAction","target":["https:\/\/www.rri.ro\/en\/news-and-current-affairs\/today-in-the-news\/romanias-justice-system-under-debate-in-the-european-parliament-id76412.html"]}]},{"@type":"ImageObject","inLanguage":"en-US","@id":"https:\/\/www.rri.ro\/en\/news-and-current-affairs\/today-in-the-news\/romanias-justice-system-under-debate-in-the-european-parliament-id76412.html#primaryimage","url":"https:\/\/www.rri.ro\/wp-content\/uploads\/2023\/10\/parlamentul-european-2017-sus.jpg","contentUrl":"https:\/\/www.rri.ro\/wp-content\/uploads\/2023\/10\/parlamentul-european-2017-sus.jpg","width":640,"height":428},{"@type":"BreadcrumbList","@id":"https:\/\/www.rri.ro\/en\/news-and-current-affairs\/today-in-the-news\/romanias-justice-system-under-debate-in-the-european-parliament-id76412.html#breadcrumb","itemListElement":[{"@type":"ListItem","position":1,"name":"Homepage","item":"https:\/\/www.rri.ro\/en"},{"@type":"ListItem","position":2,"name":"News and Current Affairs","item":"https:\/\/www.rri.ro\/en\/news-and-current-affairs"},{"@type":"ListItem","position":3,"name":"Today in the News","item":"https:\/\/www.rri.ro\/en\/news-and-current-affairs\/today-in-the-news"},{"@type":"ListItem","position":4,"name":"Romania\u2019s justice system, under debate in the European Parliament"}]},{"@type":"WebSite","@id":"https:\/\/www.rri.ro\/#website","url":"https:\/\/www.rri.ro\/","name":"Radio Romania International","description":"Totul despre Rom\u00e2nia \u015fi rom\u00e2ni, \u00een 13 limbi\/dialecte!","inLanguage":"en-US"},{"@type":"Person","@id":"https:\/\/www.rri.ro\/#\/schema\/person\/0745b519f2d1287783422f162c4112af","name":"Roxana Vasile","url":"https:\/\/www.rri.ro\/en\/author\/roxana-vasile"}]}},"_links":{"self":[{"href":"https:\/\/www.rri.ro\/en\/wp-json\/wp\/v2\/posts\/76412","targetHints":{"allow":["GET"]}}],"collection":[{"href":"https:\/\/www.rri.ro\/en\/wp-json\/wp\/v2\/posts"}],"about":[{"href":"https:\/\/www.rri.ro\/en\/wp-json\/wp\/v2\/types\/post"}],"author":[{"embeddable":true,"href":"https:\/\/www.rri.ro\/en\/wp-json\/wp\/v2\/users\/109"}],"replies":[{"embeddable":true,"href":"https:\/\/www.rri.ro\/en\/wp-json\/wp\/v2\/comments?post=76412"}],"version-history":[{"count":0,"href":"https:\/\/www.rri.ro\/en\/wp-json\/wp\/v2\/posts\/76412\/revisions"}],"wp:featuredmedia":[{"embeddable":true,"href":"https:\/\/www.rri.ro\/en\/wp-json\/wp\/v2\/media\/76413"}],"wp:attachment":[{"href":"https:\/\/www.rri.ro\/en\/wp-json\/wp\/v2\/media?parent=76412"}],"wp:term":[{"taxonomy":"category","embeddable":true,"href":"https:\/\/www.rri.ro\/en\/wp-json\/wp\/v2\/categories?post=76412"},{"taxonomy":"post_tag","embeddable":true,"href":"https:\/\/www.rri.ro\/en\/wp-json\/wp\/v2\/tags?post=76412"},{"taxonomy":"author","embeddable":true,"href":"https:\/\/www.rri.ro\/en\/wp-json\/wp\/v2\/coauthors?post=76412"}],"curies":[{"name":"wp","href":"https:\/\/api.w.org\/{rel}","templated":true}]}}