{"id":76486,"date":"2018-02-15T13:13:00","date_gmt":"2018-02-15T11:13:00","guid":{"rendered":"http:\/\/devrri.freshlemon.ro\/news-and-current-affairs\/newsflash\/romania-sees-record-economic-growth-76486.html"},"modified":"2024-02-16T09:54:43","modified_gmt":"2024-02-16T07:54:43","slug":"romania-sees-record-economic-growth","status":"publish","type":"post","link":"https:\/\/www.rri.ro\/en\/news-and-current-affairs\/today-in-the-news\/romania-sees-record-economic-growth-id76486.html","title":{"rendered":"Romania sees record economic growth"},"content":{"rendered":"<p>The economic growth that Romania posted last year is definitely impressive. The National Statistics Institute (INS) announced on Wednesday that the country\u2019s economy went up by 7% in 2017 as against the previous year. This is the most significant advance since 2008, a period also marked by sustained economic growth and followed by recession and austerity. According to the INS, in the last quarter of 2017 Romania had the biggest growth of all the 28 EU member states. An Eurostat report confirms this situation.<\/p>\n<p>&#13;<br \/>\n&#13;<\/p>\n<p>&#13;<br \/>\n&#13;<\/p>\n<p>But how can we explain this significant economic growth in a country where the living standard is one of the lowest in Europe? According to the European Commission, the main engine for growth has been household consumption, stimulated by smaller taxes and an increase in salaries, but with little public investment for the second consecutive year. Economist Mircea Cosea says that Romania\u2019s economic growth is a sign that real economy, the private economy, has results in Romania irrespective of difficulties.<\/p>\n<p>&#13;<br \/>\n&#13;<\/p>\n<p>&#13;<br \/>\n&#13;<\/p>\n<p>Mircea Cosea: \u201cIf the economy continues to grow due to consumption or mainly due to consumption, this upward trend will not be maintained in the following years. That is because this type of growth is not sustainable, it goes up to a certain maximum level, as it happened in 2017, and then it starts to decrease, possibly as much as up to half its level in the previous year.\u201d<\/p>\n<p>&#13;<br \/>\n&#13;<\/p>\n<p>&#13;<br \/>\n&#13;<\/p>\n<p>Also on Wednesday, the Central Banks\u2019 Board announced that the expected dynamics of economic growth remains robust in 2018, but it goes down in 2019. The National Commission for Prognosis has recently revised upwards, to 6.1%, the GDP advance estimated for this year, after an initial 5.5% forecast for 2018. Also, the World Bank has recently announced Romania is expected to report a 6.4% increase in its GDP for 2017 as compared to the 4.4% forecast in June.<\/p>\n<p>&#13;<br \/>\n&#13;<\/p>\n<p>&#13;<br \/>\n&#13;<\/p>\n<p>Economic analyst Cristian Paun has signaled that economic growth is not always the same thing with development and that Romania\u2019s economy has progressed due to the loans it took out, without any single new kilometer of motorway being built recently. He has also said that, if we take a look at the country\u2019s economic growth in the past 25 years we see increased volatility, which means periods of sustained growth, followed by periods marked by spectacular economic decrease.<\/p>\n<p>&#13;<br \/>\n&#13;<\/p>\n<p>&#13;<br \/>\n&#13;<\/p>\n<p>&#13;<\/p>\n","protected":false},"excerpt":{"rendered":"<p>Romania has seen record economic growth in the EU, after having advanced 7% in 2017 as against the previous year.<\/p>\n","protected":false},"author":46,"featured_media":63758,"comment_status":"closed","ping_status":"closed","sticky":false,"template":"","format":"standard","meta":{"_acf_changed":false,"footnotes":""},"categories":[37738],"tags":[30655,29332,29053,34868],"coauthors":[],"class_list":["post-76486","post","type-post","status-publish","format-standard","has-post-thumbnail","hentry","category-today-in-the-news","tag-central-bank","tag-economic-growth","tag-european-commission","tag-ins"],"acf":[],"yoast_head":"<!-- This site is optimized with the Yoast SEO plugin v27.3 - https:\/\/yoast.com\/product\/yoast-seo-wordpress\/ -->\n<title>Romania sees record economic growth - Radio Romania International<\/title>\n<meta name=\"robots\" content=\"index, follow, max-snippet:-1, max-image-preview:large, max-video-preview:-1\" \/>\n<link rel=\"canonical\" href=\"https:\/\/www.rri.ro\/en\/news-and-current-affairs\/today-in-the-news\/romania-sees-record-economic-growth-id76486.html\" \/>\n<meta property=\"og:locale\" content=\"en_US\" \/>\n<meta property=\"og:type\" content=\"article\" \/>\n<meta property=\"og:title\" content=\"Romania sees record economic growth - Radio Romania International\" \/>\n<meta property=\"og:description\" content=\"Romania has seen record economic growth in the EU, after having advanced 7% in 2017 as against the previous year.\" \/>\n<meta property=\"og:url\" content=\"https:\/\/www.rri.ro\/en\/news-and-current-affairs\/today-in-the-news\/romania-sees-record-economic-growth-id76486.html\" \/>\n<meta property=\"og:site_name\" content=\"Radio Romania International\" \/>\n<meta property=\"article:published_time\" content=\"2018-02-15T11:13:00+00:00\" \/>\n<meta property=\"article:modified_time\" content=\"2024-02-16T07:54:43+00:00\" \/>\n<meta property=\"og:image\" content=\"https:\/\/www.rri.ro\/wp-content\/uploads\/2023\/10\/grafic-ascendent.png\" \/>\n\t<meta property=\"og:image:width\" content=\"640\" \/>\n\t<meta property=\"og:image:height\" content=\"480\" \/>\n\t<meta property=\"og:image:type\" content=\"image\/png\" \/>\n<meta name=\"author\" content=\"Leyla Cheamil\" \/>\n<meta name=\"twitter:card\" content=\"summary_large_image\" \/>\n<meta name=\"twitter:label1\" content=\"Written by\" \/>\n\t<meta name=\"twitter:data1\" content=\"Leyla Cheamil\" \/>\n\t<meta name=\"twitter:label2\" content=\"Est. reading time\" \/>\n\t<meta name=\"twitter:data2\" content=\"2 minutes\" \/>\n<script type=\"application\/ld+json\" class=\"yoast-schema-graph\">{\"@context\":\"https:\\\/\\\/schema.org\",\"@graph\":[{\"@type\":\"Article\",\"@id\":\"https:\\\/\\\/www.rri.ro\\\/en\\\/news-and-current-affairs\\\/today-in-the-news\\\/romania-sees-record-economic-growth-id76486.html#article\",\"isPartOf\":{\"@id\":\"https:\\\/\\\/www.rri.ro\\\/en\\\/news-and-current-affairs\\\/today-in-the-news\\\/romania-sees-record-economic-growth-id76486.html\"},\"author\":{\"name\":\"Leyla Cheamil\",\"@id\":\"https:\\\/\\\/www.rri.ro\\\/#\\\/schema\\\/person\\\/e6364ed2d4b6af207a82ca66000d07e0\"},\"headline\":\"Romania sees record economic growth\",\"datePublished\":\"2018-02-15T11:13:00+00:00\",\"dateModified\":\"2024-02-16T07:54:43+00:00\",\"mainEntityOfPage\":{\"@id\":\"https:\\\/\\\/www.rri.ro\\\/en\\\/news-and-current-affairs\\\/today-in-the-news\\\/romania-sees-record-economic-growth-id76486.html\"},\"wordCount\":383,\"image\":{\"@id\":\"https:\\\/\\\/www.rri.ro\\\/en\\\/news-and-current-affairs\\\/today-in-the-news\\\/romania-sees-record-economic-growth-id76486.html#primaryimage\"},\"thumbnailUrl\":\"https:\\\/\\\/www.rri.ro\\\/wp-content\\\/uploads\\\/2023\\\/10\\\/grafic-ascendent.png\",\"keywords\":[\"central bank\",\"economic growth\",\"European Commission\",\"INS\"],\"articleSection\":[\"Today in the News\"],\"inLanguage\":\"en-US\"},{\"@type\":\"WebPage\",\"@id\":\"https:\\\/\\\/www.rri.ro\\\/en\\\/news-and-current-affairs\\\/today-in-the-news\\\/romania-sees-record-economic-growth-id76486.html\",\"url\":\"https:\\\/\\\/www.rri.ro\\\/en\\\/news-and-current-affairs\\\/today-in-the-news\\\/romania-sees-record-economic-growth-id76486.html\",\"name\":\"Romania sees record economic growth - Radio Romania International\",\"isPartOf\":{\"@id\":\"https:\\\/\\\/www.rri.ro\\\/#website\"},\"primaryImageOfPage\":{\"@id\":\"https:\\\/\\\/www.rri.ro\\\/en\\\/news-and-current-affairs\\\/today-in-the-news\\\/romania-sees-record-economic-growth-id76486.html#primaryimage\"},\"image\":{\"@id\":\"https:\\\/\\\/www.rri.ro\\\/en\\\/news-and-current-affairs\\\/today-in-the-news\\\/romania-sees-record-economic-growth-id76486.html#primaryimage\"},\"thumbnailUrl\":\"https:\\\/\\\/www.rri.ro\\\/wp-content\\\/uploads\\\/2023\\\/10\\\/grafic-ascendent.png\",\"datePublished\":\"2018-02-15T11:13:00+00:00\",\"dateModified\":\"2024-02-16T07:54:43+00:00\",\"author\":{\"@id\":\"https:\\\/\\\/www.rri.ro\\\/#\\\/schema\\\/person\\\/e6364ed2d4b6af207a82ca66000d07e0\"},\"breadcrumb\":{\"@id\":\"https:\\\/\\\/www.rri.ro\\\/en\\\/news-and-current-affairs\\\/today-in-the-news\\\/romania-sees-record-economic-growth-id76486.html#breadcrumb\"},\"inLanguage\":\"en-US\",\"potentialAction\":[{\"@type\":\"ReadAction\",\"target\":[\"https:\\\/\\\/www.rri.ro\\\/en\\\/news-and-current-affairs\\\/today-in-the-news\\\/romania-sees-record-economic-growth-id76486.html\"]}]},{\"@type\":\"ImageObject\",\"inLanguage\":\"en-US\",\"@id\":\"https:\\\/\\\/www.rri.ro\\\/en\\\/news-and-current-affairs\\\/today-in-the-news\\\/romania-sees-record-economic-growth-id76486.html#primaryimage\",\"url\":\"https:\\\/\\\/www.rri.ro\\\/wp-content\\\/uploads\\\/2023\\\/10\\\/grafic-ascendent.png\",\"contentUrl\":\"https:\\\/\\\/www.rri.ro\\\/wp-content\\\/uploads\\\/2023\\\/10\\\/grafic-ascendent.png\",\"width\":640,\"height\":480},{\"@type\":\"BreadcrumbList\",\"@id\":\"https:\\\/\\\/www.rri.ro\\\/en\\\/news-and-current-affairs\\\/today-in-the-news\\\/romania-sees-record-economic-growth-id76486.html#breadcrumb\",\"itemListElement\":[{\"@type\":\"ListItem\",\"position\":1,\"name\":\"Homepage\",\"item\":\"https:\\\/\\\/www.rri.ro\\\/en\"},{\"@type\":\"ListItem\",\"position\":2,\"name\":\"News and Current Affairs\",\"item\":\"https:\\\/\\\/www.rri.ro\\\/en\\\/news-and-current-affairs\"},{\"@type\":\"ListItem\",\"position\":3,\"name\":\"Today in the News\",\"item\":\"https:\\\/\\\/www.rri.ro\\\/en\\\/news-and-current-affairs\\\/today-in-the-news\"},{\"@type\":\"ListItem\",\"position\":4,\"name\":\"Romania sees record economic growth\"}]},{\"@type\":\"WebSite\",\"@id\":\"https:\\\/\\\/www.rri.ro\\\/#website\",\"url\":\"https:\\\/\\\/www.rri.ro\\\/\",\"name\":\"Radio Romania International\",\"description\":\"Totul despre Rom\u00e2nia \u015fi rom\u00e2ni, \u00een 13 limbi\\\/dialecte!\",\"inLanguage\":\"en-US\"},{\"@type\":\"Person\",\"@id\":\"https:\\\/\\\/www.rri.ro\\\/#\\\/schema\\\/person\\\/e6364ed2d4b6af207a82ca66000d07e0\",\"name\":\"Leyla Cheamil\",\"url\":\"https:\\\/\\\/www.rri.ro\\\/en\\\/author\\\/leyla-cheamil\"}]}<\/script>\n<!-- \/ Yoast SEO plugin. -->","yoast_head_json":{"title":"Romania sees record economic growth - Radio Romania International","robots":{"index":"index","follow":"follow","max-snippet":"max-snippet:-1","max-image-preview":"max-image-preview:large","max-video-preview":"max-video-preview:-1"},"canonical":"https:\/\/www.rri.ro\/en\/news-and-current-affairs\/today-in-the-news\/romania-sees-record-economic-growth-id76486.html","og_locale":"en_US","og_type":"article","og_title":"Romania sees record economic growth - Radio Romania International","og_description":"Romania has seen record economic growth in the EU, after having advanced 7% in 2017 as against the previous year.","og_url":"https:\/\/www.rri.ro\/en\/news-and-current-affairs\/today-in-the-news\/romania-sees-record-economic-growth-id76486.html","og_site_name":"Radio Romania International","article_published_time":"2018-02-15T11:13:00+00:00","article_modified_time":"2024-02-16T07:54:43+00:00","og_image":[{"width":640,"height":480,"url":"https:\/\/www.rri.ro\/wp-content\/uploads\/2023\/10\/grafic-ascendent.png","type":"image\/png"}],"author":"Leyla Cheamil","twitter_card":"summary_large_image","twitter_misc":{"Written by":"Leyla Cheamil","Est. reading time":"2 minutes"},"schema":{"@context":"https:\/\/schema.org","@graph":[{"@type":"Article","@id":"https:\/\/www.rri.ro\/en\/news-and-current-affairs\/today-in-the-news\/romania-sees-record-economic-growth-id76486.html#article","isPartOf":{"@id":"https:\/\/www.rri.ro\/en\/news-and-current-affairs\/today-in-the-news\/romania-sees-record-economic-growth-id76486.html"},"author":{"name":"Leyla Cheamil","@id":"https:\/\/www.rri.ro\/#\/schema\/person\/e6364ed2d4b6af207a82ca66000d07e0"},"headline":"Romania sees record economic growth","datePublished":"2018-02-15T11:13:00+00:00","dateModified":"2024-02-16T07:54:43+00:00","mainEntityOfPage":{"@id":"https:\/\/www.rri.ro\/en\/news-and-current-affairs\/today-in-the-news\/romania-sees-record-economic-growth-id76486.html"},"wordCount":383,"image":{"@id":"https:\/\/www.rri.ro\/en\/news-and-current-affairs\/today-in-the-news\/romania-sees-record-economic-growth-id76486.html#primaryimage"},"thumbnailUrl":"https:\/\/www.rri.ro\/wp-content\/uploads\/2023\/10\/grafic-ascendent.png","keywords":["central bank","economic growth","European Commission","INS"],"articleSection":["Today in the News"],"inLanguage":"en-US"},{"@type":"WebPage","@id":"https:\/\/www.rri.ro\/en\/news-and-current-affairs\/today-in-the-news\/romania-sees-record-economic-growth-id76486.html","url":"https:\/\/www.rri.ro\/en\/news-and-current-affairs\/today-in-the-news\/romania-sees-record-economic-growth-id76486.html","name":"Romania sees record economic growth - Radio Romania International","isPartOf":{"@id":"https:\/\/www.rri.ro\/#website"},"primaryImageOfPage":{"@id":"https:\/\/www.rri.ro\/en\/news-and-current-affairs\/today-in-the-news\/romania-sees-record-economic-growth-id76486.html#primaryimage"},"image":{"@id":"https:\/\/www.rri.ro\/en\/news-and-current-affairs\/today-in-the-news\/romania-sees-record-economic-growth-id76486.html#primaryimage"},"thumbnailUrl":"https:\/\/www.rri.ro\/wp-content\/uploads\/2023\/10\/grafic-ascendent.png","datePublished":"2018-02-15T11:13:00+00:00","dateModified":"2024-02-16T07:54:43+00:00","author":{"@id":"https:\/\/www.rri.ro\/#\/schema\/person\/e6364ed2d4b6af207a82ca66000d07e0"},"breadcrumb":{"@id":"https:\/\/www.rri.ro\/en\/news-and-current-affairs\/today-in-the-news\/romania-sees-record-economic-growth-id76486.html#breadcrumb"},"inLanguage":"en-US","potentialAction":[{"@type":"ReadAction","target":["https:\/\/www.rri.ro\/en\/news-and-current-affairs\/today-in-the-news\/romania-sees-record-economic-growth-id76486.html"]}]},{"@type":"ImageObject","inLanguage":"en-US","@id":"https:\/\/www.rri.ro\/en\/news-and-current-affairs\/today-in-the-news\/romania-sees-record-economic-growth-id76486.html#primaryimage","url":"https:\/\/www.rri.ro\/wp-content\/uploads\/2023\/10\/grafic-ascendent.png","contentUrl":"https:\/\/www.rri.ro\/wp-content\/uploads\/2023\/10\/grafic-ascendent.png","width":640,"height":480},{"@type":"BreadcrumbList","@id":"https:\/\/www.rri.ro\/en\/news-and-current-affairs\/today-in-the-news\/romania-sees-record-economic-growth-id76486.html#breadcrumb","itemListElement":[{"@type":"ListItem","position":1,"name":"Homepage","item":"https:\/\/www.rri.ro\/en"},{"@type":"ListItem","position":2,"name":"News and Current Affairs","item":"https:\/\/www.rri.ro\/en\/news-and-current-affairs"},{"@type":"ListItem","position":3,"name":"Today in the News","item":"https:\/\/www.rri.ro\/en\/news-and-current-affairs\/today-in-the-news"},{"@type":"ListItem","position":4,"name":"Romania sees record economic growth"}]},{"@type":"WebSite","@id":"https:\/\/www.rri.ro\/#website","url":"https:\/\/www.rri.ro\/","name":"Radio Romania International","description":"Totul despre Rom\u00e2nia \u015fi rom\u00e2ni, \u00een 13 limbi\/dialecte!","inLanguage":"en-US"},{"@type":"Person","@id":"https:\/\/www.rri.ro\/#\/schema\/person\/e6364ed2d4b6af207a82ca66000d07e0","name":"Leyla Cheamil","url":"https:\/\/www.rri.ro\/en\/author\/leyla-cheamil"}]}},"_links":{"self":[{"href":"https:\/\/www.rri.ro\/en\/wp-json\/wp\/v2\/posts\/76486","targetHints":{"allow":["GET"]}}],"collection":[{"href":"https:\/\/www.rri.ro\/en\/wp-json\/wp\/v2\/posts"}],"about":[{"href":"https:\/\/www.rri.ro\/en\/wp-json\/wp\/v2\/types\/post"}],"author":[{"embeddable":true,"href":"https:\/\/www.rri.ro\/en\/wp-json\/wp\/v2\/users\/46"}],"replies":[{"embeddable":true,"href":"https:\/\/www.rri.ro\/en\/wp-json\/wp\/v2\/comments?post=76486"}],"version-history":[{"count":0,"href":"https:\/\/www.rri.ro\/en\/wp-json\/wp\/v2\/posts\/76486\/revisions"}],"wp:featuredmedia":[{"embeddable":true,"href":"https:\/\/www.rri.ro\/en\/wp-json\/wp\/v2\/media\/63758"}],"wp:attachment":[{"href":"https:\/\/www.rri.ro\/en\/wp-json\/wp\/v2\/media?parent=76486"}],"wp:term":[{"taxonomy":"category","embeddable":true,"href":"https:\/\/www.rri.ro\/en\/wp-json\/wp\/v2\/categories?post=76486"},{"taxonomy":"post_tag","embeddable":true,"href":"https:\/\/www.rri.ro\/en\/wp-json\/wp\/v2\/tags?post=76486"},{"taxonomy":"author","embeddable":true,"href":"https:\/\/www.rri.ro\/en\/wp-json\/wp\/v2\/coauthors?post=76486"}],"curies":[{"name":"wp","href":"https:\/\/api.w.org\/{rel}","templated":true}]}}