{"id":76501,"date":"2018-02-16T13:25:00","date_gmt":"2018-02-16T11:25:00","guid":{"rendered":"http:\/\/devrri.freshlemon.ro\/news-and-current-affairs\/newsflash\/the-european-year-of-cultural-heritage-76501.html"},"modified":"2024-02-16T09:54:45","modified_gmt":"2024-02-16T07:54:45","slug":"the-european-year-of-cultural-heritage","status":"publish","type":"post","link":"https:\/\/www.rri.ro\/en\/news-and-current-affairs\/today-in-the-news\/the-european-year-of-cultural-heritage-id76501.html","title":{"rendered":"The European Year of Cultural Heritage"},"content":{"rendered":"<p>The European Parliament and European Council have declared 2018 the European Year of Cultural Heritage. Officially launched in Bucharest, the program will consist of thousands of events aimed at familiarizing Romanians with Europes cultural heritage. With a \u20ac8-million budget, the program contributes to educating and informing the public.<\/p>\n<p>&#13;<br \/>\n&#13;<\/p>\n<p>&#13;<br \/>\n&#13;<\/p>\n<p>The head of the European Commissions Representation in Bucharest, Angela Cristea has more details: \u201cWe are hosting this series of events because we believe heritage is not a luxury product that is solely the remit of public authorities.  People should be able to visit a museum, see an opera show or a concert even if they dont afford it. We want to make sure cultural heritage is easy to access. Many of our events will have free access, so people are invited to take part. At the same time we are fostering a very democratic and broad concept of European heritage.<\/p>\n<p>&#13;<br \/>\n&#13;<\/p>\n<p>&#13;<br \/>\n&#13;<\/p>\n<p>In April 2017, the European Parliament ratified a report on this topic drafted by Romanian MEP Mircea Diaconu, the vice-president of the European Parliaments Culture and Education Committee.<\/p>\n<p>&#13;<br \/>\n&#13;<\/p>\n<p>&#13;<br \/>\n&#13;<\/p>\n<p>Mircea Diaconu told Radio Romania how the year will unfold: \u201cIn 2018 each Member State will present the elements that it considers best represent itself in terms of heritage and national identity so as to create a sort of European puzzle. The year is very promising, especially for Romania, a country that has a lot to say and that is still discovering itself. Its a very good opportunity for us. Maybe we will succeed to stand on a par with other states and bring something important to the table, our heritage, our history, our culture, something that makes us competitive. We can thus be perceived as a great nation, one of the greatest in Europe, culturally speaking.<\/p>\n<p>&#13;<br \/>\n&#13;<\/p>\n<p>&#13;<br \/>\n&#13;<\/p>\n<p>Unfolding under the heading: \u201cOur heritage: where the past meets the future, the project makes for an excellent opportunity to know and understand the role of Europes cultural heritage and to promote a common sense of ownership. Over the course of 2018 national authorities are set to organize events and awareness-raising campaigns to determine citizens to get involved in actions aimed at preserving cultural heritage. The goal is to trigger a genuine change in the way people perceive, preserve and promote their heritage, so that 2018 should bring long-term benefits to all citizens. <\/p>\n<p>&#13;<\/p>\n","protected":false},"excerpt":{"rendered":"<p>2018 has been declared the European Year of Cultural Heritage. The purpose is to encourage as many people as possible to discover and cherish Europes cultural heritage and to promote a common sense of ownership<\/p>\n","protected":false},"author":106,"featured_media":75992,"comment_status":"closed","ping_status":"closed","sticky":false,"template":"","format":"standard","meta":{"_acf_changed":false,"footnotes":""},"categories":[37738],"tags":[],"coauthors":[],"class_list":["post-76501","post","type-post","status-publish","format-standard","has-post-thumbnail","hentry","category-today-in-the-news"],"acf":[],"yoast_head":"<!-- This site is optimized with the Yoast SEO plugin v27.3 - https:\/\/yoast.com\/product\/yoast-seo-wordpress\/ -->\n<title>The European Year of Cultural Heritage - Radio Romania International<\/title>\n<meta name=\"robots\" content=\"index, follow, max-snippet:-1, max-image-preview:large, max-video-preview:-1\" \/>\n<link rel=\"canonical\" href=\"https:\/\/www.rri.ro\/en\/news-and-current-affairs\/today-in-the-news\/the-european-year-of-cultural-heritage-id76501.html\" \/>\n<meta property=\"og:locale\" content=\"en_US\" \/>\n<meta property=\"og:type\" content=\"article\" \/>\n<meta property=\"og:title\" content=\"The European Year of Cultural Heritage - Radio Romania International\" \/>\n<meta property=\"og:description\" content=\"2018 has been declared the European Year of Cultural Heritage. The purpose is to encourage as many people as possible to discover and cherish Europes cultural heritage and to promote a common sense of ownership\" \/>\n<meta property=\"og:url\" content=\"https:\/\/www.rri.ro\/en\/news-and-current-affairs\/today-in-the-news\/the-european-year-of-cultural-heritage-id76501.html\" \/>\n<meta property=\"og:site_name\" content=\"Radio Romania International\" \/>\n<meta property=\"article:published_time\" content=\"2018-02-16T11:25:00+00:00\" \/>\n<meta property=\"article:modified_time\" content=\"2024-02-16T07:54:45+00:00\" \/>\n<meta property=\"og:image\" content=\"https:\/\/www.rri.ro\/wp-content\/uploads\/2023\/10\/2018-patrimoniul-european.jpg\" \/>\n\t<meta property=\"og:image:width\" content=\"640\" \/>\n\t<meta property=\"og:image:height\" content=\"452\" \/>\n\t<meta property=\"og:image:type\" content=\"image\/jpeg\" \/>\n<meta name=\"author\" content=\"Mihai Pelin\" \/>\n<meta name=\"twitter:card\" content=\"summary_large_image\" \/>\n<meta name=\"twitter:label1\" content=\"Written by\" \/>\n\t<meta name=\"twitter:data1\" content=\"Mihai Pelin\" \/>\n\t<meta name=\"twitter:label2\" content=\"Est. reading time\" \/>\n\t<meta name=\"twitter:data2\" content=\"2 minutes\" \/>\n<script type=\"application\/ld+json\" class=\"yoast-schema-graph\">{\"@context\":\"https:\\\/\\\/schema.org\",\"@graph\":[{\"@type\":\"Article\",\"@id\":\"https:\\\/\\\/www.rri.ro\\\/en\\\/news-and-current-affairs\\\/today-in-the-news\\\/the-european-year-of-cultural-heritage-id76501.html#article\",\"isPartOf\":{\"@id\":\"https:\\\/\\\/www.rri.ro\\\/en\\\/news-and-current-affairs\\\/today-in-the-news\\\/the-european-year-of-cultural-heritage-id76501.html\"},\"author\":{\"name\":\"Mihai Pelin\",\"@id\":\"https:\\\/\\\/www.rri.ro\\\/#\\\/schema\\\/person\\\/c6036c822534c855dc3aad41a484f05d\"},\"headline\":\"The European Year of Cultural Heritage\",\"datePublished\":\"2018-02-16T11:25:00+00:00\",\"dateModified\":\"2024-02-16T07:54:45+00:00\",\"mainEntityOfPage\":{\"@id\":\"https:\\\/\\\/www.rri.ro\\\/en\\\/news-and-current-affairs\\\/today-in-the-news\\\/the-european-year-of-cultural-heritage-id76501.html\"},\"wordCount\":388,\"image\":{\"@id\":\"https:\\\/\\\/www.rri.ro\\\/en\\\/news-and-current-affairs\\\/today-in-the-news\\\/the-european-year-of-cultural-heritage-id76501.html#primaryimage\"},\"thumbnailUrl\":\"https:\\\/\\\/www.rri.ro\\\/wp-content\\\/uploads\\\/2023\\\/10\\\/2018-patrimoniul-european.jpg\",\"articleSection\":[\"Today in the News\"],\"inLanguage\":\"en-US\"},{\"@type\":\"WebPage\",\"@id\":\"https:\\\/\\\/www.rri.ro\\\/en\\\/news-and-current-affairs\\\/today-in-the-news\\\/the-european-year-of-cultural-heritage-id76501.html\",\"url\":\"https:\\\/\\\/www.rri.ro\\\/en\\\/news-and-current-affairs\\\/today-in-the-news\\\/the-european-year-of-cultural-heritage-id76501.html\",\"name\":\"The European Year of Cultural Heritage - Radio Romania International\",\"isPartOf\":{\"@id\":\"https:\\\/\\\/www.rri.ro\\\/#website\"},\"primaryImageOfPage\":{\"@id\":\"https:\\\/\\\/www.rri.ro\\\/en\\\/news-and-current-affairs\\\/today-in-the-news\\\/the-european-year-of-cultural-heritage-id76501.html#primaryimage\"},\"image\":{\"@id\":\"https:\\\/\\\/www.rri.ro\\\/en\\\/news-and-current-affairs\\\/today-in-the-news\\\/the-european-year-of-cultural-heritage-id76501.html#primaryimage\"},\"thumbnailUrl\":\"https:\\\/\\\/www.rri.ro\\\/wp-content\\\/uploads\\\/2023\\\/10\\\/2018-patrimoniul-european.jpg\",\"datePublished\":\"2018-02-16T11:25:00+00:00\",\"dateModified\":\"2024-02-16T07:54:45+00:00\",\"author\":{\"@id\":\"https:\\\/\\\/www.rri.ro\\\/#\\\/schema\\\/person\\\/c6036c822534c855dc3aad41a484f05d\"},\"breadcrumb\":{\"@id\":\"https:\\\/\\\/www.rri.ro\\\/en\\\/news-and-current-affairs\\\/today-in-the-news\\\/the-european-year-of-cultural-heritage-id76501.html#breadcrumb\"},\"inLanguage\":\"en-US\",\"potentialAction\":[{\"@type\":\"ReadAction\",\"target\":[\"https:\\\/\\\/www.rri.ro\\\/en\\\/news-and-current-affairs\\\/today-in-the-news\\\/the-european-year-of-cultural-heritage-id76501.html\"]}]},{\"@type\":\"ImageObject\",\"inLanguage\":\"en-US\",\"@id\":\"https:\\\/\\\/www.rri.ro\\\/en\\\/news-and-current-affairs\\\/today-in-the-news\\\/the-european-year-of-cultural-heritage-id76501.html#primaryimage\",\"url\":\"https:\\\/\\\/www.rri.ro\\\/wp-content\\\/uploads\\\/2023\\\/10\\\/2018-patrimoniul-european.jpg\",\"contentUrl\":\"https:\\\/\\\/www.rri.ro\\\/wp-content\\\/uploads\\\/2023\\\/10\\\/2018-patrimoniul-european.jpg\",\"width\":640,\"height\":452},{\"@type\":\"BreadcrumbList\",\"@id\":\"https:\\\/\\\/www.rri.ro\\\/en\\\/news-and-current-affairs\\\/today-in-the-news\\\/the-european-year-of-cultural-heritage-id76501.html#breadcrumb\",\"itemListElement\":[{\"@type\":\"ListItem\",\"position\":1,\"name\":\"Homepage\",\"item\":\"https:\\\/\\\/www.rri.ro\\\/en\"},{\"@type\":\"ListItem\",\"position\":2,\"name\":\"News and Current Affairs\",\"item\":\"https:\\\/\\\/www.rri.ro\\\/en\\\/news-and-current-affairs\"},{\"@type\":\"ListItem\",\"position\":3,\"name\":\"Today in the News\",\"item\":\"https:\\\/\\\/www.rri.ro\\\/en\\\/news-and-current-affairs\\\/today-in-the-news\"},{\"@type\":\"ListItem\",\"position\":4,\"name\":\"The European Year of Cultural Heritage\"}]},{\"@type\":\"WebSite\",\"@id\":\"https:\\\/\\\/www.rri.ro\\\/#website\",\"url\":\"https:\\\/\\\/www.rri.ro\\\/\",\"name\":\"Radio Romania International\",\"description\":\"Totul despre Rom\u00e2nia \u015fi rom\u00e2ni, \u00een 13 limbi\\\/dialecte!\",\"inLanguage\":\"en-US\"},{\"@type\":\"Person\",\"@id\":\"https:\\\/\\\/www.rri.ro\\\/#\\\/schema\\\/person\\\/c6036c822534c855dc3aad41a484f05d\",\"name\":\"Mihai Pelin\",\"url\":\"https:\\\/\\\/www.rri.ro\\\/en\\\/author\\\/mihai-pelin\"}]}<\/script>\n<!-- \/ Yoast SEO plugin. -->","yoast_head_json":{"title":"The European Year of Cultural Heritage - Radio Romania International","robots":{"index":"index","follow":"follow","max-snippet":"max-snippet:-1","max-image-preview":"max-image-preview:large","max-video-preview":"max-video-preview:-1"},"canonical":"https:\/\/www.rri.ro\/en\/news-and-current-affairs\/today-in-the-news\/the-european-year-of-cultural-heritage-id76501.html","og_locale":"en_US","og_type":"article","og_title":"The European Year of Cultural Heritage - Radio Romania International","og_description":"2018 has been declared the European Year of Cultural Heritage. The purpose is to encourage as many people as possible to discover and cherish Europes cultural heritage and to promote a common sense of ownership","og_url":"https:\/\/www.rri.ro\/en\/news-and-current-affairs\/today-in-the-news\/the-european-year-of-cultural-heritage-id76501.html","og_site_name":"Radio Romania International","article_published_time":"2018-02-16T11:25:00+00:00","article_modified_time":"2024-02-16T07:54:45+00:00","og_image":[{"width":640,"height":452,"url":"https:\/\/www.rri.ro\/wp-content\/uploads\/2023\/10\/2018-patrimoniul-european.jpg","type":"image\/jpeg"}],"author":"Mihai Pelin","twitter_card":"summary_large_image","twitter_misc":{"Written by":"Mihai Pelin","Est. reading time":"2 minutes"},"schema":{"@context":"https:\/\/schema.org","@graph":[{"@type":"Article","@id":"https:\/\/www.rri.ro\/en\/news-and-current-affairs\/today-in-the-news\/the-european-year-of-cultural-heritage-id76501.html#article","isPartOf":{"@id":"https:\/\/www.rri.ro\/en\/news-and-current-affairs\/today-in-the-news\/the-european-year-of-cultural-heritage-id76501.html"},"author":{"name":"Mihai Pelin","@id":"https:\/\/www.rri.ro\/#\/schema\/person\/c6036c822534c855dc3aad41a484f05d"},"headline":"The European Year of Cultural Heritage","datePublished":"2018-02-16T11:25:00+00:00","dateModified":"2024-02-16T07:54:45+00:00","mainEntityOfPage":{"@id":"https:\/\/www.rri.ro\/en\/news-and-current-affairs\/today-in-the-news\/the-european-year-of-cultural-heritage-id76501.html"},"wordCount":388,"image":{"@id":"https:\/\/www.rri.ro\/en\/news-and-current-affairs\/today-in-the-news\/the-european-year-of-cultural-heritage-id76501.html#primaryimage"},"thumbnailUrl":"https:\/\/www.rri.ro\/wp-content\/uploads\/2023\/10\/2018-patrimoniul-european.jpg","articleSection":["Today in the News"],"inLanguage":"en-US"},{"@type":"WebPage","@id":"https:\/\/www.rri.ro\/en\/news-and-current-affairs\/today-in-the-news\/the-european-year-of-cultural-heritage-id76501.html","url":"https:\/\/www.rri.ro\/en\/news-and-current-affairs\/today-in-the-news\/the-european-year-of-cultural-heritage-id76501.html","name":"The European Year of Cultural Heritage - Radio Romania International","isPartOf":{"@id":"https:\/\/www.rri.ro\/#website"},"primaryImageOfPage":{"@id":"https:\/\/www.rri.ro\/en\/news-and-current-affairs\/today-in-the-news\/the-european-year-of-cultural-heritage-id76501.html#primaryimage"},"image":{"@id":"https:\/\/www.rri.ro\/en\/news-and-current-affairs\/today-in-the-news\/the-european-year-of-cultural-heritage-id76501.html#primaryimage"},"thumbnailUrl":"https:\/\/www.rri.ro\/wp-content\/uploads\/2023\/10\/2018-patrimoniul-european.jpg","datePublished":"2018-02-16T11:25:00+00:00","dateModified":"2024-02-16T07:54:45+00:00","author":{"@id":"https:\/\/www.rri.ro\/#\/schema\/person\/c6036c822534c855dc3aad41a484f05d"},"breadcrumb":{"@id":"https:\/\/www.rri.ro\/en\/news-and-current-affairs\/today-in-the-news\/the-european-year-of-cultural-heritage-id76501.html#breadcrumb"},"inLanguage":"en-US","potentialAction":[{"@type":"ReadAction","target":["https:\/\/www.rri.ro\/en\/news-and-current-affairs\/today-in-the-news\/the-european-year-of-cultural-heritage-id76501.html"]}]},{"@type":"ImageObject","inLanguage":"en-US","@id":"https:\/\/www.rri.ro\/en\/news-and-current-affairs\/today-in-the-news\/the-european-year-of-cultural-heritage-id76501.html#primaryimage","url":"https:\/\/www.rri.ro\/wp-content\/uploads\/2023\/10\/2018-patrimoniul-european.jpg","contentUrl":"https:\/\/www.rri.ro\/wp-content\/uploads\/2023\/10\/2018-patrimoniul-european.jpg","width":640,"height":452},{"@type":"BreadcrumbList","@id":"https:\/\/www.rri.ro\/en\/news-and-current-affairs\/today-in-the-news\/the-european-year-of-cultural-heritage-id76501.html#breadcrumb","itemListElement":[{"@type":"ListItem","position":1,"name":"Homepage","item":"https:\/\/www.rri.ro\/en"},{"@type":"ListItem","position":2,"name":"News and Current Affairs","item":"https:\/\/www.rri.ro\/en\/news-and-current-affairs"},{"@type":"ListItem","position":3,"name":"Today in the News","item":"https:\/\/www.rri.ro\/en\/news-and-current-affairs\/today-in-the-news"},{"@type":"ListItem","position":4,"name":"The European Year of Cultural Heritage"}]},{"@type":"WebSite","@id":"https:\/\/www.rri.ro\/#website","url":"https:\/\/www.rri.ro\/","name":"Radio Romania International","description":"Totul despre Rom\u00e2nia \u015fi rom\u00e2ni, \u00een 13 limbi\/dialecte!","inLanguage":"en-US"},{"@type":"Person","@id":"https:\/\/www.rri.ro\/#\/schema\/person\/c6036c822534c855dc3aad41a484f05d","name":"Mihai Pelin","url":"https:\/\/www.rri.ro\/en\/author\/mihai-pelin"}]}},"_links":{"self":[{"href":"https:\/\/www.rri.ro\/en\/wp-json\/wp\/v2\/posts\/76501","targetHints":{"allow":["GET"]}}],"collection":[{"href":"https:\/\/www.rri.ro\/en\/wp-json\/wp\/v2\/posts"}],"about":[{"href":"https:\/\/www.rri.ro\/en\/wp-json\/wp\/v2\/types\/post"}],"author":[{"embeddable":true,"href":"https:\/\/www.rri.ro\/en\/wp-json\/wp\/v2\/users\/106"}],"replies":[{"embeddable":true,"href":"https:\/\/www.rri.ro\/en\/wp-json\/wp\/v2\/comments?post=76501"}],"version-history":[{"count":0,"href":"https:\/\/www.rri.ro\/en\/wp-json\/wp\/v2\/posts\/76501\/revisions"}],"wp:featuredmedia":[{"embeddable":true,"href":"https:\/\/www.rri.ro\/en\/wp-json\/wp\/v2\/media\/75992"}],"wp:attachment":[{"href":"https:\/\/www.rri.ro\/en\/wp-json\/wp\/v2\/media?parent=76501"}],"wp:term":[{"taxonomy":"category","embeddable":true,"href":"https:\/\/www.rri.ro\/en\/wp-json\/wp\/v2\/categories?post=76501"},{"taxonomy":"post_tag","embeddable":true,"href":"https:\/\/www.rri.ro\/en\/wp-json\/wp\/v2\/tags?post=76501"},{"taxonomy":"author","embeddable":true,"href":"https:\/\/www.rri.ro\/en\/wp-json\/wp\/v2\/coauthors?post=76501"}],"curies":[{"name":"wp","href":"https:\/\/api.w.org\/{rel}","templated":true}]}}