{"id":76544,"date":"2018-02-20T13:23:00","date_gmt":"2018-02-20T11:23:00","guid":{"rendered":"http:\/\/devrri.freshlemon.ro\/news-and-current-affairs\/newsflash\/the-case-of-the-1990-miners-raids-in-court-76544.html"},"modified":"2024-02-16T09:54:49","modified_gmt":"2024-02-16T07:54:49","slug":"the-case-of-the-1990-miners-raids-in-court","status":"publish","type":"post","link":"https:\/\/www.rri.ro\/en\/news-and-current-affairs\/today-in-the-news\/the-case-of-the-1990-miners-raids-in-court-id76544.html","title":{"rendered":"The case of the 1990 miners\u2019 raids in court"},"content":{"rendered":"<p>It took almost 28 years for the big case of the miners\u2019 raids of June 13-15, 1990, maybe the grimmest episode in Romania\u2019s post-Communist era, to be tried in court. Charged with crimes against humanity are, among others, high ranking officials of that time, the then president Ion Iliescu, the former PM Petre Roman, a former deputy prime minister Gelu Voican Voiculescu and the former director of the Romanian Intelligence Service, Virgil Magureanu.<\/p>\n<p>&#13;<br \/>\n&#13;<\/p>\n<p>&#13;<br \/>\n&#13;<\/p>\n<p>&#13;<br \/>\n&#13;<\/p>\n<p>Military prosecutors claim that the state authorities orchestrated a violent attack against the protesters in the University Square in Bucharest, who were peacefully expressing their political opinions, which were opposed to those of the leftwing power, voted in the May 1990 elections.<\/p>\n<p>&#13;<br \/>\n&#13;<\/p>\n<p>&#13;<br \/>\n&#13;<\/p>\n<p>&#13;<br \/>\n&#13;<\/p>\n<p>After the brutal evacuation of protesters on June 13, there followed two days when the Jiu Valley miners, called by the then president Ion Iliescu to defend the endangered democracy, bludgeoned the protesters to re-establish social order.<\/p>\n<p>&#13;<br \/>\n&#13;<\/p>\n<p>&#13;<br \/>\n&#13;<\/p>\n<p>&#13;<br \/>\n&#13;<\/p>\n<p>According to prosecutors, involved in those raids, alongside the miners, were forces of the interior ministry, of the defense ministry and of the Intelligence Service as well as workers from several areas of the country, which was a profoundly illegal act. The violent intervention of those forces had a grim result: 4 people shot dead, as many as 1,400 injured and 1,250 deprived of the fundamental right to freedom.<\/p>\n<p>&#13;<br \/>\n&#13;<\/p>\n<p>&#13;<br \/>\n&#13;<\/p>\n<p>&#13;<br \/>\n&#13;<\/p>\n<p>Moreover, the University building was vandalized just like the headquarters of the opposition parties and of the independent newspapers. The message the then president Ion Iliescu addressed to miners is quite eloquent about the way the authorities managed the events, quote: \u201cI thank you all, once again, for what you have again proved to be these days. You have proved to be a powerful force, with a high level of working and civic discipline, trustworthy people in good or bad times\u201d the then president Ion Iliescu said.<\/p>\n<p>&#13;<br \/>\n&#13;<\/p>\n<p>&#13;<br \/>\n&#13;<\/p>\n<p>&#13;<br \/>\n&#13;<\/p>\n<p>For many, the opening of the miners\u2019 raids case, last summer, 8 years after it was closed, is largely the result of the pressure exerted on Romania by the European Court of Human Rights. According to commentators, the miners\u2019 raids of June 1990 marred Romania\u2019s image abroad, as it dispelled the wave of sympathy Romania attracted after the violent December 1989 uprising. The savage images of the Romanian miners\u2019 aggression were seen by the entire world.<\/p>\n<p>&#13;<br \/>\n&#13;<\/p>\n<p>&#13;<br \/>\n&#13;<\/p>\n<p>&#13;<br \/>\n&#13;<\/p>\n<p>On the other hand, postponing the trial of the miners\u2019 raids for such a long time, and also the trial of the December 1989 revolution, shows that Romania is still far from having reconciled with its own past.<\/p>\n<p>&#13;<br \/>\n&#13;<\/p>\n<p>&#13;<\/p>\n","protected":false},"excerpt":{"rendered":"<p>The trial of the miners raids of June 13-15, 1990 started on Tuesday at the High Court of Cassation and Justice in Bucharest. A former president and an ex-premier have been charged in this case.<\/p>\n","protected":false},"author":112,"featured_media":60565,"comment_status":"closed","ping_status":"closed","sticky":false,"template":"","format":"standard","meta":{"_acf_changed":false,"footnotes":""},"categories":[37738],"tags":[32197,32731,32190],"coauthors":[],"class_list":["post-76544","post","type-post","status-publish","format-standard","has-post-thumbnail","hentry","category-today-in-the-news","tag-ion-iliescu","tag-jiu-valley","tag-miners-raid"],"acf":[],"yoast_head":"<!-- This site is optimized with the Yoast SEO plugin v27.3 - https:\/\/yoast.com\/product\/yoast-seo-wordpress\/ -->\n<title>The case of the 1990 miners\u2019 raids in court - Radio Romania International<\/title>\n<meta name=\"robots\" content=\"index, follow, max-snippet:-1, max-image-preview:large, max-video-preview:-1\" \/>\n<link rel=\"canonical\" href=\"https:\/\/www.rri.ro\/en\/news-and-current-affairs\/today-in-the-news\/the-case-of-the-1990-miners-raids-in-court-id76544.html\" \/>\n<meta property=\"og:locale\" content=\"en_US\" \/>\n<meta property=\"og:type\" content=\"article\" \/>\n<meta property=\"og:title\" content=\"The case of the 1990 miners\u2019 raids in court - Radio Romania International\" \/>\n<meta property=\"og:description\" content=\"The trial of the miners raids of June 13-15, 1990 started on Tuesday at the High Court of Cassation and Justice in Bucharest. A former president and an ex-premier have been charged in this case.\" \/>\n<meta property=\"og:url\" content=\"https:\/\/www.rri.ro\/en\/news-and-current-affairs\/today-in-the-news\/the-case-of-the-1990-miners-raids-in-court-id76544.html\" \/>\n<meta property=\"og:site_name\" content=\"Radio Romania International\" \/>\n<meta property=\"article:published_time\" content=\"2018-02-20T11:23:00+00:00\" \/>\n<meta property=\"article:modified_time\" content=\"2024-02-16T07:54:49+00:00\" \/>\n<meta property=\"og:image\" content=\"https:\/\/www.rri.ro\/wp-content\/uploads\/2023\/10\/mineriada-1990.png\" \/>\n\t<meta property=\"og:image:width\" content=\"640\" \/>\n\t<meta property=\"og:image:height\" content=\"429\" \/>\n\t<meta property=\"og:image:type\" content=\"image\/png\" \/>\n<meta name=\"author\" content=\"Florentin C\u0103pit\u0103nescu\" \/>\n<meta name=\"twitter:card\" content=\"summary_large_image\" \/>\n<meta name=\"twitter:label1\" content=\"Written by\" \/>\n\t<meta name=\"twitter:data1\" content=\"Florentin C\u0103pit\u0103nescu\" \/>\n\t<meta name=\"twitter:label2\" content=\"Est. reading time\" \/>\n\t<meta name=\"twitter:data2\" content=\"2 minutes\" \/>\n<script type=\"application\/ld+json\" class=\"yoast-schema-graph\">{\"@context\":\"https:\\\/\\\/schema.org\",\"@graph\":[{\"@type\":\"Article\",\"@id\":\"https:\\\/\\\/www.rri.ro\\\/en\\\/news-and-current-affairs\\\/today-in-the-news\\\/the-case-of-the-1990-miners-raids-in-court-id76544.html#article\",\"isPartOf\":{\"@id\":\"https:\\\/\\\/www.rri.ro\\\/en\\\/news-and-current-affairs\\\/today-in-the-news\\\/the-case-of-the-1990-miners-raids-in-court-id76544.html\"},\"author\":{\"name\":\"Florentin C\u0103pit\u0103nescu\",\"@id\":\"https:\\\/\\\/www.rri.ro\\\/#\\\/schema\\\/person\\\/430739eeb293f73734db2c6703951289\"},\"headline\":\"The case of the 1990 miners\u2019 raids in court\",\"datePublished\":\"2018-02-20T11:23:00+00:00\",\"dateModified\":\"2024-02-16T07:54:49+00:00\",\"mainEntityOfPage\":{\"@id\":\"https:\\\/\\\/www.rri.ro\\\/en\\\/news-and-current-affairs\\\/today-in-the-news\\\/the-case-of-the-1990-miners-raids-in-court-id76544.html\"},\"wordCount\":421,\"image\":{\"@id\":\"https:\\\/\\\/www.rri.ro\\\/en\\\/news-and-current-affairs\\\/today-in-the-news\\\/the-case-of-the-1990-miners-raids-in-court-id76544.html#primaryimage\"},\"thumbnailUrl\":\"https:\\\/\\\/www.rri.ro\\\/wp-content\\\/uploads\\\/2023\\\/10\\\/mineriada-1990.png\",\"keywords\":[\"Ion Iliescu\",\"Jiu Valley\",\"miners' raid\"],\"articleSection\":[\"Today in the News\"],\"inLanguage\":\"en-US\"},{\"@type\":\"WebPage\",\"@id\":\"https:\\\/\\\/www.rri.ro\\\/en\\\/news-and-current-affairs\\\/today-in-the-news\\\/the-case-of-the-1990-miners-raids-in-court-id76544.html\",\"url\":\"https:\\\/\\\/www.rri.ro\\\/en\\\/news-and-current-affairs\\\/today-in-the-news\\\/the-case-of-the-1990-miners-raids-in-court-id76544.html\",\"name\":\"The case of the 1990 miners\u2019 raids in court - Radio Romania International\",\"isPartOf\":{\"@id\":\"https:\\\/\\\/www.rri.ro\\\/#website\"},\"primaryImageOfPage\":{\"@id\":\"https:\\\/\\\/www.rri.ro\\\/en\\\/news-and-current-affairs\\\/today-in-the-news\\\/the-case-of-the-1990-miners-raids-in-court-id76544.html#primaryimage\"},\"image\":{\"@id\":\"https:\\\/\\\/www.rri.ro\\\/en\\\/news-and-current-affairs\\\/today-in-the-news\\\/the-case-of-the-1990-miners-raids-in-court-id76544.html#primaryimage\"},\"thumbnailUrl\":\"https:\\\/\\\/www.rri.ro\\\/wp-content\\\/uploads\\\/2023\\\/10\\\/mineriada-1990.png\",\"datePublished\":\"2018-02-20T11:23:00+00:00\",\"dateModified\":\"2024-02-16T07:54:49+00:00\",\"author\":{\"@id\":\"https:\\\/\\\/www.rri.ro\\\/#\\\/schema\\\/person\\\/430739eeb293f73734db2c6703951289\"},\"breadcrumb\":{\"@id\":\"https:\\\/\\\/www.rri.ro\\\/en\\\/news-and-current-affairs\\\/today-in-the-news\\\/the-case-of-the-1990-miners-raids-in-court-id76544.html#breadcrumb\"},\"inLanguage\":\"en-US\",\"potentialAction\":[{\"@type\":\"ReadAction\",\"target\":[\"https:\\\/\\\/www.rri.ro\\\/en\\\/news-and-current-affairs\\\/today-in-the-news\\\/the-case-of-the-1990-miners-raids-in-court-id76544.html\"]}]},{\"@type\":\"ImageObject\",\"inLanguage\":\"en-US\",\"@id\":\"https:\\\/\\\/www.rri.ro\\\/en\\\/news-and-current-affairs\\\/today-in-the-news\\\/the-case-of-the-1990-miners-raids-in-court-id76544.html#primaryimage\",\"url\":\"https:\\\/\\\/www.rri.ro\\\/wp-content\\\/uploads\\\/2023\\\/10\\\/mineriada-1990.png\",\"contentUrl\":\"https:\\\/\\\/www.rri.ro\\\/wp-content\\\/uploads\\\/2023\\\/10\\\/mineriada-1990.png\",\"width\":640,\"height\":429},{\"@type\":\"BreadcrumbList\",\"@id\":\"https:\\\/\\\/www.rri.ro\\\/en\\\/news-and-current-affairs\\\/today-in-the-news\\\/the-case-of-the-1990-miners-raids-in-court-id76544.html#breadcrumb\",\"itemListElement\":[{\"@type\":\"ListItem\",\"position\":1,\"name\":\"Homepage\",\"item\":\"https:\\\/\\\/www.rri.ro\\\/en\"},{\"@type\":\"ListItem\",\"position\":2,\"name\":\"News and Current Affairs\",\"item\":\"https:\\\/\\\/www.rri.ro\\\/en\\\/news-and-current-affairs\"},{\"@type\":\"ListItem\",\"position\":3,\"name\":\"Today in the News\",\"item\":\"https:\\\/\\\/www.rri.ro\\\/en\\\/news-and-current-affairs\\\/today-in-the-news\"},{\"@type\":\"ListItem\",\"position\":4,\"name\":\"The case of the 1990 miners\u2019 raids in court\"}]},{\"@type\":\"WebSite\",\"@id\":\"https:\\\/\\\/www.rri.ro\\\/#website\",\"url\":\"https:\\\/\\\/www.rri.ro\\\/\",\"name\":\"Radio Romania International\",\"description\":\"Totul despre Rom\u00e2nia \u015fi rom\u00e2ni, \u00een 13 limbi\\\/dialecte!\",\"inLanguage\":\"en-US\"},{\"@type\":\"Person\",\"@id\":\"https:\\\/\\\/www.rri.ro\\\/#\\\/schema\\\/person\\\/430739eeb293f73734db2c6703951289\",\"name\":\"Florentin C\u0103pit\u0103nescu\",\"url\":\"https:\\\/\\\/www.rri.ro\\\/en\\\/author\\\/florentin-capitanescu\"}]}<\/script>\n<!-- \/ Yoast SEO plugin. -->","yoast_head_json":{"title":"The case of the 1990 miners\u2019 raids in court - Radio Romania International","robots":{"index":"index","follow":"follow","max-snippet":"max-snippet:-1","max-image-preview":"max-image-preview:large","max-video-preview":"max-video-preview:-1"},"canonical":"https:\/\/www.rri.ro\/en\/news-and-current-affairs\/today-in-the-news\/the-case-of-the-1990-miners-raids-in-court-id76544.html","og_locale":"en_US","og_type":"article","og_title":"The case of the 1990 miners\u2019 raids in court - Radio Romania International","og_description":"The trial of the miners raids of June 13-15, 1990 started on Tuesday at the High Court of Cassation and Justice in Bucharest. A former president and an ex-premier have been charged in this case.","og_url":"https:\/\/www.rri.ro\/en\/news-and-current-affairs\/today-in-the-news\/the-case-of-the-1990-miners-raids-in-court-id76544.html","og_site_name":"Radio Romania International","article_published_time":"2018-02-20T11:23:00+00:00","article_modified_time":"2024-02-16T07:54:49+00:00","og_image":[{"width":640,"height":429,"url":"https:\/\/www.rri.ro\/wp-content\/uploads\/2023\/10\/mineriada-1990.png","type":"image\/png"}],"author":"Florentin C\u0103pit\u0103nescu","twitter_card":"summary_large_image","twitter_misc":{"Written by":"Florentin C\u0103pit\u0103nescu","Est. reading time":"2 minutes"},"schema":{"@context":"https:\/\/schema.org","@graph":[{"@type":"Article","@id":"https:\/\/www.rri.ro\/en\/news-and-current-affairs\/today-in-the-news\/the-case-of-the-1990-miners-raids-in-court-id76544.html#article","isPartOf":{"@id":"https:\/\/www.rri.ro\/en\/news-and-current-affairs\/today-in-the-news\/the-case-of-the-1990-miners-raids-in-court-id76544.html"},"author":{"name":"Florentin C\u0103pit\u0103nescu","@id":"https:\/\/www.rri.ro\/#\/schema\/person\/430739eeb293f73734db2c6703951289"},"headline":"The case of the 1990 miners\u2019 raids in court","datePublished":"2018-02-20T11:23:00+00:00","dateModified":"2024-02-16T07:54:49+00:00","mainEntityOfPage":{"@id":"https:\/\/www.rri.ro\/en\/news-and-current-affairs\/today-in-the-news\/the-case-of-the-1990-miners-raids-in-court-id76544.html"},"wordCount":421,"image":{"@id":"https:\/\/www.rri.ro\/en\/news-and-current-affairs\/today-in-the-news\/the-case-of-the-1990-miners-raids-in-court-id76544.html#primaryimage"},"thumbnailUrl":"https:\/\/www.rri.ro\/wp-content\/uploads\/2023\/10\/mineriada-1990.png","keywords":["Ion Iliescu","Jiu Valley","miners' raid"],"articleSection":["Today in the News"],"inLanguage":"en-US"},{"@type":"WebPage","@id":"https:\/\/www.rri.ro\/en\/news-and-current-affairs\/today-in-the-news\/the-case-of-the-1990-miners-raids-in-court-id76544.html","url":"https:\/\/www.rri.ro\/en\/news-and-current-affairs\/today-in-the-news\/the-case-of-the-1990-miners-raids-in-court-id76544.html","name":"The case of the 1990 miners\u2019 raids in court - Radio Romania International","isPartOf":{"@id":"https:\/\/www.rri.ro\/#website"},"primaryImageOfPage":{"@id":"https:\/\/www.rri.ro\/en\/news-and-current-affairs\/today-in-the-news\/the-case-of-the-1990-miners-raids-in-court-id76544.html#primaryimage"},"image":{"@id":"https:\/\/www.rri.ro\/en\/news-and-current-affairs\/today-in-the-news\/the-case-of-the-1990-miners-raids-in-court-id76544.html#primaryimage"},"thumbnailUrl":"https:\/\/www.rri.ro\/wp-content\/uploads\/2023\/10\/mineriada-1990.png","datePublished":"2018-02-20T11:23:00+00:00","dateModified":"2024-02-16T07:54:49+00:00","author":{"@id":"https:\/\/www.rri.ro\/#\/schema\/person\/430739eeb293f73734db2c6703951289"},"breadcrumb":{"@id":"https:\/\/www.rri.ro\/en\/news-and-current-affairs\/today-in-the-news\/the-case-of-the-1990-miners-raids-in-court-id76544.html#breadcrumb"},"inLanguage":"en-US","potentialAction":[{"@type":"ReadAction","target":["https:\/\/www.rri.ro\/en\/news-and-current-affairs\/today-in-the-news\/the-case-of-the-1990-miners-raids-in-court-id76544.html"]}]},{"@type":"ImageObject","inLanguage":"en-US","@id":"https:\/\/www.rri.ro\/en\/news-and-current-affairs\/today-in-the-news\/the-case-of-the-1990-miners-raids-in-court-id76544.html#primaryimage","url":"https:\/\/www.rri.ro\/wp-content\/uploads\/2023\/10\/mineriada-1990.png","contentUrl":"https:\/\/www.rri.ro\/wp-content\/uploads\/2023\/10\/mineriada-1990.png","width":640,"height":429},{"@type":"BreadcrumbList","@id":"https:\/\/www.rri.ro\/en\/news-and-current-affairs\/today-in-the-news\/the-case-of-the-1990-miners-raids-in-court-id76544.html#breadcrumb","itemListElement":[{"@type":"ListItem","position":1,"name":"Homepage","item":"https:\/\/www.rri.ro\/en"},{"@type":"ListItem","position":2,"name":"News and Current Affairs","item":"https:\/\/www.rri.ro\/en\/news-and-current-affairs"},{"@type":"ListItem","position":3,"name":"Today in the News","item":"https:\/\/www.rri.ro\/en\/news-and-current-affairs\/today-in-the-news"},{"@type":"ListItem","position":4,"name":"The case of the 1990 miners\u2019 raids in court"}]},{"@type":"WebSite","@id":"https:\/\/www.rri.ro\/#website","url":"https:\/\/www.rri.ro\/","name":"Radio Romania International","description":"Totul despre Rom\u00e2nia \u015fi rom\u00e2ni, \u00een 13 limbi\/dialecte!","inLanguage":"en-US"},{"@type":"Person","@id":"https:\/\/www.rri.ro\/#\/schema\/person\/430739eeb293f73734db2c6703951289","name":"Florentin C\u0103pit\u0103nescu","url":"https:\/\/www.rri.ro\/en\/author\/florentin-capitanescu"}]}},"_links":{"self":[{"href":"https:\/\/www.rri.ro\/en\/wp-json\/wp\/v2\/posts\/76544","targetHints":{"allow":["GET"]}}],"collection":[{"href":"https:\/\/www.rri.ro\/en\/wp-json\/wp\/v2\/posts"}],"about":[{"href":"https:\/\/www.rri.ro\/en\/wp-json\/wp\/v2\/types\/post"}],"author":[{"embeddable":true,"href":"https:\/\/www.rri.ro\/en\/wp-json\/wp\/v2\/users\/112"}],"replies":[{"embeddable":true,"href":"https:\/\/www.rri.ro\/en\/wp-json\/wp\/v2\/comments?post=76544"}],"version-history":[{"count":0,"href":"https:\/\/www.rri.ro\/en\/wp-json\/wp\/v2\/posts\/76544\/revisions"}],"wp:featuredmedia":[{"embeddable":true,"href":"https:\/\/www.rri.ro\/en\/wp-json\/wp\/v2\/media\/60565"}],"wp:attachment":[{"href":"https:\/\/www.rri.ro\/en\/wp-json\/wp\/v2\/media?parent=76544"}],"wp:term":[{"taxonomy":"category","embeddable":true,"href":"https:\/\/www.rri.ro\/en\/wp-json\/wp\/v2\/categories?post=76544"},{"taxonomy":"post_tag","embeddable":true,"href":"https:\/\/www.rri.ro\/en\/wp-json\/wp\/v2\/tags?post=76544"},{"taxonomy":"author","embeddable":true,"href":"https:\/\/www.rri.ro\/en\/wp-json\/wp\/v2\/coauthors?post=76544"}],"curies":[{"name":"wp","href":"https:\/\/api.w.org\/{rel}","templated":true}]}}