{"id":77269,"date":"2018-04-16T13:00:00","date_gmt":"2018-04-16T10:00:00","guid":{"rendered":"http:\/\/devrri.freshlemon.ro\/news-and-current-affairs\/newsflash\/bucharest-on-the-situation-in-syria-77269.html"},"modified":"2024-02-16T09:56:08","modified_gmt":"2024-02-16T07:56:08","slug":"bucharest-on-the-situation-in-syria","status":"publish","type":"post","link":"https:\/\/www.rri.ro\/en\/news-and-current-affairs\/today-in-the-news\/bucharest-on-the-situation-in-syria-id77269.html","title":{"rendered":"Bucharest, on the situation in Syria"},"content":{"rendered":"<p><p>The President of&#13;<br \/>\nRomania Klaus Iohannis and the Romanian Foreign Ministry did not hesitate to&#13;<br \/>\nexpress the country&#8217;s position with respect to the Western operation in Syria,&#13;<br \/>\nthis past weekend, initiated a week after the chemical attack in Douma that&#13;<br \/>\nDamascus is thought to have orchestrated. Shortly after the joint operation of&#13;<br \/>\nthe USA, UK and France, President Iohannis reiterated Romania&#8217;s solidarity with&#13;<br \/>\nthe actions of its strategic partners. Romania once again condemns the use of&#13;<br \/>\nchemical weapons in Syria, which, the President said, is unacceptable. In turn,&#13;<br \/>\nthe Foreign Ministry describes the West&#8217;s move as a firm reaction to the&#13;<br \/>\natrocities that made so many victims among civilians in Douma, who are already&#13;<br \/>\nstruggling with the devastation caused by a war that must be ended as soon as&#13;<br \/>\npossible.<\/p>\n<p><\/p>\n<p>&#13;<br \/>\n&#13;<\/p>\n<p>Bucharest&#13;<br \/>\nreiterates the need for a solution to the conflict in Syria, which caused&#13;<br \/>\nsuffering among civilians, and says it is vital for all parties to continue to&#13;<br \/>\nsupport actively the UN actions designed to put an end to this crisis. The&#13;<br \/>\nForeign Ministry also argues that the chemical attack must be investigated&#13;<br \/>\nimmediately, independently and impartially, and requests that the perpetrators&#13;<br \/>\nbe held liable.<\/p>\n<p><\/p>\n<p>&#13;<br \/>\n&#13;<\/p>\n<p>The French&#13;<br \/>\nDefence Minister Florence Parly has stated that the targets of the operation in&#13;<br \/>\nDamascus were the main research centre and two production centres that are part&#13;<br \/>\nof Bashar al-Assad regime&#8217;s clandestine chemical weapons programme. After the&#13;<br \/>\noperation, the US President Donald Trump used the phrase mission accomplished,&#13;<br \/>\nwhile Washington&#8217;s representative at the UN, Nikki Haley, told an emergency&#13;<br \/>\nmeeting of the Security Council that the US was ready for new strikes, in the&#13;<br \/>\nevent of another chemical attack in Syria. <\/p>\n<p><\/p>\n<p>&#13;<br \/>\n&#13;<\/p>\n<p>In turn, British&#13;<br \/>\nPM Theresa May said there had been no alternatives to a military strike, and&#13;<br \/>\ndescribed the Western operation as limited and targeted. <\/p>\n<p><\/p>\n<p>&#13;<br \/>\n&#13;<\/p>\n<p>Meanwhile,&#13;<br \/>\ninternational experts working with the Organisation for the Prohibition of&#13;<br \/>\nChemical Weapons Sunday has initiated an investigation into the presumed&#13;<br \/>\nchemical attack in Douma, which killed scores of people. Fieldwork will likely&#13;<br \/>\nbe difficult, as investigators are expected to conduct their research, a week&#13;<br \/>\nafter the events, in an area under the control of Damascus authorities and of&#13;<br \/>\nthe Russian military police and devastated by a 5-year long siege. <\/p>\n<p><\/p>\n<p>&#13;<br \/>\n&#13;<\/p>\n<p>According to the&#13;<br \/>\nWorld Health Organisation, nearly 500 people in Douma have symptoms consistent&#13;<br \/>\nwith exposure to toxic chemicals. (Translated by Ana Maria Popescu) <\/p>\n<p>&#13;<br \/>\n&#13;<br \/><\/p>\n","protected":false},"excerpt":{"rendered":"<p>Romania voices its solidarity with the West after the operation in Syria, carried out  in response to the Douma chemical attack blamed on Damascus<\/p>\n","protected":false},"author":112,"featured_media":73589,"comment_status":"closed","ping_status":"closed","sticky":false,"template":"","format":"standard","meta":{"_acf_changed":false,"footnotes":""},"categories":[37738],"tags":[31839,39288,39286,39289,33287,34386,29281,39287],"coauthors":[],"class_list":["post-77269","post","type-post","status-publish","format-standard","has-post-thumbnail","hentry","category-today-in-the-news","tag-chemical-attack","tag-damascus-french-defense-minister-florence-parly","tag-douma","tag-nikki-haley","tag-organisation-for-the-prohibition-of-chemical-weapons","tag-pm-theresa-may","tag-syria","tag-western-operation"],"acf":[],"yoast_head":"<!-- This site is optimized with the Yoast SEO plugin v27.3 - https:\/\/yoast.com\/product\/yoast-seo-wordpress\/ -->\n<title>Bucharest, on the situation in Syria - Radio Romania International<\/title>\n<meta name=\"robots\" content=\"index, follow, max-snippet:-1, max-image-preview:large, max-video-preview:-1\" \/>\n<link rel=\"canonical\" href=\"https:\/\/www.rri.ro\/en\/news-and-current-affairs\/today-in-the-news\/bucharest-on-the-situation-in-syria-id77269.html\" \/>\n<meta property=\"og:locale\" content=\"en_US\" \/>\n<meta property=\"og:type\" content=\"article\" \/>\n<meta property=\"og:title\" content=\"Bucharest, on the situation in Syria - Radio Romania International\" \/>\n<meta property=\"og:description\" content=\"Romania voices its solidarity with the West after the operation in Syria, carried out in response to the Douma chemical attack blamed on Damascus\" \/>\n<meta property=\"og:url\" content=\"https:\/\/www.rri.ro\/en\/news-and-current-affairs\/today-in-the-news\/bucharest-on-the-situation-in-syria-id77269.html\" \/>\n<meta property=\"og:site_name\" content=\"Radio Romania International\" \/>\n<meta property=\"article:published_time\" content=\"2018-04-16T10:00:00+00:00\" \/>\n<meta property=\"article:modified_time\" content=\"2024-02-16T07:56:08+00:00\" \/>\n<meta property=\"og:image\" content=\"https:\/\/www.rri.ro\/wp-content\/uploads\/2023\/10\/klaus-iohannis-bruxelles-nato-2017.png\" \/>\n\t<meta property=\"og:image:width\" content=\"640\" \/>\n\t<meta property=\"og:image:height\" content=\"394\" \/>\n\t<meta property=\"og:image:type\" content=\"image\/png\" \/>\n<meta name=\"author\" content=\"Florentin C\u0103pit\u0103nescu\" \/>\n<meta name=\"twitter:card\" content=\"summary_large_image\" \/>\n<meta name=\"twitter:label1\" content=\"Written by\" \/>\n\t<meta name=\"twitter:data1\" content=\"Florentin C\u0103pit\u0103nescu\" \/>\n\t<meta name=\"twitter:label2\" content=\"Est. reading time\" \/>\n\t<meta name=\"twitter:data2\" content=\"2 minutes\" \/>\n<script type=\"application\/ld+json\" class=\"yoast-schema-graph\">{\"@context\":\"https:\\\/\\\/schema.org\",\"@graph\":[{\"@type\":\"Article\",\"@id\":\"https:\\\/\\\/www.rri.ro\\\/en\\\/news-and-current-affairs\\\/today-in-the-news\\\/bucharest-on-the-situation-in-syria-id77269.html#article\",\"isPartOf\":{\"@id\":\"https:\\\/\\\/www.rri.ro\\\/en\\\/news-and-current-affairs\\\/today-in-the-news\\\/bucharest-on-the-situation-in-syria-id77269.html\"},\"author\":{\"name\":\"Florentin C\u0103pit\u0103nescu\",\"@id\":\"https:\\\/\\\/www.rri.ro\\\/#\\\/schema\\\/person\\\/430739eeb293f73734db2c6703951289\"},\"headline\":\"Bucharest, on the situation in Syria\",\"datePublished\":\"2018-04-16T10:00:00+00:00\",\"dateModified\":\"2024-02-16T07:56:08+00:00\",\"mainEntityOfPage\":{\"@id\":\"https:\\\/\\\/www.rri.ro\\\/en\\\/news-and-current-affairs\\\/today-in-the-news\\\/bucharest-on-the-situation-in-syria-id77269.html\"},\"wordCount\":406,\"image\":{\"@id\":\"https:\\\/\\\/www.rri.ro\\\/en\\\/news-and-current-affairs\\\/today-in-the-news\\\/bucharest-on-the-situation-in-syria-id77269.html#primaryimage\"},\"thumbnailUrl\":\"https:\\\/\\\/www.rri.ro\\\/wp-content\\\/uploads\\\/2023\\\/10\\\/klaus-iohannis-bruxelles-nato-2017.png\",\"keywords\":[\"chemical attack\",\"Damascus French Defense Minister Florence Parly\",\"Douma\",\"Nikki Haley\",\"Organisation for the Prohibition of Chemical Weapons\",\"PM Theresa May\",\"Syria\",\"Western operation\"],\"articleSection\":[\"Today in the News\"],\"inLanguage\":\"en-US\"},{\"@type\":\"WebPage\",\"@id\":\"https:\\\/\\\/www.rri.ro\\\/en\\\/news-and-current-affairs\\\/today-in-the-news\\\/bucharest-on-the-situation-in-syria-id77269.html\",\"url\":\"https:\\\/\\\/www.rri.ro\\\/en\\\/news-and-current-affairs\\\/today-in-the-news\\\/bucharest-on-the-situation-in-syria-id77269.html\",\"name\":\"Bucharest, on the situation in Syria - Radio Romania International\",\"isPartOf\":{\"@id\":\"https:\\\/\\\/www.rri.ro\\\/#website\"},\"primaryImageOfPage\":{\"@id\":\"https:\\\/\\\/www.rri.ro\\\/en\\\/news-and-current-affairs\\\/today-in-the-news\\\/bucharest-on-the-situation-in-syria-id77269.html#primaryimage\"},\"image\":{\"@id\":\"https:\\\/\\\/www.rri.ro\\\/en\\\/news-and-current-affairs\\\/today-in-the-news\\\/bucharest-on-the-situation-in-syria-id77269.html#primaryimage\"},\"thumbnailUrl\":\"https:\\\/\\\/www.rri.ro\\\/wp-content\\\/uploads\\\/2023\\\/10\\\/klaus-iohannis-bruxelles-nato-2017.png\",\"datePublished\":\"2018-04-16T10:00:00+00:00\",\"dateModified\":\"2024-02-16T07:56:08+00:00\",\"author\":{\"@id\":\"https:\\\/\\\/www.rri.ro\\\/#\\\/schema\\\/person\\\/430739eeb293f73734db2c6703951289\"},\"breadcrumb\":{\"@id\":\"https:\\\/\\\/www.rri.ro\\\/en\\\/news-and-current-affairs\\\/today-in-the-news\\\/bucharest-on-the-situation-in-syria-id77269.html#breadcrumb\"},\"inLanguage\":\"en-US\",\"potentialAction\":[{\"@type\":\"ReadAction\",\"target\":[\"https:\\\/\\\/www.rri.ro\\\/en\\\/news-and-current-affairs\\\/today-in-the-news\\\/bucharest-on-the-situation-in-syria-id77269.html\"]}]},{\"@type\":\"ImageObject\",\"inLanguage\":\"en-US\",\"@id\":\"https:\\\/\\\/www.rri.ro\\\/en\\\/news-and-current-affairs\\\/today-in-the-news\\\/bucharest-on-the-situation-in-syria-id77269.html#primaryimage\",\"url\":\"https:\\\/\\\/www.rri.ro\\\/wp-content\\\/uploads\\\/2023\\\/10\\\/klaus-iohannis-bruxelles-nato-2017.png\",\"contentUrl\":\"https:\\\/\\\/www.rri.ro\\\/wp-content\\\/uploads\\\/2023\\\/10\\\/klaus-iohannis-bruxelles-nato-2017.png\",\"width\":640,\"height\":394},{\"@type\":\"BreadcrumbList\",\"@id\":\"https:\\\/\\\/www.rri.ro\\\/en\\\/news-and-current-affairs\\\/today-in-the-news\\\/bucharest-on-the-situation-in-syria-id77269.html#breadcrumb\",\"itemListElement\":[{\"@type\":\"ListItem\",\"position\":1,\"name\":\"Homepage\",\"item\":\"https:\\\/\\\/www.rri.ro\\\/en\"},{\"@type\":\"ListItem\",\"position\":2,\"name\":\"News and Current Affairs\",\"item\":\"https:\\\/\\\/www.rri.ro\\\/en\\\/news-and-current-affairs\"},{\"@type\":\"ListItem\",\"position\":3,\"name\":\"Today in the News\",\"item\":\"https:\\\/\\\/www.rri.ro\\\/en\\\/news-and-current-affairs\\\/today-in-the-news\"},{\"@type\":\"ListItem\",\"position\":4,\"name\":\"Bucharest, on the situation in Syria\"}]},{\"@type\":\"WebSite\",\"@id\":\"https:\\\/\\\/www.rri.ro\\\/#website\",\"url\":\"https:\\\/\\\/www.rri.ro\\\/\",\"name\":\"Radio Romania International\",\"description\":\"Totul despre Rom\u00e2nia \u015fi rom\u00e2ni, \u00een 13 limbi\\\/dialecte!\",\"inLanguage\":\"en-US\"},{\"@type\":\"Person\",\"@id\":\"https:\\\/\\\/www.rri.ro\\\/#\\\/schema\\\/person\\\/430739eeb293f73734db2c6703951289\",\"name\":\"Florentin C\u0103pit\u0103nescu\",\"url\":\"https:\\\/\\\/www.rri.ro\\\/en\\\/author\\\/florentin-capitanescu\"}]}<\/script>\n<!-- \/ Yoast SEO plugin. -->","yoast_head_json":{"title":"Bucharest, on the situation in Syria - Radio Romania International","robots":{"index":"index","follow":"follow","max-snippet":"max-snippet:-1","max-image-preview":"max-image-preview:large","max-video-preview":"max-video-preview:-1"},"canonical":"https:\/\/www.rri.ro\/en\/news-and-current-affairs\/today-in-the-news\/bucharest-on-the-situation-in-syria-id77269.html","og_locale":"en_US","og_type":"article","og_title":"Bucharest, on the situation in Syria - Radio Romania International","og_description":"Romania voices its solidarity with the West after the operation in Syria, carried out in response to the Douma chemical attack blamed on Damascus","og_url":"https:\/\/www.rri.ro\/en\/news-and-current-affairs\/today-in-the-news\/bucharest-on-the-situation-in-syria-id77269.html","og_site_name":"Radio Romania International","article_published_time":"2018-04-16T10:00:00+00:00","article_modified_time":"2024-02-16T07:56:08+00:00","og_image":[{"width":640,"height":394,"url":"https:\/\/www.rri.ro\/wp-content\/uploads\/2023\/10\/klaus-iohannis-bruxelles-nato-2017.png","type":"image\/png"}],"author":"Florentin C\u0103pit\u0103nescu","twitter_card":"summary_large_image","twitter_misc":{"Written by":"Florentin C\u0103pit\u0103nescu","Est. reading time":"2 minutes"},"schema":{"@context":"https:\/\/schema.org","@graph":[{"@type":"Article","@id":"https:\/\/www.rri.ro\/en\/news-and-current-affairs\/today-in-the-news\/bucharest-on-the-situation-in-syria-id77269.html#article","isPartOf":{"@id":"https:\/\/www.rri.ro\/en\/news-and-current-affairs\/today-in-the-news\/bucharest-on-the-situation-in-syria-id77269.html"},"author":{"name":"Florentin C\u0103pit\u0103nescu","@id":"https:\/\/www.rri.ro\/#\/schema\/person\/430739eeb293f73734db2c6703951289"},"headline":"Bucharest, on the situation in Syria","datePublished":"2018-04-16T10:00:00+00:00","dateModified":"2024-02-16T07:56:08+00:00","mainEntityOfPage":{"@id":"https:\/\/www.rri.ro\/en\/news-and-current-affairs\/today-in-the-news\/bucharest-on-the-situation-in-syria-id77269.html"},"wordCount":406,"image":{"@id":"https:\/\/www.rri.ro\/en\/news-and-current-affairs\/today-in-the-news\/bucharest-on-the-situation-in-syria-id77269.html#primaryimage"},"thumbnailUrl":"https:\/\/www.rri.ro\/wp-content\/uploads\/2023\/10\/klaus-iohannis-bruxelles-nato-2017.png","keywords":["chemical attack","Damascus French Defense Minister Florence Parly","Douma","Nikki Haley","Organisation for the Prohibition of Chemical Weapons","PM Theresa May","Syria","Western operation"],"articleSection":["Today in the News"],"inLanguage":"en-US"},{"@type":"WebPage","@id":"https:\/\/www.rri.ro\/en\/news-and-current-affairs\/today-in-the-news\/bucharest-on-the-situation-in-syria-id77269.html","url":"https:\/\/www.rri.ro\/en\/news-and-current-affairs\/today-in-the-news\/bucharest-on-the-situation-in-syria-id77269.html","name":"Bucharest, on the situation in Syria - Radio Romania International","isPartOf":{"@id":"https:\/\/www.rri.ro\/#website"},"primaryImageOfPage":{"@id":"https:\/\/www.rri.ro\/en\/news-and-current-affairs\/today-in-the-news\/bucharest-on-the-situation-in-syria-id77269.html#primaryimage"},"image":{"@id":"https:\/\/www.rri.ro\/en\/news-and-current-affairs\/today-in-the-news\/bucharest-on-the-situation-in-syria-id77269.html#primaryimage"},"thumbnailUrl":"https:\/\/www.rri.ro\/wp-content\/uploads\/2023\/10\/klaus-iohannis-bruxelles-nato-2017.png","datePublished":"2018-04-16T10:00:00+00:00","dateModified":"2024-02-16T07:56:08+00:00","author":{"@id":"https:\/\/www.rri.ro\/#\/schema\/person\/430739eeb293f73734db2c6703951289"},"breadcrumb":{"@id":"https:\/\/www.rri.ro\/en\/news-and-current-affairs\/today-in-the-news\/bucharest-on-the-situation-in-syria-id77269.html#breadcrumb"},"inLanguage":"en-US","potentialAction":[{"@type":"ReadAction","target":["https:\/\/www.rri.ro\/en\/news-and-current-affairs\/today-in-the-news\/bucharest-on-the-situation-in-syria-id77269.html"]}]},{"@type":"ImageObject","inLanguage":"en-US","@id":"https:\/\/www.rri.ro\/en\/news-and-current-affairs\/today-in-the-news\/bucharest-on-the-situation-in-syria-id77269.html#primaryimage","url":"https:\/\/www.rri.ro\/wp-content\/uploads\/2023\/10\/klaus-iohannis-bruxelles-nato-2017.png","contentUrl":"https:\/\/www.rri.ro\/wp-content\/uploads\/2023\/10\/klaus-iohannis-bruxelles-nato-2017.png","width":640,"height":394},{"@type":"BreadcrumbList","@id":"https:\/\/www.rri.ro\/en\/news-and-current-affairs\/today-in-the-news\/bucharest-on-the-situation-in-syria-id77269.html#breadcrumb","itemListElement":[{"@type":"ListItem","position":1,"name":"Homepage","item":"https:\/\/www.rri.ro\/en"},{"@type":"ListItem","position":2,"name":"News and Current Affairs","item":"https:\/\/www.rri.ro\/en\/news-and-current-affairs"},{"@type":"ListItem","position":3,"name":"Today in the News","item":"https:\/\/www.rri.ro\/en\/news-and-current-affairs\/today-in-the-news"},{"@type":"ListItem","position":4,"name":"Bucharest, on the situation in Syria"}]},{"@type":"WebSite","@id":"https:\/\/www.rri.ro\/#website","url":"https:\/\/www.rri.ro\/","name":"Radio Romania International","description":"Totul despre Rom\u00e2nia \u015fi rom\u00e2ni, \u00een 13 limbi\/dialecte!","inLanguage":"en-US"},{"@type":"Person","@id":"https:\/\/www.rri.ro\/#\/schema\/person\/430739eeb293f73734db2c6703951289","name":"Florentin C\u0103pit\u0103nescu","url":"https:\/\/www.rri.ro\/en\/author\/florentin-capitanescu"}]}},"_links":{"self":[{"href":"https:\/\/www.rri.ro\/en\/wp-json\/wp\/v2\/posts\/77269","targetHints":{"allow":["GET"]}}],"collection":[{"href":"https:\/\/www.rri.ro\/en\/wp-json\/wp\/v2\/posts"}],"about":[{"href":"https:\/\/www.rri.ro\/en\/wp-json\/wp\/v2\/types\/post"}],"author":[{"embeddable":true,"href":"https:\/\/www.rri.ro\/en\/wp-json\/wp\/v2\/users\/112"}],"replies":[{"embeddable":true,"href":"https:\/\/www.rri.ro\/en\/wp-json\/wp\/v2\/comments?post=77269"}],"version-history":[{"count":0,"href":"https:\/\/www.rri.ro\/en\/wp-json\/wp\/v2\/posts\/77269\/revisions"}],"wp:featuredmedia":[{"embeddable":true,"href":"https:\/\/www.rri.ro\/en\/wp-json\/wp\/v2\/media\/73589"}],"wp:attachment":[{"href":"https:\/\/www.rri.ro\/en\/wp-json\/wp\/v2\/media?parent=77269"}],"wp:term":[{"taxonomy":"category","embeddable":true,"href":"https:\/\/www.rri.ro\/en\/wp-json\/wp\/v2\/categories?post=77269"},{"taxonomy":"post_tag","embeddable":true,"href":"https:\/\/www.rri.ro\/en\/wp-json\/wp\/v2\/tags?post=77269"},{"taxonomy":"author","embeddable":true,"href":"https:\/\/www.rri.ro\/en\/wp-json\/wp\/v2\/coauthors?post=77269"}],"curies":[{"name":"wp","href":"https:\/\/api.w.org\/{rel}","templated":true}]}}