{"id":77428,"date":"2018-04-26T13:45:00","date_gmt":"2018-04-26T10:45:00","guid":{"rendered":"http:\/\/devrri.freshlemon.ro\/news-and-current-affairs\/newsflash\/why-is-inflation-on-the-rise-77428.html"},"modified":"2024-02-16T09:56:22","modified_gmt":"2024-02-16T07:56:22","slug":"why-is-inflation-on-the-rise","status":"publish","type":"post","link":"https:\/\/www.rri.ro\/en\/news-and-current-affairs\/today-in-the-news\/why-is-inflation-on-the-rise-id77428.html","title":{"rendered":"Why is inflation on the rise?"},"content":{"rendered":"<p>In March, the National Institute of Statistics announced that the annual inflation rate increased from 4.3% in January to 4.7% in February. It is the maximum high registered in Romania over the past five years. According to the National Institute of Statistics, the increase was registered against the backdrop of higher prices for foodstuffs, non-food products and services. Also, according to the latest forecast released in February, the National Bank of Romania revised upward from 3.2% to 3.5%, the inflation rate forecast for the end of the year and estimated a level of 3.1% for December 2019.<\/p>\n<p>&#13;<br \/>\n&#13;<\/p>\n<p>&#13;<br \/>\n&#13;<\/p>\n<p>The report presented by the central bank governor, Mugur Is\u0103rescu, shows the main factors of inflationary pressure have been the electricity price rises, a new, higher tax on fuel, a higher demand and the growing consumption. He has warned however that the engine of economic growth continued to be consumption, which affects the economy\u2019s external balance. Representatives of the government and of the ruling Social Democratic Party have recently accused the National Bank of Romania and the foreign investors of being responsible for the higher inflation rate, a reason for which the Romanian President, Klaus Iohannis, has expressed readiness to mediate between the government and the National Bank of Romania on this issue.<\/p>\n<p>&#13;<br \/>\n&#13;<\/p>\n<p>&#13;<br \/>\n&#13;<\/p>\n<p>Klaus Iohannis: \u201cThis approach, to throw into the central bank\u2019s court such issues as inflation or increasing interest rates, is deeply wrong and will not solve anything. It is completely wrong to accuse, I don\u2019t know, foreign investors or foreign companies of increasing inflation or increasing interest rates. No, the debatable policies pursued by the Social Democratic governments related to pay schemes or in the economic and fiscal domains have produced anxiety on the market, and implicitly they led to growing inflation and the higher interest rates.\u201d<\/p>\n<p>&#13;<br \/>\n&#13;<\/p>\n<p>&#13;<br \/>\n&#13;<\/p>\n<p>On Wednesday, Klaus Iohannis held consultations with the central bank leadership on the risks Romania is currently facing as regards inflation and the coordination of economic policies, and he underlined how important it is for the National Bank of Romania to make monetary policy decisions independently. This is a basic condition for a EU member state, the head of state has underlined. He also said that the National Bank should show responsibility and determination in reaching the fundamental goal of ensuring the stability of prices, so as not to affect the Romanians\u2019 incomes, by reducing the purchasing power. In turn, the central bank governor, Mugur Is\u0103rescu, has presented the main factors leading to increasing prices, which, he said, do not depend on the monetary policy pursued by the National Bank.<\/p>\n<p>&#13;<br \/>\n&#13;<\/p>\n<p>&#13;<br \/>\n&#13;<\/p>\n<p>According to finance minister, Eugen Teodorovici, the talks scheduled for next week, between PM Viorica D\u0103ncil\u0103 and the central bank governor, Mugur Is\u0103rescu, will focus on the inflation rate and the ROBOR index &#8212; the average interest rate set by the central bank, for loans in the national currency, the leu, granted on the inter-banking market.<\/p>\n<p>&#13;<br \/>\n&#13;<\/p>\n<p>&#13;<br \/>\n&#13;<\/p>\n<p>&#13;<br \/>\n&#13;<\/p>\n<p>&#13;<\/p>\n","protected":false},"excerpt":{"rendered":"<p>Romanias President, Klaus Iohannis, held consultations with the leadership of the National Bank of Romania on the inflation\u2013related risks Romania is currently facing.<\/p>\n","protected":false},"author":46,"featured_media":77429,"comment_status":"closed","ping_status":"closed","sticky":false,"template":"","format":"standard","meta":{"_acf_changed":false,"footnotes":""},"categories":[37738],"tags":[28945,30253],"coauthors":[],"class_list":["post-77428","post","type-post","status-publish","format-standard","has-post-thumbnail","hentry","category-today-in-the-news","tag-klaus-iohannis","tag-mugur-isarescu"],"acf":[],"yoast_head":"<!-- This site is optimized with the Yoast SEO plugin v27.3 - https:\/\/yoast.com\/product\/yoast-seo-wordpress\/ -->\n<title>Why is inflation on the rise? - Radio Romania International<\/title>\n<meta name=\"robots\" content=\"index, follow, max-snippet:-1, max-image-preview:large, max-video-preview:-1\" \/>\n<link rel=\"canonical\" href=\"https:\/\/www.rri.ro\/en\/news-and-current-affairs\/today-in-the-news\/why-is-inflation-on-the-rise-id77428.html\" \/>\n<meta property=\"og:locale\" content=\"en_US\" \/>\n<meta property=\"og:type\" content=\"article\" \/>\n<meta property=\"og:title\" content=\"Why is inflation on the rise? - Radio Romania International\" \/>\n<meta property=\"og:description\" content=\"Romanias President, Klaus Iohannis, held consultations with the leadership of the National Bank of Romania on the inflation\u2013related risks Romania is currently facing.\" \/>\n<meta property=\"og:url\" content=\"https:\/\/www.rri.ro\/en\/news-and-current-affairs\/today-in-the-news\/why-is-inflation-on-the-rise-id77428.html\" \/>\n<meta property=\"og:site_name\" content=\"Radio Romania International\" \/>\n<meta property=\"article:published_time\" content=\"2018-04-26T10:45:00+00:00\" \/>\n<meta property=\"article:modified_time\" content=\"2024-02-16T07:56:22+00:00\" \/>\n<meta property=\"og:image\" content=\"https:\/\/www.rri.ro\/wp-content\/uploads\/2023\/10\/iohannis-isarescu-25-aprilie-foto-presidency.png\" \/>\n\t<meta property=\"og:image:width\" content=\"640\" \/>\n\t<meta property=\"og:image:height\" content=\"360\" \/>\n\t<meta property=\"og:image:type\" content=\"image\/png\" \/>\n<meta name=\"author\" content=\"Leyla Cheamil\" \/>\n<meta name=\"twitter:card\" content=\"summary_large_image\" \/>\n<meta name=\"twitter:label1\" content=\"Written by\" \/>\n\t<meta name=\"twitter:data1\" content=\"Leyla Cheamil\" \/>\n\t<meta name=\"twitter:label2\" content=\"Est. reading time\" \/>\n\t<meta name=\"twitter:data2\" content=\"2 minutes\" \/>\n<script type=\"application\/ld+json\" class=\"yoast-schema-graph\">{\"@context\":\"https:\\\/\\\/schema.org\",\"@graph\":[{\"@type\":\"Article\",\"@id\":\"https:\\\/\\\/www.rri.ro\\\/en\\\/news-and-current-affairs\\\/today-in-the-news\\\/why-is-inflation-on-the-rise-id77428.html#article\",\"isPartOf\":{\"@id\":\"https:\\\/\\\/www.rri.ro\\\/en\\\/news-and-current-affairs\\\/today-in-the-news\\\/why-is-inflation-on-the-rise-id77428.html\"},\"author\":{\"name\":\"Leyla Cheamil\",\"@id\":\"https:\\\/\\\/www.rri.ro\\\/#\\\/schema\\\/person\\\/e6364ed2d4b6af207a82ca66000d07e0\"},\"headline\":\"Why is inflation on the rise?\",\"datePublished\":\"2018-04-26T10:45:00+00:00\",\"dateModified\":\"2024-02-16T07:56:22+00:00\",\"mainEntityOfPage\":{\"@id\":\"https:\\\/\\\/www.rri.ro\\\/en\\\/news-and-current-affairs\\\/today-in-the-news\\\/why-is-inflation-on-the-rise-id77428.html\"},\"wordCount\":490,\"image\":{\"@id\":\"https:\\\/\\\/www.rri.ro\\\/en\\\/news-and-current-affairs\\\/today-in-the-news\\\/why-is-inflation-on-the-rise-id77428.html#primaryimage\"},\"thumbnailUrl\":\"https:\\\/\\\/www.rri.ro\\\/wp-content\\\/uploads\\\/2023\\\/10\\\/iohannis-isarescu-25-aprilie-foto-presidency.png\",\"keywords\":[\"Klaus Iohannis\",\"Mugur Isarescu\"],\"articleSection\":[\"Today in the News\"],\"inLanguage\":\"en-US\"},{\"@type\":\"WebPage\",\"@id\":\"https:\\\/\\\/www.rri.ro\\\/en\\\/news-and-current-affairs\\\/today-in-the-news\\\/why-is-inflation-on-the-rise-id77428.html\",\"url\":\"https:\\\/\\\/www.rri.ro\\\/en\\\/news-and-current-affairs\\\/today-in-the-news\\\/why-is-inflation-on-the-rise-id77428.html\",\"name\":\"Why is inflation on the rise? - Radio Romania International\",\"isPartOf\":{\"@id\":\"https:\\\/\\\/www.rri.ro\\\/#website\"},\"primaryImageOfPage\":{\"@id\":\"https:\\\/\\\/www.rri.ro\\\/en\\\/news-and-current-affairs\\\/today-in-the-news\\\/why-is-inflation-on-the-rise-id77428.html#primaryimage\"},\"image\":{\"@id\":\"https:\\\/\\\/www.rri.ro\\\/en\\\/news-and-current-affairs\\\/today-in-the-news\\\/why-is-inflation-on-the-rise-id77428.html#primaryimage\"},\"thumbnailUrl\":\"https:\\\/\\\/www.rri.ro\\\/wp-content\\\/uploads\\\/2023\\\/10\\\/iohannis-isarescu-25-aprilie-foto-presidency.png\",\"datePublished\":\"2018-04-26T10:45:00+00:00\",\"dateModified\":\"2024-02-16T07:56:22+00:00\",\"author\":{\"@id\":\"https:\\\/\\\/www.rri.ro\\\/#\\\/schema\\\/person\\\/e6364ed2d4b6af207a82ca66000d07e0\"},\"breadcrumb\":{\"@id\":\"https:\\\/\\\/www.rri.ro\\\/en\\\/news-and-current-affairs\\\/today-in-the-news\\\/why-is-inflation-on-the-rise-id77428.html#breadcrumb\"},\"inLanguage\":\"en-US\",\"potentialAction\":[{\"@type\":\"ReadAction\",\"target\":[\"https:\\\/\\\/www.rri.ro\\\/en\\\/news-and-current-affairs\\\/today-in-the-news\\\/why-is-inflation-on-the-rise-id77428.html\"]}]},{\"@type\":\"ImageObject\",\"inLanguage\":\"en-US\",\"@id\":\"https:\\\/\\\/www.rri.ro\\\/en\\\/news-and-current-affairs\\\/today-in-the-news\\\/why-is-inflation-on-the-rise-id77428.html#primaryimage\",\"url\":\"https:\\\/\\\/www.rri.ro\\\/wp-content\\\/uploads\\\/2023\\\/10\\\/iohannis-isarescu-25-aprilie-foto-presidency.png\",\"contentUrl\":\"https:\\\/\\\/www.rri.ro\\\/wp-content\\\/uploads\\\/2023\\\/10\\\/iohannis-isarescu-25-aprilie-foto-presidency.png\",\"width\":640,\"height\":360},{\"@type\":\"BreadcrumbList\",\"@id\":\"https:\\\/\\\/www.rri.ro\\\/en\\\/news-and-current-affairs\\\/today-in-the-news\\\/why-is-inflation-on-the-rise-id77428.html#breadcrumb\",\"itemListElement\":[{\"@type\":\"ListItem\",\"position\":1,\"name\":\"Homepage\",\"item\":\"https:\\\/\\\/www.rri.ro\\\/en\"},{\"@type\":\"ListItem\",\"position\":2,\"name\":\"News and Current Affairs\",\"item\":\"https:\\\/\\\/www.rri.ro\\\/en\\\/news-and-current-affairs\"},{\"@type\":\"ListItem\",\"position\":3,\"name\":\"Today in the News\",\"item\":\"https:\\\/\\\/www.rri.ro\\\/en\\\/news-and-current-affairs\\\/today-in-the-news\"},{\"@type\":\"ListItem\",\"position\":4,\"name\":\"Why is inflation on the rise?\"}]},{\"@type\":\"WebSite\",\"@id\":\"https:\\\/\\\/www.rri.ro\\\/#website\",\"url\":\"https:\\\/\\\/www.rri.ro\\\/\",\"name\":\"Radio Romania International\",\"description\":\"Totul despre Rom\u00e2nia \u015fi rom\u00e2ni, \u00een 13 limbi\\\/dialecte!\",\"inLanguage\":\"en-US\"},{\"@type\":\"Person\",\"@id\":\"https:\\\/\\\/www.rri.ro\\\/#\\\/schema\\\/person\\\/e6364ed2d4b6af207a82ca66000d07e0\",\"name\":\"Leyla Cheamil\",\"url\":\"https:\\\/\\\/www.rri.ro\\\/en\\\/author\\\/leyla-cheamil\"}]}<\/script>\n<!-- \/ Yoast SEO plugin. -->","yoast_head_json":{"title":"Why is inflation on the rise? - Radio Romania International","robots":{"index":"index","follow":"follow","max-snippet":"max-snippet:-1","max-image-preview":"max-image-preview:large","max-video-preview":"max-video-preview:-1"},"canonical":"https:\/\/www.rri.ro\/en\/news-and-current-affairs\/today-in-the-news\/why-is-inflation-on-the-rise-id77428.html","og_locale":"en_US","og_type":"article","og_title":"Why is inflation on the rise? - Radio Romania International","og_description":"Romanias President, Klaus Iohannis, held consultations with the leadership of the National Bank of Romania on the inflation\u2013related risks Romania is currently facing.","og_url":"https:\/\/www.rri.ro\/en\/news-and-current-affairs\/today-in-the-news\/why-is-inflation-on-the-rise-id77428.html","og_site_name":"Radio Romania International","article_published_time":"2018-04-26T10:45:00+00:00","article_modified_time":"2024-02-16T07:56:22+00:00","og_image":[{"width":640,"height":360,"url":"https:\/\/www.rri.ro\/wp-content\/uploads\/2023\/10\/iohannis-isarescu-25-aprilie-foto-presidency.png","type":"image\/png"}],"author":"Leyla Cheamil","twitter_card":"summary_large_image","twitter_misc":{"Written by":"Leyla Cheamil","Est. reading time":"2 minutes"},"schema":{"@context":"https:\/\/schema.org","@graph":[{"@type":"Article","@id":"https:\/\/www.rri.ro\/en\/news-and-current-affairs\/today-in-the-news\/why-is-inflation-on-the-rise-id77428.html#article","isPartOf":{"@id":"https:\/\/www.rri.ro\/en\/news-and-current-affairs\/today-in-the-news\/why-is-inflation-on-the-rise-id77428.html"},"author":{"name":"Leyla Cheamil","@id":"https:\/\/www.rri.ro\/#\/schema\/person\/e6364ed2d4b6af207a82ca66000d07e0"},"headline":"Why is inflation on the rise?","datePublished":"2018-04-26T10:45:00+00:00","dateModified":"2024-02-16T07:56:22+00:00","mainEntityOfPage":{"@id":"https:\/\/www.rri.ro\/en\/news-and-current-affairs\/today-in-the-news\/why-is-inflation-on-the-rise-id77428.html"},"wordCount":490,"image":{"@id":"https:\/\/www.rri.ro\/en\/news-and-current-affairs\/today-in-the-news\/why-is-inflation-on-the-rise-id77428.html#primaryimage"},"thumbnailUrl":"https:\/\/www.rri.ro\/wp-content\/uploads\/2023\/10\/iohannis-isarescu-25-aprilie-foto-presidency.png","keywords":["Klaus Iohannis","Mugur Isarescu"],"articleSection":["Today in the News"],"inLanguage":"en-US"},{"@type":"WebPage","@id":"https:\/\/www.rri.ro\/en\/news-and-current-affairs\/today-in-the-news\/why-is-inflation-on-the-rise-id77428.html","url":"https:\/\/www.rri.ro\/en\/news-and-current-affairs\/today-in-the-news\/why-is-inflation-on-the-rise-id77428.html","name":"Why is inflation on the rise? - Radio Romania International","isPartOf":{"@id":"https:\/\/www.rri.ro\/#website"},"primaryImageOfPage":{"@id":"https:\/\/www.rri.ro\/en\/news-and-current-affairs\/today-in-the-news\/why-is-inflation-on-the-rise-id77428.html#primaryimage"},"image":{"@id":"https:\/\/www.rri.ro\/en\/news-and-current-affairs\/today-in-the-news\/why-is-inflation-on-the-rise-id77428.html#primaryimage"},"thumbnailUrl":"https:\/\/www.rri.ro\/wp-content\/uploads\/2023\/10\/iohannis-isarescu-25-aprilie-foto-presidency.png","datePublished":"2018-04-26T10:45:00+00:00","dateModified":"2024-02-16T07:56:22+00:00","author":{"@id":"https:\/\/www.rri.ro\/#\/schema\/person\/e6364ed2d4b6af207a82ca66000d07e0"},"breadcrumb":{"@id":"https:\/\/www.rri.ro\/en\/news-and-current-affairs\/today-in-the-news\/why-is-inflation-on-the-rise-id77428.html#breadcrumb"},"inLanguage":"en-US","potentialAction":[{"@type":"ReadAction","target":["https:\/\/www.rri.ro\/en\/news-and-current-affairs\/today-in-the-news\/why-is-inflation-on-the-rise-id77428.html"]}]},{"@type":"ImageObject","inLanguage":"en-US","@id":"https:\/\/www.rri.ro\/en\/news-and-current-affairs\/today-in-the-news\/why-is-inflation-on-the-rise-id77428.html#primaryimage","url":"https:\/\/www.rri.ro\/wp-content\/uploads\/2023\/10\/iohannis-isarescu-25-aprilie-foto-presidency.png","contentUrl":"https:\/\/www.rri.ro\/wp-content\/uploads\/2023\/10\/iohannis-isarescu-25-aprilie-foto-presidency.png","width":640,"height":360},{"@type":"BreadcrumbList","@id":"https:\/\/www.rri.ro\/en\/news-and-current-affairs\/today-in-the-news\/why-is-inflation-on-the-rise-id77428.html#breadcrumb","itemListElement":[{"@type":"ListItem","position":1,"name":"Homepage","item":"https:\/\/www.rri.ro\/en"},{"@type":"ListItem","position":2,"name":"News and Current Affairs","item":"https:\/\/www.rri.ro\/en\/news-and-current-affairs"},{"@type":"ListItem","position":3,"name":"Today in the News","item":"https:\/\/www.rri.ro\/en\/news-and-current-affairs\/today-in-the-news"},{"@type":"ListItem","position":4,"name":"Why is inflation on the rise?"}]},{"@type":"WebSite","@id":"https:\/\/www.rri.ro\/#website","url":"https:\/\/www.rri.ro\/","name":"Radio Romania International","description":"Totul despre Rom\u00e2nia \u015fi rom\u00e2ni, \u00een 13 limbi\/dialecte!","inLanguage":"en-US"},{"@type":"Person","@id":"https:\/\/www.rri.ro\/#\/schema\/person\/e6364ed2d4b6af207a82ca66000d07e0","name":"Leyla Cheamil","url":"https:\/\/www.rri.ro\/en\/author\/leyla-cheamil"}]}},"_links":{"self":[{"href":"https:\/\/www.rri.ro\/en\/wp-json\/wp\/v2\/posts\/77428","targetHints":{"allow":["GET"]}}],"collection":[{"href":"https:\/\/www.rri.ro\/en\/wp-json\/wp\/v2\/posts"}],"about":[{"href":"https:\/\/www.rri.ro\/en\/wp-json\/wp\/v2\/types\/post"}],"author":[{"embeddable":true,"href":"https:\/\/www.rri.ro\/en\/wp-json\/wp\/v2\/users\/46"}],"replies":[{"embeddable":true,"href":"https:\/\/www.rri.ro\/en\/wp-json\/wp\/v2\/comments?post=77428"}],"version-history":[{"count":0,"href":"https:\/\/www.rri.ro\/en\/wp-json\/wp\/v2\/posts\/77428\/revisions"}],"wp:featuredmedia":[{"embeddable":true,"href":"https:\/\/www.rri.ro\/en\/wp-json\/wp\/v2\/media\/77429"}],"wp:attachment":[{"href":"https:\/\/www.rri.ro\/en\/wp-json\/wp\/v2\/media?parent=77428"}],"wp:term":[{"taxonomy":"category","embeddable":true,"href":"https:\/\/www.rri.ro\/en\/wp-json\/wp\/v2\/categories?post=77428"},{"taxonomy":"post_tag","embeddable":true,"href":"https:\/\/www.rri.ro\/en\/wp-json\/wp\/v2\/tags?post=77428"},{"taxonomy":"author","embeddable":true,"href":"https:\/\/www.rri.ro\/en\/wp-json\/wp\/v2\/coauthors?post=77428"}],"curies":[{"name":"wp","href":"https:\/\/api.w.org\/{rel}","templated":true}]}}