{"id":789064,"date":"2024-07-09T14:00:26","date_gmt":"2024-07-09T11:00:26","guid":{"rendered":"https:\/\/www.rri.ro\/?p=789064"},"modified":"2024-07-09T12:36:21","modified_gmt":"2024-07-09T09:36:21","slug":"summertime-protests","status":"publish","type":"post","link":"https:\/\/www.rri.ro\/en\/news-and-current-affairs\/today-in-the-news\/summertime-protests-id789064.html","title":{"rendered":"Summertime protests"},"content":{"rendered":"<p>Accountants, economists and entrepreneurs on Monday took to the streets of Bucharest to draw attention to what they call \u2018fiscal terror\u2019, and measures endorsed without public talks but with a major impact upon the entire society.<\/p>\n<p>The event called &#8220;A Chaos-free Fiscal Administration\u201d was attended by people from all over Romania who braved the extremely hot temperatures to voice their discontent. Protesters took to Victoriei Square in downtown Bucharest, close to the government building, and their delegation held talks with the authorities. They showed their disapproval towards the authorities\u2019 latest decisions on digitizing the fiscal administration. They denounced the lack of transparency and the fact that the introduction of several mechanisms such as the e-invoice, e-VAT or e-transport, would rather increase bureaucracy as there is a larger number of forms to fill in and a lot of redundant information. Furthermore, the accountants complained that the technical instruments made available by the Finance Ministry do not function properly.<\/p>\n<p>The protesters also called for legislative predictability with a clear schedule for fiscal amendments, made public at least six months before implementation.<\/p>\n<p>In turn, authorities say the new measures are meant to combat tax evasion. At the same time, Finance Minister, Marcel Bolos, pledged to step up talks with those directly affected.<\/p>\n<p>A government\u2019s decision allowing the police to suspend licenses of drivers who have refused to take an anti-doping test before getting the results of medical investigations has triggered discontent among drivers in Romania.<\/p>\n<p>According to the organizers, \u201dPrime Minister Marcel Ciolacu and Interior Minister, C\u0103t\u0103lin Predoiu, are jeopardizing the lives and careers of thousands of innocent drivers who run the risk of getting criminal files and losing their jobs because of false positive tests\u2019.<\/p>\n<p>Following protests, this government ordinance aimed at changing the Traffic Code in Romania, would be amended in the first session of the Executive. The Prime Minister has called on the Interior Minister to come up with new measures so that drivers should not be sanctioned on the basis of false positive drug tests on one hand and on the other hand the new measures should not compromise the fight against the use of banned substances.<\/p>\n<p>The field drug-test kits used by the Romanian police are error-prone and known to have produced false-positive errors in many situations. Forensic experts have explained that a series of food or medical substances can influence the aforementioned tests. One suchlike substance is codeine, which is normally used in the treatment of coughing.<\/p>\n<p>So, the Romanian authorities are in need of new, more effective drug-test kits, able to confirm a test in a couple of days. At present a test needs a couple of months to confirm and so need drivers to get back their suspended licenses.<\/p>\n<p>(bill)<\/p>\n","protected":false},"excerpt":{"rendered":"<p>Accountants, economists and entrepreneurs on Monday took to the streets of Bucharest to draw attention to what they call \u2018fiscal terror\u2019, and measures endorsed without public talks but with a major impact upon the entire society. The event called &#8220;A Chaos-free Fiscal Administration\u201d was attended by people from all over Romania who braved the extremely [&hellip;]<\/p>\n","protected":false},"author":106,"featured_media":788995,"comment_status":"closed","ping_status":"closed","sticky":false,"template":"","format":"standard","meta":{"_acf_changed":false,"footnotes":""},"categories":[37738],"tags":[28968,40453,116351,151036,151037,36660,28990],"coauthors":[113311],"class_list":["post-789064","post","type-post","status-publish","format-standard","has-post-thumbnail","hentry","category-today-in-the-news","tag-catalin-predoiu","tag-drivers","tag-e-invoice","tag-e-vat","tag-entrepreneurs-en","tag-marcel-ciolacu","tag-protests"],"acf":[],"yoast_head":"<!-- This site is optimized with the Yoast SEO plugin v27.3 - https:\/\/yoast.com\/product\/yoast-seo-wordpress\/ -->\n<title>Summertime protests - Radio Romania International<\/title>\n<meta name=\"robots\" content=\"index, follow, max-snippet:-1, max-image-preview:large, max-video-preview:-1\" \/>\n<link rel=\"canonical\" href=\"https:\/\/www.rri.ro\/en\/news-and-current-affairs\/today-in-the-news\/summertime-protests-id789064.html\" \/>\n<meta property=\"og:locale\" content=\"en_US\" \/>\n<meta property=\"og:type\" content=\"article\" \/>\n<meta property=\"og:title\" content=\"Summertime protests - Radio Romania International\" \/>\n<meta property=\"og:description\" content=\"Accountants, economists and entrepreneurs on Monday took to the streets of Bucharest to draw attention to what they call \u2018fiscal terror\u2019, and measures endorsed without public talks but with a major impact upon the entire society. The event called &#8220;A Chaos-free Fiscal Administration\u201d was attended by people from all over Romania who braved the extremely [&hellip;]\" \/>\n<meta property=\"og:url\" content=\"https:\/\/www.rri.ro\/en\/news-and-current-affairs\/today-in-the-news\/summertime-protests-id789064.html\" \/>\n<meta property=\"og:site_name\" content=\"Radio Romania International\" \/>\n<meta property=\"article:published_time\" content=\"2024-07-09T11:00:26+00:00\" \/>\n<meta property=\"og:image\" content=\"https:\/\/www.rri.ro\/wp-content\/uploads\/2024\/07\/protest-contabili-foto-preluare-RRa-de-pe-agerpres-09-iulie.jpg\" \/>\n\t<meta property=\"og:image:width\" content=\"960\" \/>\n\t<meta property=\"og:image:height\" content=\"540\" \/>\n\t<meta property=\"og:image:type\" content=\"image\/jpeg\" \/>\n<meta name=\"author\" content=\"Mihai Pelin\" \/>\n<meta name=\"twitter:card\" content=\"summary_large_image\" \/>\n<meta name=\"twitter:label1\" content=\"Written by\" \/>\n\t<meta name=\"twitter:data1\" content=\"Mihai Pelin\" \/>\n\t<meta name=\"twitter:label2\" content=\"Est. reading time\" \/>\n\t<meta name=\"twitter:data2\" content=\"2 minutes\" \/>\n<script type=\"application\/ld+json\" class=\"yoast-schema-graph\">{\"@context\":\"https:\\\/\\\/schema.org\",\"@graph\":[{\"@type\":\"Article\",\"@id\":\"https:\\\/\\\/www.rri.ro\\\/en\\\/news-and-current-affairs\\\/today-in-the-news\\\/summertime-protests-id789064.html#article\",\"isPartOf\":{\"@id\":\"https:\\\/\\\/www.rri.ro\\\/en\\\/news-and-current-affairs\\\/today-in-the-news\\\/summertime-protests-id789064.html\"},\"author\":{\"name\":\"Mihai Pelin\",\"@id\":\"https:\\\/\\\/www.rri.ro\\\/#\\\/schema\\\/person\\\/c6036c822534c855dc3aad41a484f05d\"},\"headline\":\"Summertime protests\",\"datePublished\":\"2024-07-09T11:00:26+00:00\",\"mainEntityOfPage\":{\"@id\":\"https:\\\/\\\/www.rri.ro\\\/en\\\/news-and-current-affairs\\\/today-in-the-news\\\/summertime-protests-id789064.html\"},\"wordCount\":460,\"image\":{\"@id\":\"https:\\\/\\\/www.rri.ro\\\/en\\\/news-and-current-affairs\\\/today-in-the-news\\\/summertime-protests-id789064.html#primaryimage\"},\"thumbnailUrl\":\"https:\\\/\\\/www.rri.ro\\\/wp-content\\\/uploads\\\/2024\\\/07\\\/protest-contabili-foto-preluare-RRa-de-pe-agerpres-09-iulie.jpg\",\"keywords\":[\"Catalin Predoiu\",\"drivers\",\"e-invoice\",\"e-VAT\",\"entrepreneurs\",\"Marcel Ciolacu\",\"protests\"],\"articleSection\":[\"Today in the News\"],\"inLanguage\":\"en-US\"},{\"@type\":\"WebPage\",\"@id\":\"https:\\\/\\\/www.rri.ro\\\/en\\\/news-and-current-affairs\\\/today-in-the-news\\\/summertime-protests-id789064.html\",\"url\":\"https:\\\/\\\/www.rri.ro\\\/en\\\/news-and-current-affairs\\\/today-in-the-news\\\/summertime-protests-id789064.html\",\"name\":\"Summertime protests - Radio Romania International\",\"isPartOf\":{\"@id\":\"https:\\\/\\\/www.rri.ro\\\/#website\"},\"primaryImageOfPage\":{\"@id\":\"https:\\\/\\\/www.rri.ro\\\/en\\\/news-and-current-affairs\\\/today-in-the-news\\\/summertime-protests-id789064.html#primaryimage\"},\"image\":{\"@id\":\"https:\\\/\\\/www.rri.ro\\\/en\\\/news-and-current-affairs\\\/today-in-the-news\\\/summertime-protests-id789064.html#primaryimage\"},\"thumbnailUrl\":\"https:\\\/\\\/www.rri.ro\\\/wp-content\\\/uploads\\\/2024\\\/07\\\/protest-contabili-foto-preluare-RRa-de-pe-agerpres-09-iulie.jpg\",\"datePublished\":\"2024-07-09T11:00:26+00:00\",\"author\":{\"@id\":\"https:\\\/\\\/www.rri.ro\\\/#\\\/schema\\\/person\\\/c6036c822534c855dc3aad41a484f05d\"},\"breadcrumb\":{\"@id\":\"https:\\\/\\\/www.rri.ro\\\/en\\\/news-and-current-affairs\\\/today-in-the-news\\\/summertime-protests-id789064.html#breadcrumb\"},\"inLanguage\":\"en-US\",\"potentialAction\":[{\"@type\":\"ReadAction\",\"target\":[\"https:\\\/\\\/www.rri.ro\\\/en\\\/news-and-current-affairs\\\/today-in-the-news\\\/summertime-protests-id789064.html\"]}]},{\"@type\":\"ImageObject\",\"inLanguage\":\"en-US\",\"@id\":\"https:\\\/\\\/www.rri.ro\\\/en\\\/news-and-current-affairs\\\/today-in-the-news\\\/summertime-protests-id789064.html#primaryimage\",\"url\":\"https:\\\/\\\/www.rri.ro\\\/wp-content\\\/uploads\\\/2024\\\/07\\\/protest-contabili-foto-preluare-RRa-de-pe-agerpres-09-iulie.jpg\",\"contentUrl\":\"https:\\\/\\\/www.rri.ro\\\/wp-content\\\/uploads\\\/2024\\\/07\\\/protest-contabili-foto-preluare-RRa-de-pe-agerpres-09-iulie.jpg\",\"width\":960,\"height\":540,\"caption\":\"\"},{\"@type\":\"BreadcrumbList\",\"@id\":\"https:\\\/\\\/www.rri.ro\\\/en\\\/news-and-current-affairs\\\/today-in-the-news\\\/summertime-protests-id789064.html#breadcrumb\",\"itemListElement\":[{\"@type\":\"ListItem\",\"position\":1,\"name\":\"Homepage\",\"item\":\"https:\\\/\\\/www.rri.ro\\\/en\"},{\"@type\":\"ListItem\",\"position\":2,\"name\":\"News and Current Affairs\",\"item\":\"https:\\\/\\\/www.rri.ro\\\/en\\\/news-and-current-affairs\"},{\"@type\":\"ListItem\",\"position\":3,\"name\":\"Today in the News\",\"item\":\"https:\\\/\\\/www.rri.ro\\\/en\\\/news-and-current-affairs\\\/today-in-the-news\"},{\"@type\":\"ListItem\",\"position\":4,\"name\":\"Summertime protests\"}]},{\"@type\":\"WebSite\",\"@id\":\"https:\\\/\\\/www.rri.ro\\\/#website\",\"url\":\"https:\\\/\\\/www.rri.ro\\\/\",\"name\":\"Radio Romania International\",\"description\":\"Totul despre Rom\u00e2nia \u015fi rom\u00e2ni, \u00een 13 limbi\\\/dialecte!\",\"inLanguage\":\"en-US\"},{\"@type\":\"Person\",\"@id\":\"https:\\\/\\\/www.rri.ro\\\/#\\\/schema\\\/person\\\/c6036c822534c855dc3aad41a484f05d\",\"name\":\"Mihai Pelin\",\"url\":\"https:\\\/\\\/www.rri.ro\\\/en\\\/author\\\/mihai-pelin\"}]}<\/script>\n<!-- \/ Yoast SEO plugin. -->","yoast_head_json":{"title":"Summertime protests - Radio Romania International","robots":{"index":"index","follow":"follow","max-snippet":"max-snippet:-1","max-image-preview":"max-image-preview:large","max-video-preview":"max-video-preview:-1"},"canonical":"https:\/\/www.rri.ro\/en\/news-and-current-affairs\/today-in-the-news\/summertime-protests-id789064.html","og_locale":"en_US","og_type":"article","og_title":"Summertime protests - Radio Romania International","og_description":"Accountants, economists and entrepreneurs on Monday took to the streets of Bucharest to draw attention to what they call \u2018fiscal terror\u2019, and measures endorsed without public talks but with a major impact upon the entire society. The event called &#8220;A Chaos-free Fiscal Administration\u201d was attended by people from all over Romania who braved the extremely [&hellip;]","og_url":"https:\/\/www.rri.ro\/en\/news-and-current-affairs\/today-in-the-news\/summertime-protests-id789064.html","og_site_name":"Radio Romania International","article_published_time":"2024-07-09T11:00:26+00:00","og_image":[{"width":960,"height":540,"url":"https:\/\/www.rri.ro\/wp-content\/uploads\/2024\/07\/protest-contabili-foto-preluare-RRa-de-pe-agerpres-09-iulie.jpg","type":"image\/jpeg"}],"author":"Mihai Pelin","twitter_card":"summary_large_image","twitter_misc":{"Written by":"Mihai Pelin","Est. reading time":"2 minutes"},"schema":{"@context":"https:\/\/schema.org","@graph":[{"@type":"Article","@id":"https:\/\/www.rri.ro\/en\/news-and-current-affairs\/today-in-the-news\/summertime-protests-id789064.html#article","isPartOf":{"@id":"https:\/\/www.rri.ro\/en\/news-and-current-affairs\/today-in-the-news\/summertime-protests-id789064.html"},"author":{"name":"Mihai Pelin","@id":"https:\/\/www.rri.ro\/#\/schema\/person\/c6036c822534c855dc3aad41a484f05d"},"headline":"Summertime protests","datePublished":"2024-07-09T11:00:26+00:00","mainEntityOfPage":{"@id":"https:\/\/www.rri.ro\/en\/news-and-current-affairs\/today-in-the-news\/summertime-protests-id789064.html"},"wordCount":460,"image":{"@id":"https:\/\/www.rri.ro\/en\/news-and-current-affairs\/today-in-the-news\/summertime-protests-id789064.html#primaryimage"},"thumbnailUrl":"https:\/\/www.rri.ro\/wp-content\/uploads\/2024\/07\/protest-contabili-foto-preluare-RRa-de-pe-agerpres-09-iulie.jpg","keywords":["Catalin Predoiu","drivers","e-invoice","e-VAT","entrepreneurs","Marcel Ciolacu","protests"],"articleSection":["Today in the News"],"inLanguage":"en-US"},{"@type":"WebPage","@id":"https:\/\/www.rri.ro\/en\/news-and-current-affairs\/today-in-the-news\/summertime-protests-id789064.html","url":"https:\/\/www.rri.ro\/en\/news-and-current-affairs\/today-in-the-news\/summertime-protests-id789064.html","name":"Summertime protests - Radio Romania International","isPartOf":{"@id":"https:\/\/www.rri.ro\/#website"},"primaryImageOfPage":{"@id":"https:\/\/www.rri.ro\/en\/news-and-current-affairs\/today-in-the-news\/summertime-protests-id789064.html#primaryimage"},"image":{"@id":"https:\/\/www.rri.ro\/en\/news-and-current-affairs\/today-in-the-news\/summertime-protests-id789064.html#primaryimage"},"thumbnailUrl":"https:\/\/www.rri.ro\/wp-content\/uploads\/2024\/07\/protest-contabili-foto-preluare-RRa-de-pe-agerpres-09-iulie.jpg","datePublished":"2024-07-09T11:00:26+00:00","author":{"@id":"https:\/\/www.rri.ro\/#\/schema\/person\/c6036c822534c855dc3aad41a484f05d"},"breadcrumb":{"@id":"https:\/\/www.rri.ro\/en\/news-and-current-affairs\/today-in-the-news\/summertime-protests-id789064.html#breadcrumb"},"inLanguage":"en-US","potentialAction":[{"@type":"ReadAction","target":["https:\/\/www.rri.ro\/en\/news-and-current-affairs\/today-in-the-news\/summertime-protests-id789064.html"]}]},{"@type":"ImageObject","inLanguage":"en-US","@id":"https:\/\/www.rri.ro\/en\/news-and-current-affairs\/today-in-the-news\/summertime-protests-id789064.html#primaryimage","url":"https:\/\/www.rri.ro\/wp-content\/uploads\/2024\/07\/protest-contabili-foto-preluare-RRa-de-pe-agerpres-09-iulie.jpg","contentUrl":"https:\/\/www.rri.ro\/wp-content\/uploads\/2024\/07\/protest-contabili-foto-preluare-RRa-de-pe-agerpres-09-iulie.jpg","width":960,"height":540,"caption":""},{"@type":"BreadcrumbList","@id":"https:\/\/www.rri.ro\/en\/news-and-current-affairs\/today-in-the-news\/summertime-protests-id789064.html#breadcrumb","itemListElement":[{"@type":"ListItem","position":1,"name":"Homepage","item":"https:\/\/www.rri.ro\/en"},{"@type":"ListItem","position":2,"name":"News and Current Affairs","item":"https:\/\/www.rri.ro\/en\/news-and-current-affairs"},{"@type":"ListItem","position":3,"name":"Today in the News","item":"https:\/\/www.rri.ro\/en\/news-and-current-affairs\/today-in-the-news"},{"@type":"ListItem","position":4,"name":"Summertime protests"}]},{"@type":"WebSite","@id":"https:\/\/www.rri.ro\/#website","url":"https:\/\/www.rri.ro\/","name":"Radio Romania International","description":"Totul despre Rom\u00e2nia \u015fi rom\u00e2ni, \u00een 13 limbi\/dialecte!","inLanguage":"en-US"},{"@type":"Person","@id":"https:\/\/www.rri.ro\/#\/schema\/person\/c6036c822534c855dc3aad41a484f05d","name":"Mihai Pelin","url":"https:\/\/www.rri.ro\/en\/author\/mihai-pelin"}]}},"_links":{"self":[{"href":"https:\/\/www.rri.ro\/en\/wp-json\/wp\/v2\/posts\/789064","targetHints":{"allow":["GET"]}}],"collection":[{"href":"https:\/\/www.rri.ro\/en\/wp-json\/wp\/v2\/posts"}],"about":[{"href":"https:\/\/www.rri.ro\/en\/wp-json\/wp\/v2\/types\/post"}],"author":[{"embeddable":true,"href":"https:\/\/www.rri.ro\/en\/wp-json\/wp\/v2\/users\/106"}],"replies":[{"embeddable":true,"href":"https:\/\/www.rri.ro\/en\/wp-json\/wp\/v2\/comments?post=789064"}],"version-history":[{"count":0,"href":"https:\/\/www.rri.ro\/en\/wp-json\/wp\/v2\/posts\/789064\/revisions"}],"wp:featuredmedia":[{"embeddable":true,"href":"https:\/\/www.rri.ro\/en\/wp-json\/wp\/v2\/media\/788995"}],"wp:attachment":[{"href":"https:\/\/www.rri.ro\/en\/wp-json\/wp\/v2\/media?parent=789064"}],"wp:term":[{"taxonomy":"category","embeddable":true,"href":"https:\/\/www.rri.ro\/en\/wp-json\/wp\/v2\/categories?post=789064"},{"taxonomy":"post_tag","embeddable":true,"href":"https:\/\/www.rri.ro\/en\/wp-json\/wp\/v2\/tags?post=789064"},{"taxonomy":"author","embeddable":true,"href":"https:\/\/www.rri.ro\/en\/wp-json\/wp\/v2\/coauthors?post=789064"}],"curies":[{"name":"wp","href":"https:\/\/api.w.org\/{rel}","templated":true}]}}