{"id":79160,"date":"2018-10-17T11:58:00","date_gmt":"2018-10-17T08:58:00","guid":{"rendered":"http:\/\/devrri.freshlemon.ro\/news-and-current-affairs\/newsflash\/opinion-poll-on-private-pensions-79160.html"},"modified":"2024-02-16T09:59:16","modified_gmt":"2024-02-16T07:59:16","slug":"opinion-poll-on-private-pensions","status":"publish","type":"post","link":"https:\/\/www.rri.ro\/en\/news-and-current-affairs\/today-in-the-news\/opinion-poll-on-private-pensions-id79160.html","title":{"rendered":"Opinion poll on private pensions"},"content":{"rendered":"<p><p>Around 1 million Romanians have some 2,145 Euro each in their&#13;<br \/>\ncompulsory private pension accounts, but they do not know they have this money,&#13;<br \/>\na recent poll conducted by the Association for Privately Managed Pensions in&#13;<br \/>\nRomania has shown. According to the survey, 11 years since the launch of the&#13;<br \/>\ncurrent pensions system, Romanians still trust Pillar 2, they know their rights&#13;<br \/>\nand are aware that their contribution is important for the country&#8217;s economic&#13;<br \/>\ndevelopment. 86% of the people interviewed, aged 20 to 55 and living in the&#13;<br \/>\nurban area, have heard of the Pension Pillar 2 but only 60% of them say they&#13;<br \/>\nare contributing. <\/p>\n<p><\/p>\n<p>&#13;<br \/>\n&#13;<br \/>\n&#13;<br \/>\n&#13;<\/p>\n<p>The study also shows that, in spite of the fact that two thirds of&#13;<br \/>\nrespondents believe that unless measures are taken the state may have&#13;<br \/>\ndifficulties in paying pensions to the next generations, more than half of them&#13;<br \/>\nstill count on the pension provided by the state when they retire. President of&#13;<br \/>\nthe Association for Privately Managed Pensions in Romania, Radu Craciun,&#13;<br \/>\nexplains the results of the study on the Pension Pillar 2:<\/p>\n<p><\/p>\n<p>&#13;<br \/>\n&#13;<br \/>\n&#13;<br \/>\n&#13;<\/p>\n<p>71% of Romanians know that the money from Pillar 2 is their&#13;<br \/>\nproperty. 67% of them know that the money from this fund is guaranteed under&#13;<br \/>\nthe law and, finally, 71% believe that Pillar 2 must be kept in place. Almost 1&#13;<br \/>\nmillion Romanians have at least 10,000 lei in their account without being aware&#13;<br \/>\nof that. They either believe they have less money in the account or do not know&#13;<br \/>\nthey have been contributing any money at all to Pillar 2. <\/p>\n<p><\/p>\n<p>&#13;<br \/>\n&#13;<br \/>\n&#13;<br \/>\n&#13;<\/p>\n<p>Most respondents said they trust the fact that their money is well&#13;<br \/>\ninvested and almost two thirds of the active population believes maintaining&#13;<br \/>\nthe compulsory private pension system is necessary. However, the amounts that&#13;<br \/>\nRomanians have in their personal accounts of Pillar 2 are by 17.8% smaller than&#13;<br \/>\nthey should have if the law was observed, the Association for Privately Managed&#13;<br \/>\nPensions in Romania argues. The decrease in value has been triggered by the&#13;<br \/>\nfact that individual contributions should have been raised by 6% starting&#13;<br \/>\nJanuary 1st 2016, which did not happen. At the end of 2017 the&#13;<br \/>\nGovernment decided to decrease the percentage to be paid for the privately&#13;<br \/>\nadministrated Pension Pillar 2, from 5.1% to 3.75%. Launched in 2008, Pillar 2 had&#13;<br \/>\nnet assets of 9.9 billion Euro at the end of September and numbered 7.18&#13;<br \/>\nmillion contributors. The optional private Pension Pillar 3 had net assets&#13;<br \/>\nworth 425 million Euro and 465,000 contributors. 90% of the total assets of&#13;<br \/>\nthe two funds are invested in the Romanian economy.<\/p>\n<p><\/p>\n","protected":false},"excerpt":{"rendered":"<p>According to a recent poll, many Romanians are unaware of the money they have in their mandatory private pension accounts.<\/p>\n","protected":false},"author":106,"featured_media":65851,"comment_status":"closed","ping_status":"closed","sticky":false,"template":"","format":"standard","meta":{"_acf_changed":false,"footnotes":""},"categories":[37738],"tags":[31885],"coauthors":[],"class_list":["post-79160","post","type-post","status-publish","format-standard","has-post-thumbnail","hentry","category-today-in-the-news","tag-private-pension"],"acf":[],"yoast_head":"<!-- This site is optimized with the Yoast SEO plugin v27.3 - https:\/\/yoast.com\/product\/yoast-seo-wordpress\/ -->\n<title>Opinion poll on private pensions - Radio Romania International<\/title>\n<meta name=\"robots\" content=\"index, follow, max-snippet:-1, max-image-preview:large, max-video-preview:-1\" \/>\n<link rel=\"canonical\" href=\"https:\/\/www.rri.ro\/en\/news-and-current-affairs\/today-in-the-news\/opinion-poll-on-private-pensions-id79160.html\" \/>\n<meta property=\"og:locale\" content=\"en_US\" \/>\n<meta property=\"og:type\" content=\"article\" \/>\n<meta property=\"og:title\" content=\"Opinion poll on private pensions - Radio Romania International\" \/>\n<meta property=\"og:description\" content=\"According to a recent poll, many Romanians are unaware of the money they have in their mandatory private pension accounts.\" \/>\n<meta property=\"og:url\" content=\"https:\/\/www.rri.ro\/en\/news-and-current-affairs\/today-in-the-news\/opinion-poll-on-private-pensions-id79160.html\" \/>\n<meta property=\"og:site_name\" content=\"Radio Romania International\" \/>\n<meta property=\"article:published_time\" content=\"2018-10-17T08:58:00+00:00\" \/>\n<meta property=\"article:modified_time\" content=\"2024-02-16T07:59:16+00:00\" \/>\n<meta property=\"og:image\" content=\"https:\/\/www.rri.ro\/wp-content\/uploads\/2023\/10\/taxe-calcule-economie-buget.png\" \/>\n\t<meta property=\"og:image:width\" content=\"640\" \/>\n\t<meta property=\"og:image:height\" content=\"480\" \/>\n\t<meta property=\"og:image:type\" content=\"image\/png\" \/>\n<meta name=\"author\" content=\"Mihai Pelin\" \/>\n<meta name=\"twitter:card\" content=\"summary_large_image\" \/>\n<meta name=\"twitter:label1\" content=\"Written by\" \/>\n\t<meta name=\"twitter:data1\" content=\"Mihai Pelin\" \/>\n\t<meta name=\"twitter:label2\" content=\"Est. reading time\" \/>\n\t<meta name=\"twitter:data2\" content=\"2 minutes\" \/>\n<script type=\"application\/ld+json\" class=\"yoast-schema-graph\">{\"@context\":\"https:\\\/\\\/schema.org\",\"@graph\":[{\"@type\":\"Article\",\"@id\":\"https:\\\/\\\/www.rri.ro\\\/en\\\/news-and-current-affairs\\\/today-in-the-news\\\/opinion-poll-on-private-pensions-id79160.html#article\",\"isPartOf\":{\"@id\":\"https:\\\/\\\/www.rri.ro\\\/en\\\/news-and-current-affairs\\\/today-in-the-news\\\/opinion-poll-on-private-pensions-id79160.html\"},\"author\":{\"name\":\"Mihai Pelin\",\"@id\":\"https:\\\/\\\/www.rri.ro\\\/#\\\/schema\\\/person\\\/c6036c822534c855dc3aad41a484f05d\"},\"headline\":\"Opinion poll on private pensions\",\"datePublished\":\"2018-10-17T08:58:00+00:00\",\"dateModified\":\"2024-02-16T07:59:16+00:00\",\"mainEntityOfPage\":{\"@id\":\"https:\\\/\\\/www.rri.ro\\\/en\\\/news-and-current-affairs\\\/today-in-the-news\\\/opinion-poll-on-private-pensions-id79160.html\"},\"wordCount\":404,\"image\":{\"@id\":\"https:\\\/\\\/www.rri.ro\\\/en\\\/news-and-current-affairs\\\/today-in-the-news\\\/opinion-poll-on-private-pensions-id79160.html#primaryimage\"},\"thumbnailUrl\":\"https:\\\/\\\/www.rri.ro\\\/wp-content\\\/uploads\\\/2023\\\/10\\\/taxe-calcule-economie-buget.png\",\"keywords\":[\"private pension\"],\"articleSection\":[\"Today in the News\"],\"inLanguage\":\"en-US\"},{\"@type\":\"WebPage\",\"@id\":\"https:\\\/\\\/www.rri.ro\\\/en\\\/news-and-current-affairs\\\/today-in-the-news\\\/opinion-poll-on-private-pensions-id79160.html\",\"url\":\"https:\\\/\\\/www.rri.ro\\\/en\\\/news-and-current-affairs\\\/today-in-the-news\\\/opinion-poll-on-private-pensions-id79160.html\",\"name\":\"Opinion poll on private pensions - Radio Romania International\",\"isPartOf\":{\"@id\":\"https:\\\/\\\/www.rri.ro\\\/#website\"},\"primaryImageOfPage\":{\"@id\":\"https:\\\/\\\/www.rri.ro\\\/en\\\/news-and-current-affairs\\\/today-in-the-news\\\/opinion-poll-on-private-pensions-id79160.html#primaryimage\"},\"image\":{\"@id\":\"https:\\\/\\\/www.rri.ro\\\/en\\\/news-and-current-affairs\\\/today-in-the-news\\\/opinion-poll-on-private-pensions-id79160.html#primaryimage\"},\"thumbnailUrl\":\"https:\\\/\\\/www.rri.ro\\\/wp-content\\\/uploads\\\/2023\\\/10\\\/taxe-calcule-economie-buget.png\",\"datePublished\":\"2018-10-17T08:58:00+00:00\",\"dateModified\":\"2024-02-16T07:59:16+00:00\",\"author\":{\"@id\":\"https:\\\/\\\/www.rri.ro\\\/#\\\/schema\\\/person\\\/c6036c822534c855dc3aad41a484f05d\"},\"breadcrumb\":{\"@id\":\"https:\\\/\\\/www.rri.ro\\\/en\\\/news-and-current-affairs\\\/today-in-the-news\\\/opinion-poll-on-private-pensions-id79160.html#breadcrumb\"},\"inLanguage\":\"en-US\",\"potentialAction\":[{\"@type\":\"ReadAction\",\"target\":[\"https:\\\/\\\/www.rri.ro\\\/en\\\/news-and-current-affairs\\\/today-in-the-news\\\/opinion-poll-on-private-pensions-id79160.html\"]}]},{\"@type\":\"ImageObject\",\"inLanguage\":\"en-US\",\"@id\":\"https:\\\/\\\/www.rri.ro\\\/en\\\/news-and-current-affairs\\\/today-in-the-news\\\/opinion-poll-on-private-pensions-id79160.html#primaryimage\",\"url\":\"https:\\\/\\\/www.rri.ro\\\/wp-content\\\/uploads\\\/2023\\\/10\\\/taxe-calcule-economie-buget.png\",\"contentUrl\":\"https:\\\/\\\/www.rri.ro\\\/wp-content\\\/uploads\\\/2023\\\/10\\\/taxe-calcule-economie-buget.png\",\"width\":640,\"height\":480},{\"@type\":\"BreadcrumbList\",\"@id\":\"https:\\\/\\\/www.rri.ro\\\/en\\\/news-and-current-affairs\\\/today-in-the-news\\\/opinion-poll-on-private-pensions-id79160.html#breadcrumb\",\"itemListElement\":[{\"@type\":\"ListItem\",\"position\":1,\"name\":\"Homepage\",\"item\":\"https:\\\/\\\/www.rri.ro\\\/en\"},{\"@type\":\"ListItem\",\"position\":2,\"name\":\"News and Current Affairs\",\"item\":\"https:\\\/\\\/www.rri.ro\\\/en\\\/news-and-current-affairs\"},{\"@type\":\"ListItem\",\"position\":3,\"name\":\"Today in the News\",\"item\":\"https:\\\/\\\/www.rri.ro\\\/en\\\/news-and-current-affairs\\\/today-in-the-news\"},{\"@type\":\"ListItem\",\"position\":4,\"name\":\"Opinion poll on private pensions\"}]},{\"@type\":\"WebSite\",\"@id\":\"https:\\\/\\\/www.rri.ro\\\/#website\",\"url\":\"https:\\\/\\\/www.rri.ro\\\/\",\"name\":\"Radio Romania International\",\"description\":\"Totul despre Rom\u00e2nia \u015fi rom\u00e2ni, \u00een 13 limbi\\\/dialecte!\",\"inLanguage\":\"en-US\"},{\"@type\":\"Person\",\"@id\":\"https:\\\/\\\/www.rri.ro\\\/#\\\/schema\\\/person\\\/c6036c822534c855dc3aad41a484f05d\",\"name\":\"Mihai Pelin\",\"url\":\"https:\\\/\\\/www.rri.ro\\\/en\\\/author\\\/mihai-pelin\"}]}<\/script>\n<!-- \/ Yoast SEO plugin. -->","yoast_head_json":{"title":"Opinion poll on private pensions - Radio Romania International","robots":{"index":"index","follow":"follow","max-snippet":"max-snippet:-1","max-image-preview":"max-image-preview:large","max-video-preview":"max-video-preview:-1"},"canonical":"https:\/\/www.rri.ro\/en\/news-and-current-affairs\/today-in-the-news\/opinion-poll-on-private-pensions-id79160.html","og_locale":"en_US","og_type":"article","og_title":"Opinion poll on private pensions - Radio Romania International","og_description":"According to a recent poll, many Romanians are unaware of the money they have in their mandatory private pension accounts.","og_url":"https:\/\/www.rri.ro\/en\/news-and-current-affairs\/today-in-the-news\/opinion-poll-on-private-pensions-id79160.html","og_site_name":"Radio Romania International","article_published_time":"2018-10-17T08:58:00+00:00","article_modified_time":"2024-02-16T07:59:16+00:00","og_image":[{"width":640,"height":480,"url":"https:\/\/www.rri.ro\/wp-content\/uploads\/2023\/10\/taxe-calcule-economie-buget.png","type":"image\/png"}],"author":"Mihai Pelin","twitter_card":"summary_large_image","twitter_misc":{"Written by":"Mihai Pelin","Est. reading time":"2 minutes"},"schema":{"@context":"https:\/\/schema.org","@graph":[{"@type":"Article","@id":"https:\/\/www.rri.ro\/en\/news-and-current-affairs\/today-in-the-news\/opinion-poll-on-private-pensions-id79160.html#article","isPartOf":{"@id":"https:\/\/www.rri.ro\/en\/news-and-current-affairs\/today-in-the-news\/opinion-poll-on-private-pensions-id79160.html"},"author":{"name":"Mihai Pelin","@id":"https:\/\/www.rri.ro\/#\/schema\/person\/c6036c822534c855dc3aad41a484f05d"},"headline":"Opinion poll on private pensions","datePublished":"2018-10-17T08:58:00+00:00","dateModified":"2024-02-16T07:59:16+00:00","mainEntityOfPage":{"@id":"https:\/\/www.rri.ro\/en\/news-and-current-affairs\/today-in-the-news\/opinion-poll-on-private-pensions-id79160.html"},"wordCount":404,"image":{"@id":"https:\/\/www.rri.ro\/en\/news-and-current-affairs\/today-in-the-news\/opinion-poll-on-private-pensions-id79160.html#primaryimage"},"thumbnailUrl":"https:\/\/www.rri.ro\/wp-content\/uploads\/2023\/10\/taxe-calcule-economie-buget.png","keywords":["private pension"],"articleSection":["Today in the News"],"inLanguage":"en-US"},{"@type":"WebPage","@id":"https:\/\/www.rri.ro\/en\/news-and-current-affairs\/today-in-the-news\/opinion-poll-on-private-pensions-id79160.html","url":"https:\/\/www.rri.ro\/en\/news-and-current-affairs\/today-in-the-news\/opinion-poll-on-private-pensions-id79160.html","name":"Opinion poll on private pensions - Radio Romania International","isPartOf":{"@id":"https:\/\/www.rri.ro\/#website"},"primaryImageOfPage":{"@id":"https:\/\/www.rri.ro\/en\/news-and-current-affairs\/today-in-the-news\/opinion-poll-on-private-pensions-id79160.html#primaryimage"},"image":{"@id":"https:\/\/www.rri.ro\/en\/news-and-current-affairs\/today-in-the-news\/opinion-poll-on-private-pensions-id79160.html#primaryimage"},"thumbnailUrl":"https:\/\/www.rri.ro\/wp-content\/uploads\/2023\/10\/taxe-calcule-economie-buget.png","datePublished":"2018-10-17T08:58:00+00:00","dateModified":"2024-02-16T07:59:16+00:00","author":{"@id":"https:\/\/www.rri.ro\/#\/schema\/person\/c6036c822534c855dc3aad41a484f05d"},"breadcrumb":{"@id":"https:\/\/www.rri.ro\/en\/news-and-current-affairs\/today-in-the-news\/opinion-poll-on-private-pensions-id79160.html#breadcrumb"},"inLanguage":"en-US","potentialAction":[{"@type":"ReadAction","target":["https:\/\/www.rri.ro\/en\/news-and-current-affairs\/today-in-the-news\/opinion-poll-on-private-pensions-id79160.html"]}]},{"@type":"ImageObject","inLanguage":"en-US","@id":"https:\/\/www.rri.ro\/en\/news-and-current-affairs\/today-in-the-news\/opinion-poll-on-private-pensions-id79160.html#primaryimage","url":"https:\/\/www.rri.ro\/wp-content\/uploads\/2023\/10\/taxe-calcule-economie-buget.png","contentUrl":"https:\/\/www.rri.ro\/wp-content\/uploads\/2023\/10\/taxe-calcule-economie-buget.png","width":640,"height":480},{"@type":"BreadcrumbList","@id":"https:\/\/www.rri.ro\/en\/news-and-current-affairs\/today-in-the-news\/opinion-poll-on-private-pensions-id79160.html#breadcrumb","itemListElement":[{"@type":"ListItem","position":1,"name":"Homepage","item":"https:\/\/www.rri.ro\/en"},{"@type":"ListItem","position":2,"name":"News and Current Affairs","item":"https:\/\/www.rri.ro\/en\/news-and-current-affairs"},{"@type":"ListItem","position":3,"name":"Today in the News","item":"https:\/\/www.rri.ro\/en\/news-and-current-affairs\/today-in-the-news"},{"@type":"ListItem","position":4,"name":"Opinion poll on private pensions"}]},{"@type":"WebSite","@id":"https:\/\/www.rri.ro\/#website","url":"https:\/\/www.rri.ro\/","name":"Radio Romania International","description":"Totul despre Rom\u00e2nia \u015fi rom\u00e2ni, \u00een 13 limbi\/dialecte!","inLanguage":"en-US"},{"@type":"Person","@id":"https:\/\/www.rri.ro\/#\/schema\/person\/c6036c822534c855dc3aad41a484f05d","name":"Mihai Pelin","url":"https:\/\/www.rri.ro\/en\/author\/mihai-pelin"}]}},"_links":{"self":[{"href":"https:\/\/www.rri.ro\/en\/wp-json\/wp\/v2\/posts\/79160","targetHints":{"allow":["GET"]}}],"collection":[{"href":"https:\/\/www.rri.ro\/en\/wp-json\/wp\/v2\/posts"}],"about":[{"href":"https:\/\/www.rri.ro\/en\/wp-json\/wp\/v2\/types\/post"}],"author":[{"embeddable":true,"href":"https:\/\/www.rri.ro\/en\/wp-json\/wp\/v2\/users\/106"}],"replies":[{"embeddable":true,"href":"https:\/\/www.rri.ro\/en\/wp-json\/wp\/v2\/comments?post=79160"}],"version-history":[{"count":0,"href":"https:\/\/www.rri.ro\/en\/wp-json\/wp\/v2\/posts\/79160\/revisions"}],"wp:featuredmedia":[{"embeddable":true,"href":"https:\/\/www.rri.ro\/en\/wp-json\/wp\/v2\/media\/65851"}],"wp:attachment":[{"href":"https:\/\/www.rri.ro\/en\/wp-json\/wp\/v2\/media?parent=79160"}],"wp:term":[{"taxonomy":"category","embeddable":true,"href":"https:\/\/www.rri.ro\/en\/wp-json\/wp\/v2\/categories?post=79160"},{"taxonomy":"post_tag","embeddable":true,"href":"https:\/\/www.rri.ro\/en\/wp-json\/wp\/v2\/tags?post=79160"},{"taxonomy":"author","embeddable":true,"href":"https:\/\/www.rri.ro\/en\/wp-json\/wp\/v2\/coauthors?post=79160"}],"curies":[{"name":"wp","href":"https:\/\/api.w.org\/{rel}","templated":true}]}}