{"id":79205,"date":"2018-10-22T13:19:00","date_gmt":"2018-10-22T10:19:00","guid":{"rendered":"http:\/\/devrri.freshlemon.ro\/news-and-current-affairs\/newsflash\/the-bucharest-auto-show-and-accessories-2018-79205.html"},"modified":"2024-02-16T09:59:24","modified_gmt":"2024-02-16T07:59:24","slug":"the-bucharest-auto-show-and-accessories-2018","status":"publish","type":"post","link":"https:\/\/www.rri.ro\/en\/news-and-current-affairs\/today-in-the-news\/the-bucharest-auto-show-and-accessories-2018-id79205.html","title":{"rendered":"The Bucharest Auto Show and Accessories 2018"},"content":{"rendered":"<p>The 16th edition of the Bucharest Auto Show and Accessories 2018 came to a close at the weekend. It brought together the largest producers and most important experts in the line industry. This year, the Show mixed in the experience of past editions and the dynamics of the current innovative and economic context, coming out with a dedicated platform, which turned, during the 11 days of the show, into the largest car business centre in Romania.<\/p>\n<p>&#13;<br \/>\n&#13;<\/p>\n<p>&#13;<br \/>\n&#13;<\/p>\n<p>As Romania is this year celebrating 100 years since the Great Union of 1918, Retromobil Romania, Clubul Vehiculelor de Epoc\u0103 (The Vintage Cars Club) and Clubul ARO10, organised a special stand devoted to the Centennial. Classical car makes and prototypes which have revolutionised the automotive world or which have gone down in Romania\u2019s car history were put on show at this stand. Two of them were the famous Dacia 1300 produced in Pitesti, southern Romania, and the ARO off road vehicle manufactured in C\u00e2mpulung Muscel, also in the south.  <\/p>\n<p>&#13;<br \/>\n&#13;<\/p>\n<p>&#13;<br \/>\n&#13;<\/p>\n<p>The Show was also backed by the Association of Car Manufacturers in Romania, with city and off roads cars being exhibited during the show, alongside light and heavy utility service vehicles, classical cars, as well as motorbikes, scooters, bicycles, car spare parts and accessories. Of course, some the newest and exclusive car makes, belonging to famous producers like Lamborghini, Maserati, BMW, Audi, Ford, Mercedes-Benz, Fiat, Honda, Hyundai, Mazda, Mitsubishi, Opel, Skoda, Suzuki, Toyota or Volvo held pride of place during the show.<\/p>\n<p>&#13;<br \/>\n&#13;<\/p>\n<p>&#13;<br \/>\n&#13;<\/p>\n<p>Visitors could also take a tour of a special area devoted exclusively to electric cars, where the latest models of electric and hybrid cars were put on show, and experts have offered detailed information on the new technologies. Actually, during this year\u2019s edition of the Bucharest Auto Show and Accessories the inventors of an autonomous electric bike, which uses solar energy have been awarded for their achievement by the organisers. The two promoters of the project, Mircea Moldovan, an MSC student at the Timisoara Polytechnic University, jointly with inventor Corneliu Birtok B\u0103neas\u0103, are now working on a prototype of their invention. Solar panels are integrated into the metal structure of the bike, to maximise the  output of energy and not to be an inconvenience for the biker. Solar energy becomes the main propelling source for the bike if the biker gets tired and wants to take a break without making a stop.<\/p>\n<p>&#13;<br \/>\n&#13;<\/p>\n<p>&#13;<br \/>\n&#13;<\/p>\n<p>Urban survival demonstrations, a seminar on labour force training in the automotive industry and the launch of a road safety book were also among the highlights of the show. <\/p>\n<p>&#13;<\/p>\n","protected":false},"excerpt":{"rendered":"<p>The 16th Bucharest Auto Show and Accessories 2018 unfolded between October 11 and 21, enjoying the participation of well known car makes and producers. It also included a vintage car exhibition and a special area was laid out exclusively for electric cars<\/p>\n","protected":false},"author":106,"featured_media":79206,"comment_status":"closed","ping_status":"closed","sticky":false,"template":"","format":"standard","meta":{"_acf_changed":false,"footnotes":""},"categories":[37738],"tags":[39464],"coauthors":[],"class_list":["post-79205","post","type-post","status-publish","format-standard","has-post-thumbnail","hentry","category-today-in-the-news","tag-the-bucharest-auto-show-and-accessories-2018"],"acf":[],"yoast_head":"<!-- This site is optimized with the Yoast SEO plugin v27.3 - https:\/\/yoast.com\/product\/yoast-seo-wordpress\/ -->\n<title>The Bucharest Auto Show and Accessories 2018 - Radio Romania International<\/title>\n<meta name=\"robots\" content=\"index, follow, max-snippet:-1, max-image-preview:large, max-video-preview:-1\" \/>\n<link rel=\"canonical\" href=\"https:\/\/www.rri.ro\/en\/news-and-current-affairs\/today-in-the-news\/the-bucharest-auto-show-and-accessories-2018-id79205.html\" \/>\n<meta property=\"og:locale\" content=\"en_US\" \/>\n<meta property=\"og:type\" content=\"article\" \/>\n<meta property=\"og:title\" content=\"The Bucharest Auto Show and Accessories 2018 - Radio Romania International\" \/>\n<meta property=\"og:description\" content=\"The 16th Bucharest Auto Show and Accessories 2018 unfolded between October 11 and 21, enjoying the participation of well known car makes and producers. It also included a vintage car exhibition and a special area was laid out exclusively for electric cars\" \/>\n<meta property=\"og:url\" content=\"https:\/\/www.rri.ro\/en\/news-and-current-affairs\/today-in-the-news\/the-bucharest-auto-show-and-accessories-2018-id79205.html\" \/>\n<meta property=\"og:site_name\" content=\"Radio Romania International\" \/>\n<meta property=\"article:published_time\" content=\"2018-10-22T10:19:00+00:00\" \/>\n<meta property=\"article:modified_time\" content=\"2024-02-16T07:59:24+00:00\" \/>\n<meta property=\"og:image\" content=\"https:\/\/www.rri.ro\/wp-content\/uploads\/2023\/10\/salonul-auto-bucuresti-2018-foto-subturat-ok.png\" \/>\n\t<meta property=\"og:image:width\" content=\"640\" \/>\n\t<meta property=\"og:image:height\" content=\"427\" \/>\n\t<meta property=\"og:image:type\" content=\"image\/png\" \/>\n<meta name=\"author\" content=\"Mihai Pelin\" \/>\n<meta name=\"twitter:card\" content=\"summary_large_image\" \/>\n<meta name=\"twitter:label1\" content=\"Written by\" \/>\n\t<meta name=\"twitter:data1\" content=\"Mihai Pelin\" \/>\n\t<meta name=\"twitter:label2\" content=\"Est. reading time\" \/>\n\t<meta name=\"twitter:data2\" content=\"2 minutes\" \/>\n<script type=\"application\/ld+json\" class=\"yoast-schema-graph\">{\"@context\":\"https:\\\/\\\/schema.org\",\"@graph\":[{\"@type\":\"Article\",\"@id\":\"https:\\\/\\\/www.rri.ro\\\/en\\\/news-and-current-affairs\\\/today-in-the-news\\\/the-bucharest-auto-show-and-accessories-2018-id79205.html#article\",\"isPartOf\":{\"@id\":\"https:\\\/\\\/www.rri.ro\\\/en\\\/news-and-current-affairs\\\/today-in-the-news\\\/the-bucharest-auto-show-and-accessories-2018-id79205.html\"},\"author\":{\"name\":\"Mihai Pelin\",\"@id\":\"https:\\\/\\\/www.rri.ro\\\/#\\\/schema\\\/person\\\/c6036c822534c855dc3aad41a484f05d\"},\"headline\":\"The Bucharest Auto Show and Accessories 2018\",\"datePublished\":\"2018-10-22T10:19:00+00:00\",\"dateModified\":\"2024-02-16T07:59:24+00:00\",\"mainEntityOfPage\":{\"@id\":\"https:\\\/\\\/www.rri.ro\\\/en\\\/news-and-current-affairs\\\/today-in-the-news\\\/the-bucharest-auto-show-and-accessories-2018-id79205.html\"},\"wordCount\":433,\"image\":{\"@id\":\"https:\\\/\\\/www.rri.ro\\\/en\\\/news-and-current-affairs\\\/today-in-the-news\\\/the-bucharest-auto-show-and-accessories-2018-id79205.html#primaryimage\"},\"thumbnailUrl\":\"https:\\\/\\\/www.rri.ro\\\/wp-content\\\/uploads\\\/2023\\\/10\\\/salonul-auto-bucuresti-2018-foto-subturat-ok.png\",\"keywords\":[\"The Bucharest Auto Show and Accessories 2018\"],\"articleSection\":[\"Today in the News\"],\"inLanguage\":\"en-US\"},{\"@type\":\"WebPage\",\"@id\":\"https:\\\/\\\/www.rri.ro\\\/en\\\/news-and-current-affairs\\\/today-in-the-news\\\/the-bucharest-auto-show-and-accessories-2018-id79205.html\",\"url\":\"https:\\\/\\\/www.rri.ro\\\/en\\\/news-and-current-affairs\\\/today-in-the-news\\\/the-bucharest-auto-show-and-accessories-2018-id79205.html\",\"name\":\"The Bucharest Auto Show and Accessories 2018 - Radio Romania International\",\"isPartOf\":{\"@id\":\"https:\\\/\\\/www.rri.ro\\\/#website\"},\"primaryImageOfPage\":{\"@id\":\"https:\\\/\\\/www.rri.ro\\\/en\\\/news-and-current-affairs\\\/today-in-the-news\\\/the-bucharest-auto-show-and-accessories-2018-id79205.html#primaryimage\"},\"image\":{\"@id\":\"https:\\\/\\\/www.rri.ro\\\/en\\\/news-and-current-affairs\\\/today-in-the-news\\\/the-bucharest-auto-show-and-accessories-2018-id79205.html#primaryimage\"},\"thumbnailUrl\":\"https:\\\/\\\/www.rri.ro\\\/wp-content\\\/uploads\\\/2023\\\/10\\\/salonul-auto-bucuresti-2018-foto-subturat-ok.png\",\"datePublished\":\"2018-10-22T10:19:00+00:00\",\"dateModified\":\"2024-02-16T07:59:24+00:00\",\"author\":{\"@id\":\"https:\\\/\\\/www.rri.ro\\\/#\\\/schema\\\/person\\\/c6036c822534c855dc3aad41a484f05d\"},\"breadcrumb\":{\"@id\":\"https:\\\/\\\/www.rri.ro\\\/en\\\/news-and-current-affairs\\\/today-in-the-news\\\/the-bucharest-auto-show-and-accessories-2018-id79205.html#breadcrumb\"},\"inLanguage\":\"en-US\",\"potentialAction\":[{\"@type\":\"ReadAction\",\"target\":[\"https:\\\/\\\/www.rri.ro\\\/en\\\/news-and-current-affairs\\\/today-in-the-news\\\/the-bucharest-auto-show-and-accessories-2018-id79205.html\"]}]},{\"@type\":\"ImageObject\",\"inLanguage\":\"en-US\",\"@id\":\"https:\\\/\\\/www.rri.ro\\\/en\\\/news-and-current-affairs\\\/today-in-the-news\\\/the-bucharest-auto-show-and-accessories-2018-id79205.html#primaryimage\",\"url\":\"https:\\\/\\\/www.rri.ro\\\/wp-content\\\/uploads\\\/2023\\\/10\\\/salonul-auto-bucuresti-2018-foto-subturat-ok.png\",\"contentUrl\":\"https:\\\/\\\/www.rri.ro\\\/wp-content\\\/uploads\\\/2023\\\/10\\\/salonul-auto-bucuresti-2018-foto-subturat-ok.png\",\"width\":640,\"height\":427},{\"@type\":\"BreadcrumbList\",\"@id\":\"https:\\\/\\\/www.rri.ro\\\/en\\\/news-and-current-affairs\\\/today-in-the-news\\\/the-bucharest-auto-show-and-accessories-2018-id79205.html#breadcrumb\",\"itemListElement\":[{\"@type\":\"ListItem\",\"position\":1,\"name\":\"Homepage\",\"item\":\"https:\\\/\\\/www.rri.ro\\\/en\"},{\"@type\":\"ListItem\",\"position\":2,\"name\":\"News and Current Affairs\",\"item\":\"https:\\\/\\\/www.rri.ro\\\/en\\\/news-and-current-affairs\"},{\"@type\":\"ListItem\",\"position\":3,\"name\":\"Today in the News\",\"item\":\"https:\\\/\\\/www.rri.ro\\\/en\\\/news-and-current-affairs\\\/today-in-the-news\"},{\"@type\":\"ListItem\",\"position\":4,\"name\":\"The Bucharest Auto Show and Accessories 2018\"}]},{\"@type\":\"WebSite\",\"@id\":\"https:\\\/\\\/www.rri.ro\\\/#website\",\"url\":\"https:\\\/\\\/www.rri.ro\\\/\",\"name\":\"Radio Romania International\",\"description\":\"Totul despre Rom\u00e2nia \u015fi rom\u00e2ni, \u00een 13 limbi\\\/dialecte!\",\"inLanguage\":\"en-US\"},{\"@type\":\"Person\",\"@id\":\"https:\\\/\\\/www.rri.ro\\\/#\\\/schema\\\/person\\\/c6036c822534c855dc3aad41a484f05d\",\"name\":\"Mihai Pelin\",\"url\":\"https:\\\/\\\/www.rri.ro\\\/en\\\/author\\\/mihai-pelin\"}]}<\/script>\n<!-- \/ Yoast SEO plugin. -->","yoast_head_json":{"title":"The Bucharest Auto Show and Accessories 2018 - Radio Romania International","robots":{"index":"index","follow":"follow","max-snippet":"max-snippet:-1","max-image-preview":"max-image-preview:large","max-video-preview":"max-video-preview:-1"},"canonical":"https:\/\/www.rri.ro\/en\/news-and-current-affairs\/today-in-the-news\/the-bucharest-auto-show-and-accessories-2018-id79205.html","og_locale":"en_US","og_type":"article","og_title":"The Bucharest Auto Show and Accessories 2018 - Radio Romania International","og_description":"The 16th Bucharest Auto Show and Accessories 2018 unfolded between October 11 and 21, enjoying the participation of well known car makes and producers. It also included a vintage car exhibition and a special area was laid out exclusively for electric cars","og_url":"https:\/\/www.rri.ro\/en\/news-and-current-affairs\/today-in-the-news\/the-bucharest-auto-show-and-accessories-2018-id79205.html","og_site_name":"Radio Romania International","article_published_time":"2018-10-22T10:19:00+00:00","article_modified_time":"2024-02-16T07:59:24+00:00","og_image":[{"width":640,"height":427,"url":"https:\/\/www.rri.ro\/wp-content\/uploads\/2023\/10\/salonul-auto-bucuresti-2018-foto-subturat-ok.png","type":"image\/png"}],"author":"Mihai Pelin","twitter_card":"summary_large_image","twitter_misc":{"Written by":"Mihai Pelin","Est. reading time":"2 minutes"},"schema":{"@context":"https:\/\/schema.org","@graph":[{"@type":"Article","@id":"https:\/\/www.rri.ro\/en\/news-and-current-affairs\/today-in-the-news\/the-bucharest-auto-show-and-accessories-2018-id79205.html#article","isPartOf":{"@id":"https:\/\/www.rri.ro\/en\/news-and-current-affairs\/today-in-the-news\/the-bucharest-auto-show-and-accessories-2018-id79205.html"},"author":{"name":"Mihai Pelin","@id":"https:\/\/www.rri.ro\/#\/schema\/person\/c6036c822534c855dc3aad41a484f05d"},"headline":"The Bucharest Auto Show and Accessories 2018","datePublished":"2018-10-22T10:19:00+00:00","dateModified":"2024-02-16T07:59:24+00:00","mainEntityOfPage":{"@id":"https:\/\/www.rri.ro\/en\/news-and-current-affairs\/today-in-the-news\/the-bucharest-auto-show-and-accessories-2018-id79205.html"},"wordCount":433,"image":{"@id":"https:\/\/www.rri.ro\/en\/news-and-current-affairs\/today-in-the-news\/the-bucharest-auto-show-and-accessories-2018-id79205.html#primaryimage"},"thumbnailUrl":"https:\/\/www.rri.ro\/wp-content\/uploads\/2023\/10\/salonul-auto-bucuresti-2018-foto-subturat-ok.png","keywords":["The Bucharest Auto Show and Accessories 2018"],"articleSection":["Today in the News"],"inLanguage":"en-US"},{"@type":"WebPage","@id":"https:\/\/www.rri.ro\/en\/news-and-current-affairs\/today-in-the-news\/the-bucharest-auto-show-and-accessories-2018-id79205.html","url":"https:\/\/www.rri.ro\/en\/news-and-current-affairs\/today-in-the-news\/the-bucharest-auto-show-and-accessories-2018-id79205.html","name":"The Bucharest Auto Show and Accessories 2018 - Radio Romania International","isPartOf":{"@id":"https:\/\/www.rri.ro\/#website"},"primaryImageOfPage":{"@id":"https:\/\/www.rri.ro\/en\/news-and-current-affairs\/today-in-the-news\/the-bucharest-auto-show-and-accessories-2018-id79205.html#primaryimage"},"image":{"@id":"https:\/\/www.rri.ro\/en\/news-and-current-affairs\/today-in-the-news\/the-bucharest-auto-show-and-accessories-2018-id79205.html#primaryimage"},"thumbnailUrl":"https:\/\/www.rri.ro\/wp-content\/uploads\/2023\/10\/salonul-auto-bucuresti-2018-foto-subturat-ok.png","datePublished":"2018-10-22T10:19:00+00:00","dateModified":"2024-02-16T07:59:24+00:00","author":{"@id":"https:\/\/www.rri.ro\/#\/schema\/person\/c6036c822534c855dc3aad41a484f05d"},"breadcrumb":{"@id":"https:\/\/www.rri.ro\/en\/news-and-current-affairs\/today-in-the-news\/the-bucharest-auto-show-and-accessories-2018-id79205.html#breadcrumb"},"inLanguage":"en-US","potentialAction":[{"@type":"ReadAction","target":["https:\/\/www.rri.ro\/en\/news-and-current-affairs\/today-in-the-news\/the-bucharest-auto-show-and-accessories-2018-id79205.html"]}]},{"@type":"ImageObject","inLanguage":"en-US","@id":"https:\/\/www.rri.ro\/en\/news-and-current-affairs\/today-in-the-news\/the-bucharest-auto-show-and-accessories-2018-id79205.html#primaryimage","url":"https:\/\/www.rri.ro\/wp-content\/uploads\/2023\/10\/salonul-auto-bucuresti-2018-foto-subturat-ok.png","contentUrl":"https:\/\/www.rri.ro\/wp-content\/uploads\/2023\/10\/salonul-auto-bucuresti-2018-foto-subturat-ok.png","width":640,"height":427},{"@type":"BreadcrumbList","@id":"https:\/\/www.rri.ro\/en\/news-and-current-affairs\/today-in-the-news\/the-bucharest-auto-show-and-accessories-2018-id79205.html#breadcrumb","itemListElement":[{"@type":"ListItem","position":1,"name":"Homepage","item":"https:\/\/www.rri.ro\/en"},{"@type":"ListItem","position":2,"name":"News and Current Affairs","item":"https:\/\/www.rri.ro\/en\/news-and-current-affairs"},{"@type":"ListItem","position":3,"name":"Today in the News","item":"https:\/\/www.rri.ro\/en\/news-and-current-affairs\/today-in-the-news"},{"@type":"ListItem","position":4,"name":"The Bucharest Auto Show and Accessories 2018"}]},{"@type":"WebSite","@id":"https:\/\/www.rri.ro\/#website","url":"https:\/\/www.rri.ro\/","name":"Radio Romania International","description":"Totul despre Rom\u00e2nia \u015fi rom\u00e2ni, \u00een 13 limbi\/dialecte!","inLanguage":"en-US"},{"@type":"Person","@id":"https:\/\/www.rri.ro\/#\/schema\/person\/c6036c822534c855dc3aad41a484f05d","name":"Mihai Pelin","url":"https:\/\/www.rri.ro\/en\/author\/mihai-pelin"}]}},"_links":{"self":[{"href":"https:\/\/www.rri.ro\/en\/wp-json\/wp\/v2\/posts\/79205","targetHints":{"allow":["GET"]}}],"collection":[{"href":"https:\/\/www.rri.ro\/en\/wp-json\/wp\/v2\/posts"}],"about":[{"href":"https:\/\/www.rri.ro\/en\/wp-json\/wp\/v2\/types\/post"}],"author":[{"embeddable":true,"href":"https:\/\/www.rri.ro\/en\/wp-json\/wp\/v2\/users\/106"}],"replies":[{"embeddable":true,"href":"https:\/\/www.rri.ro\/en\/wp-json\/wp\/v2\/comments?post=79205"}],"version-history":[{"count":0,"href":"https:\/\/www.rri.ro\/en\/wp-json\/wp\/v2\/posts\/79205\/revisions"}],"wp:featuredmedia":[{"embeddable":true,"href":"https:\/\/www.rri.ro\/en\/wp-json\/wp\/v2\/media\/79206"}],"wp:attachment":[{"href":"https:\/\/www.rri.ro\/en\/wp-json\/wp\/v2\/media?parent=79205"}],"wp:term":[{"taxonomy":"category","embeddable":true,"href":"https:\/\/www.rri.ro\/en\/wp-json\/wp\/v2\/categories?post=79205"},{"taxonomy":"post_tag","embeddable":true,"href":"https:\/\/www.rri.ro\/en\/wp-json\/wp\/v2\/tags?post=79205"},{"taxonomy":"author","embeddable":true,"href":"https:\/\/www.rri.ro\/en\/wp-json\/wp\/v2\/coauthors?post=79205"}],"curies":[{"name":"wp","href":"https:\/\/api.w.org\/{rel}","templated":true}]}}