{"id":79377,"date":"2018-11-01T13:05:00","date_gmt":"2018-11-01T11:05:00","guid":{"rendered":"http:\/\/devrri.freshlemon.ro\/news-and-current-affairs\/newsflash\/best-wishes-for-radio-romania-79377.html"},"modified":"2024-02-19T08:29:10","modified_gmt":"2024-02-19T06:29:10","slug":"best-wishes-for-radio-romania","status":"publish","type":"post","link":"https:\/\/www.rri.ro\/en\/news-and-current-affairs\/today-in-the-news\/best-wishes-for-radio-romania-id79377.html","title":{"rendered":"Best Wishes for Radio Romania"},"content":{"rendered":"<p><p>The very year when Romania celebrates a century since it became a&#13;<br \/>\nunitary nation-state, Radio Romania too sees a major anniversary: 90 years&#13;<br \/>\nsince its first broadcast, 90 years of serving its listeners in the country and&#13;<br \/>\nabroad, 90 years of journalistic and technological challenges, 90 years of&#13;<br \/>\nnews, music, sports, science, drama. Romanian and foreign personalities have&#13;<br \/>\nsent us messages and best wishes.<\/p>\n<p>&#13;<br \/>\n&#13;<\/p>\n<p><\/p>\n<p>The BBC Director-General Tony Hall spoke about the future of the&#13;<br \/>\nradio, saying that, although all public media services started out as radio&#13;<br \/>\nstations, today people are using the radio in new ways. Radio is a dynamic&#13;<br \/>\nmedium, he went on to say, it has a fantastic future ahead and we should all be&#13;<br \/>\nvery confident.<\/p>\n<p>&#13;<br \/>\n&#13;<\/p>\n<p><\/p>\n<p>In turn, Javad Mottaghi, Secretary General of the Asia-Pacific&#13;<br \/>\nBroadcasting Union (ABU), spoke about the institution&#8217;s partnership with Radio&#13;<br \/>\nRomania. The Romanian public radio broadcaster, he explained, which has always&#13;<br \/>\nbeen in the service of listeners and catered to their needs, has also initiated&#13;<br \/>\nan intensive dialogue between the East and the West, via the Asia-Pacific&#13;<br \/>\nBroadcasting Union, which welcomes as many new partnerships as possible, in&#13;<br \/>\norder to build better understanding between the eastern and western&#13;<br \/>\nbroadcasters.<\/p>\n<p>&#13;<br \/>\n&#13;<\/p>\n<p><\/p>\n<p>In Romania, the chair of the Senate&#8217;s Committee for culture, arts&#13;<br \/>\nand mass media, Radu Preda, mentioned this year&#8217;s double anniversary: the Union&#13;<br \/>\nCentennial and the Radio&#8217;s 90th birthday celebration:<\/p>\n<p>&#13;<br \/>\n&#13;<\/p>\n<p><\/p>\n<p> This is a jubilee;&#13;<br \/>\nwe are at a time when we celebrate 90 years since the first broadcast was heard&#13;<br \/>\nin our country, and we are also very close to the most important moment for the&#13;<br \/>\nRomanian nation, namely the celebration of the Union Centennial.<\/p>\n<p>&#13;<br \/>\n&#13;<\/p>\n<p><\/p>\n<p>In the Chamber of Deputies, head of the Culture Committee Gigel&#13;<br \/>\nStirbu discussed the role of public radio:<\/p>\n<p>&#13;<br \/>\n&#13;<\/p>\n<p><\/p>\n<p>On your 90th birthday anniversary, all I can&#13;<br \/>\nsay as a regular listener is thank you for making our days more beautiful. I am&#13;<br \/>\none of your most loyal listeners, you are and I hope you will remain a point of&#13;<br \/>\nreference for the national media, and an institution which is a symbol for the&#13;<br \/>\ncountry.<\/p>\n<p>&#13;<br \/>\n&#13;<\/p>\n<p><\/p>\n<p>The president and director general of the Romanian Radio&#13;<br \/>\nBroadcasting Corporation Georgica Severin spoke about the love for the radio,&#13;<br \/>\nshared by both radio listeners and the Romanian Radio employees: <\/p>\n<p>&#13;<br \/>\n&#13;<\/p>\n<p><\/p>\n<p>As I have said before, Radio Romania is an exceptional&#13;<br \/>\noccurrence, born from the meeting of the Corporation employees&#8217; talent,&#13;<br \/>\nprofessionalism, and love for their profession, on the one hand, and our&#13;<br \/>\nlisteners&#8217; passion, devotion and loyalty. I wish them all to healthy, happy,&#13;<br \/>\nand I hope Radio Romania&#8217;s employees will keep our listeners close to us and&#13;<br \/>\nattract further, younger listeners!<\/p>\n<p>&#13;<br \/>\n&#13;<\/p>\n<p>Happy birthday, Radio Romania!<\/p>\n<p><\/p>\n","protected":false},"excerpt":{"rendered":"<p>On Radio Romania&#8217;s 90th anniversary, Romanian and foreign personalities conveyed messages and best wishes<\/p>\n","protected":false},"author":46,"featured_media":79378,"comment_status":"closed","ping_status":"closed","sticky":false,"template":"","format":"standard","meta":{"_acf_changed":false,"footnotes":""},"categories":[37738],"tags":[34165,39480,39479,39478,39482,39483,28913,39481],"coauthors":[],"class_list":["post-79377","post","type-post","status-publish","format-standard","has-post-thumbnail","hentry","category-today-in-the-news","tag-90th-anniversary","tag-abu-secretary-general-javad-mottaghi","tag-bbc-director-general-tony-hall","tag-best-wishes","tag-deputy-gigel-stirbu","tag-president-director-general-of-the-romanian-radio-broadcasting-corporation-georgica-severin","tag-radio-romania","tag-senator-radu-preda"],"acf":[],"yoast_head":"<!-- This site is optimized with the Yoast SEO plugin v27.3 - https:\/\/yoast.com\/product\/yoast-seo-wordpress\/ -->\n<title>Best Wishes for Radio Romania - Radio Romania International<\/title>\n<meta name=\"robots\" content=\"index, follow, max-snippet:-1, max-image-preview:large, max-video-preview:-1\" \/>\n<link rel=\"canonical\" href=\"https:\/\/www.rri.ro\/en\/news-and-current-affairs\/today-in-the-news\/best-wishes-for-radio-romania-id79377.html\" \/>\n<meta property=\"og:locale\" content=\"en_US\" \/>\n<meta property=\"og:type\" content=\"article\" \/>\n<meta property=\"og:title\" content=\"Best Wishes for Radio Romania - Radio Romania International\" \/>\n<meta property=\"og:description\" content=\"On Radio Romania&#039;s 90th anniversary, Romanian and foreign personalities conveyed messages and best wishes\" \/>\n<meta property=\"og:url\" content=\"https:\/\/www.rri.ro\/en\/news-and-current-affairs\/today-in-the-news\/best-wishes-for-radio-romania-id79377.html\" \/>\n<meta property=\"og:site_name\" content=\"Radio Romania International\" \/>\n<meta property=\"article:published_time\" content=\"2018-11-01T11:05:00+00:00\" \/>\n<meta property=\"article:modified_time\" content=\"2024-02-19T06:29:10+00:00\" \/>\n<meta property=\"og:image\" content=\"https:\/\/www.rri.ro\/wp-content\/uploads\/2023\/10\/radio-romania-90-ok.jpg\" \/>\n\t<meta property=\"og:image:width\" content=\"640\" \/>\n\t<meta property=\"og:image:height\" content=\"427\" \/>\n\t<meta property=\"og:image:type\" content=\"image\/jpeg\" \/>\n<meta name=\"author\" content=\"Leyla Cheamil\" \/>\n<meta name=\"twitter:card\" content=\"summary_large_image\" \/>\n<meta name=\"twitter:label1\" content=\"Written by\" \/>\n\t<meta name=\"twitter:data1\" content=\"Leyla Cheamil\" \/>\n\t<meta name=\"twitter:label2\" content=\"Est. reading time\" \/>\n\t<meta name=\"twitter:data2\" content=\"2 minutes\" \/>\n<script type=\"application\/ld+json\" class=\"yoast-schema-graph\">{\"@context\":\"https:\\\/\\\/schema.org\",\"@graph\":[{\"@type\":\"Article\",\"@id\":\"https:\\\/\\\/www.rri.ro\\\/en\\\/news-and-current-affairs\\\/today-in-the-news\\\/best-wishes-for-radio-romania-id79377.html#article\",\"isPartOf\":{\"@id\":\"https:\\\/\\\/www.rri.ro\\\/en\\\/news-and-current-affairs\\\/today-in-the-news\\\/best-wishes-for-radio-romania-id79377.html\"},\"author\":{\"name\":\"Leyla Cheamil\",\"@id\":\"https:\\\/\\\/www.rri.ro\\\/#\\\/schema\\\/person\\\/e6364ed2d4b6af207a82ca66000d07e0\"},\"headline\":\"Best Wishes for Radio Romania\",\"datePublished\":\"2018-11-01T11:05:00+00:00\",\"dateModified\":\"2024-02-19T06:29:10+00:00\",\"mainEntityOfPage\":{\"@id\":\"https:\\\/\\\/www.rri.ro\\\/en\\\/news-and-current-affairs\\\/today-in-the-news\\\/best-wishes-for-radio-romania-id79377.html\"},\"wordCount\":448,\"image\":{\"@id\":\"https:\\\/\\\/www.rri.ro\\\/en\\\/news-and-current-affairs\\\/today-in-the-news\\\/best-wishes-for-radio-romania-id79377.html#primaryimage\"},\"thumbnailUrl\":\"https:\\\/\\\/www.rri.ro\\\/wp-content\\\/uploads\\\/2023\\\/10\\\/radio-romania-90-ok.jpg\",\"keywords\":[\"90th anniversary\",\"ABU Secretary General Javad Mottaghi\",\"BBC Director-General Tony Hall\",\"best wishes\",\"deputy Gigel Stirbu\",\"President-Director General of the Romanian Radio Broadcasting Corporation Georgica Severin\",\"Radio Romania\",\"senator Radu Preda\"],\"articleSection\":[\"Today in the News\"],\"inLanguage\":\"en-US\"},{\"@type\":\"WebPage\",\"@id\":\"https:\\\/\\\/www.rri.ro\\\/en\\\/news-and-current-affairs\\\/today-in-the-news\\\/best-wishes-for-radio-romania-id79377.html\",\"url\":\"https:\\\/\\\/www.rri.ro\\\/en\\\/news-and-current-affairs\\\/today-in-the-news\\\/best-wishes-for-radio-romania-id79377.html\",\"name\":\"Best Wishes for Radio Romania - Radio Romania International\",\"isPartOf\":{\"@id\":\"https:\\\/\\\/www.rri.ro\\\/#website\"},\"primaryImageOfPage\":{\"@id\":\"https:\\\/\\\/www.rri.ro\\\/en\\\/news-and-current-affairs\\\/today-in-the-news\\\/best-wishes-for-radio-romania-id79377.html#primaryimage\"},\"image\":{\"@id\":\"https:\\\/\\\/www.rri.ro\\\/en\\\/news-and-current-affairs\\\/today-in-the-news\\\/best-wishes-for-radio-romania-id79377.html#primaryimage\"},\"thumbnailUrl\":\"https:\\\/\\\/www.rri.ro\\\/wp-content\\\/uploads\\\/2023\\\/10\\\/radio-romania-90-ok.jpg\",\"datePublished\":\"2018-11-01T11:05:00+00:00\",\"dateModified\":\"2024-02-19T06:29:10+00:00\",\"author\":{\"@id\":\"https:\\\/\\\/www.rri.ro\\\/#\\\/schema\\\/person\\\/e6364ed2d4b6af207a82ca66000d07e0\"},\"breadcrumb\":{\"@id\":\"https:\\\/\\\/www.rri.ro\\\/en\\\/news-and-current-affairs\\\/today-in-the-news\\\/best-wishes-for-radio-romania-id79377.html#breadcrumb\"},\"inLanguage\":\"en-US\",\"potentialAction\":[{\"@type\":\"ReadAction\",\"target\":[\"https:\\\/\\\/www.rri.ro\\\/en\\\/news-and-current-affairs\\\/today-in-the-news\\\/best-wishes-for-radio-romania-id79377.html\"]}]},{\"@type\":\"ImageObject\",\"inLanguage\":\"en-US\",\"@id\":\"https:\\\/\\\/www.rri.ro\\\/en\\\/news-and-current-affairs\\\/today-in-the-news\\\/best-wishes-for-radio-romania-id79377.html#primaryimage\",\"url\":\"https:\\\/\\\/www.rri.ro\\\/wp-content\\\/uploads\\\/2023\\\/10\\\/radio-romania-90-ok.jpg\",\"contentUrl\":\"https:\\\/\\\/www.rri.ro\\\/wp-content\\\/uploads\\\/2023\\\/10\\\/radio-romania-90-ok.jpg\",\"width\":640,\"height\":427},{\"@type\":\"BreadcrumbList\",\"@id\":\"https:\\\/\\\/www.rri.ro\\\/en\\\/news-and-current-affairs\\\/today-in-the-news\\\/best-wishes-for-radio-romania-id79377.html#breadcrumb\",\"itemListElement\":[{\"@type\":\"ListItem\",\"position\":1,\"name\":\"Homepage\",\"item\":\"https:\\\/\\\/www.rri.ro\\\/en\"},{\"@type\":\"ListItem\",\"position\":2,\"name\":\"News and Current Affairs\",\"item\":\"https:\\\/\\\/www.rri.ro\\\/en\\\/news-and-current-affairs\"},{\"@type\":\"ListItem\",\"position\":3,\"name\":\"Today in the News\",\"item\":\"https:\\\/\\\/www.rri.ro\\\/en\\\/news-and-current-affairs\\\/today-in-the-news\"},{\"@type\":\"ListItem\",\"position\":4,\"name\":\"Best Wishes for Radio Romania\"}]},{\"@type\":\"WebSite\",\"@id\":\"https:\\\/\\\/www.rri.ro\\\/#website\",\"url\":\"https:\\\/\\\/www.rri.ro\\\/\",\"name\":\"Radio Romania International\",\"description\":\"Totul despre Rom\u00e2nia \u015fi rom\u00e2ni, \u00een 13 limbi\\\/dialecte!\",\"inLanguage\":\"en-US\"},{\"@type\":\"Person\",\"@id\":\"https:\\\/\\\/www.rri.ro\\\/#\\\/schema\\\/person\\\/e6364ed2d4b6af207a82ca66000d07e0\",\"name\":\"Leyla Cheamil\",\"url\":\"https:\\\/\\\/www.rri.ro\\\/en\\\/author\\\/leyla-cheamil\"}]}<\/script>\n<!-- \/ Yoast SEO plugin. -->","yoast_head_json":{"title":"Best Wishes for Radio Romania - Radio Romania International","robots":{"index":"index","follow":"follow","max-snippet":"max-snippet:-1","max-image-preview":"max-image-preview:large","max-video-preview":"max-video-preview:-1"},"canonical":"https:\/\/www.rri.ro\/en\/news-and-current-affairs\/today-in-the-news\/best-wishes-for-radio-romania-id79377.html","og_locale":"en_US","og_type":"article","og_title":"Best Wishes for Radio Romania - Radio Romania International","og_description":"On Radio Romania's 90th anniversary, Romanian and foreign personalities conveyed messages and best wishes","og_url":"https:\/\/www.rri.ro\/en\/news-and-current-affairs\/today-in-the-news\/best-wishes-for-radio-romania-id79377.html","og_site_name":"Radio Romania International","article_published_time":"2018-11-01T11:05:00+00:00","article_modified_time":"2024-02-19T06:29:10+00:00","og_image":[{"width":640,"height":427,"url":"https:\/\/www.rri.ro\/wp-content\/uploads\/2023\/10\/radio-romania-90-ok.jpg","type":"image\/jpeg"}],"author":"Leyla Cheamil","twitter_card":"summary_large_image","twitter_misc":{"Written by":"Leyla Cheamil","Est. reading time":"2 minutes"},"schema":{"@context":"https:\/\/schema.org","@graph":[{"@type":"Article","@id":"https:\/\/www.rri.ro\/en\/news-and-current-affairs\/today-in-the-news\/best-wishes-for-radio-romania-id79377.html#article","isPartOf":{"@id":"https:\/\/www.rri.ro\/en\/news-and-current-affairs\/today-in-the-news\/best-wishes-for-radio-romania-id79377.html"},"author":{"name":"Leyla Cheamil","@id":"https:\/\/www.rri.ro\/#\/schema\/person\/e6364ed2d4b6af207a82ca66000d07e0"},"headline":"Best Wishes for Radio Romania","datePublished":"2018-11-01T11:05:00+00:00","dateModified":"2024-02-19T06:29:10+00:00","mainEntityOfPage":{"@id":"https:\/\/www.rri.ro\/en\/news-and-current-affairs\/today-in-the-news\/best-wishes-for-radio-romania-id79377.html"},"wordCount":448,"image":{"@id":"https:\/\/www.rri.ro\/en\/news-and-current-affairs\/today-in-the-news\/best-wishes-for-radio-romania-id79377.html#primaryimage"},"thumbnailUrl":"https:\/\/www.rri.ro\/wp-content\/uploads\/2023\/10\/radio-romania-90-ok.jpg","keywords":["90th anniversary","ABU Secretary General Javad Mottaghi","BBC Director-General Tony Hall","best wishes","deputy Gigel Stirbu","President-Director General of the Romanian Radio Broadcasting Corporation Georgica Severin","Radio Romania","senator Radu Preda"],"articleSection":["Today in the News"],"inLanguage":"en-US"},{"@type":"WebPage","@id":"https:\/\/www.rri.ro\/en\/news-and-current-affairs\/today-in-the-news\/best-wishes-for-radio-romania-id79377.html","url":"https:\/\/www.rri.ro\/en\/news-and-current-affairs\/today-in-the-news\/best-wishes-for-radio-romania-id79377.html","name":"Best Wishes for Radio Romania - Radio Romania International","isPartOf":{"@id":"https:\/\/www.rri.ro\/#website"},"primaryImageOfPage":{"@id":"https:\/\/www.rri.ro\/en\/news-and-current-affairs\/today-in-the-news\/best-wishes-for-radio-romania-id79377.html#primaryimage"},"image":{"@id":"https:\/\/www.rri.ro\/en\/news-and-current-affairs\/today-in-the-news\/best-wishes-for-radio-romania-id79377.html#primaryimage"},"thumbnailUrl":"https:\/\/www.rri.ro\/wp-content\/uploads\/2023\/10\/radio-romania-90-ok.jpg","datePublished":"2018-11-01T11:05:00+00:00","dateModified":"2024-02-19T06:29:10+00:00","author":{"@id":"https:\/\/www.rri.ro\/#\/schema\/person\/e6364ed2d4b6af207a82ca66000d07e0"},"breadcrumb":{"@id":"https:\/\/www.rri.ro\/en\/news-and-current-affairs\/today-in-the-news\/best-wishes-for-radio-romania-id79377.html#breadcrumb"},"inLanguage":"en-US","potentialAction":[{"@type":"ReadAction","target":["https:\/\/www.rri.ro\/en\/news-and-current-affairs\/today-in-the-news\/best-wishes-for-radio-romania-id79377.html"]}]},{"@type":"ImageObject","inLanguage":"en-US","@id":"https:\/\/www.rri.ro\/en\/news-and-current-affairs\/today-in-the-news\/best-wishes-for-radio-romania-id79377.html#primaryimage","url":"https:\/\/www.rri.ro\/wp-content\/uploads\/2023\/10\/radio-romania-90-ok.jpg","contentUrl":"https:\/\/www.rri.ro\/wp-content\/uploads\/2023\/10\/radio-romania-90-ok.jpg","width":640,"height":427},{"@type":"BreadcrumbList","@id":"https:\/\/www.rri.ro\/en\/news-and-current-affairs\/today-in-the-news\/best-wishes-for-radio-romania-id79377.html#breadcrumb","itemListElement":[{"@type":"ListItem","position":1,"name":"Homepage","item":"https:\/\/www.rri.ro\/en"},{"@type":"ListItem","position":2,"name":"News and Current Affairs","item":"https:\/\/www.rri.ro\/en\/news-and-current-affairs"},{"@type":"ListItem","position":3,"name":"Today in the News","item":"https:\/\/www.rri.ro\/en\/news-and-current-affairs\/today-in-the-news"},{"@type":"ListItem","position":4,"name":"Best Wishes for Radio Romania"}]},{"@type":"WebSite","@id":"https:\/\/www.rri.ro\/#website","url":"https:\/\/www.rri.ro\/","name":"Radio Romania International","description":"Totul despre Rom\u00e2nia \u015fi rom\u00e2ni, \u00een 13 limbi\/dialecte!","inLanguage":"en-US"},{"@type":"Person","@id":"https:\/\/www.rri.ro\/#\/schema\/person\/e6364ed2d4b6af207a82ca66000d07e0","name":"Leyla Cheamil","url":"https:\/\/www.rri.ro\/en\/author\/leyla-cheamil"}]}},"_links":{"self":[{"href":"https:\/\/www.rri.ro\/en\/wp-json\/wp\/v2\/posts\/79377","targetHints":{"allow":["GET"]}}],"collection":[{"href":"https:\/\/www.rri.ro\/en\/wp-json\/wp\/v2\/posts"}],"about":[{"href":"https:\/\/www.rri.ro\/en\/wp-json\/wp\/v2\/types\/post"}],"author":[{"embeddable":true,"href":"https:\/\/www.rri.ro\/en\/wp-json\/wp\/v2\/users\/46"}],"replies":[{"embeddable":true,"href":"https:\/\/www.rri.ro\/en\/wp-json\/wp\/v2\/comments?post=79377"}],"version-history":[{"count":0,"href":"https:\/\/www.rri.ro\/en\/wp-json\/wp\/v2\/posts\/79377\/revisions"}],"wp:featuredmedia":[{"embeddable":true,"href":"https:\/\/www.rri.ro\/en\/wp-json\/wp\/v2\/media\/79378"}],"wp:attachment":[{"href":"https:\/\/www.rri.ro\/en\/wp-json\/wp\/v2\/media?parent=79377"}],"wp:term":[{"taxonomy":"category","embeddable":true,"href":"https:\/\/www.rri.ro\/en\/wp-json\/wp\/v2\/categories?post=79377"},{"taxonomy":"post_tag","embeddable":true,"href":"https:\/\/www.rri.ro\/en\/wp-json\/wp\/v2\/tags?post=79377"},{"taxonomy":"author","embeddable":true,"href":"https:\/\/www.rri.ro\/en\/wp-json\/wp\/v2\/coauthors?post=79377"}],"curies":[{"name":"wp","href":"https:\/\/api.w.org\/{rel}","templated":true}]}}