{"id":79391,"date":"2018-11-01T13:09:00","date_gmt":"2018-11-01T11:09:00","guid":{"rendered":"http:\/\/devrri.freshlemon.ro\/news-and-current-affairs\/newsflash\/radio-romania-90-years-of-existence-79391.html"},"modified":"2024-02-19T08:29:11","modified_gmt":"2024-02-19T06:29:11","slug":"radio-romania-90-years-of-existence","status":"publish","type":"post","link":"https:\/\/www.rri.ro\/en\/news-and-current-affairs\/today-in-the-news\/radio-romania-90-years-of-existence-id79391.html","title":{"rendered":"Radio Romania- 90 years of existence"},"content":{"rendered":"<\/p>\n<p>On November 1, Radio Romania celebrates 90 years since a first broadcast was aired in Romania. Since then, the institution has constantly coped with the&#13;<br \/>\nchallenges of a changing world. <\/p>\n<p>&#13;<br \/>\n&#13;<\/p>\n<p><\/p>\n<p>A decade after WWI, when all the territories with a predominantly&#13;<br \/>\nRomanian speaking population that had been under the rule of neighbouring&#13;<br \/>\nmultinational empires got under Bucharest&#8217;s authority, Romania started using&#13;<br \/>\nthe most efficient means of communication of the time &#8211; Radio &#8211; which could&#13;<br \/>\nreach all corners of the newly united country. <\/p>\n<p>&#13;<br \/>\n&#13;<\/p>\n<p><\/p>\n<p>On November 1, 1928, the Romanian Radio-Telephony Broadcasting Company&#13;<br \/>\naired its first broadcast, Hello, this is Radio Bucharest being the first&#13;<br \/>\nwords uttered on air by the first president of the institution, physicist  Dragomir Hurmuzescu. Regarded from the very beginning as a means of&#13;<br \/>\ninformation, education and entertainment, the Romanian public radio has&#13;<br \/>\npractically broadcast programs uninterruptedly for 90 years.  It had to permanently adjust its editorial&#13;<br \/>\npolicy, sometimes paying a dear political price, but it has overcome the&#13;<br \/>\nchallenges posed by radical changes of regime, which Romania has seen from&#13;<br \/>\ninter-war democracy to right wing dictatorships during WWII and from Communist&#13;<br \/>\ndespotism to democracy, restored during the December 1989 Revolution.   <\/p>\n<p>&#13;<br \/>\n&#13;<\/p>\n<p><\/p>\n<p>Radio Romania addresses the whole society, all generations, catering for&#13;<br \/>\nall tastes, and along the years it has tried to preserve unaltered the image of&#13;<br \/>\nan unbiased national public radio. The channels with a national coverage&#13;<br \/>\ninclude Actualit\u0103\u0163i, Cultural, Muzical and Antena&#13;<br \/>\nSatelor, that is News and Current Affairs, Culture, Music and the&#13;<br \/>\nVillage Antenna, respectively, adding to which are two online channels for&#13;<br \/>\nchildren and youth. The Romanian public radio started broadcasting programs for&#13;<br \/>\naudiences abroad in the early 1930&#8217;s. Nowadays, Radio Romania International is&#13;<br \/>\ntrying to familiarize foreign audience with current Romanian topical issues and&#13;<br \/>\nvalues, and to keep the Romanian Diaspora in touch with the mother-country, helping&#13;<br \/>\nthem maintain the bond with Romania. Radio Romania International broadcasts&#13;<br \/>\nprogrammes in 11 foreign languages (Arabic, Chinese, English, French, German, Hebrew,&#13;<br \/>\nItalian, Serbian, Spanish, Russian, Ukrainian) as well as in the Romanian&#13;<br \/>\nlanguage and the Aromanian dialect. <\/p>\n<p><\/p>\n<p>The Romanian Radio Broadcasting Corporation&#13;<br \/>\nis currently considered to be  the most&#13;<br \/>\ncredible and important media institution in the country, given the large number&#13;<br \/>\nof listeners who choose to listen to its programmes on a daily basis, the&#13;<br \/>\ncampaigns it carries out and the extensive cultural projects that it develops.  The daily reach of Radio Romania stands at&#13;<br \/>\nover 4.5 million&#13;<br \/>\nlisteners, with a  market share of 30%. On&#13;<br \/>\nthe occasion of the 90th anniversary of the public radio station,&#13;<br \/>\nDefence Minister Mihai Fifor, has awarded the Defence&#13;<br \/>\nPartner-Emblem of Merit 1st Class to the Current and News Affairs&#13;<br \/>\nChannel of the Romanian Radio Broadcasting Corporation. The high distinction&#13;<br \/>\nhas been  offered in token of&#13;<br \/>\nappreciation for the constant support granted by Radio Romania in an effort to&#13;<br \/>\npromote  the image of the Romanian Army.&#13;<br \/>\nAlso, as a sign of appreciation for serving the public for the past 90 years, at&#13;<br \/>\nthe Film&#8217;s Gala in Bucharest, Radio Romania received a trophy from the&#13;<br \/>\nBucharest Chamber of Commerce.  <\/p>\n<p>&#13;<br \/>\n&#13;<br \/>\n&#13;<br \/>\n&#13;<br \/><\/p>\n","protected":false},"excerpt":{"rendered":"<p>On November 1, Radio Romania celebrates 90 years since its first broadcast<\/p>\n","protected":false},"author":106,"featured_media":79378,"comment_status":"closed","ping_status":"closed","sticky":false,"template":"","format":"standard","meta":{"_acf_changed":false,"footnotes":""},"categories":[37738],"tags":[34165,39485,39484,28913],"coauthors":[],"class_list":["post-79391","post","type-post","status-publish","format-standard","has-post-thumbnail","hentry","category-today-in-the-news","tag-90th-anniversary","tag-defence-partner-emblem-of-merit","tag-dragomir-hurmuzescu","tag-radio-romania"],"acf":[],"yoast_head":"<!-- This site is optimized with the Yoast SEO plugin v27.3 - https:\/\/yoast.com\/product\/yoast-seo-wordpress\/ -->\n<title>Radio Romania- 90 years of existence - Radio Romania International<\/title>\n<meta name=\"robots\" content=\"index, follow, max-snippet:-1, max-image-preview:large, max-video-preview:-1\" \/>\n<link rel=\"canonical\" href=\"https:\/\/www.rri.ro\/en\/news-and-current-affairs\/today-in-the-news\/radio-romania-90-years-of-existence-id79391.html\" \/>\n<meta property=\"og:locale\" content=\"en_US\" \/>\n<meta property=\"og:type\" content=\"article\" \/>\n<meta property=\"og:title\" content=\"Radio Romania- 90 years of existence - Radio Romania International\" \/>\n<meta property=\"og:description\" content=\"On November 1, Radio Romania celebrates 90 years since its first broadcast\" \/>\n<meta property=\"og:url\" content=\"https:\/\/www.rri.ro\/en\/news-and-current-affairs\/today-in-the-news\/radio-romania-90-years-of-existence-id79391.html\" \/>\n<meta property=\"og:site_name\" content=\"Radio Romania International\" \/>\n<meta property=\"article:published_time\" content=\"2018-11-01T11:09:00+00:00\" \/>\n<meta property=\"article:modified_time\" content=\"2024-02-19T06:29:11+00:00\" \/>\n<meta property=\"og:image\" content=\"https:\/\/www.rri.ro\/wp-content\/uploads\/2023\/10\/radio-romania-90-ok.jpg\" \/>\n\t<meta property=\"og:image:width\" content=\"640\" \/>\n\t<meta property=\"og:image:height\" content=\"427\" \/>\n\t<meta property=\"og:image:type\" content=\"image\/jpeg\" \/>\n<meta name=\"author\" content=\"Mihai Pelin\" \/>\n<meta name=\"twitter:card\" content=\"summary_large_image\" \/>\n<meta name=\"twitter:label1\" content=\"Written by\" \/>\n\t<meta name=\"twitter:data1\" content=\"Mihai Pelin\" \/>\n\t<meta name=\"twitter:label2\" content=\"Est. reading time\" \/>\n\t<meta name=\"twitter:data2\" content=\"2 minutes\" \/>\n<script type=\"application\/ld+json\" class=\"yoast-schema-graph\">{\"@context\":\"https:\\\/\\\/schema.org\",\"@graph\":[{\"@type\":\"Article\",\"@id\":\"https:\\\/\\\/www.rri.ro\\\/en\\\/news-and-current-affairs\\\/today-in-the-news\\\/radio-romania-90-years-of-existence-id79391.html#article\",\"isPartOf\":{\"@id\":\"https:\\\/\\\/www.rri.ro\\\/en\\\/news-and-current-affairs\\\/today-in-the-news\\\/radio-romania-90-years-of-existence-id79391.html\"},\"author\":{\"name\":\"Mihai Pelin\",\"@id\":\"https:\\\/\\\/www.rri.ro\\\/#\\\/schema\\\/person\\\/c6036c822534c855dc3aad41a484f05d\"},\"headline\":\"Radio Romania- 90 years of existence\",\"datePublished\":\"2018-11-01T11:09:00+00:00\",\"dateModified\":\"2024-02-19T06:29:11+00:00\",\"mainEntityOfPage\":{\"@id\":\"https:\\\/\\\/www.rri.ro\\\/en\\\/news-and-current-affairs\\\/today-in-the-news\\\/radio-romania-90-years-of-existence-id79391.html\"},\"wordCount\":506,\"image\":{\"@id\":\"https:\\\/\\\/www.rri.ro\\\/en\\\/news-and-current-affairs\\\/today-in-the-news\\\/radio-romania-90-years-of-existence-id79391.html#primaryimage\"},\"thumbnailUrl\":\"https:\\\/\\\/www.rri.ro\\\/wp-content\\\/uploads\\\/2023\\\/10\\\/radio-romania-90-ok.jpg\",\"keywords\":[\"90th anniversary\",\"Defence Partner-Emblem of Merit\",\"Dragomir Hurmuzescu\",\"Radio Romania\"],\"articleSection\":[\"Today in the News\"],\"inLanguage\":\"en-US\"},{\"@type\":\"WebPage\",\"@id\":\"https:\\\/\\\/www.rri.ro\\\/en\\\/news-and-current-affairs\\\/today-in-the-news\\\/radio-romania-90-years-of-existence-id79391.html\",\"url\":\"https:\\\/\\\/www.rri.ro\\\/en\\\/news-and-current-affairs\\\/today-in-the-news\\\/radio-romania-90-years-of-existence-id79391.html\",\"name\":\"Radio Romania- 90 years of existence - Radio Romania International\",\"isPartOf\":{\"@id\":\"https:\\\/\\\/www.rri.ro\\\/#website\"},\"primaryImageOfPage\":{\"@id\":\"https:\\\/\\\/www.rri.ro\\\/en\\\/news-and-current-affairs\\\/today-in-the-news\\\/radio-romania-90-years-of-existence-id79391.html#primaryimage\"},\"image\":{\"@id\":\"https:\\\/\\\/www.rri.ro\\\/en\\\/news-and-current-affairs\\\/today-in-the-news\\\/radio-romania-90-years-of-existence-id79391.html#primaryimage\"},\"thumbnailUrl\":\"https:\\\/\\\/www.rri.ro\\\/wp-content\\\/uploads\\\/2023\\\/10\\\/radio-romania-90-ok.jpg\",\"datePublished\":\"2018-11-01T11:09:00+00:00\",\"dateModified\":\"2024-02-19T06:29:11+00:00\",\"author\":{\"@id\":\"https:\\\/\\\/www.rri.ro\\\/#\\\/schema\\\/person\\\/c6036c822534c855dc3aad41a484f05d\"},\"breadcrumb\":{\"@id\":\"https:\\\/\\\/www.rri.ro\\\/en\\\/news-and-current-affairs\\\/today-in-the-news\\\/radio-romania-90-years-of-existence-id79391.html#breadcrumb\"},\"inLanguage\":\"en-US\",\"potentialAction\":[{\"@type\":\"ReadAction\",\"target\":[\"https:\\\/\\\/www.rri.ro\\\/en\\\/news-and-current-affairs\\\/today-in-the-news\\\/radio-romania-90-years-of-existence-id79391.html\"]}]},{\"@type\":\"ImageObject\",\"inLanguage\":\"en-US\",\"@id\":\"https:\\\/\\\/www.rri.ro\\\/en\\\/news-and-current-affairs\\\/today-in-the-news\\\/radio-romania-90-years-of-existence-id79391.html#primaryimage\",\"url\":\"https:\\\/\\\/www.rri.ro\\\/wp-content\\\/uploads\\\/2023\\\/10\\\/radio-romania-90-ok.jpg\",\"contentUrl\":\"https:\\\/\\\/www.rri.ro\\\/wp-content\\\/uploads\\\/2023\\\/10\\\/radio-romania-90-ok.jpg\",\"width\":640,\"height\":427},{\"@type\":\"BreadcrumbList\",\"@id\":\"https:\\\/\\\/www.rri.ro\\\/en\\\/news-and-current-affairs\\\/today-in-the-news\\\/radio-romania-90-years-of-existence-id79391.html#breadcrumb\",\"itemListElement\":[{\"@type\":\"ListItem\",\"position\":1,\"name\":\"Homepage\",\"item\":\"https:\\\/\\\/www.rri.ro\\\/en\"},{\"@type\":\"ListItem\",\"position\":2,\"name\":\"News and Current Affairs\",\"item\":\"https:\\\/\\\/www.rri.ro\\\/en\\\/news-and-current-affairs\"},{\"@type\":\"ListItem\",\"position\":3,\"name\":\"Today in the News\",\"item\":\"https:\\\/\\\/www.rri.ro\\\/en\\\/news-and-current-affairs\\\/today-in-the-news\"},{\"@type\":\"ListItem\",\"position\":4,\"name\":\"Radio Romania- 90 years of existence\"}]},{\"@type\":\"WebSite\",\"@id\":\"https:\\\/\\\/www.rri.ro\\\/#website\",\"url\":\"https:\\\/\\\/www.rri.ro\\\/\",\"name\":\"Radio Romania International\",\"description\":\"Totul despre Rom\u00e2nia \u015fi rom\u00e2ni, \u00een 13 limbi\\\/dialecte!\",\"inLanguage\":\"en-US\"},{\"@type\":\"Person\",\"@id\":\"https:\\\/\\\/www.rri.ro\\\/#\\\/schema\\\/person\\\/c6036c822534c855dc3aad41a484f05d\",\"name\":\"Mihai Pelin\",\"url\":\"https:\\\/\\\/www.rri.ro\\\/en\\\/author\\\/mihai-pelin\"}]}<\/script>\n<!-- \/ Yoast SEO plugin. -->","yoast_head_json":{"title":"Radio Romania- 90 years of existence - Radio Romania International","robots":{"index":"index","follow":"follow","max-snippet":"max-snippet:-1","max-image-preview":"max-image-preview:large","max-video-preview":"max-video-preview:-1"},"canonical":"https:\/\/www.rri.ro\/en\/news-and-current-affairs\/today-in-the-news\/radio-romania-90-years-of-existence-id79391.html","og_locale":"en_US","og_type":"article","og_title":"Radio Romania- 90 years of existence - Radio Romania International","og_description":"On November 1, Radio Romania celebrates 90 years since its first broadcast","og_url":"https:\/\/www.rri.ro\/en\/news-and-current-affairs\/today-in-the-news\/radio-romania-90-years-of-existence-id79391.html","og_site_name":"Radio Romania International","article_published_time":"2018-11-01T11:09:00+00:00","article_modified_time":"2024-02-19T06:29:11+00:00","og_image":[{"width":640,"height":427,"url":"https:\/\/www.rri.ro\/wp-content\/uploads\/2023\/10\/radio-romania-90-ok.jpg","type":"image\/jpeg"}],"author":"Mihai Pelin","twitter_card":"summary_large_image","twitter_misc":{"Written by":"Mihai Pelin","Est. reading time":"2 minutes"},"schema":{"@context":"https:\/\/schema.org","@graph":[{"@type":"Article","@id":"https:\/\/www.rri.ro\/en\/news-and-current-affairs\/today-in-the-news\/radio-romania-90-years-of-existence-id79391.html#article","isPartOf":{"@id":"https:\/\/www.rri.ro\/en\/news-and-current-affairs\/today-in-the-news\/radio-romania-90-years-of-existence-id79391.html"},"author":{"name":"Mihai Pelin","@id":"https:\/\/www.rri.ro\/#\/schema\/person\/c6036c822534c855dc3aad41a484f05d"},"headline":"Radio Romania- 90 years of existence","datePublished":"2018-11-01T11:09:00+00:00","dateModified":"2024-02-19T06:29:11+00:00","mainEntityOfPage":{"@id":"https:\/\/www.rri.ro\/en\/news-and-current-affairs\/today-in-the-news\/radio-romania-90-years-of-existence-id79391.html"},"wordCount":506,"image":{"@id":"https:\/\/www.rri.ro\/en\/news-and-current-affairs\/today-in-the-news\/radio-romania-90-years-of-existence-id79391.html#primaryimage"},"thumbnailUrl":"https:\/\/www.rri.ro\/wp-content\/uploads\/2023\/10\/radio-romania-90-ok.jpg","keywords":["90th anniversary","Defence Partner-Emblem of Merit","Dragomir Hurmuzescu","Radio Romania"],"articleSection":["Today in the News"],"inLanguage":"en-US"},{"@type":"WebPage","@id":"https:\/\/www.rri.ro\/en\/news-and-current-affairs\/today-in-the-news\/radio-romania-90-years-of-existence-id79391.html","url":"https:\/\/www.rri.ro\/en\/news-and-current-affairs\/today-in-the-news\/radio-romania-90-years-of-existence-id79391.html","name":"Radio Romania- 90 years of existence - Radio Romania International","isPartOf":{"@id":"https:\/\/www.rri.ro\/#website"},"primaryImageOfPage":{"@id":"https:\/\/www.rri.ro\/en\/news-and-current-affairs\/today-in-the-news\/radio-romania-90-years-of-existence-id79391.html#primaryimage"},"image":{"@id":"https:\/\/www.rri.ro\/en\/news-and-current-affairs\/today-in-the-news\/radio-romania-90-years-of-existence-id79391.html#primaryimage"},"thumbnailUrl":"https:\/\/www.rri.ro\/wp-content\/uploads\/2023\/10\/radio-romania-90-ok.jpg","datePublished":"2018-11-01T11:09:00+00:00","dateModified":"2024-02-19T06:29:11+00:00","author":{"@id":"https:\/\/www.rri.ro\/#\/schema\/person\/c6036c822534c855dc3aad41a484f05d"},"breadcrumb":{"@id":"https:\/\/www.rri.ro\/en\/news-and-current-affairs\/today-in-the-news\/radio-romania-90-years-of-existence-id79391.html#breadcrumb"},"inLanguage":"en-US","potentialAction":[{"@type":"ReadAction","target":["https:\/\/www.rri.ro\/en\/news-and-current-affairs\/today-in-the-news\/radio-romania-90-years-of-existence-id79391.html"]}]},{"@type":"ImageObject","inLanguage":"en-US","@id":"https:\/\/www.rri.ro\/en\/news-and-current-affairs\/today-in-the-news\/radio-romania-90-years-of-existence-id79391.html#primaryimage","url":"https:\/\/www.rri.ro\/wp-content\/uploads\/2023\/10\/radio-romania-90-ok.jpg","contentUrl":"https:\/\/www.rri.ro\/wp-content\/uploads\/2023\/10\/radio-romania-90-ok.jpg","width":640,"height":427},{"@type":"BreadcrumbList","@id":"https:\/\/www.rri.ro\/en\/news-and-current-affairs\/today-in-the-news\/radio-romania-90-years-of-existence-id79391.html#breadcrumb","itemListElement":[{"@type":"ListItem","position":1,"name":"Homepage","item":"https:\/\/www.rri.ro\/en"},{"@type":"ListItem","position":2,"name":"News and Current Affairs","item":"https:\/\/www.rri.ro\/en\/news-and-current-affairs"},{"@type":"ListItem","position":3,"name":"Today in the News","item":"https:\/\/www.rri.ro\/en\/news-and-current-affairs\/today-in-the-news"},{"@type":"ListItem","position":4,"name":"Radio Romania- 90 years of existence"}]},{"@type":"WebSite","@id":"https:\/\/www.rri.ro\/#website","url":"https:\/\/www.rri.ro\/","name":"Radio Romania International","description":"Totul despre Rom\u00e2nia \u015fi rom\u00e2ni, \u00een 13 limbi\/dialecte!","inLanguage":"en-US"},{"@type":"Person","@id":"https:\/\/www.rri.ro\/#\/schema\/person\/c6036c822534c855dc3aad41a484f05d","name":"Mihai Pelin","url":"https:\/\/www.rri.ro\/en\/author\/mihai-pelin"}]}},"_links":{"self":[{"href":"https:\/\/www.rri.ro\/en\/wp-json\/wp\/v2\/posts\/79391","targetHints":{"allow":["GET"]}}],"collection":[{"href":"https:\/\/www.rri.ro\/en\/wp-json\/wp\/v2\/posts"}],"about":[{"href":"https:\/\/www.rri.ro\/en\/wp-json\/wp\/v2\/types\/post"}],"author":[{"embeddable":true,"href":"https:\/\/www.rri.ro\/en\/wp-json\/wp\/v2\/users\/106"}],"replies":[{"embeddable":true,"href":"https:\/\/www.rri.ro\/en\/wp-json\/wp\/v2\/comments?post=79391"}],"version-history":[{"count":0,"href":"https:\/\/www.rri.ro\/en\/wp-json\/wp\/v2\/posts\/79391\/revisions"}],"wp:featuredmedia":[{"embeddable":true,"href":"https:\/\/www.rri.ro\/en\/wp-json\/wp\/v2\/media\/79378"}],"wp:attachment":[{"href":"https:\/\/www.rri.ro\/en\/wp-json\/wp\/v2\/media?parent=79391"}],"wp:term":[{"taxonomy":"category","embeddable":true,"href":"https:\/\/www.rri.ro\/en\/wp-json\/wp\/v2\/categories?post=79391"},{"taxonomy":"post_tag","embeddable":true,"href":"https:\/\/www.rri.ro\/en\/wp-json\/wp\/v2\/tags?post=79391"},{"taxonomy":"author","embeddable":true,"href":"https:\/\/www.rri.ro\/en\/wp-json\/wp\/v2\/coauthors?post=79391"}],"curies":[{"name":"wp","href":"https:\/\/api.w.org\/{rel}","templated":true}]}}