{"id":793966,"date":"2024-07-29T14:00:40","date_gmt":"2024-07-29T11:00:40","guid":{"rendered":"https:\/\/www.rri.ro\/?p=793966"},"modified":"2024-07-29T18:47:16","modified_gmt":"2024-07-29T15:47:16","slug":"romania-better-represented-on-unescos-world-heritage-list","status":"publish","type":"post","link":"https:\/\/www.rri.ro\/en\/news-and-current-affairs\/today-in-the-news\/romania-better-represented-on-unescos-world-heritage-list-id793966.html","title":{"rendered":"Romania, better represented on UNESCO\u2019s World Heritage List"},"content":{"rendered":"<p>The monumental ensemble \u201cThe Heroes\u2019 Path\u201d (\u201cCalea Eroilor\u201d) created by Constantin Br\u00e2ncu\u015fi in Romania and the Frontiers of the Roman Empire &#8211; Dacia have been added to UNESCO\u2019s World Heritage List, thus considered some of the most notable examples of public art. The sculptural ensemble in T\u00e2rgu Jiu (southwest), comprising four works \u2013 \u201cThe Table of Silence\u201d, \u201cThe Alley of Chairs\u201d, \u201cThe Gate of the Kiss\u201d and \u201cThe Infinity Column\u201d \u2013 was designed and built by Constantin Br\u00e2ncu\u015fi over 1937-1938. These sculptural ensembles aligned on a 1.5 km-long surface area alongside the Boulevard of Heroes in T\u00e2rgu Jiu are but some of Br\u00e2ncu\u0219i\u2019s works that are still in Romania. \u201cThis recognition compels us to protect the monumental ensemble, to keep it intact for future generations and for the cultural memory of humanity\u201d, Culture Minister Raluca Turcan said.<\/p>\n<p>&nbsp;<\/p>\n<p>The second application greenlit by UNESCO concerns Roman fortifications (the so-called Danube Limes) erected along the northern border of the province of Dacia, totaling 277 sites from 16 counties. Part of the general defense system of the Roman Empire, the Frontiers of the Roman Empire \u2013 Dacia bear testimony to the expansion power of the Roman Empire through the consolidation of its northern borders. Extending over a thousand kilometers, it is the largest segment of Roman borders, including both land and river sectors.<\/p>\n<p>&nbsp;<\/p>\n<p>Constantin Br\u00e2ncu\u015fi was born in the small village of Hobita in Gorj County, but lived in Paris most of his life. He arrived in the French capital in 1904, after a long journey that took 18 months, and finally worked for the great sculptor Auguste Rodin. However, he left his workshop in 1907 saying that \u201cnothing grows under big trees\u201d and became one of the most influential artists of the 20<sup>th<\/sup> century. He bequeathed his workshop and part of his art to the French state upon his death in 1957. He wanted to leave his works to Romania, but the then communist government refused the offer. In 2023, the city of Timi\u0219oara (west) organized the first exhibition of the artist&#8217;s works in Romania in over 50 years. A separate, full exhibition of Br\u00e2ncu\u0219i\u2019s works also came to a close this month at the Pompidou Center in Paris.<\/p>\n<p>&nbsp;<\/p>\n<p>The latest additions to UNESCO\u2019s World Heritage further enrich Romania\u2019s presence on this list. The first to be recognized was the Danube Delta (1991) and then Villages with fortified churches from Transylvania (1993), the Churches from Moldova (1993, 2010), the Hurezi Monastery (1993), the Dacian Citadels from Or\u0103\u015ftie Mountains (1999), the Historic Center of Sighi\u015foara (1999), the Wooden Churches from Maramure\u015f (1999), the Ancient and Primeval Beech Forests of the Carpathians and Other Regions of Europe (2017) and the Ro\u015fia Montan\u0103 Cultural Mining Landscape (2021). (VP)<\/p>\n<p>&nbsp;<\/p>\n<div id=\"gtx-trans\" style=\"position: absolute; left: 216px; top: 24.4609px;\">\n<div class=\"gtx-trans-icon\"><\/div>\n<\/div>\n","protected":false},"excerpt":{"rendered":"<p>The monumental ensemble \u201cThe Heroes\u2019 Path\u201d (\u201cCalea Eroilor\u201d) created by Constantin Br\u00e2ncu\u015fi in Romania and the Frontiers of the Roman Empire &#8211; Dacia have been added to UNESCO\u2019s World Heritage List, thus considered some of the most notable examples of public art. The sculptural ensemble in T\u00e2rgu Jiu (southwest), comprising four works \u2013 \u201cThe Table [&hellip;]<\/p>\n","protected":false},"author":106,"featured_media":793900,"comment_status":"closed","ping_status":"closed","sticky":false,"template":"","format":"standard","meta":{"_acf_changed":false,"footnotes":""},"categories":[37738],"tags":[152110,29963,152111,152109,44082,152108],"coauthors":[113311],"class_list":["post-793966","post","type-post","status-publish","format-standard","has-post-thumbnail","hentry","category-today-in-the-news","tag-auguste-rodin","tag-constantin-brancusi","tag-frontiers-of-the-roman-empire-dacia","tag-monumental-ensemble-in-targu-jiu","tag-the-heroes-path","tag-unesco-world-heritage-list"],"acf":[],"yoast_head":"<!-- This site is optimized with the Yoast SEO plugin v27.5 - https:\/\/yoast.com\/product\/yoast-seo-wordpress\/ -->\n<title>Romania, better represented on UNESCO\u2019s World Heritage List - Radio Romania International<\/title>\n<meta name=\"robots\" content=\"index, follow, max-snippet:-1, max-image-preview:large, max-video-preview:-1\" \/>\n<link rel=\"canonical\" href=\"https:\/\/www.rri.ro\/en\/news-and-current-affairs\/today-in-the-news\/romania-better-represented-on-unescos-world-heritage-list-id793966.html\" \/>\n<meta property=\"og:locale\" content=\"en_US\" \/>\n<meta property=\"og:type\" content=\"article\" \/>\n<meta property=\"og:title\" content=\"Romania, better represented on UNESCO\u2019s World Heritage List - Radio Romania International\" \/>\n<meta property=\"og:description\" content=\"The monumental ensemble \u201cThe Heroes\u2019 Path\u201d (\u201cCalea Eroilor\u201d) created by Constantin Br\u00e2ncu\u015fi in Romania and the Frontiers of the Roman Empire &#8211; Dacia have been added to UNESCO\u2019s World Heritage List, thus considered some of the most notable examples of public art. The sculptural ensemble in T\u00e2rgu Jiu (southwest), comprising four works \u2013 \u201cThe Table [&hellip;]\" \/>\n<meta property=\"og:url\" content=\"https:\/\/www.rri.ro\/en\/news-and-current-affairs\/today-in-the-news\/romania-better-represented-on-unescos-world-heritage-list-id793966.html\" \/>\n<meta property=\"og:site_name\" content=\"Radio Romania International\" \/>\n<meta property=\"article:published_time\" content=\"2024-07-29T11:00:40+00:00\" \/>\n<meta property=\"article:modified_time\" content=\"2024-07-29T15:47:16+00:00\" \/>\n<meta property=\"og:image\" content=\"https:\/\/www.rri.ro\/wp-content\/uploads\/2024\/07\/poarta-sarutului-Brancusi-foto-CNR-UNESCO-RO_16x9.jpg\" \/>\n\t<meta property=\"og:image:width\" content=\"960\" \/>\n\t<meta property=\"og:image:height\" content=\"540\" \/>\n\t<meta property=\"og:image:type\" content=\"image\/jpeg\" \/>\n<meta name=\"author\" content=\"Mihai Pelin\" \/>\n<meta name=\"twitter:card\" content=\"summary_large_image\" \/>\n<meta name=\"twitter:label1\" content=\"Written by\" \/>\n\t<meta name=\"twitter:data1\" content=\"Mihai Pelin\" \/>\n\t<meta name=\"twitter:label2\" content=\"Est. reading time\" \/>\n\t<meta name=\"twitter:data2\" content=\"2 minutes\" \/>\n<script type=\"application\/ld+json\" class=\"yoast-schema-graph\">{\"@context\":\"https:\\\/\\\/schema.org\",\"@graph\":[{\"@type\":\"Article\",\"@id\":\"https:\\\/\\\/www.rri.ro\\\/en\\\/news-and-current-affairs\\\/today-in-the-news\\\/romania-better-represented-on-unescos-world-heritage-list-id793966.html#article\",\"isPartOf\":{\"@id\":\"https:\\\/\\\/www.rri.ro\\\/en\\\/news-and-current-affairs\\\/today-in-the-news\\\/romania-better-represented-on-unescos-world-heritage-list-id793966.html\"},\"author\":{\"name\":\"Mihai Pelin\",\"@id\":\"https:\\\/\\\/www.rri.ro\\\/#\\\/schema\\\/person\\\/c6036c822534c855dc3aad41a484f05d\"},\"headline\":\"Romania, better represented on UNESCO\u2019s World Heritage List\",\"datePublished\":\"2024-07-29T11:00:40+00:00\",\"dateModified\":\"2024-07-29T15:47:16+00:00\",\"mainEntityOfPage\":{\"@id\":\"https:\\\/\\\/www.rri.ro\\\/en\\\/news-and-current-affairs\\\/today-in-the-news\\\/romania-better-represented-on-unescos-world-heritage-list-id793966.html\"},\"wordCount\":466,\"image\":{\"@id\":\"https:\\\/\\\/www.rri.ro\\\/en\\\/news-and-current-affairs\\\/today-in-the-news\\\/romania-better-represented-on-unescos-world-heritage-list-id793966.html#primaryimage\"},\"thumbnailUrl\":\"https:\\\/\\\/www.rri.ro\\\/wp-content\\\/uploads\\\/2024\\\/07\\\/poarta-sarutului-Brancusi-foto-CNR-UNESCO-RO_16x9.jpg\",\"keywords\":[\"Auguste Rodin\",\"Constantin Brancusi\",\"Frontiers of the Roman Empire - Dacia\",\"monumental ensemble in T\u00e2rgu Jiu\",\"the Heroes' Path\",\"UNESCO World Heritage List\"],\"articleSection\":[\"Today in the News\"],\"inLanguage\":\"en-US\"},{\"@type\":\"WebPage\",\"@id\":\"https:\\\/\\\/www.rri.ro\\\/en\\\/news-and-current-affairs\\\/today-in-the-news\\\/romania-better-represented-on-unescos-world-heritage-list-id793966.html\",\"url\":\"https:\\\/\\\/www.rri.ro\\\/en\\\/news-and-current-affairs\\\/today-in-the-news\\\/romania-better-represented-on-unescos-world-heritage-list-id793966.html\",\"name\":\"Romania, better represented on UNESCO\u2019s World Heritage List - Radio Romania International\",\"isPartOf\":{\"@id\":\"https:\\\/\\\/www.rri.ro\\\/#website\"},\"primaryImageOfPage\":{\"@id\":\"https:\\\/\\\/www.rri.ro\\\/en\\\/news-and-current-affairs\\\/today-in-the-news\\\/romania-better-represented-on-unescos-world-heritage-list-id793966.html#primaryimage\"},\"image\":{\"@id\":\"https:\\\/\\\/www.rri.ro\\\/en\\\/news-and-current-affairs\\\/today-in-the-news\\\/romania-better-represented-on-unescos-world-heritage-list-id793966.html#primaryimage\"},\"thumbnailUrl\":\"https:\\\/\\\/www.rri.ro\\\/wp-content\\\/uploads\\\/2024\\\/07\\\/poarta-sarutului-Brancusi-foto-CNR-UNESCO-RO_16x9.jpg\",\"datePublished\":\"2024-07-29T11:00:40+00:00\",\"dateModified\":\"2024-07-29T15:47:16+00:00\",\"author\":{\"@id\":\"https:\\\/\\\/www.rri.ro\\\/#\\\/schema\\\/person\\\/c6036c822534c855dc3aad41a484f05d\"},\"breadcrumb\":{\"@id\":\"https:\\\/\\\/www.rri.ro\\\/en\\\/news-and-current-affairs\\\/today-in-the-news\\\/romania-better-represented-on-unescos-world-heritage-list-id793966.html#breadcrumb\"},\"inLanguage\":\"en-US\",\"potentialAction\":[{\"@type\":\"ReadAction\",\"target\":[\"https:\\\/\\\/www.rri.ro\\\/en\\\/news-and-current-affairs\\\/today-in-the-news\\\/romania-better-represented-on-unescos-world-heritage-list-id793966.html\"]}]},{\"@type\":\"ImageObject\",\"inLanguage\":\"en-US\",\"@id\":\"https:\\\/\\\/www.rri.ro\\\/en\\\/news-and-current-affairs\\\/today-in-the-news\\\/romania-better-represented-on-unescos-world-heritage-list-id793966.html#primaryimage\",\"url\":\"https:\\\/\\\/www.rri.ro\\\/wp-content\\\/uploads\\\/2024\\\/07\\\/poarta-sarutului-Brancusi-foto-CNR-UNESCO-RO_16x9.jpg\",\"contentUrl\":\"https:\\\/\\\/www.rri.ro\\\/wp-content\\\/uploads\\\/2024\\\/07\\\/poarta-sarutului-Brancusi-foto-CNR-UNESCO-RO_16x9.jpg\",\"width\":960,\"height\":540,\"caption\":\"The Gate of the Kiss (Credits: CNR-UNESCO)\"},{\"@type\":\"BreadcrumbList\",\"@id\":\"https:\\\/\\\/www.rri.ro\\\/en\\\/news-and-current-affairs\\\/today-in-the-news\\\/romania-better-represented-on-unescos-world-heritage-list-id793966.html#breadcrumb\",\"itemListElement\":[{\"@type\":\"ListItem\",\"position\":1,\"name\":\"Homepage\",\"item\":\"https:\\\/\\\/www.rri.ro\\\/en\"},{\"@type\":\"ListItem\",\"position\":2,\"name\":\"News and Current Affairs\",\"item\":\"https:\\\/\\\/www.rri.ro\\\/en\\\/news-and-current-affairs\"},{\"@type\":\"ListItem\",\"position\":3,\"name\":\"Today in the News\",\"item\":\"https:\\\/\\\/www.rri.ro\\\/en\\\/news-and-current-affairs\\\/today-in-the-news\"},{\"@type\":\"ListItem\",\"position\":4,\"name\":\"Romania, better represented on UNESCO\u2019s World Heritage List\"}]},{\"@type\":\"WebSite\",\"@id\":\"https:\\\/\\\/www.rri.ro\\\/#website\",\"url\":\"https:\\\/\\\/www.rri.ro\\\/\",\"name\":\"Radio Romania International\",\"description\":\"Totul despre Rom\u00e2nia \u015fi rom\u00e2ni, \u00een 13 limbi\\\/dialecte!\",\"inLanguage\":\"en-US\"},{\"@type\":\"Person\",\"@id\":\"https:\\\/\\\/www.rri.ro\\\/#\\\/schema\\\/person\\\/c6036c822534c855dc3aad41a484f05d\",\"name\":\"Mihai Pelin\",\"url\":\"https:\\\/\\\/www.rri.ro\\\/en\\\/author\\\/mihai-pelin\"}]}<\/script>\n<!-- \/ Yoast SEO plugin. -->","yoast_head_json":{"title":"Romania, better represented on UNESCO\u2019s World Heritage List - Radio Romania International","robots":{"index":"index","follow":"follow","max-snippet":"max-snippet:-1","max-image-preview":"max-image-preview:large","max-video-preview":"max-video-preview:-1"},"canonical":"https:\/\/www.rri.ro\/en\/news-and-current-affairs\/today-in-the-news\/romania-better-represented-on-unescos-world-heritage-list-id793966.html","og_locale":"en_US","og_type":"article","og_title":"Romania, better represented on UNESCO\u2019s World Heritage List - Radio Romania International","og_description":"The monumental ensemble \u201cThe Heroes\u2019 Path\u201d (\u201cCalea Eroilor\u201d) created by Constantin Br\u00e2ncu\u015fi in Romania and the Frontiers of the Roman Empire &#8211; Dacia have been added to UNESCO\u2019s World Heritage List, thus considered some of the most notable examples of public art. The sculptural ensemble in T\u00e2rgu Jiu (southwest), comprising four works \u2013 \u201cThe Table [&hellip;]","og_url":"https:\/\/www.rri.ro\/en\/news-and-current-affairs\/today-in-the-news\/romania-better-represented-on-unescos-world-heritage-list-id793966.html","og_site_name":"Radio Romania International","article_published_time":"2024-07-29T11:00:40+00:00","article_modified_time":"2024-07-29T15:47:16+00:00","og_image":[{"width":960,"height":540,"url":"https:\/\/www.rri.ro\/wp-content\/uploads\/2024\/07\/poarta-sarutului-Brancusi-foto-CNR-UNESCO-RO_16x9.jpg","type":"image\/jpeg"}],"author":"Mihai Pelin","twitter_card":"summary_large_image","twitter_misc":{"Written by":"Mihai Pelin","Est. reading time":"2 minutes"},"schema":{"@context":"https:\/\/schema.org","@graph":[{"@type":"Article","@id":"https:\/\/www.rri.ro\/en\/news-and-current-affairs\/today-in-the-news\/romania-better-represented-on-unescos-world-heritage-list-id793966.html#article","isPartOf":{"@id":"https:\/\/www.rri.ro\/en\/news-and-current-affairs\/today-in-the-news\/romania-better-represented-on-unescos-world-heritage-list-id793966.html"},"author":{"name":"Mihai Pelin","@id":"https:\/\/www.rri.ro\/#\/schema\/person\/c6036c822534c855dc3aad41a484f05d"},"headline":"Romania, better represented on UNESCO\u2019s World Heritage List","datePublished":"2024-07-29T11:00:40+00:00","dateModified":"2024-07-29T15:47:16+00:00","mainEntityOfPage":{"@id":"https:\/\/www.rri.ro\/en\/news-and-current-affairs\/today-in-the-news\/romania-better-represented-on-unescos-world-heritage-list-id793966.html"},"wordCount":466,"image":{"@id":"https:\/\/www.rri.ro\/en\/news-and-current-affairs\/today-in-the-news\/romania-better-represented-on-unescos-world-heritage-list-id793966.html#primaryimage"},"thumbnailUrl":"https:\/\/www.rri.ro\/wp-content\/uploads\/2024\/07\/poarta-sarutului-Brancusi-foto-CNR-UNESCO-RO_16x9.jpg","keywords":["Auguste Rodin","Constantin Brancusi","Frontiers of the Roman Empire - Dacia","monumental ensemble in T\u00e2rgu Jiu","the Heroes' Path","UNESCO World Heritage List"],"articleSection":["Today in the News"],"inLanguage":"en-US"},{"@type":"WebPage","@id":"https:\/\/www.rri.ro\/en\/news-and-current-affairs\/today-in-the-news\/romania-better-represented-on-unescos-world-heritage-list-id793966.html","url":"https:\/\/www.rri.ro\/en\/news-and-current-affairs\/today-in-the-news\/romania-better-represented-on-unescos-world-heritage-list-id793966.html","name":"Romania, better represented on UNESCO\u2019s World Heritage List - Radio Romania International","isPartOf":{"@id":"https:\/\/www.rri.ro\/#website"},"primaryImageOfPage":{"@id":"https:\/\/www.rri.ro\/en\/news-and-current-affairs\/today-in-the-news\/romania-better-represented-on-unescos-world-heritage-list-id793966.html#primaryimage"},"image":{"@id":"https:\/\/www.rri.ro\/en\/news-and-current-affairs\/today-in-the-news\/romania-better-represented-on-unescos-world-heritage-list-id793966.html#primaryimage"},"thumbnailUrl":"https:\/\/www.rri.ro\/wp-content\/uploads\/2024\/07\/poarta-sarutului-Brancusi-foto-CNR-UNESCO-RO_16x9.jpg","datePublished":"2024-07-29T11:00:40+00:00","dateModified":"2024-07-29T15:47:16+00:00","author":{"@id":"https:\/\/www.rri.ro\/#\/schema\/person\/c6036c822534c855dc3aad41a484f05d"},"breadcrumb":{"@id":"https:\/\/www.rri.ro\/en\/news-and-current-affairs\/today-in-the-news\/romania-better-represented-on-unescos-world-heritage-list-id793966.html#breadcrumb"},"inLanguage":"en-US","potentialAction":[{"@type":"ReadAction","target":["https:\/\/www.rri.ro\/en\/news-and-current-affairs\/today-in-the-news\/romania-better-represented-on-unescos-world-heritage-list-id793966.html"]}]},{"@type":"ImageObject","inLanguage":"en-US","@id":"https:\/\/www.rri.ro\/en\/news-and-current-affairs\/today-in-the-news\/romania-better-represented-on-unescos-world-heritage-list-id793966.html#primaryimage","url":"https:\/\/www.rri.ro\/wp-content\/uploads\/2024\/07\/poarta-sarutului-Brancusi-foto-CNR-UNESCO-RO_16x9.jpg","contentUrl":"https:\/\/www.rri.ro\/wp-content\/uploads\/2024\/07\/poarta-sarutului-Brancusi-foto-CNR-UNESCO-RO_16x9.jpg","width":960,"height":540,"caption":"The Gate of the Kiss (Credits: CNR-UNESCO)"},{"@type":"BreadcrumbList","@id":"https:\/\/www.rri.ro\/en\/news-and-current-affairs\/today-in-the-news\/romania-better-represented-on-unescos-world-heritage-list-id793966.html#breadcrumb","itemListElement":[{"@type":"ListItem","position":1,"name":"Homepage","item":"https:\/\/www.rri.ro\/en"},{"@type":"ListItem","position":2,"name":"News and Current Affairs","item":"https:\/\/www.rri.ro\/en\/news-and-current-affairs"},{"@type":"ListItem","position":3,"name":"Today in the News","item":"https:\/\/www.rri.ro\/en\/news-and-current-affairs\/today-in-the-news"},{"@type":"ListItem","position":4,"name":"Romania, better represented on UNESCO\u2019s World Heritage List"}]},{"@type":"WebSite","@id":"https:\/\/www.rri.ro\/#website","url":"https:\/\/www.rri.ro\/","name":"Radio Romania International","description":"Totul despre Rom\u00e2nia \u015fi rom\u00e2ni, \u00een 13 limbi\/dialecte!","inLanguage":"en-US"},{"@type":"Person","@id":"https:\/\/www.rri.ro\/#\/schema\/person\/c6036c822534c855dc3aad41a484f05d","name":"Mihai Pelin","url":"https:\/\/www.rri.ro\/en\/author\/mihai-pelin"}]}},"_links":{"self":[{"href":"https:\/\/www.rri.ro\/en\/wp-json\/wp\/v2\/posts\/793966","targetHints":{"allow":["GET"]}}],"collection":[{"href":"https:\/\/www.rri.ro\/en\/wp-json\/wp\/v2\/posts"}],"about":[{"href":"https:\/\/www.rri.ro\/en\/wp-json\/wp\/v2\/types\/post"}],"author":[{"embeddable":true,"href":"https:\/\/www.rri.ro\/en\/wp-json\/wp\/v2\/users\/106"}],"replies":[{"embeddable":true,"href":"https:\/\/www.rri.ro\/en\/wp-json\/wp\/v2\/comments?post=793966"}],"version-history":[{"count":0,"href":"https:\/\/www.rri.ro\/en\/wp-json\/wp\/v2\/posts\/793966\/revisions"}],"wp:featuredmedia":[{"embeddable":true,"href":"https:\/\/www.rri.ro\/en\/wp-json\/wp\/v2\/media\/793900"}],"wp:attachment":[{"href":"https:\/\/www.rri.ro\/en\/wp-json\/wp\/v2\/media?parent=793966"}],"wp:term":[{"taxonomy":"category","embeddable":true,"href":"https:\/\/www.rri.ro\/en\/wp-json\/wp\/v2\/categories?post=793966"},{"taxonomy":"post_tag","embeddable":true,"href":"https:\/\/www.rri.ro\/en\/wp-json\/wp\/v2\/tags?post=793966"},{"taxonomy":"author","embeddable":true,"href":"https:\/\/www.rri.ro\/en\/wp-json\/wp\/v2\/coauthors?post=793966"}],"curies":[{"name":"wp","href":"https:\/\/api.w.org\/{rel}","templated":true}]}}