{"id":79700,"date":"2018-11-27T13:21:00","date_gmt":"2018-11-27T11:21:00","guid":{"rendered":"http:\/\/devrri.freshlemon.ro\/news-and-current-affairs\/newsflash\/what-do-citizens-expect-from-the-upcoming-european-election-79700.html"},"modified":"2024-02-19T08:29:47","modified_gmt":"2024-02-19T06:29:47","slug":"what-do-citizens-expect-from-the-upcoming-european-election","status":"publish","type":"post","link":"https:\/\/www.rri.ro\/en\/news-and-current-affairs\/today-in-the-news\/what-do-citizens-expect-from-the-upcoming-european-election-id79700.html","title":{"rendered":"What do citizens expect from the upcoming European election?"},"content":{"rendered":"<p><p>Elections for&#13;<br \/>\nthe European Parliament will be held next May in all EU states. Migration from&#13;<br \/>\noutside the community area, with its toxic effects represented by the populist&#13;<br \/>\nand nationalistic currents, deviations from the principles of the rule of law,&#13;<br \/>\nthe EU budget or the Brexit effects will dominate the campaign in many EU&#13;<br \/>\ncountries. A Eurobarometer  survey made&#13;<br \/>\npublic on Monday sheds light on the expectations of Europeans&#13;<br \/>\nfor the May 2019 European election and what would motivate them to cast their&#13;<br \/>\nvote. The results of the survey show that the presence of a bigger number of&#13;<br \/>\nyoung people and women on the candidate lists and better information on the&#13;<br \/>\ncurrent European Union are factors that would prompt European citizens to cast&#13;<br \/>\ntheir vote. It also shows that most EU citizens are worried that disinformation&#13;<br \/>\ncampaigns, data breaches and cyber attacks will interfere with electoral&#13;<br \/>\nprocesses. Almost two thirds of the respondents voiced concern at the&#13;<br \/>\ndifficulties encountered by certain categories to exercise their right to vote,&#13;<br \/>\nsuch as the disabled or the elderly, while more than half of them voiced concern&#13;<br \/>\nat a potential foreign influence on the election, such as that of criminal&#13;<br \/>\ngroups or third countries. Romanians are among the most concerned Europeans as&#13;<br \/>\nregards the transparency of election campaigns, with the greatest concerns&#13;<br \/>\nemerging from their own experience.<\/p>\n<p><\/p>\n<p>&#13;<br \/>\n&#13;<\/p>\n<p>In&#13;<br \/>\nthe three decades of post-communist democracy Romania has been dealing with&#13;<br \/>\nattempts to rig the elections, influence the vote, with manipulation or&#13;<br \/>\nmultiple voting. All these have been reflected in Monday&#8217;s Eurobarometer. Almost&#13;<br \/>\ntwo thirds of Romanians &#8211;  way over the&#13;<br \/>\nEuropean average of below 50%-  fear that&#13;<br \/>\npeople who are not entitled to vote will go to the polls or that there will be&#13;<br \/>\npeople who will cast their vote twice. A similar number of Romanians fear that&#13;<br \/>\npeople are constrained to vote in a certain way, that elections will be&#13;<br \/>\nmanipulated via cyber attacks or that votes will be bought and the final&#13;<br \/>\nresults manipulated. All these make Romanians the most concerned voters in the&#13;<br \/>\nEU. The main factors that would persuade Romanians go to the polls are more&#13;<br \/>\nyoung people on the candidate lists, a better information on the EU and its&#13;<br \/>\nimpact on people&#8217;s lives, more women among the candidates and an enhanced&#13;<br \/>\npresence of candidates from less represented political groups. <\/p>\n<p><\/p>\n<p>&#13;<br \/>\n&#13;<\/p>\n<p> Our research shows that people&#13;<br \/>\nare really worried about disinformation. The good thing is that more and more&#13;<br \/>\ncitizens are critical of the information they are offered, and well aware of&#13;<br \/>\nthe dark forces that would like to manipulate what they read, think and&#13;<br \/>\nultimately vote for. For the legitimacy of our European democracy it is&#13;<br \/>\nessential that citizens use their right to vote. And that&#8217;s why we all, EU&#13;<br \/>\ninstitutions and Member States, must protect our elections and bolster our&#13;<br \/>\ndemocracy, Frans Timmermans, First&#13;<br \/>\nVice-President of the European Commission has said.<\/p>\n<p>(Translated by E. Enache)<\/p>\n","protected":false},"excerpt":{"rendered":"<p>Romanians are among the most concerned Europeans when it comes to the transparency of election campaigns, according to the results of a Eurobarometer made public a year before the election for the European Parliament<\/p>\n","protected":false},"author":110,"featured_media":79701,"comment_status":"closed","ping_status":"closed","sticky":false,"template":"","format":"standard","meta":{"_acf_changed":false,"footnotes":""},"categories":[37738],"tags":[30304,30666,31461,39516,31598,39517],"coauthors":[],"class_list":["post-79700","post","type-post","status-publish","format-standard","has-post-thumbnail","hentry","category-today-in-the-news","tag-election-campaign","tag-eurobarometer","tag-european-parliament-elections","tag-factors-affecting-vote","tag-frans-timmermans","tag-political-groups"],"acf":[],"yoast_head":"<!-- This site is optimized with the Yoast SEO plugin v27.5 - https:\/\/yoast.com\/product\/yoast-seo-wordpress\/ -->\n<title>What do citizens expect from the upcoming European election? - Radio Romania International<\/title>\n<meta name=\"robots\" content=\"index, follow, max-snippet:-1, max-image-preview:large, max-video-preview:-1\" \/>\n<link rel=\"canonical\" href=\"https:\/\/www.rri.ro\/en\/news-and-current-affairs\/today-in-the-news\/what-do-citizens-expect-from-the-upcoming-european-election-id79700.html\" \/>\n<meta property=\"og:locale\" content=\"en_US\" \/>\n<meta property=\"og:type\" content=\"article\" \/>\n<meta property=\"og:title\" content=\"What do citizens expect from the upcoming European election? - Radio Romania International\" \/>\n<meta property=\"og:description\" content=\"Romanians are among the most concerned Europeans when it comes to the transparency of election campaigns, according to the results of a Eurobarometer made public a year before the election for the European Parliament\" \/>\n<meta property=\"og:url\" content=\"https:\/\/www.rri.ro\/en\/news-and-current-affairs\/today-in-the-news\/what-do-citizens-expect-from-the-upcoming-european-election-id79700.html\" \/>\n<meta property=\"og:site_name\" content=\"Radio Romania International\" \/>\n<meta property=\"article:published_time\" content=\"2018-11-27T11:21:00+00:00\" \/>\n<meta property=\"article:modified_time\" content=\"2024-02-19T06:29:47+00:00\" \/>\n<meta property=\"og:image\" content=\"https:\/\/www.rri.ro\/wp-content\/uploads\/2023\/10\/parlamentul-european-generic.png\" \/>\n\t<meta property=\"og:image:width\" content=\"640\" \/>\n\t<meta property=\"og:image:height\" content=\"480\" \/>\n\t<meta property=\"og:image:type\" content=\"image\/png\" \/>\n<meta name=\"author\" content=\"\u015etefan Stoica\" \/>\n<meta name=\"twitter:card\" content=\"summary_large_image\" \/>\n<meta name=\"twitter:label1\" content=\"Written by\" \/>\n\t<meta name=\"twitter:data1\" content=\"\u015etefan Stoica\" \/>\n\t<meta name=\"twitter:label2\" content=\"Est. reading time\" \/>\n\t<meta name=\"twitter:data2\" content=\"2 minutes\" \/>\n<script type=\"application\/ld+json\" class=\"yoast-schema-graph\">{\"@context\":\"https:\\\/\\\/schema.org\",\"@graph\":[{\"@type\":\"Article\",\"@id\":\"https:\\\/\\\/www.rri.ro\\\/en\\\/news-and-current-affairs\\\/today-in-the-news\\\/what-do-citizens-expect-from-the-upcoming-european-election-id79700.html#article\",\"isPartOf\":{\"@id\":\"https:\\\/\\\/www.rri.ro\\\/en\\\/news-and-current-affairs\\\/today-in-the-news\\\/what-do-citizens-expect-from-the-upcoming-european-election-id79700.html\"},\"author\":{\"name\":\"\u015etefan Stoica\",\"@id\":\"https:\\\/\\\/www.rri.ro\\\/#\\\/schema\\\/person\\\/2d81d5dc94d44190d13245f64551d334\"},\"headline\":\"What do citizens expect from the upcoming European election?\",\"datePublished\":\"2018-11-27T11:21:00+00:00\",\"dateModified\":\"2024-02-19T06:29:47+00:00\",\"mainEntityOfPage\":{\"@id\":\"https:\\\/\\\/www.rri.ro\\\/en\\\/news-and-current-affairs\\\/today-in-the-news\\\/what-do-citizens-expect-from-the-upcoming-european-election-id79700.html\"},\"wordCount\":496,\"image\":{\"@id\":\"https:\\\/\\\/www.rri.ro\\\/en\\\/news-and-current-affairs\\\/today-in-the-news\\\/what-do-citizens-expect-from-the-upcoming-european-election-id79700.html#primaryimage\"},\"thumbnailUrl\":\"https:\\\/\\\/www.rri.ro\\\/wp-content\\\/uploads\\\/2023\\\/10\\\/parlamentul-european-generic.png\",\"keywords\":[\"Election campaign\",\"Eurobarometer\",\"European Parliament elections\",\"factors affecting vote\",\"Frans Timmermans\",\"political groups\"],\"articleSection\":[\"Today in the News\"],\"inLanguage\":\"en-US\"},{\"@type\":\"WebPage\",\"@id\":\"https:\\\/\\\/www.rri.ro\\\/en\\\/news-and-current-affairs\\\/today-in-the-news\\\/what-do-citizens-expect-from-the-upcoming-european-election-id79700.html\",\"url\":\"https:\\\/\\\/www.rri.ro\\\/en\\\/news-and-current-affairs\\\/today-in-the-news\\\/what-do-citizens-expect-from-the-upcoming-european-election-id79700.html\",\"name\":\"What do citizens expect from the upcoming European election? - Radio Romania International\",\"isPartOf\":{\"@id\":\"https:\\\/\\\/www.rri.ro\\\/#website\"},\"primaryImageOfPage\":{\"@id\":\"https:\\\/\\\/www.rri.ro\\\/en\\\/news-and-current-affairs\\\/today-in-the-news\\\/what-do-citizens-expect-from-the-upcoming-european-election-id79700.html#primaryimage\"},\"image\":{\"@id\":\"https:\\\/\\\/www.rri.ro\\\/en\\\/news-and-current-affairs\\\/today-in-the-news\\\/what-do-citizens-expect-from-the-upcoming-european-election-id79700.html#primaryimage\"},\"thumbnailUrl\":\"https:\\\/\\\/www.rri.ro\\\/wp-content\\\/uploads\\\/2023\\\/10\\\/parlamentul-european-generic.png\",\"datePublished\":\"2018-11-27T11:21:00+00:00\",\"dateModified\":\"2024-02-19T06:29:47+00:00\",\"author\":{\"@id\":\"https:\\\/\\\/www.rri.ro\\\/#\\\/schema\\\/person\\\/2d81d5dc94d44190d13245f64551d334\"},\"breadcrumb\":{\"@id\":\"https:\\\/\\\/www.rri.ro\\\/en\\\/news-and-current-affairs\\\/today-in-the-news\\\/what-do-citizens-expect-from-the-upcoming-european-election-id79700.html#breadcrumb\"},\"inLanguage\":\"en-US\",\"potentialAction\":[{\"@type\":\"ReadAction\",\"target\":[\"https:\\\/\\\/www.rri.ro\\\/en\\\/news-and-current-affairs\\\/today-in-the-news\\\/what-do-citizens-expect-from-the-upcoming-european-election-id79700.html\"]}]},{\"@type\":\"ImageObject\",\"inLanguage\":\"en-US\",\"@id\":\"https:\\\/\\\/www.rri.ro\\\/en\\\/news-and-current-affairs\\\/today-in-the-news\\\/what-do-citizens-expect-from-the-upcoming-european-election-id79700.html#primaryimage\",\"url\":\"https:\\\/\\\/www.rri.ro\\\/wp-content\\\/uploads\\\/2023\\\/10\\\/parlamentul-european-generic.png\",\"contentUrl\":\"https:\\\/\\\/www.rri.ro\\\/wp-content\\\/uploads\\\/2023\\\/10\\\/parlamentul-european-generic.png\",\"width\":640,\"height\":480},{\"@type\":\"BreadcrumbList\",\"@id\":\"https:\\\/\\\/www.rri.ro\\\/en\\\/news-and-current-affairs\\\/today-in-the-news\\\/what-do-citizens-expect-from-the-upcoming-european-election-id79700.html#breadcrumb\",\"itemListElement\":[{\"@type\":\"ListItem\",\"position\":1,\"name\":\"Homepage\",\"item\":\"https:\\\/\\\/www.rri.ro\\\/en\"},{\"@type\":\"ListItem\",\"position\":2,\"name\":\"News and Current Affairs\",\"item\":\"https:\\\/\\\/www.rri.ro\\\/en\\\/news-and-current-affairs\"},{\"@type\":\"ListItem\",\"position\":3,\"name\":\"Today in the News\",\"item\":\"https:\\\/\\\/www.rri.ro\\\/en\\\/news-and-current-affairs\\\/today-in-the-news\"},{\"@type\":\"ListItem\",\"position\":4,\"name\":\"What do citizens expect from the upcoming European election?\"}]},{\"@type\":\"WebSite\",\"@id\":\"https:\\\/\\\/www.rri.ro\\\/#website\",\"url\":\"https:\\\/\\\/www.rri.ro\\\/\",\"name\":\"Radio Romania International\",\"description\":\"Totul despre Rom\u00e2nia \u015fi rom\u00e2ni, \u00een 13 limbi\\\/dialecte!\",\"inLanguage\":\"en-US\"},{\"@type\":\"Person\",\"@id\":\"https:\\\/\\\/www.rri.ro\\\/#\\\/schema\\\/person\\\/2d81d5dc94d44190d13245f64551d334\",\"name\":\"\u015etefan Stoica\",\"url\":\"https:\\\/\\\/www.rri.ro\\\/en\\\/author\\\/stefan-stoica\"}]}<\/script>\n<!-- \/ Yoast SEO plugin. -->","yoast_head_json":{"title":"What do citizens expect from the upcoming European election? - Radio Romania International","robots":{"index":"index","follow":"follow","max-snippet":"max-snippet:-1","max-image-preview":"max-image-preview:large","max-video-preview":"max-video-preview:-1"},"canonical":"https:\/\/www.rri.ro\/en\/news-and-current-affairs\/today-in-the-news\/what-do-citizens-expect-from-the-upcoming-european-election-id79700.html","og_locale":"en_US","og_type":"article","og_title":"What do citizens expect from the upcoming European election? - Radio Romania International","og_description":"Romanians are among the most concerned Europeans when it comes to the transparency of election campaigns, according to the results of a Eurobarometer made public a year before the election for the European Parliament","og_url":"https:\/\/www.rri.ro\/en\/news-and-current-affairs\/today-in-the-news\/what-do-citizens-expect-from-the-upcoming-european-election-id79700.html","og_site_name":"Radio Romania International","article_published_time":"2018-11-27T11:21:00+00:00","article_modified_time":"2024-02-19T06:29:47+00:00","og_image":[{"width":640,"height":480,"url":"https:\/\/www.rri.ro\/wp-content\/uploads\/2023\/10\/parlamentul-european-generic.png","type":"image\/png"}],"author":"\u015etefan Stoica","twitter_card":"summary_large_image","twitter_misc":{"Written by":"\u015etefan Stoica","Est. reading time":"2 minutes"},"schema":{"@context":"https:\/\/schema.org","@graph":[{"@type":"Article","@id":"https:\/\/www.rri.ro\/en\/news-and-current-affairs\/today-in-the-news\/what-do-citizens-expect-from-the-upcoming-european-election-id79700.html#article","isPartOf":{"@id":"https:\/\/www.rri.ro\/en\/news-and-current-affairs\/today-in-the-news\/what-do-citizens-expect-from-the-upcoming-european-election-id79700.html"},"author":{"name":"\u015etefan Stoica","@id":"https:\/\/www.rri.ro\/#\/schema\/person\/2d81d5dc94d44190d13245f64551d334"},"headline":"What do citizens expect from the upcoming European election?","datePublished":"2018-11-27T11:21:00+00:00","dateModified":"2024-02-19T06:29:47+00:00","mainEntityOfPage":{"@id":"https:\/\/www.rri.ro\/en\/news-and-current-affairs\/today-in-the-news\/what-do-citizens-expect-from-the-upcoming-european-election-id79700.html"},"wordCount":496,"image":{"@id":"https:\/\/www.rri.ro\/en\/news-and-current-affairs\/today-in-the-news\/what-do-citizens-expect-from-the-upcoming-european-election-id79700.html#primaryimage"},"thumbnailUrl":"https:\/\/www.rri.ro\/wp-content\/uploads\/2023\/10\/parlamentul-european-generic.png","keywords":["Election campaign","Eurobarometer","European Parliament elections","factors affecting vote","Frans Timmermans","political groups"],"articleSection":["Today in the News"],"inLanguage":"en-US"},{"@type":"WebPage","@id":"https:\/\/www.rri.ro\/en\/news-and-current-affairs\/today-in-the-news\/what-do-citizens-expect-from-the-upcoming-european-election-id79700.html","url":"https:\/\/www.rri.ro\/en\/news-and-current-affairs\/today-in-the-news\/what-do-citizens-expect-from-the-upcoming-european-election-id79700.html","name":"What do citizens expect from the upcoming European election? - Radio Romania International","isPartOf":{"@id":"https:\/\/www.rri.ro\/#website"},"primaryImageOfPage":{"@id":"https:\/\/www.rri.ro\/en\/news-and-current-affairs\/today-in-the-news\/what-do-citizens-expect-from-the-upcoming-european-election-id79700.html#primaryimage"},"image":{"@id":"https:\/\/www.rri.ro\/en\/news-and-current-affairs\/today-in-the-news\/what-do-citizens-expect-from-the-upcoming-european-election-id79700.html#primaryimage"},"thumbnailUrl":"https:\/\/www.rri.ro\/wp-content\/uploads\/2023\/10\/parlamentul-european-generic.png","datePublished":"2018-11-27T11:21:00+00:00","dateModified":"2024-02-19T06:29:47+00:00","author":{"@id":"https:\/\/www.rri.ro\/#\/schema\/person\/2d81d5dc94d44190d13245f64551d334"},"breadcrumb":{"@id":"https:\/\/www.rri.ro\/en\/news-and-current-affairs\/today-in-the-news\/what-do-citizens-expect-from-the-upcoming-european-election-id79700.html#breadcrumb"},"inLanguage":"en-US","potentialAction":[{"@type":"ReadAction","target":["https:\/\/www.rri.ro\/en\/news-and-current-affairs\/today-in-the-news\/what-do-citizens-expect-from-the-upcoming-european-election-id79700.html"]}]},{"@type":"ImageObject","inLanguage":"en-US","@id":"https:\/\/www.rri.ro\/en\/news-and-current-affairs\/today-in-the-news\/what-do-citizens-expect-from-the-upcoming-european-election-id79700.html#primaryimage","url":"https:\/\/www.rri.ro\/wp-content\/uploads\/2023\/10\/parlamentul-european-generic.png","contentUrl":"https:\/\/www.rri.ro\/wp-content\/uploads\/2023\/10\/parlamentul-european-generic.png","width":640,"height":480},{"@type":"BreadcrumbList","@id":"https:\/\/www.rri.ro\/en\/news-and-current-affairs\/today-in-the-news\/what-do-citizens-expect-from-the-upcoming-european-election-id79700.html#breadcrumb","itemListElement":[{"@type":"ListItem","position":1,"name":"Homepage","item":"https:\/\/www.rri.ro\/en"},{"@type":"ListItem","position":2,"name":"News and Current Affairs","item":"https:\/\/www.rri.ro\/en\/news-and-current-affairs"},{"@type":"ListItem","position":3,"name":"Today in the News","item":"https:\/\/www.rri.ro\/en\/news-and-current-affairs\/today-in-the-news"},{"@type":"ListItem","position":4,"name":"What do citizens expect from the upcoming European election?"}]},{"@type":"WebSite","@id":"https:\/\/www.rri.ro\/#website","url":"https:\/\/www.rri.ro\/","name":"Radio Romania International","description":"Totul despre Rom\u00e2nia \u015fi rom\u00e2ni, \u00een 13 limbi\/dialecte!","inLanguage":"en-US"},{"@type":"Person","@id":"https:\/\/www.rri.ro\/#\/schema\/person\/2d81d5dc94d44190d13245f64551d334","name":"\u015etefan Stoica","url":"https:\/\/www.rri.ro\/en\/author\/stefan-stoica"}]}},"_links":{"self":[{"href":"https:\/\/www.rri.ro\/en\/wp-json\/wp\/v2\/posts\/79700","targetHints":{"allow":["GET"]}}],"collection":[{"href":"https:\/\/www.rri.ro\/en\/wp-json\/wp\/v2\/posts"}],"about":[{"href":"https:\/\/www.rri.ro\/en\/wp-json\/wp\/v2\/types\/post"}],"author":[{"embeddable":true,"href":"https:\/\/www.rri.ro\/en\/wp-json\/wp\/v2\/users\/110"}],"replies":[{"embeddable":true,"href":"https:\/\/www.rri.ro\/en\/wp-json\/wp\/v2\/comments?post=79700"}],"version-history":[{"count":0,"href":"https:\/\/www.rri.ro\/en\/wp-json\/wp\/v2\/posts\/79700\/revisions"}],"wp:featuredmedia":[{"embeddable":true,"href":"https:\/\/www.rri.ro\/en\/wp-json\/wp\/v2\/media\/79701"}],"wp:attachment":[{"href":"https:\/\/www.rri.ro\/en\/wp-json\/wp\/v2\/media?parent=79700"}],"wp:term":[{"taxonomy":"category","embeddable":true,"href":"https:\/\/www.rri.ro\/en\/wp-json\/wp\/v2\/categories?post=79700"},{"taxonomy":"post_tag","embeddable":true,"href":"https:\/\/www.rri.ro\/en\/wp-json\/wp\/v2\/tags?post=79700"},{"taxonomy":"author","embeddable":true,"href":"https:\/\/www.rri.ro\/en\/wp-json\/wp\/v2\/coauthors?post=79700"}],"curies":[{"name":"wp","href":"https:\/\/api.w.org\/{rel}","templated":true}]}}