{"id":79943,"date":"2018-12-12T12:55:00","date_gmt":"2018-12-12T10:55:00","guid":{"rendered":"http:\/\/devrri.freshlemon.ro\/news-and-current-affairs\/newsflash\/european-parliament-calls-for-the-admission-of-romania-and-bulgaria-into-the-schengen-area-79943.html"},"modified":"2024-02-19T08:30:10","modified_gmt":"2024-02-19T06:30:10","slug":"european-parliament-calls-for-the-admission-of-romania-and-bulgaria-into-the-schengen-area","status":"publish","type":"post","link":"https:\/\/www.rri.ro\/en\/news-and-current-affairs\/today-in-the-news\/european-parliament-calls-for-the-admission-of-romania-and-bulgaria-into-the-schengen-area-id79943.html","title":{"rendered":"European Parliament calls for the admission of Romania and Bulgaria into the Schengen Area"},"content":{"rendered":"<p><p>The European Parliament has voted to approve a new&#13;<br \/>\nresolution calling for the immediate admission of Romania and Bulgaria into the&#13;<br \/>\nfree-movement Schengen Area. The resolution was approved with 514 yes votes,&#13;<br \/>\n107 no votes and 38 abstentions. It is based on a report by the Bulgarian MEP&#13;<br \/>\nSergey Stanishev, who has criticised the European Council for not allowing the&#13;<br \/>\naccession of Romania and Bulgaria into Schengen. He supports the need for the&#13;<br \/>\nimmediate admission of the two states to the free-movement area, insisting on&#13;<br \/>\nfull-fledged membership, including all borders, land, sea and air. He says a&#13;<br \/>\npartial accession is categorically rejected, as it not only does not have any&#13;<br \/>\nlegal justification, but it can also have negative economic, social and&#13;<br \/>\npolitical repercussions for the entire European Union. <\/p>\n<p><\/p>\n<p>At present, Romania and&#13;<br \/>\nBulgaria are only partly applying the Schengen Area regulations, and there are&#13;<br \/>\nchecks on the borders of the two countries. The resolution passed by the&#13;<br \/>\nEuropean Parliament emphasizes that maintaining or reintroducing internal&#13;<br \/>\nSchengen border controls will undermine citizens&#8217; trust in European&#13;<br \/>\ninstitutions and integration. It recalls that in June 2011, the European&#13;<br \/>\nParliament gave green light to Romania&#8217;s and Bulgaria&#8217;s entry into Schengen and&#13;<br \/>\nhas since reiterated its position several times. Siegfried Muresan, a Romanian&#13;<br \/>\nMEP and member of the opposition National Liberal Party says the European&#13;<br \/>\nParliament&#8217;s resolution is an important moment for Romania because it was&#13;<br \/>\npassed with an overwhelming majority, which shows that the country&#8217;s place is&#13;<br \/>\nin Schengen:<\/p>\n<p>&#13;<br \/>\n&#13;<\/p>\n<p><\/p>\n<p>This resolution of the European Parliament&#13;<br \/>\nis not a legal document, because from a legislative point of view it&#8217;s the EU&#13;<br \/>\nCouncil, that is the member states through their interior ministers, who must&#13;<br \/>\nmake this decision. We, Parliament, do not play a role in this legislative&#13;<br \/>\nprocess at this stage, but the signal given by Parliament is very important and&#13;<br \/>\nputs additional pressure on member states to adopt this decision.<\/p>\n<p>&#13;<br \/>\n&#13;<\/p>\n<p><\/p>\n<p>Victor Bostinaru, also an MEP but a member of the ruling Social&#13;<br \/>\nDemocratic Party, says Romania is still to persuade the EU Council to take the&#13;<br \/>\nfinal decision:<\/p>\n<p>&#13;<br \/>\n&#13;<\/p>\n<p>It&#8217;s good news and we&#8217;ve had it before because a similar&#13;<br \/>\nresolution was adopted before Bulgaria took over the EU presidency, at the end&#13;<br \/>\nof last year. This new resolution only reaffirms Parliament&#8217;s unreserved&#13;<br \/>\nsupport, being in fact passed with an overwhelming majority. Romania should&#13;<br \/>\nexplore its opportunities, without hesitation, with subtlety but also with&#13;<br \/>\nefficiency, so that during our presidency we should be able to move closer to&#13;<br \/>\nthis objective that we fully deserve to attain.<\/p>\n<p><\/p>\n<p>&#13;<br \/>\n&#13;<\/p>\n<p>The final decision belongs to the interior ministers of the 27 EU member&#13;<br \/>\nstates and must respect the principle of unanimity. <\/p>\n<p><\/p>\n","protected":false},"excerpt":{"rendered":"<p>A non-binding resolution adopted by the European Parliament calls on the European Council to take a swift and affirmative decision on the accession of Bulgaria and Romania as fully-fledged members of the Schengen area<\/p>\n","protected":false},"author":107,"featured_media":78103,"comment_status":"closed","ping_status":"closed","sticky":false,"template":"","format":"standard","meta":{"_acf_changed":false,"footnotes":""},"categories":[37738],"tags":[29174,29406,116464,28976],"coauthors":[],"class_list":["post-79943","post","type-post","status-publish","format-standard","has-post-thumbnail","hentry","category-today-in-the-news","tag-bulgaria","tag-european-parliament","tag-romania-en","tag-schengen"],"acf":[],"yoast_head":"<!-- This site is optimized with the Yoast SEO plugin v27.3 - https:\/\/yoast.com\/product\/yoast-seo-wordpress\/ -->\n<title>European Parliament calls for the admission of Romania and Bulgaria into the Schengen Area - Radio Romania International<\/title>\n<meta name=\"robots\" content=\"index, follow, max-snippet:-1, max-image-preview:large, max-video-preview:-1\" \/>\n<link rel=\"canonical\" href=\"https:\/\/www.rri.ro\/en\/news-and-current-affairs\/today-in-the-news\/european-parliament-calls-for-the-admission-of-romania-and-bulgaria-into-the-schengen-area-id79943.html\" \/>\n<meta property=\"og:locale\" content=\"en_US\" \/>\n<meta property=\"og:type\" content=\"article\" \/>\n<meta property=\"og:title\" content=\"European Parliament calls for the admission of Romania and Bulgaria into the Schengen Area - Radio Romania International\" \/>\n<meta property=\"og:description\" content=\"A non-binding resolution adopted by the European Parliament calls on the European Council to take a swift and affirmative decision on the accession of Bulgaria and Romania as fully-fledged members of the Schengen area\" \/>\n<meta property=\"og:url\" content=\"https:\/\/www.rri.ro\/en\/news-and-current-affairs\/today-in-the-news\/european-parliament-calls-for-the-admission-of-romania-and-bulgaria-into-the-schengen-area-id79943.html\" \/>\n<meta property=\"og:site_name\" content=\"Radio Romania International\" \/>\n<meta property=\"article:published_time\" content=\"2018-12-12T10:55:00+00:00\" \/>\n<meta property=\"article:modified_time\" content=\"2024-02-19T06:30:10+00:00\" \/>\n<meta property=\"og:image\" content=\"https:\/\/www.rri.ro\/wp-content\/uploads\/2023\/10\/parlamentul-european-sursa-foto-europarl-europa-eu.png\" \/>\n\t<meta property=\"og:image:width\" content=\"640\" \/>\n\t<meta property=\"og:image:height\" content=\"427\" \/>\n\t<meta property=\"og:image:type\" content=\"image\/png\" \/>\n<meta name=\"author\" content=\"Daniela Budu\" \/>\n<meta name=\"twitter:card\" content=\"summary_large_image\" \/>\n<meta name=\"twitter:label1\" content=\"Written by\" \/>\n\t<meta name=\"twitter:data1\" content=\"Daniela Budu\" \/>\n\t<meta name=\"twitter:label2\" content=\"Est. reading time\" \/>\n\t<meta name=\"twitter:data2\" content=\"2 minutes\" \/>\n<script type=\"application\/ld+json\" class=\"yoast-schema-graph\">{\"@context\":\"https:\\\/\\\/schema.org\",\"@graph\":[{\"@type\":\"Article\",\"@id\":\"https:\\\/\\\/www.rri.ro\\\/en\\\/news-and-current-affairs\\\/today-in-the-news\\\/european-parliament-calls-for-the-admission-of-romania-and-bulgaria-into-the-schengen-area-id79943.html#article\",\"isPartOf\":{\"@id\":\"https:\\\/\\\/www.rri.ro\\\/en\\\/news-and-current-affairs\\\/today-in-the-news\\\/european-parliament-calls-for-the-admission-of-romania-and-bulgaria-into-the-schengen-area-id79943.html\"},\"author\":{\"name\":\"Daniela Budu\",\"@id\":\"https:\\\/\\\/www.rri.ro\\\/#\\\/schema\\\/person\\\/b46b8f80d7d6e4b5ac9f14f0acbad0c4\"},\"headline\":\"European Parliament calls for the admission of Romania and Bulgaria into the Schengen Area\",\"datePublished\":\"2018-12-12T10:55:00+00:00\",\"dateModified\":\"2024-02-19T06:30:10+00:00\",\"mainEntityOfPage\":{\"@id\":\"https:\\\/\\\/www.rri.ro\\\/en\\\/news-and-current-affairs\\\/today-in-the-news\\\/european-parliament-calls-for-the-admission-of-romania-and-bulgaria-into-the-schengen-area-id79943.html\"},\"wordCount\":458,\"image\":{\"@id\":\"https:\\\/\\\/www.rri.ro\\\/en\\\/news-and-current-affairs\\\/today-in-the-news\\\/european-parliament-calls-for-the-admission-of-romania-and-bulgaria-into-the-schengen-area-id79943.html#primaryimage\"},\"thumbnailUrl\":\"https:\\\/\\\/www.rri.ro\\\/wp-content\\\/uploads\\\/2023\\\/10\\\/parlamentul-european-sursa-foto-europarl-europa-eu.png\",\"keywords\":[\"Bulgaria\",\"European Parliament\",\"Romania\",\"Schengen\"],\"articleSection\":[\"Today in the News\"],\"inLanguage\":\"en-US\"},{\"@type\":\"WebPage\",\"@id\":\"https:\\\/\\\/www.rri.ro\\\/en\\\/news-and-current-affairs\\\/today-in-the-news\\\/european-parliament-calls-for-the-admission-of-romania-and-bulgaria-into-the-schengen-area-id79943.html\",\"url\":\"https:\\\/\\\/www.rri.ro\\\/en\\\/news-and-current-affairs\\\/today-in-the-news\\\/european-parliament-calls-for-the-admission-of-romania-and-bulgaria-into-the-schengen-area-id79943.html\",\"name\":\"European Parliament calls for the admission of Romania and Bulgaria into the Schengen Area - Radio Romania International\",\"isPartOf\":{\"@id\":\"https:\\\/\\\/www.rri.ro\\\/#website\"},\"primaryImageOfPage\":{\"@id\":\"https:\\\/\\\/www.rri.ro\\\/en\\\/news-and-current-affairs\\\/today-in-the-news\\\/european-parliament-calls-for-the-admission-of-romania-and-bulgaria-into-the-schengen-area-id79943.html#primaryimage\"},\"image\":{\"@id\":\"https:\\\/\\\/www.rri.ro\\\/en\\\/news-and-current-affairs\\\/today-in-the-news\\\/european-parliament-calls-for-the-admission-of-romania-and-bulgaria-into-the-schengen-area-id79943.html#primaryimage\"},\"thumbnailUrl\":\"https:\\\/\\\/www.rri.ro\\\/wp-content\\\/uploads\\\/2023\\\/10\\\/parlamentul-european-sursa-foto-europarl-europa-eu.png\",\"datePublished\":\"2018-12-12T10:55:00+00:00\",\"dateModified\":\"2024-02-19T06:30:10+00:00\",\"author\":{\"@id\":\"https:\\\/\\\/www.rri.ro\\\/#\\\/schema\\\/person\\\/b46b8f80d7d6e4b5ac9f14f0acbad0c4\"},\"breadcrumb\":{\"@id\":\"https:\\\/\\\/www.rri.ro\\\/en\\\/news-and-current-affairs\\\/today-in-the-news\\\/european-parliament-calls-for-the-admission-of-romania-and-bulgaria-into-the-schengen-area-id79943.html#breadcrumb\"},\"inLanguage\":\"en-US\",\"potentialAction\":[{\"@type\":\"ReadAction\",\"target\":[\"https:\\\/\\\/www.rri.ro\\\/en\\\/news-and-current-affairs\\\/today-in-the-news\\\/european-parliament-calls-for-the-admission-of-romania-and-bulgaria-into-the-schengen-area-id79943.html\"]}]},{\"@type\":\"ImageObject\",\"inLanguage\":\"en-US\",\"@id\":\"https:\\\/\\\/www.rri.ro\\\/en\\\/news-and-current-affairs\\\/today-in-the-news\\\/european-parliament-calls-for-the-admission-of-romania-and-bulgaria-into-the-schengen-area-id79943.html#primaryimage\",\"url\":\"https:\\\/\\\/www.rri.ro\\\/wp-content\\\/uploads\\\/2023\\\/10\\\/parlamentul-european-sursa-foto-europarl-europa-eu.png\",\"contentUrl\":\"https:\\\/\\\/www.rri.ro\\\/wp-content\\\/uploads\\\/2023\\\/10\\\/parlamentul-european-sursa-foto-europarl-europa-eu.png\",\"width\":640,\"height\":427},{\"@type\":\"BreadcrumbList\",\"@id\":\"https:\\\/\\\/www.rri.ro\\\/en\\\/news-and-current-affairs\\\/today-in-the-news\\\/european-parliament-calls-for-the-admission-of-romania-and-bulgaria-into-the-schengen-area-id79943.html#breadcrumb\",\"itemListElement\":[{\"@type\":\"ListItem\",\"position\":1,\"name\":\"Homepage\",\"item\":\"https:\\\/\\\/www.rri.ro\\\/en\"},{\"@type\":\"ListItem\",\"position\":2,\"name\":\"News and Current Affairs\",\"item\":\"https:\\\/\\\/www.rri.ro\\\/en\\\/news-and-current-affairs\"},{\"@type\":\"ListItem\",\"position\":3,\"name\":\"Today in the News\",\"item\":\"https:\\\/\\\/www.rri.ro\\\/en\\\/news-and-current-affairs\\\/today-in-the-news\"},{\"@type\":\"ListItem\",\"position\":4,\"name\":\"European Parliament calls for the admission of Romania and Bulgaria into the Schengen Area\"}]},{\"@type\":\"WebSite\",\"@id\":\"https:\\\/\\\/www.rri.ro\\\/#website\",\"url\":\"https:\\\/\\\/www.rri.ro\\\/\",\"name\":\"Radio Romania International\",\"description\":\"Totul despre Rom\u00e2nia \u015fi rom\u00e2ni, \u00een 13 limbi\\\/dialecte!\",\"inLanguage\":\"en-US\"},{\"@type\":\"Person\",\"@id\":\"https:\\\/\\\/www.rri.ro\\\/#\\\/schema\\\/person\\\/b46b8f80d7d6e4b5ac9f14f0acbad0c4\",\"name\":\"Daniela Budu\",\"url\":\"https:\\\/\\\/www.rri.ro\\\/en\\\/author\\\/daniela-budu\"}]}<\/script>\n<!-- \/ Yoast SEO plugin. -->","yoast_head_json":{"title":"European Parliament calls for the admission of Romania and Bulgaria into the Schengen Area - Radio Romania International","robots":{"index":"index","follow":"follow","max-snippet":"max-snippet:-1","max-image-preview":"max-image-preview:large","max-video-preview":"max-video-preview:-1"},"canonical":"https:\/\/www.rri.ro\/en\/news-and-current-affairs\/today-in-the-news\/european-parliament-calls-for-the-admission-of-romania-and-bulgaria-into-the-schengen-area-id79943.html","og_locale":"en_US","og_type":"article","og_title":"European Parliament calls for the admission of Romania and Bulgaria into the Schengen Area - Radio Romania International","og_description":"A non-binding resolution adopted by the European Parliament calls on the European Council to take a swift and affirmative decision on the accession of Bulgaria and Romania as fully-fledged members of the Schengen area","og_url":"https:\/\/www.rri.ro\/en\/news-and-current-affairs\/today-in-the-news\/european-parliament-calls-for-the-admission-of-romania-and-bulgaria-into-the-schengen-area-id79943.html","og_site_name":"Radio Romania International","article_published_time":"2018-12-12T10:55:00+00:00","article_modified_time":"2024-02-19T06:30:10+00:00","og_image":[{"width":640,"height":427,"url":"https:\/\/www.rri.ro\/wp-content\/uploads\/2023\/10\/parlamentul-european-sursa-foto-europarl-europa-eu.png","type":"image\/png"}],"author":"Daniela Budu","twitter_card":"summary_large_image","twitter_misc":{"Written by":"Daniela Budu","Est. reading time":"2 minutes"},"schema":{"@context":"https:\/\/schema.org","@graph":[{"@type":"Article","@id":"https:\/\/www.rri.ro\/en\/news-and-current-affairs\/today-in-the-news\/european-parliament-calls-for-the-admission-of-romania-and-bulgaria-into-the-schengen-area-id79943.html#article","isPartOf":{"@id":"https:\/\/www.rri.ro\/en\/news-and-current-affairs\/today-in-the-news\/european-parliament-calls-for-the-admission-of-romania-and-bulgaria-into-the-schengen-area-id79943.html"},"author":{"name":"Daniela Budu","@id":"https:\/\/www.rri.ro\/#\/schema\/person\/b46b8f80d7d6e4b5ac9f14f0acbad0c4"},"headline":"European Parliament calls for the admission of Romania and Bulgaria into the Schengen Area","datePublished":"2018-12-12T10:55:00+00:00","dateModified":"2024-02-19T06:30:10+00:00","mainEntityOfPage":{"@id":"https:\/\/www.rri.ro\/en\/news-and-current-affairs\/today-in-the-news\/european-parliament-calls-for-the-admission-of-romania-and-bulgaria-into-the-schengen-area-id79943.html"},"wordCount":458,"image":{"@id":"https:\/\/www.rri.ro\/en\/news-and-current-affairs\/today-in-the-news\/european-parliament-calls-for-the-admission-of-romania-and-bulgaria-into-the-schengen-area-id79943.html#primaryimage"},"thumbnailUrl":"https:\/\/www.rri.ro\/wp-content\/uploads\/2023\/10\/parlamentul-european-sursa-foto-europarl-europa-eu.png","keywords":["Bulgaria","European Parliament","Romania","Schengen"],"articleSection":["Today in the News"],"inLanguage":"en-US"},{"@type":"WebPage","@id":"https:\/\/www.rri.ro\/en\/news-and-current-affairs\/today-in-the-news\/european-parliament-calls-for-the-admission-of-romania-and-bulgaria-into-the-schengen-area-id79943.html","url":"https:\/\/www.rri.ro\/en\/news-and-current-affairs\/today-in-the-news\/european-parliament-calls-for-the-admission-of-romania-and-bulgaria-into-the-schengen-area-id79943.html","name":"European Parliament calls for the admission of Romania and Bulgaria into the Schengen Area - Radio Romania International","isPartOf":{"@id":"https:\/\/www.rri.ro\/#website"},"primaryImageOfPage":{"@id":"https:\/\/www.rri.ro\/en\/news-and-current-affairs\/today-in-the-news\/european-parliament-calls-for-the-admission-of-romania-and-bulgaria-into-the-schengen-area-id79943.html#primaryimage"},"image":{"@id":"https:\/\/www.rri.ro\/en\/news-and-current-affairs\/today-in-the-news\/european-parliament-calls-for-the-admission-of-romania-and-bulgaria-into-the-schengen-area-id79943.html#primaryimage"},"thumbnailUrl":"https:\/\/www.rri.ro\/wp-content\/uploads\/2023\/10\/parlamentul-european-sursa-foto-europarl-europa-eu.png","datePublished":"2018-12-12T10:55:00+00:00","dateModified":"2024-02-19T06:30:10+00:00","author":{"@id":"https:\/\/www.rri.ro\/#\/schema\/person\/b46b8f80d7d6e4b5ac9f14f0acbad0c4"},"breadcrumb":{"@id":"https:\/\/www.rri.ro\/en\/news-and-current-affairs\/today-in-the-news\/european-parliament-calls-for-the-admission-of-romania-and-bulgaria-into-the-schengen-area-id79943.html#breadcrumb"},"inLanguage":"en-US","potentialAction":[{"@type":"ReadAction","target":["https:\/\/www.rri.ro\/en\/news-and-current-affairs\/today-in-the-news\/european-parliament-calls-for-the-admission-of-romania-and-bulgaria-into-the-schengen-area-id79943.html"]}]},{"@type":"ImageObject","inLanguage":"en-US","@id":"https:\/\/www.rri.ro\/en\/news-and-current-affairs\/today-in-the-news\/european-parliament-calls-for-the-admission-of-romania-and-bulgaria-into-the-schengen-area-id79943.html#primaryimage","url":"https:\/\/www.rri.ro\/wp-content\/uploads\/2023\/10\/parlamentul-european-sursa-foto-europarl-europa-eu.png","contentUrl":"https:\/\/www.rri.ro\/wp-content\/uploads\/2023\/10\/parlamentul-european-sursa-foto-europarl-europa-eu.png","width":640,"height":427},{"@type":"BreadcrumbList","@id":"https:\/\/www.rri.ro\/en\/news-and-current-affairs\/today-in-the-news\/european-parliament-calls-for-the-admission-of-romania-and-bulgaria-into-the-schengen-area-id79943.html#breadcrumb","itemListElement":[{"@type":"ListItem","position":1,"name":"Homepage","item":"https:\/\/www.rri.ro\/en"},{"@type":"ListItem","position":2,"name":"News and Current Affairs","item":"https:\/\/www.rri.ro\/en\/news-and-current-affairs"},{"@type":"ListItem","position":3,"name":"Today in the News","item":"https:\/\/www.rri.ro\/en\/news-and-current-affairs\/today-in-the-news"},{"@type":"ListItem","position":4,"name":"European Parliament calls for the admission of Romania and Bulgaria into the Schengen Area"}]},{"@type":"WebSite","@id":"https:\/\/www.rri.ro\/#website","url":"https:\/\/www.rri.ro\/","name":"Radio Romania International","description":"Totul despre Rom\u00e2nia \u015fi rom\u00e2ni, \u00een 13 limbi\/dialecte!","inLanguage":"en-US"},{"@type":"Person","@id":"https:\/\/www.rri.ro\/#\/schema\/person\/b46b8f80d7d6e4b5ac9f14f0acbad0c4","name":"Daniela Budu","url":"https:\/\/www.rri.ro\/en\/author\/daniela-budu"}]}},"_links":{"self":[{"href":"https:\/\/www.rri.ro\/en\/wp-json\/wp\/v2\/posts\/79943","targetHints":{"allow":["GET"]}}],"collection":[{"href":"https:\/\/www.rri.ro\/en\/wp-json\/wp\/v2\/posts"}],"about":[{"href":"https:\/\/www.rri.ro\/en\/wp-json\/wp\/v2\/types\/post"}],"author":[{"embeddable":true,"href":"https:\/\/www.rri.ro\/en\/wp-json\/wp\/v2\/users\/107"}],"replies":[{"embeddable":true,"href":"https:\/\/www.rri.ro\/en\/wp-json\/wp\/v2\/comments?post=79943"}],"version-history":[{"count":0,"href":"https:\/\/www.rri.ro\/en\/wp-json\/wp\/v2\/posts\/79943\/revisions"}],"wp:featuredmedia":[{"embeddable":true,"href":"https:\/\/www.rri.ro\/en\/wp-json\/wp\/v2\/media\/78103"}],"wp:attachment":[{"href":"https:\/\/www.rri.ro\/en\/wp-json\/wp\/v2\/media?parent=79943"}],"wp:term":[{"taxonomy":"category","embeddable":true,"href":"https:\/\/www.rri.ro\/en\/wp-json\/wp\/v2\/categories?post=79943"},{"taxonomy":"post_tag","embeddable":true,"href":"https:\/\/www.rri.ro\/en\/wp-json\/wp\/v2\/tags?post=79943"},{"taxonomy":"author","embeddable":true,"href":"https:\/\/www.rri.ro\/en\/wp-json\/wp\/v2\/coauthors?post=79943"}],"curies":[{"name":"wp","href":"https:\/\/api.w.org\/{rel}","templated":true}]}}