{"id":800135,"date":"2024-08-23T14:00:11","date_gmt":"2024-08-23T11:00:11","guid":{"rendered":"https:\/\/www.rri.ro\/?p=800135"},"modified":"2024-08-23T12:53:37","modified_gmt":"2024-08-23T09:53:37","slug":"romanias-prime-minister-in-brussels-2","status":"publish","type":"post","link":"https:\/\/www.rri.ro\/en\/news-and-current-affairs\/today-in-the-news\/romanias-prime-minister-in-brussels-2-id800135.html","title":{"rendered":"Romania\u2019s Prime Minister in Brussels"},"content":{"rendered":"<p>The Prime Minister of Romania, Marcel Ciolacu, held talks with the European Commission president, Ursula von der Leyen in Brussels on Thursday. High on the agenda were the renegotiation of the country\u2019s National Plan of Recovery and Resilience, known as PNRR, the future agreement on curbing the country\u2019s budget deficit and the Romanian proposal for the future European Commissioner.<\/p>\n<p>Marcel Ciolacu mentioned Bucharest\u2019s request to renegotiate the PNRR, to reduce by 10 percent the loan component and the payment request number 3. Out of the total 76 landmarks only four remained under discussion and one of them was about the ceiling at which a company could be considered a micro-enterprise.<\/p>\n<p>According to the Prime Minister, the ruling coalition in Bucharest must decide whether to lower the ceiling or leave it to the present level, but in this case they have to give up a sum of money from the payment request number 3.<\/p>\n<p>Marcel Ciolacu says that he forwarded during the talks a new agreement regarding Romania\u2019s deficit that should expand over 7 years because, as the Prime Minister says, the biggest investment is expected to take place in the next two years.<\/p>\n<p>Prime Minister Ciolacu also briefed the EU official on investments in the country\u2019s road and rail infrastructures.<\/p>\n<p>\u201cThe first Romanian proposal regarding the road infrastructure was to have a sum of 13.7 billion Euros earmarked. The sum eventually approved stood somewhere around 7 billion though. The difference is co-funded by Romanian state, Ciolacu explained.<\/p>\n<p>The Prime Minister reconfirmed in Brussels the proposal that Victor Negrescu, the incumbent vice-president of the European Parliament, become the new Romanian EU commissioner adding that he wishes a relevant economic portfolio for Romania.<\/p>\n<p>However, the formal proposal will be submitted to the Commission in the following days, the Prime Minister says. We recall that several EU countries, including Belgium, Bulgaria, Denmark, Italy, Luxembourg and Portugal have not submitted their proposals for the EU commissioners yet.<\/p>\n<p>Every EU member has been designated a commissioner seat and once sworn in these candidates will be responsible for various portfolios within the Commission.<\/p>\n<p>Governments present their nominees, who are approved by the president of the EU Executive. The nominees are to be heard in mid-September and get European Parliament endorsement in October.<\/p>\n<p>Prime Minister Ciolacu and Ursula von der Leyen also tackled Romania\u2019s accession to Schengen with its ground borders. Marcel Ciolacu described the European Commission president as the \u201cbiggest supporter of Romania\u2019s fully-fledged Schengen accession\u201d and voiced his conviction that this accession would happen in the next period.<\/p>\n<p>(bill)<\/p>\n","protected":false},"excerpt":{"rendered":"<p>The Prime Minister of Romania, Marcel Ciolacu, held talks with the European Commission president, Ursula von der Leyen in Brussels on Thursday. High on the agenda were the renegotiation of the country\u2019s National Plan of Recovery and Resilience, known as PNRR, the future agreement on curbing the country\u2019s budget deficit and the Romanian proposal for [&hellip;]<\/p>\n","protected":false},"author":107,"featured_media":800094,"comment_status":"closed","ping_status":"closed","sticky":false,"template":"","format":"standard","meta":{"_acf_changed":false,"footnotes":""},"categories":[37738],"tags":[29288,153399,29406,36660,36165,35307,32548],"coauthors":[113282],"class_list":["post-800135","post","type-post","status-publish","format-standard","has-post-thumbnail","hentry","category-today-in-the-news","tag-brussels","tag-comissioner","tag-european-parliament","tag-marcel-ciolacu","tag-pnrr","tag-ursula-von-der-leyen","tag-victor-negrescu"],"acf":[],"yoast_head":"<!-- This site is optimized with the Yoast SEO plugin v27.3 - https:\/\/yoast.com\/product\/yoast-seo-wordpress\/ -->\n<title>Romania\u2019s Prime Minister in Brussels - Radio Romania International<\/title>\n<meta name=\"robots\" content=\"index, follow, max-snippet:-1, max-image-preview:large, max-video-preview:-1\" \/>\n<link rel=\"canonical\" href=\"https:\/\/www.rri.ro\/en\/news-and-current-affairs\/today-in-the-news\/romanias-prime-minister-in-brussels-2-id800135.html\" \/>\n<meta property=\"og:locale\" content=\"en_US\" \/>\n<meta property=\"og:type\" content=\"article\" \/>\n<meta property=\"og:title\" content=\"Romania\u2019s Prime Minister in Brussels - Radio Romania International\" \/>\n<meta property=\"og:description\" content=\"The Prime Minister of Romania, Marcel Ciolacu, held talks with the European Commission president, Ursula von der Leyen in Brussels on Thursday. High on the agenda were the renegotiation of the country\u2019s National Plan of Recovery and Resilience, known as PNRR, the future agreement on curbing the country\u2019s budget deficit and the Romanian proposal for [&hellip;]\" \/>\n<meta property=\"og:url\" content=\"https:\/\/www.rri.ro\/en\/news-and-current-affairs\/today-in-the-news\/romanias-prime-minister-in-brussels-2-id800135.html\" \/>\n<meta property=\"og:site_name\" content=\"Radio Romania International\" \/>\n<meta property=\"article:published_time\" content=\"2024-08-23T11:00:11+00:00\" \/>\n<meta property=\"og:image\" content=\"https:\/\/www.rri.ro\/wp-content\/uploads\/2024\/08\/marcel-ciolacu-si-Ursula-von-der-Leyen-bruxelles-foto-gov-ro_16x9.jpg\" \/>\n\t<meta property=\"og:image:width\" content=\"960\" \/>\n\t<meta property=\"og:image:height\" content=\"540\" \/>\n\t<meta property=\"og:image:type\" content=\"image\/jpeg\" \/>\n<meta name=\"author\" content=\"Daniela Budu\" \/>\n<meta name=\"twitter:card\" content=\"summary_large_image\" \/>\n<meta name=\"twitter:label1\" content=\"Written by\" \/>\n\t<meta name=\"twitter:data1\" content=\"Daniela Budu\" \/>\n\t<meta name=\"twitter:label2\" content=\"Est. reading time\" \/>\n\t<meta name=\"twitter:data2\" content=\"2 minutes\" \/>\n<script type=\"application\/ld+json\" class=\"yoast-schema-graph\">{\"@context\":\"https:\\\/\\\/schema.org\",\"@graph\":[{\"@type\":\"Article\",\"@id\":\"https:\\\/\\\/www.rri.ro\\\/en\\\/news-and-current-affairs\\\/today-in-the-news\\\/romanias-prime-minister-in-brussels-2-id800135.html#article\",\"isPartOf\":{\"@id\":\"https:\\\/\\\/www.rri.ro\\\/en\\\/news-and-current-affairs\\\/today-in-the-news\\\/romanias-prime-minister-in-brussels-2-id800135.html\"},\"author\":{\"name\":\"Daniela Budu\",\"@id\":\"https:\\\/\\\/www.rri.ro\\\/#\\\/schema\\\/person\\\/b46b8f80d7d6e4b5ac9f14f0acbad0c4\"},\"headline\":\"Romania\u2019s Prime Minister in Brussels\",\"datePublished\":\"2024-08-23T11:00:11+00:00\",\"mainEntityOfPage\":{\"@id\":\"https:\\\/\\\/www.rri.ro\\\/en\\\/news-and-current-affairs\\\/today-in-the-news\\\/romanias-prime-minister-in-brussels-2-id800135.html\"},\"wordCount\":430,\"image\":{\"@id\":\"https:\\\/\\\/www.rri.ro\\\/en\\\/news-and-current-affairs\\\/today-in-the-news\\\/romanias-prime-minister-in-brussels-2-id800135.html#primaryimage\"},\"thumbnailUrl\":\"https:\\\/\\\/www.rri.ro\\\/wp-content\\\/uploads\\\/2024\\\/08\\\/marcel-ciolacu-si-Ursula-von-der-Leyen-bruxelles-foto-gov-ro_16x9.jpg\",\"keywords\":[\"Brussels\",\"comissioner\",\"European Parliament\",\"Marcel Ciolacu\",\"PNRR\",\"Ursula von der Leyen\",\"Victor Negrescu\"],\"articleSection\":[\"Today in the News\"],\"inLanguage\":\"en-US\"},{\"@type\":\"WebPage\",\"@id\":\"https:\\\/\\\/www.rri.ro\\\/en\\\/news-and-current-affairs\\\/today-in-the-news\\\/romanias-prime-minister-in-brussels-2-id800135.html\",\"url\":\"https:\\\/\\\/www.rri.ro\\\/en\\\/news-and-current-affairs\\\/today-in-the-news\\\/romanias-prime-minister-in-brussels-2-id800135.html\",\"name\":\"Romania\u2019s Prime Minister in Brussels - Radio Romania International\",\"isPartOf\":{\"@id\":\"https:\\\/\\\/www.rri.ro\\\/#website\"},\"primaryImageOfPage\":{\"@id\":\"https:\\\/\\\/www.rri.ro\\\/en\\\/news-and-current-affairs\\\/today-in-the-news\\\/romanias-prime-minister-in-brussels-2-id800135.html#primaryimage\"},\"image\":{\"@id\":\"https:\\\/\\\/www.rri.ro\\\/en\\\/news-and-current-affairs\\\/today-in-the-news\\\/romanias-prime-minister-in-brussels-2-id800135.html#primaryimage\"},\"thumbnailUrl\":\"https:\\\/\\\/www.rri.ro\\\/wp-content\\\/uploads\\\/2024\\\/08\\\/marcel-ciolacu-si-Ursula-von-der-Leyen-bruxelles-foto-gov-ro_16x9.jpg\",\"datePublished\":\"2024-08-23T11:00:11+00:00\",\"author\":{\"@id\":\"https:\\\/\\\/www.rri.ro\\\/#\\\/schema\\\/person\\\/b46b8f80d7d6e4b5ac9f14f0acbad0c4\"},\"breadcrumb\":{\"@id\":\"https:\\\/\\\/www.rri.ro\\\/en\\\/news-and-current-affairs\\\/today-in-the-news\\\/romanias-prime-minister-in-brussels-2-id800135.html#breadcrumb\"},\"inLanguage\":\"en-US\",\"potentialAction\":[{\"@type\":\"ReadAction\",\"target\":[\"https:\\\/\\\/www.rri.ro\\\/en\\\/news-and-current-affairs\\\/today-in-the-news\\\/romanias-prime-minister-in-brussels-2-id800135.html\"]}]},{\"@type\":\"ImageObject\",\"inLanguage\":\"en-US\",\"@id\":\"https:\\\/\\\/www.rri.ro\\\/en\\\/news-and-current-affairs\\\/today-in-the-news\\\/romanias-prime-minister-in-brussels-2-id800135.html#primaryimage\",\"url\":\"https:\\\/\\\/www.rri.ro\\\/wp-content\\\/uploads\\\/2024\\\/08\\\/marcel-ciolacu-si-Ursula-von-der-Leyen-bruxelles-foto-gov-ro_16x9.jpg\",\"contentUrl\":\"https:\\\/\\\/www.rri.ro\\\/wp-content\\\/uploads\\\/2024\\\/08\\\/marcel-ciolacu-si-Ursula-von-der-Leyen-bruxelles-foto-gov-ro_16x9.jpg\",\"width\":960,\"height\":540,\"caption\":\"Incontro tra il premier Marcel Ciolacu e la presidente della CE, Ursula von der Leyen (foto: gov.ro)\"},{\"@type\":\"BreadcrumbList\",\"@id\":\"https:\\\/\\\/www.rri.ro\\\/en\\\/news-and-current-affairs\\\/today-in-the-news\\\/romanias-prime-minister-in-brussels-2-id800135.html#breadcrumb\",\"itemListElement\":[{\"@type\":\"ListItem\",\"position\":1,\"name\":\"Homepage\",\"item\":\"https:\\\/\\\/www.rri.ro\\\/en\"},{\"@type\":\"ListItem\",\"position\":2,\"name\":\"News and Current Affairs\",\"item\":\"https:\\\/\\\/www.rri.ro\\\/en\\\/news-and-current-affairs\"},{\"@type\":\"ListItem\",\"position\":3,\"name\":\"Today in the News\",\"item\":\"https:\\\/\\\/www.rri.ro\\\/en\\\/news-and-current-affairs\\\/today-in-the-news\"},{\"@type\":\"ListItem\",\"position\":4,\"name\":\"Romania\u2019s Prime Minister in Brussels\"}]},{\"@type\":\"WebSite\",\"@id\":\"https:\\\/\\\/www.rri.ro\\\/#website\",\"url\":\"https:\\\/\\\/www.rri.ro\\\/\",\"name\":\"Radio Romania International\",\"description\":\"Totul despre Rom\u00e2nia \u015fi rom\u00e2ni, \u00een 13 limbi\\\/dialecte!\",\"inLanguage\":\"en-US\"},{\"@type\":\"Person\",\"@id\":\"https:\\\/\\\/www.rri.ro\\\/#\\\/schema\\\/person\\\/b46b8f80d7d6e4b5ac9f14f0acbad0c4\",\"name\":\"Daniela Budu\",\"url\":\"https:\\\/\\\/www.rri.ro\\\/en\\\/author\\\/daniela-budu\"}]}<\/script>\n<!-- \/ Yoast SEO plugin. -->","yoast_head_json":{"title":"Romania\u2019s Prime Minister in Brussels - Radio Romania International","robots":{"index":"index","follow":"follow","max-snippet":"max-snippet:-1","max-image-preview":"max-image-preview:large","max-video-preview":"max-video-preview:-1"},"canonical":"https:\/\/www.rri.ro\/en\/news-and-current-affairs\/today-in-the-news\/romanias-prime-minister-in-brussels-2-id800135.html","og_locale":"en_US","og_type":"article","og_title":"Romania\u2019s Prime Minister in Brussels - Radio Romania International","og_description":"The Prime Minister of Romania, Marcel Ciolacu, held talks with the European Commission president, Ursula von der Leyen in Brussels on Thursday. High on the agenda were the renegotiation of the country\u2019s National Plan of Recovery and Resilience, known as PNRR, the future agreement on curbing the country\u2019s budget deficit and the Romanian proposal for [&hellip;]","og_url":"https:\/\/www.rri.ro\/en\/news-and-current-affairs\/today-in-the-news\/romanias-prime-minister-in-brussels-2-id800135.html","og_site_name":"Radio Romania International","article_published_time":"2024-08-23T11:00:11+00:00","og_image":[{"width":960,"height":540,"url":"https:\/\/www.rri.ro\/wp-content\/uploads\/2024\/08\/marcel-ciolacu-si-Ursula-von-der-Leyen-bruxelles-foto-gov-ro_16x9.jpg","type":"image\/jpeg"}],"author":"Daniela Budu","twitter_card":"summary_large_image","twitter_misc":{"Written by":"Daniela Budu","Est. reading time":"2 minutes"},"schema":{"@context":"https:\/\/schema.org","@graph":[{"@type":"Article","@id":"https:\/\/www.rri.ro\/en\/news-and-current-affairs\/today-in-the-news\/romanias-prime-minister-in-brussels-2-id800135.html#article","isPartOf":{"@id":"https:\/\/www.rri.ro\/en\/news-and-current-affairs\/today-in-the-news\/romanias-prime-minister-in-brussels-2-id800135.html"},"author":{"name":"Daniela Budu","@id":"https:\/\/www.rri.ro\/#\/schema\/person\/b46b8f80d7d6e4b5ac9f14f0acbad0c4"},"headline":"Romania\u2019s Prime Minister in Brussels","datePublished":"2024-08-23T11:00:11+00:00","mainEntityOfPage":{"@id":"https:\/\/www.rri.ro\/en\/news-and-current-affairs\/today-in-the-news\/romanias-prime-minister-in-brussels-2-id800135.html"},"wordCount":430,"image":{"@id":"https:\/\/www.rri.ro\/en\/news-and-current-affairs\/today-in-the-news\/romanias-prime-minister-in-brussels-2-id800135.html#primaryimage"},"thumbnailUrl":"https:\/\/www.rri.ro\/wp-content\/uploads\/2024\/08\/marcel-ciolacu-si-Ursula-von-der-Leyen-bruxelles-foto-gov-ro_16x9.jpg","keywords":["Brussels","comissioner","European Parliament","Marcel Ciolacu","PNRR","Ursula von der Leyen","Victor Negrescu"],"articleSection":["Today in the News"],"inLanguage":"en-US"},{"@type":"WebPage","@id":"https:\/\/www.rri.ro\/en\/news-and-current-affairs\/today-in-the-news\/romanias-prime-minister-in-brussels-2-id800135.html","url":"https:\/\/www.rri.ro\/en\/news-and-current-affairs\/today-in-the-news\/romanias-prime-minister-in-brussels-2-id800135.html","name":"Romania\u2019s Prime Minister in Brussels - Radio Romania International","isPartOf":{"@id":"https:\/\/www.rri.ro\/#website"},"primaryImageOfPage":{"@id":"https:\/\/www.rri.ro\/en\/news-and-current-affairs\/today-in-the-news\/romanias-prime-minister-in-brussels-2-id800135.html#primaryimage"},"image":{"@id":"https:\/\/www.rri.ro\/en\/news-and-current-affairs\/today-in-the-news\/romanias-prime-minister-in-brussels-2-id800135.html#primaryimage"},"thumbnailUrl":"https:\/\/www.rri.ro\/wp-content\/uploads\/2024\/08\/marcel-ciolacu-si-Ursula-von-der-Leyen-bruxelles-foto-gov-ro_16x9.jpg","datePublished":"2024-08-23T11:00:11+00:00","author":{"@id":"https:\/\/www.rri.ro\/#\/schema\/person\/b46b8f80d7d6e4b5ac9f14f0acbad0c4"},"breadcrumb":{"@id":"https:\/\/www.rri.ro\/en\/news-and-current-affairs\/today-in-the-news\/romanias-prime-minister-in-brussels-2-id800135.html#breadcrumb"},"inLanguage":"en-US","potentialAction":[{"@type":"ReadAction","target":["https:\/\/www.rri.ro\/en\/news-and-current-affairs\/today-in-the-news\/romanias-prime-minister-in-brussels-2-id800135.html"]}]},{"@type":"ImageObject","inLanguage":"en-US","@id":"https:\/\/www.rri.ro\/en\/news-and-current-affairs\/today-in-the-news\/romanias-prime-minister-in-brussels-2-id800135.html#primaryimage","url":"https:\/\/www.rri.ro\/wp-content\/uploads\/2024\/08\/marcel-ciolacu-si-Ursula-von-der-Leyen-bruxelles-foto-gov-ro_16x9.jpg","contentUrl":"https:\/\/www.rri.ro\/wp-content\/uploads\/2024\/08\/marcel-ciolacu-si-Ursula-von-der-Leyen-bruxelles-foto-gov-ro_16x9.jpg","width":960,"height":540,"caption":"Incontro tra il premier Marcel Ciolacu e la presidente della CE, Ursula von der Leyen (foto: gov.ro)"},{"@type":"BreadcrumbList","@id":"https:\/\/www.rri.ro\/en\/news-and-current-affairs\/today-in-the-news\/romanias-prime-minister-in-brussels-2-id800135.html#breadcrumb","itemListElement":[{"@type":"ListItem","position":1,"name":"Homepage","item":"https:\/\/www.rri.ro\/en"},{"@type":"ListItem","position":2,"name":"News and Current Affairs","item":"https:\/\/www.rri.ro\/en\/news-and-current-affairs"},{"@type":"ListItem","position":3,"name":"Today in the News","item":"https:\/\/www.rri.ro\/en\/news-and-current-affairs\/today-in-the-news"},{"@type":"ListItem","position":4,"name":"Romania\u2019s Prime Minister in Brussels"}]},{"@type":"WebSite","@id":"https:\/\/www.rri.ro\/#website","url":"https:\/\/www.rri.ro\/","name":"Radio Romania International","description":"Totul despre Rom\u00e2nia \u015fi rom\u00e2ni, \u00een 13 limbi\/dialecte!","inLanguage":"en-US"},{"@type":"Person","@id":"https:\/\/www.rri.ro\/#\/schema\/person\/b46b8f80d7d6e4b5ac9f14f0acbad0c4","name":"Daniela Budu","url":"https:\/\/www.rri.ro\/en\/author\/daniela-budu"}]}},"_links":{"self":[{"href":"https:\/\/www.rri.ro\/en\/wp-json\/wp\/v2\/posts\/800135","targetHints":{"allow":["GET"]}}],"collection":[{"href":"https:\/\/www.rri.ro\/en\/wp-json\/wp\/v2\/posts"}],"about":[{"href":"https:\/\/www.rri.ro\/en\/wp-json\/wp\/v2\/types\/post"}],"author":[{"embeddable":true,"href":"https:\/\/www.rri.ro\/en\/wp-json\/wp\/v2\/users\/107"}],"replies":[{"embeddable":true,"href":"https:\/\/www.rri.ro\/en\/wp-json\/wp\/v2\/comments?post=800135"}],"version-history":[{"count":0,"href":"https:\/\/www.rri.ro\/en\/wp-json\/wp\/v2\/posts\/800135\/revisions"}],"wp:featuredmedia":[{"embeddable":true,"href":"https:\/\/www.rri.ro\/en\/wp-json\/wp\/v2\/media\/800094"}],"wp:attachment":[{"href":"https:\/\/www.rri.ro\/en\/wp-json\/wp\/v2\/media?parent=800135"}],"wp:term":[{"taxonomy":"category","embeddable":true,"href":"https:\/\/www.rri.ro\/en\/wp-json\/wp\/v2\/categories?post=800135"},{"taxonomy":"post_tag","embeddable":true,"href":"https:\/\/www.rri.ro\/en\/wp-json\/wp\/v2\/tags?post=800135"},{"taxonomy":"author","embeddable":true,"href":"https:\/\/www.rri.ro\/en\/wp-json\/wp\/v2\/coauthors?post=800135"}],"curies":[{"name":"wp","href":"https:\/\/api.w.org\/{rel}","templated":true}]}}