{"id":812867,"date":"2024-10-01T14:00:06","date_gmt":"2024-10-01T11:00:06","guid":{"rendered":"https:\/\/www.rri.ro\/?p=812867"},"modified":"2024-10-01T13:30:25","modified_gmt":"2024-10-01T10:30:25","slug":"nato-new-leadership","status":"publish","type":"post","link":"https:\/\/www.rri.ro\/en\/news-and-current-affairs\/today-in-the-news\/nato-new-leadership-id812867.html","title":{"rendered":"NATO, new leadership"},"content":{"rendered":"<p>&nbsp;<\/p>\n<p>As of Tuesday, October 1, the NATO secretary general is the Dutch ex PM Mark Rutte. He takes over the highest political position in the strongest political and military alliance in history from the Norwegian Jens Stoltenberg.<\/p>\n<p>&nbsp;<\/p>\n<p>AFP notes that while Stoltenberg refrained from giving any piece of advice to Rutte, he emphasised that the main task for a NATO chief is to keep the Allies together. In such a difficult geopolitical situation, maintaining continuity and a common direction in foreign and security policy is critical, a NATO diplomat was quoted by the French agency as saying.<\/p>\n<p>&nbsp;<\/p>\n<p>With a 10-year long tenure as NATO chief, Jens Stoltenberg had perhaps the most complicated term in office, which started in 2014, with Russia\u2019s annexation of Crimea, and ended with a full-fledged war against Ukraine.<\/p>\n<p>&nbsp;<\/p>\n<p>Stoltenberg steered the Alliance towards stronger support for the former Soviet state, a victim of Russia\u2019s illegal aggression. He suggested and obtained a commitment of at least EUR 40 bln per year for Ukraine from NATO member states and NATO\u2019s involvement in the provision of Western military aid.<\/p>\n<p>&nbsp;<\/p>\n<p>NATO members should not be deterred from giving more military aid to Ukraine by Vladimir Putin&#8217;s &#8220;reckless Russian nuclear rhetoric\u201d, Jens Stoltenberg said in an interview to Reuters at the end of his term. \u201cEvery time we have stepped up our support with new types of weapons &#8211; battle tanks, long-range fires or F-16s &#8211; the Russians have tried to prevent us, but they have not succeeded,\u201d the outgoing NATO leader also said.<\/p>\n<p>&nbsp;<\/p>\n<p>He added that the biggest risk to NATO would be if Putin wins in Ukraine. \u201cI don&#8217;t think we can change President Putin&#8217;s mind, but I think we can change his calculus by demonstrating that the cost of continuing the war is so high that it&#8217;s better for him to sit down and accept Ukraine as a sovereign independent nation,\u201d Stoltenberg believes.<\/p>\n<p>&nbsp;<\/p>\n<p>During his term in office, forced to respond to major geopolitical changes, the Alliance strengthened its eastern flank. In Romania, for instance, the number of Allied troops was increased, and NATO created a battle group here for the first time.<\/p>\n<p>&nbsp;<\/p>\n<p>Also under Stoltenberg\u2019s leadership, NATO acceped new members, reaching a total of 32 Allied nations. The last countries to join were Finland and Sweden, pushed out of their decade-long neutrality by Moscow\u2019s militarist and neo-imperialist drive. Russia wanted less of NATO and now it has more, Stoltenberg pointed out.<\/p>\n<p>&nbsp;<\/p>\n<p>As for the new secretary general, Mark Rutte, analysts expect him to focus on the coordination between NATO and the European Union, at a time when the latter is getting more involved in security matters. Not least, the Allies count on his negotiation skills in case Donald Trump returns to the White House. (AMP)<\/p>\n","protected":false},"excerpt":{"rendered":"<p>&nbsp; As of Tuesday, October 1, the NATO secretary general is the Dutch ex PM Mark Rutte. He takes over the highest political position in the strongest political and military alliance in history from the Norwegian Jens Stoltenberg. &nbsp; AFP notes that while Stoltenberg refrained from giving any piece of advice to Rutte, he emphasised [&hellip;]<\/p>\n","protected":false},"author":110,"featured_media":812595,"comment_status":"closed","ping_status":"closed","sticky":false,"template":"","format":"standard","meta":{"_acf_changed":false,"footnotes":""},"categories":[37738],"tags":[45762,150432,29949,32649],"coauthors":[113257],"class_list":["post-812867","post","type-post","status-publish","format-standard","has-post-thumbnail","hentry","category-today-in-the-news","tag-nato-2","tag-rutte-en","tag-secretary-general","tag-stoltenberg"],"acf":[],"yoast_head":"<!-- This site is optimized with the Yoast SEO plugin v27.3 - https:\/\/yoast.com\/product\/yoast-seo-wordpress\/ -->\n<title>NATO, new leadership - Radio Romania International<\/title>\n<meta name=\"robots\" content=\"index, follow, max-snippet:-1, max-image-preview:large, max-video-preview:-1\" \/>\n<link rel=\"canonical\" href=\"https:\/\/www.rri.ro\/en\/news-and-current-affairs\/today-in-the-news\/nato-new-leadership-id812867.html\" \/>\n<meta property=\"og:locale\" content=\"en_US\" \/>\n<meta property=\"og:type\" content=\"article\" \/>\n<meta property=\"og:title\" content=\"NATO, new leadership - Radio Romania International\" \/>\n<meta property=\"og:description\" content=\"&nbsp; As of Tuesday, October 1, the NATO secretary general is the Dutch ex PM Mark Rutte. He takes over the highest political position in the strongest political and military alliance in history from the Norwegian Jens Stoltenberg. &nbsp; AFP notes that while Stoltenberg refrained from giving any piece of advice to Rutte, he emphasised [&hellip;]\" \/>\n<meta property=\"og:url\" content=\"https:\/\/www.rri.ro\/en\/news-and-current-affairs\/today-in-the-news\/nato-new-leadership-id812867.html\" \/>\n<meta property=\"og:site_name\" content=\"Radio Romania International\" \/>\n<meta property=\"article:published_time\" content=\"2024-10-01T11:00:06+00:00\" \/>\n<meta property=\"og:image\" content=\"https:\/\/www.rri.ro\/wp-content\/uploads\/2024\/10\/mark-rutte-si-Jens-Stoltenberg-foto-nato.png\" \/>\n\t<meta property=\"og:image:width\" content=\"960\" \/>\n\t<meta property=\"og:image:height\" content=\"540\" \/>\n\t<meta property=\"og:image:type\" content=\"image\/png\" \/>\n<meta name=\"author\" content=\"\u015etefan Stoica\" \/>\n<meta name=\"twitter:card\" content=\"summary_large_image\" \/>\n<meta name=\"twitter:label1\" content=\"Written by\" \/>\n\t<meta name=\"twitter:data1\" content=\"\u015etefan Stoica\" \/>\n\t<meta name=\"twitter:label2\" content=\"Est. reading time\" \/>\n\t<meta name=\"twitter:data2\" content=\"2 minutes\" \/>\n<script type=\"application\/ld+json\" class=\"yoast-schema-graph\">{\"@context\":\"https:\\\/\\\/schema.org\",\"@graph\":[{\"@type\":\"Article\",\"@id\":\"https:\\\/\\\/www.rri.ro\\\/en\\\/news-and-current-affairs\\\/today-in-the-news\\\/nato-new-leadership-id812867.html#article\",\"isPartOf\":{\"@id\":\"https:\\\/\\\/www.rri.ro\\\/en\\\/news-and-current-affairs\\\/today-in-the-news\\\/nato-new-leadership-id812867.html\"},\"author\":{\"name\":\"\u015etefan Stoica\",\"@id\":\"https:\\\/\\\/www.rri.ro\\\/#\\\/schema\\\/person\\\/2d81d5dc94d44190d13245f64551d334\"},\"headline\":\"NATO, new leadership\",\"datePublished\":\"2024-10-01T11:00:06+00:00\",\"mainEntityOfPage\":{\"@id\":\"https:\\\/\\\/www.rri.ro\\\/en\\\/news-and-current-affairs\\\/today-in-the-news\\\/nato-new-leadership-id812867.html\"},\"wordCount\":476,\"image\":{\"@id\":\"https:\\\/\\\/www.rri.ro\\\/en\\\/news-and-current-affairs\\\/today-in-the-news\\\/nato-new-leadership-id812867.html#primaryimage\"},\"thumbnailUrl\":\"https:\\\/\\\/www.rri.ro\\\/wp-content\\\/uploads\\\/2024\\\/10\\\/mark-rutte-si-Jens-Stoltenberg-foto-nato.png\",\"keywords\":[\"NATO\",\"Rutte\",\"secretary general\",\"Stoltenberg\"],\"articleSection\":[\"Today in the News\"],\"inLanguage\":\"en-US\"},{\"@type\":\"WebPage\",\"@id\":\"https:\\\/\\\/www.rri.ro\\\/en\\\/news-and-current-affairs\\\/today-in-the-news\\\/nato-new-leadership-id812867.html\",\"url\":\"https:\\\/\\\/www.rri.ro\\\/en\\\/news-and-current-affairs\\\/today-in-the-news\\\/nato-new-leadership-id812867.html\",\"name\":\"NATO, new leadership - Radio Romania International\",\"isPartOf\":{\"@id\":\"https:\\\/\\\/www.rri.ro\\\/#website\"},\"primaryImageOfPage\":{\"@id\":\"https:\\\/\\\/www.rri.ro\\\/en\\\/news-and-current-affairs\\\/today-in-the-news\\\/nato-new-leadership-id812867.html#primaryimage\"},\"image\":{\"@id\":\"https:\\\/\\\/www.rri.ro\\\/en\\\/news-and-current-affairs\\\/today-in-the-news\\\/nato-new-leadership-id812867.html#primaryimage\"},\"thumbnailUrl\":\"https:\\\/\\\/www.rri.ro\\\/wp-content\\\/uploads\\\/2024\\\/10\\\/mark-rutte-si-Jens-Stoltenberg-foto-nato.png\",\"datePublished\":\"2024-10-01T11:00:06+00:00\",\"author\":{\"@id\":\"https:\\\/\\\/www.rri.ro\\\/#\\\/schema\\\/person\\\/2d81d5dc94d44190d13245f64551d334\"},\"breadcrumb\":{\"@id\":\"https:\\\/\\\/www.rri.ro\\\/en\\\/news-and-current-affairs\\\/today-in-the-news\\\/nato-new-leadership-id812867.html#breadcrumb\"},\"inLanguage\":\"en-US\",\"potentialAction\":[{\"@type\":\"ReadAction\",\"target\":[\"https:\\\/\\\/www.rri.ro\\\/en\\\/news-and-current-affairs\\\/today-in-the-news\\\/nato-new-leadership-id812867.html\"]}]},{\"@type\":\"ImageObject\",\"inLanguage\":\"en-US\",\"@id\":\"https:\\\/\\\/www.rri.ro\\\/en\\\/news-and-current-affairs\\\/today-in-the-news\\\/nato-new-leadership-id812867.html#primaryimage\",\"url\":\"https:\\\/\\\/www.rri.ro\\\/wp-content\\\/uploads\\\/2024\\\/10\\\/mark-rutte-si-Jens-Stoltenberg-foto-nato.png\",\"contentUrl\":\"https:\\\/\\\/www.rri.ro\\\/wp-content\\\/uploads\\\/2024\\\/10\\\/mark-rutte-si-Jens-Stoltenberg-foto-nato.png\",\"width\":960,\"height\":540,\"caption\":\"Mark Rutte and Jens Stoltenberg (photo: NATO)\"},{\"@type\":\"BreadcrumbList\",\"@id\":\"https:\\\/\\\/www.rri.ro\\\/en\\\/news-and-current-affairs\\\/today-in-the-news\\\/nato-new-leadership-id812867.html#breadcrumb\",\"itemListElement\":[{\"@type\":\"ListItem\",\"position\":1,\"name\":\"Homepage\",\"item\":\"https:\\\/\\\/www.rri.ro\\\/en\"},{\"@type\":\"ListItem\",\"position\":2,\"name\":\"News and Current Affairs\",\"item\":\"https:\\\/\\\/www.rri.ro\\\/en\\\/news-and-current-affairs\"},{\"@type\":\"ListItem\",\"position\":3,\"name\":\"Today in the News\",\"item\":\"https:\\\/\\\/www.rri.ro\\\/en\\\/news-and-current-affairs\\\/today-in-the-news\"},{\"@type\":\"ListItem\",\"position\":4,\"name\":\"NATO, new leadership\"}]},{\"@type\":\"WebSite\",\"@id\":\"https:\\\/\\\/www.rri.ro\\\/#website\",\"url\":\"https:\\\/\\\/www.rri.ro\\\/\",\"name\":\"Radio Romania International\",\"description\":\"Totul despre Rom\u00e2nia \u015fi rom\u00e2ni, \u00een 13 limbi\\\/dialecte!\",\"inLanguage\":\"en-US\"},{\"@type\":\"Person\",\"@id\":\"https:\\\/\\\/www.rri.ro\\\/#\\\/schema\\\/person\\\/2d81d5dc94d44190d13245f64551d334\",\"name\":\"\u015etefan Stoica\",\"url\":\"https:\\\/\\\/www.rri.ro\\\/en\\\/author\\\/stefan-stoica\"}]}<\/script>\n<!-- \/ Yoast SEO plugin. -->","yoast_head_json":{"title":"NATO, new leadership - Radio Romania International","robots":{"index":"index","follow":"follow","max-snippet":"max-snippet:-1","max-image-preview":"max-image-preview:large","max-video-preview":"max-video-preview:-1"},"canonical":"https:\/\/www.rri.ro\/en\/news-and-current-affairs\/today-in-the-news\/nato-new-leadership-id812867.html","og_locale":"en_US","og_type":"article","og_title":"NATO, new leadership - Radio Romania International","og_description":"&nbsp; As of Tuesday, October 1, the NATO secretary general is the Dutch ex PM Mark Rutte. He takes over the highest political position in the strongest political and military alliance in history from the Norwegian Jens Stoltenberg. &nbsp; AFP notes that while Stoltenberg refrained from giving any piece of advice to Rutte, he emphasised [&hellip;]","og_url":"https:\/\/www.rri.ro\/en\/news-and-current-affairs\/today-in-the-news\/nato-new-leadership-id812867.html","og_site_name":"Radio Romania International","article_published_time":"2024-10-01T11:00:06+00:00","og_image":[{"width":960,"height":540,"url":"https:\/\/www.rri.ro\/wp-content\/uploads\/2024\/10\/mark-rutte-si-Jens-Stoltenberg-foto-nato.png","type":"image\/png"}],"author":"\u015etefan Stoica","twitter_card":"summary_large_image","twitter_misc":{"Written by":"\u015etefan Stoica","Est. reading time":"2 minutes"},"schema":{"@context":"https:\/\/schema.org","@graph":[{"@type":"Article","@id":"https:\/\/www.rri.ro\/en\/news-and-current-affairs\/today-in-the-news\/nato-new-leadership-id812867.html#article","isPartOf":{"@id":"https:\/\/www.rri.ro\/en\/news-and-current-affairs\/today-in-the-news\/nato-new-leadership-id812867.html"},"author":{"name":"\u015etefan Stoica","@id":"https:\/\/www.rri.ro\/#\/schema\/person\/2d81d5dc94d44190d13245f64551d334"},"headline":"NATO, new leadership","datePublished":"2024-10-01T11:00:06+00:00","mainEntityOfPage":{"@id":"https:\/\/www.rri.ro\/en\/news-and-current-affairs\/today-in-the-news\/nato-new-leadership-id812867.html"},"wordCount":476,"image":{"@id":"https:\/\/www.rri.ro\/en\/news-and-current-affairs\/today-in-the-news\/nato-new-leadership-id812867.html#primaryimage"},"thumbnailUrl":"https:\/\/www.rri.ro\/wp-content\/uploads\/2024\/10\/mark-rutte-si-Jens-Stoltenberg-foto-nato.png","keywords":["NATO","Rutte","secretary general","Stoltenberg"],"articleSection":["Today in the News"],"inLanguage":"en-US"},{"@type":"WebPage","@id":"https:\/\/www.rri.ro\/en\/news-and-current-affairs\/today-in-the-news\/nato-new-leadership-id812867.html","url":"https:\/\/www.rri.ro\/en\/news-and-current-affairs\/today-in-the-news\/nato-new-leadership-id812867.html","name":"NATO, new leadership - Radio Romania International","isPartOf":{"@id":"https:\/\/www.rri.ro\/#website"},"primaryImageOfPage":{"@id":"https:\/\/www.rri.ro\/en\/news-and-current-affairs\/today-in-the-news\/nato-new-leadership-id812867.html#primaryimage"},"image":{"@id":"https:\/\/www.rri.ro\/en\/news-and-current-affairs\/today-in-the-news\/nato-new-leadership-id812867.html#primaryimage"},"thumbnailUrl":"https:\/\/www.rri.ro\/wp-content\/uploads\/2024\/10\/mark-rutte-si-Jens-Stoltenberg-foto-nato.png","datePublished":"2024-10-01T11:00:06+00:00","author":{"@id":"https:\/\/www.rri.ro\/#\/schema\/person\/2d81d5dc94d44190d13245f64551d334"},"breadcrumb":{"@id":"https:\/\/www.rri.ro\/en\/news-and-current-affairs\/today-in-the-news\/nato-new-leadership-id812867.html#breadcrumb"},"inLanguage":"en-US","potentialAction":[{"@type":"ReadAction","target":["https:\/\/www.rri.ro\/en\/news-and-current-affairs\/today-in-the-news\/nato-new-leadership-id812867.html"]}]},{"@type":"ImageObject","inLanguage":"en-US","@id":"https:\/\/www.rri.ro\/en\/news-and-current-affairs\/today-in-the-news\/nato-new-leadership-id812867.html#primaryimage","url":"https:\/\/www.rri.ro\/wp-content\/uploads\/2024\/10\/mark-rutte-si-Jens-Stoltenberg-foto-nato.png","contentUrl":"https:\/\/www.rri.ro\/wp-content\/uploads\/2024\/10\/mark-rutte-si-Jens-Stoltenberg-foto-nato.png","width":960,"height":540,"caption":"Mark Rutte and Jens Stoltenberg (photo: NATO)"},{"@type":"BreadcrumbList","@id":"https:\/\/www.rri.ro\/en\/news-and-current-affairs\/today-in-the-news\/nato-new-leadership-id812867.html#breadcrumb","itemListElement":[{"@type":"ListItem","position":1,"name":"Homepage","item":"https:\/\/www.rri.ro\/en"},{"@type":"ListItem","position":2,"name":"News and Current Affairs","item":"https:\/\/www.rri.ro\/en\/news-and-current-affairs"},{"@type":"ListItem","position":3,"name":"Today in the News","item":"https:\/\/www.rri.ro\/en\/news-and-current-affairs\/today-in-the-news"},{"@type":"ListItem","position":4,"name":"NATO, new leadership"}]},{"@type":"WebSite","@id":"https:\/\/www.rri.ro\/#website","url":"https:\/\/www.rri.ro\/","name":"Radio Romania International","description":"Totul despre Rom\u00e2nia \u015fi rom\u00e2ni, \u00een 13 limbi\/dialecte!","inLanguage":"en-US"},{"@type":"Person","@id":"https:\/\/www.rri.ro\/#\/schema\/person\/2d81d5dc94d44190d13245f64551d334","name":"\u015etefan Stoica","url":"https:\/\/www.rri.ro\/en\/author\/stefan-stoica"}]}},"_links":{"self":[{"href":"https:\/\/www.rri.ro\/en\/wp-json\/wp\/v2\/posts\/812867","targetHints":{"allow":["GET"]}}],"collection":[{"href":"https:\/\/www.rri.ro\/en\/wp-json\/wp\/v2\/posts"}],"about":[{"href":"https:\/\/www.rri.ro\/en\/wp-json\/wp\/v2\/types\/post"}],"author":[{"embeddable":true,"href":"https:\/\/www.rri.ro\/en\/wp-json\/wp\/v2\/users\/110"}],"replies":[{"embeddable":true,"href":"https:\/\/www.rri.ro\/en\/wp-json\/wp\/v2\/comments?post=812867"}],"version-history":[{"count":0,"href":"https:\/\/www.rri.ro\/en\/wp-json\/wp\/v2\/posts\/812867\/revisions"}],"wp:featuredmedia":[{"embeddable":true,"href":"https:\/\/www.rri.ro\/en\/wp-json\/wp\/v2\/media\/812595"}],"wp:attachment":[{"href":"https:\/\/www.rri.ro\/en\/wp-json\/wp\/v2\/media?parent=812867"}],"wp:term":[{"taxonomy":"category","embeddable":true,"href":"https:\/\/www.rri.ro\/en\/wp-json\/wp\/v2\/categories?post=812867"},{"taxonomy":"post_tag","embeddable":true,"href":"https:\/\/www.rri.ro\/en\/wp-json\/wp\/v2\/tags?post=812867"},{"taxonomy":"author","embeddable":true,"href":"https:\/\/www.rri.ro\/en\/wp-json\/wp\/v2\/coauthors?post=812867"}],"curies":[{"name":"wp","href":"https:\/\/api.w.org\/{rel}","templated":true}]}}