{"id":81427,"date":"2019-04-12T13:41:00","date_gmt":"2019-04-12T10:41:00","guid":{"rendered":"http:\/\/devrri.freshlemon.ro\/news-and-current-affairs\/newsflash\/new-measures-to-renew-the-national-car-fleet-81427.html"},"modified":"2024-02-19T08:32:49","modified_gmt":"2024-02-19T06:32:49","slug":"new-measures-to-renew-the-national-car-fleet","status":"publish","type":"post","link":"https:\/\/www.rri.ro\/en\/news-and-current-affairs\/today-in-the-news\/new-measures-to-renew-the-national-car-fleet-id81427.html","title":{"rendered":"New measures to renew the national car fleet"},"content":{"rendered":"<p><p>The Classic and Plus versions of the vehicle scrappage schemes have&#13;<br \/>\nbeen officially launched in Romania, with a view to encouraging new vehicle&#13;<br \/>\npurchases. One of the longest-lived governmental programmes, the Scrappage&#13;<br \/>\nScheme is in its 15th year of existence. So far over 550,000 old,&#13;<br \/>\npolluting vehicles have been scrapped and more than 300,000 new cars have been&#13;<br \/>\npurchased. This year, the budget earmarked for the programme is around 67.3&#13;<br \/>\nmillion euros, for almost 35,000 scrappage bonuses of some 1,360 euro each.&#13;<br \/>\nThere is also a roughly 210-euro bonus granted for the purchase of new vehicles&#13;<br \/>\nequipped with less polluting engines, and another 360-euro bonus for the&#13;<br \/>\npurchase of hybrid cars. Those who want to buy a new car can already go to the&#13;<br \/>\nvalidated producers to complete the registration procedure.<\/p>\n<p><\/p>\n<p>&#13;<br \/>\n&#13;<\/p>\n<p>The most important novelty under this year&#8217;s scheme is that, unlike in&#13;<br \/>\nprevious years, the Vehicle Technical Inspection is no longer mandatory for the&#13;<br \/>\ncars to be scrapped. The decision was prompted by the fact that people had come&#13;<br \/>\nto pay more for the inspection of vehicles older than 8 years than they&#13;<br \/>\nreceived under the governmental discount scheme, the Environment Minister&#13;<br \/>\nGratiela Gavrilescu has explained recently. She has also added that Romanians&#13;<br \/>\nwant to buy new, safe vehicles:<\/p>\n<p>&#13;<br \/>\n&#13;<\/p>\n<p>Romanians want to buy non-polluting cars, they want vehicles&#13;<br \/>\nthat are also aesthetically pleasing and they want to travel safely on national&#13;<br \/>\nroads.<\/p>\n<p><\/p>\n<p>&#13;<br \/>\n&#13;<\/p>\n<p>Concurrently with the classical scrappage programme, the Plus&#13;<br \/>\nScrappage Scheme, intended for the purchase of plug-in and hybrid cars, also&#13;<br \/>\ncontinues, and has reached its 4th year. The budget for this&#13;<br \/>\ncomponent is 19.5 million euros. To encourage purchases of electric cars, the&#13;<br \/>\nEnvironment Fund Administration announced that it would earmark 19 million&#13;<br \/>\neuros for the purchase and installation of high-performance charging stations&#13;<br \/>\nin Romania&#8217;s big cities as well as on national and European roads and on&#13;<br \/>\nmotorways. <\/p>\n<p><\/p>\n<p>Cornel Brezuica, head of the Environment Fund Administration,&#13;<br \/>\nexplains:<\/p>\n<p>&#13;<br \/>\n&#13;<\/p>\n<p>The programme focuses on 2 areas: one addressing local&#13;<br \/>\npublic authorities, county capitals, where we estimate that by the end of the&#13;<br \/>\nyear we will have signed contracts for some 1,200 charging stations. The second&#13;<br \/>\ncomponent involves the installation of charging units on the major national and&#13;<br \/>\nEuropean roads and on motorways, every 100 kilometres, precisely to enable&#13;<br \/>\nplug-in car owners to leave their home cities using this means of&#13;<br \/>\ntransportation.<\/p>\n<p>&#13;<br \/>\n&#13;<\/p>\n<p><\/p>\n<p>The two car scrappage schemes, Classic and Plus, address both&#13;<br \/>\nindividual owners, and legal entities.<\/p><\/p>\n","protected":false},"excerpt":{"rendered":"<p>The Classic and Plus car-scrappage schemes are available this year for the Romanians who want to buy a new car<\/p>\n","protected":false},"author":106,"featured_media":81428,"comment_status":"closed","ping_status":"closed","sticky":false,"template":"","format":"standard","meta":{"_acf_changed":false,"footnotes":""},"categories":[37738],"tags":[],"coauthors":[],"class_list":["post-81427","post","type-post","status-publish","format-standard","has-post-thumbnail","hentry","category-today-in-the-news"],"acf":[],"yoast_head":"<!-- This site is optimized with the Yoast SEO plugin v27.3 - https:\/\/yoast.com\/product\/yoast-seo-wordpress\/ -->\n<title>New measures to renew the national car fleet - Radio Romania International<\/title>\n<meta name=\"robots\" content=\"index, follow, max-snippet:-1, max-image-preview:large, max-video-preview:-1\" \/>\n<link rel=\"canonical\" href=\"https:\/\/www.rri.ro\/en\/news-and-current-affairs\/today-in-the-news\/new-measures-to-renew-the-national-car-fleet-id81427.html\" \/>\n<meta property=\"og:locale\" content=\"en_US\" \/>\n<meta property=\"og:type\" content=\"article\" \/>\n<meta property=\"og:title\" content=\"New measures to renew the national car fleet - Radio Romania International\" \/>\n<meta property=\"og:description\" content=\"The Classic and Plus car-scrappage schemes are available this year for the Romanians who want to buy a new car\" \/>\n<meta property=\"og:url\" content=\"https:\/\/www.rri.ro\/en\/news-and-current-affairs\/today-in-the-news\/new-measures-to-renew-the-national-car-fleet-id81427.html\" \/>\n<meta property=\"og:site_name\" content=\"Radio Romania International\" \/>\n<meta property=\"article:published_time\" content=\"2019-04-12T10:41:00+00:00\" \/>\n<meta property=\"article:modified_time\" content=\"2024-02-19T06:32:49+00:00\" \/>\n<meta property=\"og:image\" content=\"https:\/\/www.rri.ro\/wp-content\/uploads\/2023\/10\/masini-electrice.jpg\" \/>\n\t<meta property=\"og:image:width\" content=\"640\" \/>\n\t<meta property=\"og:image:height\" content=\"480\" \/>\n\t<meta property=\"og:image:type\" content=\"image\/png\" \/>\n<meta name=\"author\" content=\"Mihai Pelin\" \/>\n<meta name=\"twitter:card\" content=\"summary_large_image\" \/>\n<meta name=\"twitter:label1\" content=\"Written by\" \/>\n\t<meta name=\"twitter:data1\" content=\"Mihai Pelin\" \/>\n\t<meta name=\"twitter:label2\" content=\"Est. reading time\" \/>\n\t<meta name=\"twitter:data2\" content=\"2 minutes\" \/>\n<script type=\"application\/ld+json\" class=\"yoast-schema-graph\">{\"@context\":\"https:\\\/\\\/schema.org\",\"@graph\":[{\"@type\":\"Article\",\"@id\":\"https:\\\/\\\/www.rri.ro\\\/en\\\/news-and-current-affairs\\\/today-in-the-news\\\/new-measures-to-renew-the-national-car-fleet-id81427.html#article\",\"isPartOf\":{\"@id\":\"https:\\\/\\\/www.rri.ro\\\/en\\\/news-and-current-affairs\\\/today-in-the-news\\\/new-measures-to-renew-the-national-car-fleet-id81427.html\"},\"author\":{\"name\":\"Mihai Pelin\",\"@id\":\"https:\\\/\\\/www.rri.ro\\\/#\\\/schema\\\/person\\\/c6036c822534c855dc3aad41a484f05d\"},\"headline\":\"New measures to renew the national car fleet\",\"datePublished\":\"2019-04-12T10:41:00+00:00\",\"dateModified\":\"2024-02-19T06:32:49+00:00\",\"mainEntityOfPage\":{\"@id\":\"https:\\\/\\\/www.rri.ro\\\/en\\\/news-and-current-affairs\\\/today-in-the-news\\\/new-measures-to-renew-the-national-car-fleet-id81427.html\"},\"wordCount\":405,\"image\":{\"@id\":\"https:\\\/\\\/www.rri.ro\\\/en\\\/news-and-current-affairs\\\/today-in-the-news\\\/new-measures-to-renew-the-national-car-fleet-id81427.html#primaryimage\"},\"thumbnailUrl\":\"https:\\\/\\\/www.rri.ro\\\/wp-content\\\/uploads\\\/2023\\\/10\\\/masini-electrice.jpg\",\"articleSection\":[\"Today in the News\"],\"inLanguage\":\"en-US\"},{\"@type\":\"WebPage\",\"@id\":\"https:\\\/\\\/www.rri.ro\\\/en\\\/news-and-current-affairs\\\/today-in-the-news\\\/new-measures-to-renew-the-national-car-fleet-id81427.html\",\"url\":\"https:\\\/\\\/www.rri.ro\\\/en\\\/news-and-current-affairs\\\/today-in-the-news\\\/new-measures-to-renew-the-national-car-fleet-id81427.html\",\"name\":\"New measures to renew the national car fleet - Radio Romania International\",\"isPartOf\":{\"@id\":\"https:\\\/\\\/www.rri.ro\\\/#website\"},\"primaryImageOfPage\":{\"@id\":\"https:\\\/\\\/www.rri.ro\\\/en\\\/news-and-current-affairs\\\/today-in-the-news\\\/new-measures-to-renew-the-national-car-fleet-id81427.html#primaryimage\"},\"image\":{\"@id\":\"https:\\\/\\\/www.rri.ro\\\/en\\\/news-and-current-affairs\\\/today-in-the-news\\\/new-measures-to-renew-the-national-car-fleet-id81427.html#primaryimage\"},\"thumbnailUrl\":\"https:\\\/\\\/www.rri.ro\\\/wp-content\\\/uploads\\\/2023\\\/10\\\/masini-electrice.jpg\",\"datePublished\":\"2019-04-12T10:41:00+00:00\",\"dateModified\":\"2024-02-19T06:32:49+00:00\",\"author\":{\"@id\":\"https:\\\/\\\/www.rri.ro\\\/#\\\/schema\\\/person\\\/c6036c822534c855dc3aad41a484f05d\"},\"breadcrumb\":{\"@id\":\"https:\\\/\\\/www.rri.ro\\\/en\\\/news-and-current-affairs\\\/today-in-the-news\\\/new-measures-to-renew-the-national-car-fleet-id81427.html#breadcrumb\"},\"inLanguage\":\"en-US\",\"potentialAction\":[{\"@type\":\"ReadAction\",\"target\":[\"https:\\\/\\\/www.rri.ro\\\/en\\\/news-and-current-affairs\\\/today-in-the-news\\\/new-measures-to-renew-the-national-car-fleet-id81427.html\"]}]},{\"@type\":\"ImageObject\",\"inLanguage\":\"en-US\",\"@id\":\"https:\\\/\\\/www.rri.ro\\\/en\\\/news-and-current-affairs\\\/today-in-the-news\\\/new-measures-to-renew-the-national-car-fleet-id81427.html#primaryimage\",\"url\":\"https:\\\/\\\/www.rri.ro\\\/wp-content\\\/uploads\\\/2023\\\/10\\\/masini-electrice.jpg\",\"contentUrl\":\"https:\\\/\\\/www.rri.ro\\\/wp-content\\\/uploads\\\/2023\\\/10\\\/masini-electrice.jpg\",\"width\":640,\"height\":480},{\"@type\":\"BreadcrumbList\",\"@id\":\"https:\\\/\\\/www.rri.ro\\\/en\\\/news-and-current-affairs\\\/today-in-the-news\\\/new-measures-to-renew-the-national-car-fleet-id81427.html#breadcrumb\",\"itemListElement\":[{\"@type\":\"ListItem\",\"position\":1,\"name\":\"Homepage\",\"item\":\"https:\\\/\\\/www.rri.ro\\\/en\"},{\"@type\":\"ListItem\",\"position\":2,\"name\":\"News and Current Affairs\",\"item\":\"https:\\\/\\\/www.rri.ro\\\/en\\\/news-and-current-affairs\"},{\"@type\":\"ListItem\",\"position\":3,\"name\":\"Today in the News\",\"item\":\"https:\\\/\\\/www.rri.ro\\\/en\\\/news-and-current-affairs\\\/today-in-the-news\"},{\"@type\":\"ListItem\",\"position\":4,\"name\":\"New measures to renew the national car fleet\"}]},{\"@type\":\"WebSite\",\"@id\":\"https:\\\/\\\/www.rri.ro\\\/#website\",\"url\":\"https:\\\/\\\/www.rri.ro\\\/\",\"name\":\"Radio Romania International\",\"description\":\"Totul despre Rom\u00e2nia \u015fi rom\u00e2ni, \u00een 13 limbi\\\/dialecte!\",\"inLanguage\":\"en-US\"},{\"@type\":\"Person\",\"@id\":\"https:\\\/\\\/www.rri.ro\\\/#\\\/schema\\\/person\\\/c6036c822534c855dc3aad41a484f05d\",\"name\":\"Mihai Pelin\",\"url\":\"https:\\\/\\\/www.rri.ro\\\/en\\\/author\\\/mihai-pelin\"}]}<\/script>\n<!-- \/ Yoast SEO plugin. -->","yoast_head_json":{"title":"New measures to renew the national car fleet - Radio Romania International","robots":{"index":"index","follow":"follow","max-snippet":"max-snippet:-1","max-image-preview":"max-image-preview:large","max-video-preview":"max-video-preview:-1"},"canonical":"https:\/\/www.rri.ro\/en\/news-and-current-affairs\/today-in-the-news\/new-measures-to-renew-the-national-car-fleet-id81427.html","og_locale":"en_US","og_type":"article","og_title":"New measures to renew the national car fleet - Radio Romania International","og_description":"The Classic and Plus car-scrappage schemes are available this year for the Romanians who want to buy a new car","og_url":"https:\/\/www.rri.ro\/en\/news-and-current-affairs\/today-in-the-news\/new-measures-to-renew-the-national-car-fleet-id81427.html","og_site_name":"Radio Romania International","article_published_time":"2019-04-12T10:41:00+00:00","article_modified_time":"2024-02-19T06:32:49+00:00","og_image":[{"width":640,"height":480,"url":"https:\/\/www.rri.ro\/wp-content\/uploads\/2023\/10\/masini-electrice.jpg","type":"image\/png"}],"author":"Mihai Pelin","twitter_card":"summary_large_image","twitter_misc":{"Written by":"Mihai Pelin","Est. reading time":"2 minutes"},"schema":{"@context":"https:\/\/schema.org","@graph":[{"@type":"Article","@id":"https:\/\/www.rri.ro\/en\/news-and-current-affairs\/today-in-the-news\/new-measures-to-renew-the-national-car-fleet-id81427.html#article","isPartOf":{"@id":"https:\/\/www.rri.ro\/en\/news-and-current-affairs\/today-in-the-news\/new-measures-to-renew-the-national-car-fleet-id81427.html"},"author":{"name":"Mihai Pelin","@id":"https:\/\/www.rri.ro\/#\/schema\/person\/c6036c822534c855dc3aad41a484f05d"},"headline":"New measures to renew the national car fleet","datePublished":"2019-04-12T10:41:00+00:00","dateModified":"2024-02-19T06:32:49+00:00","mainEntityOfPage":{"@id":"https:\/\/www.rri.ro\/en\/news-and-current-affairs\/today-in-the-news\/new-measures-to-renew-the-national-car-fleet-id81427.html"},"wordCount":405,"image":{"@id":"https:\/\/www.rri.ro\/en\/news-and-current-affairs\/today-in-the-news\/new-measures-to-renew-the-national-car-fleet-id81427.html#primaryimage"},"thumbnailUrl":"https:\/\/www.rri.ro\/wp-content\/uploads\/2023\/10\/masini-electrice.jpg","articleSection":["Today in the News"],"inLanguage":"en-US"},{"@type":"WebPage","@id":"https:\/\/www.rri.ro\/en\/news-and-current-affairs\/today-in-the-news\/new-measures-to-renew-the-national-car-fleet-id81427.html","url":"https:\/\/www.rri.ro\/en\/news-and-current-affairs\/today-in-the-news\/new-measures-to-renew-the-national-car-fleet-id81427.html","name":"New measures to renew the national car fleet - Radio Romania International","isPartOf":{"@id":"https:\/\/www.rri.ro\/#website"},"primaryImageOfPage":{"@id":"https:\/\/www.rri.ro\/en\/news-and-current-affairs\/today-in-the-news\/new-measures-to-renew-the-national-car-fleet-id81427.html#primaryimage"},"image":{"@id":"https:\/\/www.rri.ro\/en\/news-and-current-affairs\/today-in-the-news\/new-measures-to-renew-the-national-car-fleet-id81427.html#primaryimage"},"thumbnailUrl":"https:\/\/www.rri.ro\/wp-content\/uploads\/2023\/10\/masini-electrice.jpg","datePublished":"2019-04-12T10:41:00+00:00","dateModified":"2024-02-19T06:32:49+00:00","author":{"@id":"https:\/\/www.rri.ro\/#\/schema\/person\/c6036c822534c855dc3aad41a484f05d"},"breadcrumb":{"@id":"https:\/\/www.rri.ro\/en\/news-and-current-affairs\/today-in-the-news\/new-measures-to-renew-the-national-car-fleet-id81427.html#breadcrumb"},"inLanguage":"en-US","potentialAction":[{"@type":"ReadAction","target":["https:\/\/www.rri.ro\/en\/news-and-current-affairs\/today-in-the-news\/new-measures-to-renew-the-national-car-fleet-id81427.html"]}]},{"@type":"ImageObject","inLanguage":"en-US","@id":"https:\/\/www.rri.ro\/en\/news-and-current-affairs\/today-in-the-news\/new-measures-to-renew-the-national-car-fleet-id81427.html#primaryimage","url":"https:\/\/www.rri.ro\/wp-content\/uploads\/2023\/10\/masini-electrice.jpg","contentUrl":"https:\/\/www.rri.ro\/wp-content\/uploads\/2023\/10\/masini-electrice.jpg","width":640,"height":480},{"@type":"BreadcrumbList","@id":"https:\/\/www.rri.ro\/en\/news-and-current-affairs\/today-in-the-news\/new-measures-to-renew-the-national-car-fleet-id81427.html#breadcrumb","itemListElement":[{"@type":"ListItem","position":1,"name":"Homepage","item":"https:\/\/www.rri.ro\/en"},{"@type":"ListItem","position":2,"name":"News and Current Affairs","item":"https:\/\/www.rri.ro\/en\/news-and-current-affairs"},{"@type":"ListItem","position":3,"name":"Today in the News","item":"https:\/\/www.rri.ro\/en\/news-and-current-affairs\/today-in-the-news"},{"@type":"ListItem","position":4,"name":"New measures to renew the national car fleet"}]},{"@type":"WebSite","@id":"https:\/\/www.rri.ro\/#website","url":"https:\/\/www.rri.ro\/","name":"Radio Romania International","description":"Totul despre Rom\u00e2nia \u015fi rom\u00e2ni, \u00een 13 limbi\/dialecte!","inLanguage":"en-US"},{"@type":"Person","@id":"https:\/\/www.rri.ro\/#\/schema\/person\/c6036c822534c855dc3aad41a484f05d","name":"Mihai Pelin","url":"https:\/\/www.rri.ro\/en\/author\/mihai-pelin"}]}},"_links":{"self":[{"href":"https:\/\/www.rri.ro\/en\/wp-json\/wp\/v2\/posts\/81427","targetHints":{"allow":["GET"]}}],"collection":[{"href":"https:\/\/www.rri.ro\/en\/wp-json\/wp\/v2\/posts"}],"about":[{"href":"https:\/\/www.rri.ro\/en\/wp-json\/wp\/v2\/types\/post"}],"author":[{"embeddable":true,"href":"https:\/\/www.rri.ro\/en\/wp-json\/wp\/v2\/users\/106"}],"replies":[{"embeddable":true,"href":"https:\/\/www.rri.ro\/en\/wp-json\/wp\/v2\/comments?post=81427"}],"version-history":[{"count":0,"href":"https:\/\/www.rri.ro\/en\/wp-json\/wp\/v2\/posts\/81427\/revisions"}],"wp:featuredmedia":[{"embeddable":true,"href":"https:\/\/www.rri.ro\/en\/wp-json\/wp\/v2\/media\/81428"}],"wp:attachment":[{"href":"https:\/\/www.rri.ro\/en\/wp-json\/wp\/v2\/media?parent=81427"}],"wp:term":[{"taxonomy":"category","embeddable":true,"href":"https:\/\/www.rri.ro\/en\/wp-json\/wp\/v2\/categories?post=81427"},{"taxonomy":"post_tag","embeddable":true,"href":"https:\/\/www.rri.ro\/en\/wp-json\/wp\/v2\/tags?post=81427"},{"taxonomy":"author","embeddable":true,"href":"https:\/\/www.rri.ro\/en\/wp-json\/wp\/v2\/coauthors?post=81427"}],"curies":[{"name":"wp","href":"https:\/\/api.w.org\/{rel}","templated":true}]}}