{"id":816081,"date":"2024-10-10T14:00:05","date_gmt":"2024-10-10T11:00:05","guid":{"rendered":"https:\/\/www.rri.ro\/?p=816081"},"modified":"2024-10-10T12:37:16","modified_gmt":"2024-10-10T09:37:16","slug":"european-support-for-moldova-2","status":"publish","type":"post","link":"https:\/\/www.rri.ro\/en\/news-and-current-affairs\/today-in-the-news\/european-support-for-moldova-2-id816081.html","title":{"rendered":"European support for Moldova"},"content":{"rendered":"<p>Gathered in a plenary session in Strasbourg, MEPs on Wednesday adopted a resolution issuing a strong warning against Russia\u2019s constant attempts to derail Moldova from its European trajectory. The resolution vehemently condemns Moscow\u2019s malicious activities, interference and hybrid operations that have become increasingly aggressive ahead of Moldova\u2019s presidential elections on 20<sup>th<\/sup> October, when a constitutional referendum is also on the ballot with respect to making Moldova\u2019s EU accession a \u201cstrategic objective\u201d and laid down as such in the country\u2019s Constitution.<\/p>\n<p>Highlighting the role played in voter fraud schemes and cyber actions by pro-Russian actors and oligarchs, as well the state-funded media group Russia Today, MEPs call on EU member states to make sure that Moldova gets all the needed assistance to consolidate its institutions in order to be able to cope with hybrid threats. According to MEPs, Moldovan security services recently stated that Russia spent around 100 million euros to undermine the upcoming election process and convince Moldovan voters to vote against EU accession. On 3<sup>rd<\/sup> October this year, the Moldovan authorities discovered a large-scale voter fraud scheme funded by the fugitive oligarch Ilan \u015eor, who transferred 15 million dollars to 130,000 Moldovan citizens as part of a voter bribery operation, the statement of the European Parliament also notes.<\/p>\n<p>Condemning these actions, the European Parliament calls on Moscow to respect the independence, sovereignty and territorial integrity of the Republic of Moldova, cease provocations and attempts to destabilise the country and undermine the constitutional order and its democratic institutions. In addition, it also calls on Russia to withdraw its military forces from Moldova, which it deployed as early as 1992 under the pretext of maintaining peace in the wake of the secessionist conflict sparked by the break-away region of Transnistria.<\/p>\n<p>MEPs also call on the European Commission to include Moldova in the instrument for pre-accession Assistance and to prioritise funding for EU candidate countries in the next multiannual financial framework for 2028-2034. To boost Moldova\u2019s resilience to hybrid threats, the European Parliament urges the European Union to continue cooperation in areas such as strategic communication, support for journalists and civil society and the promotion of independent media content in Russian.<\/p>\n","protected":false},"excerpt":{"rendered":"<p>Gathered in a plenary session in Strasbourg, MEPs on Wednesday adopted a resolution issuing a strong warning against Russia\u2019s constant attempts to derail Moldova from its European trajectory. The resolution vehemently condemns Moscow\u2019s malicious activities, interference and hybrid operations that have become increasingly aggressive ahead of Moldova\u2019s presidential elections on 20th October, when a constitutional [&hellip;]<\/p>\n","protected":false},"author":108,"featured_media":791098,"comment_status":"closed","ping_status":"closed","sticky":false,"template":"","format":"standard","meta":{"_acf_changed":false,"footnotes":""},"categories":[37738],"tags":[29130],"coauthors":[113249],"class_list":["post-816081","post","type-post","status-publish","format-standard","has-post-thumbnail","hentry","category-today-in-the-news","tag-moldova"],"acf":[],"yoast_head":"<!-- This site is optimized with the Yoast SEO plugin v27.3 - https:\/\/yoast.com\/product\/yoast-seo-wordpress\/ -->\n<title>European support for Moldova - Radio Romania International<\/title>\n<meta name=\"robots\" content=\"index, follow, max-snippet:-1, max-image-preview:large, max-video-preview:-1\" \/>\n<link rel=\"canonical\" href=\"https:\/\/www.rri.ro\/en\/news-and-current-affairs\/today-in-the-news\/european-support-for-moldova-2-id816081.html\" \/>\n<meta property=\"og:locale\" content=\"en_US\" \/>\n<meta property=\"og:type\" content=\"article\" \/>\n<meta property=\"og:title\" content=\"European support for Moldova - Radio Romania International\" \/>\n<meta property=\"og:description\" content=\"Gathered in a plenary session in Strasbourg, MEPs on Wednesday adopted a resolution issuing a strong warning against Russia\u2019s constant attempts to derail Moldova from its European trajectory. The resolution vehemently condemns Moscow\u2019s malicious activities, interference and hybrid operations that have become increasingly aggressive ahead of Moldova\u2019s presidential elections on 20th October, when a constitutional [&hellip;]\" \/>\n<meta property=\"og:url\" content=\"https:\/\/www.rri.ro\/en\/news-and-current-affairs\/today-in-the-news\/european-support-for-moldova-2-id816081.html\" \/>\n<meta property=\"og:site_name\" content=\"Radio Romania International\" \/>\n<meta property=\"article:published_time\" content=\"2024-10-10T11:00:05+00:00\" \/>\n<meta property=\"og:image\" content=\"https:\/\/www.rri.ro\/wp-content\/uploads\/2024\/07\/alegeri-Parlamentul-European-Metsola-foto-EP-16x9-1.jpg\" \/>\n\t<meta property=\"og:image:width\" content=\"1200\" \/>\n\t<meta property=\"og:image:height\" content=\"676\" \/>\n\t<meta property=\"og:image:type\" content=\"image\/jpeg\" \/>\n<meta name=\"author\" content=\"Corina Cristea\" \/>\n<meta name=\"twitter:card\" content=\"summary_large_image\" \/>\n<meta name=\"twitter:label1\" content=\"Written by\" \/>\n\t<meta name=\"twitter:data1\" content=\"Corina Cristea\" \/>\n\t<meta name=\"twitter:label2\" content=\"Est. reading time\" \/>\n\t<meta name=\"twitter:data2\" content=\"2 minutes\" \/>\n<script type=\"application\/ld+json\" class=\"yoast-schema-graph\">{\"@context\":\"https:\\\/\\\/schema.org\",\"@graph\":[{\"@type\":\"Article\",\"@id\":\"https:\\\/\\\/www.rri.ro\\\/en\\\/news-and-current-affairs\\\/today-in-the-news\\\/european-support-for-moldova-2-id816081.html#article\",\"isPartOf\":{\"@id\":\"https:\\\/\\\/www.rri.ro\\\/en\\\/news-and-current-affairs\\\/today-in-the-news\\\/european-support-for-moldova-2-id816081.html\"},\"author\":{\"name\":\"Corina Cristea\",\"@id\":\"https:\\\/\\\/www.rri.ro\\\/#\\\/schema\\\/person\\\/f9ab1cb3569dee1b2c033a814bb7f0fc\"},\"headline\":\"European support for Moldova\",\"datePublished\":\"2024-10-10T11:00:05+00:00\",\"mainEntityOfPage\":{\"@id\":\"https:\\\/\\\/www.rri.ro\\\/en\\\/news-and-current-affairs\\\/today-in-the-news\\\/european-support-for-moldova-2-id816081.html\"},\"wordCount\":365,\"image\":{\"@id\":\"https:\\\/\\\/www.rri.ro\\\/en\\\/news-and-current-affairs\\\/today-in-the-news\\\/european-support-for-moldova-2-id816081.html#primaryimage\"},\"thumbnailUrl\":\"https:\\\/\\\/www.rri.ro\\\/wp-content\\\/uploads\\\/2024\\\/07\\\/alegeri-Parlamentul-European-Metsola-foto-EP-16x9-1.jpg\",\"keywords\":[\"Moldova\"],\"articleSection\":[\"Today in the News\"],\"inLanguage\":\"en-US\"},{\"@type\":\"WebPage\",\"@id\":\"https:\\\/\\\/www.rri.ro\\\/en\\\/news-and-current-affairs\\\/today-in-the-news\\\/european-support-for-moldova-2-id816081.html\",\"url\":\"https:\\\/\\\/www.rri.ro\\\/en\\\/news-and-current-affairs\\\/today-in-the-news\\\/european-support-for-moldova-2-id816081.html\",\"name\":\"European support for Moldova - Radio Romania International\",\"isPartOf\":{\"@id\":\"https:\\\/\\\/www.rri.ro\\\/#website\"},\"primaryImageOfPage\":{\"@id\":\"https:\\\/\\\/www.rri.ro\\\/en\\\/news-and-current-affairs\\\/today-in-the-news\\\/european-support-for-moldova-2-id816081.html#primaryimage\"},\"image\":{\"@id\":\"https:\\\/\\\/www.rri.ro\\\/en\\\/news-and-current-affairs\\\/today-in-the-news\\\/european-support-for-moldova-2-id816081.html#primaryimage\"},\"thumbnailUrl\":\"https:\\\/\\\/www.rri.ro\\\/wp-content\\\/uploads\\\/2024\\\/07\\\/alegeri-Parlamentul-European-Metsola-foto-EP-16x9-1.jpg\",\"datePublished\":\"2024-10-10T11:00:05+00:00\",\"author\":{\"@id\":\"https:\\\/\\\/www.rri.ro\\\/#\\\/schema\\\/person\\\/f9ab1cb3569dee1b2c033a814bb7f0fc\"},\"breadcrumb\":{\"@id\":\"https:\\\/\\\/www.rri.ro\\\/en\\\/news-and-current-affairs\\\/today-in-the-news\\\/european-support-for-moldova-2-id816081.html#breadcrumb\"},\"inLanguage\":\"en-US\",\"potentialAction\":[{\"@type\":\"ReadAction\",\"target\":[\"https:\\\/\\\/www.rri.ro\\\/en\\\/news-and-current-affairs\\\/today-in-the-news\\\/european-support-for-moldova-2-id816081.html\"]}]},{\"@type\":\"ImageObject\",\"inLanguage\":\"en-US\",\"@id\":\"https:\\\/\\\/www.rri.ro\\\/en\\\/news-and-current-affairs\\\/today-in-the-news\\\/european-support-for-moldova-2-id816081.html#primaryimage\",\"url\":\"https:\\\/\\\/www.rri.ro\\\/wp-content\\\/uploads\\\/2024\\\/07\\\/alegeri-Parlamentul-European-Metsola-foto-EP-16x9-1.jpg\",\"contentUrl\":\"https:\\\/\\\/www.rri.ro\\\/wp-content\\\/uploads\\\/2024\\\/07\\\/alegeri-Parlamentul-European-Metsola-foto-EP-16x9-1.jpg\",\"width\":1200,\"height\":676,\"caption\":\"The European Parliament (Photo: Copyright: \u00a9 European Union 2024 - Source : EP \\\/ Photographer: Philippe BUISSIN)\"},{\"@type\":\"BreadcrumbList\",\"@id\":\"https:\\\/\\\/www.rri.ro\\\/en\\\/news-and-current-affairs\\\/today-in-the-news\\\/european-support-for-moldova-2-id816081.html#breadcrumb\",\"itemListElement\":[{\"@type\":\"ListItem\",\"position\":1,\"name\":\"Homepage\",\"item\":\"https:\\\/\\\/www.rri.ro\\\/en\"},{\"@type\":\"ListItem\",\"position\":2,\"name\":\"News and Current Affairs\",\"item\":\"https:\\\/\\\/www.rri.ro\\\/en\\\/news-and-current-affairs\"},{\"@type\":\"ListItem\",\"position\":3,\"name\":\"Today in the News\",\"item\":\"https:\\\/\\\/www.rri.ro\\\/en\\\/news-and-current-affairs\\\/today-in-the-news\"},{\"@type\":\"ListItem\",\"position\":4,\"name\":\"European support for Moldova\"}]},{\"@type\":\"WebSite\",\"@id\":\"https:\\\/\\\/www.rri.ro\\\/#website\",\"url\":\"https:\\\/\\\/www.rri.ro\\\/\",\"name\":\"Radio Romania International\",\"description\":\"Totul despre Rom\u00e2nia \u015fi rom\u00e2ni, \u00een 13 limbi\\\/dialecte!\",\"inLanguage\":\"en-US\"},{\"@type\":\"Person\",\"@id\":\"https:\\\/\\\/www.rri.ro\\\/#\\\/schema\\\/person\\\/f9ab1cb3569dee1b2c033a814bb7f0fc\",\"name\":\"Corina Cristea\",\"url\":\"https:\\\/\\\/www.rri.ro\\\/en\\\/author\\\/corina-cristea\"}]}<\/script>\n<!-- \/ Yoast SEO plugin. -->","yoast_head_json":{"title":"European support for Moldova - Radio Romania International","robots":{"index":"index","follow":"follow","max-snippet":"max-snippet:-1","max-image-preview":"max-image-preview:large","max-video-preview":"max-video-preview:-1"},"canonical":"https:\/\/www.rri.ro\/en\/news-and-current-affairs\/today-in-the-news\/european-support-for-moldova-2-id816081.html","og_locale":"en_US","og_type":"article","og_title":"European support for Moldova - Radio Romania International","og_description":"Gathered in a plenary session in Strasbourg, MEPs on Wednesday adopted a resolution issuing a strong warning against Russia\u2019s constant attempts to derail Moldova from its European trajectory. The resolution vehemently condemns Moscow\u2019s malicious activities, interference and hybrid operations that have become increasingly aggressive ahead of Moldova\u2019s presidential elections on 20th October, when a constitutional [&hellip;]","og_url":"https:\/\/www.rri.ro\/en\/news-and-current-affairs\/today-in-the-news\/european-support-for-moldova-2-id816081.html","og_site_name":"Radio Romania International","article_published_time":"2024-10-10T11:00:05+00:00","og_image":[{"width":1200,"height":676,"url":"https:\/\/www.rri.ro\/wp-content\/uploads\/2024\/07\/alegeri-Parlamentul-European-Metsola-foto-EP-16x9-1.jpg","type":"image\/jpeg"}],"author":"Corina Cristea","twitter_card":"summary_large_image","twitter_misc":{"Written by":"Corina Cristea","Est. reading time":"2 minutes"},"schema":{"@context":"https:\/\/schema.org","@graph":[{"@type":"Article","@id":"https:\/\/www.rri.ro\/en\/news-and-current-affairs\/today-in-the-news\/european-support-for-moldova-2-id816081.html#article","isPartOf":{"@id":"https:\/\/www.rri.ro\/en\/news-and-current-affairs\/today-in-the-news\/european-support-for-moldova-2-id816081.html"},"author":{"name":"Corina Cristea","@id":"https:\/\/www.rri.ro\/#\/schema\/person\/f9ab1cb3569dee1b2c033a814bb7f0fc"},"headline":"European support for Moldova","datePublished":"2024-10-10T11:00:05+00:00","mainEntityOfPage":{"@id":"https:\/\/www.rri.ro\/en\/news-and-current-affairs\/today-in-the-news\/european-support-for-moldova-2-id816081.html"},"wordCount":365,"image":{"@id":"https:\/\/www.rri.ro\/en\/news-and-current-affairs\/today-in-the-news\/european-support-for-moldova-2-id816081.html#primaryimage"},"thumbnailUrl":"https:\/\/www.rri.ro\/wp-content\/uploads\/2024\/07\/alegeri-Parlamentul-European-Metsola-foto-EP-16x9-1.jpg","keywords":["Moldova"],"articleSection":["Today in the News"],"inLanguage":"en-US"},{"@type":"WebPage","@id":"https:\/\/www.rri.ro\/en\/news-and-current-affairs\/today-in-the-news\/european-support-for-moldova-2-id816081.html","url":"https:\/\/www.rri.ro\/en\/news-and-current-affairs\/today-in-the-news\/european-support-for-moldova-2-id816081.html","name":"European support for Moldova - Radio Romania International","isPartOf":{"@id":"https:\/\/www.rri.ro\/#website"},"primaryImageOfPage":{"@id":"https:\/\/www.rri.ro\/en\/news-and-current-affairs\/today-in-the-news\/european-support-for-moldova-2-id816081.html#primaryimage"},"image":{"@id":"https:\/\/www.rri.ro\/en\/news-and-current-affairs\/today-in-the-news\/european-support-for-moldova-2-id816081.html#primaryimage"},"thumbnailUrl":"https:\/\/www.rri.ro\/wp-content\/uploads\/2024\/07\/alegeri-Parlamentul-European-Metsola-foto-EP-16x9-1.jpg","datePublished":"2024-10-10T11:00:05+00:00","author":{"@id":"https:\/\/www.rri.ro\/#\/schema\/person\/f9ab1cb3569dee1b2c033a814bb7f0fc"},"breadcrumb":{"@id":"https:\/\/www.rri.ro\/en\/news-and-current-affairs\/today-in-the-news\/european-support-for-moldova-2-id816081.html#breadcrumb"},"inLanguage":"en-US","potentialAction":[{"@type":"ReadAction","target":["https:\/\/www.rri.ro\/en\/news-and-current-affairs\/today-in-the-news\/european-support-for-moldova-2-id816081.html"]}]},{"@type":"ImageObject","inLanguage":"en-US","@id":"https:\/\/www.rri.ro\/en\/news-and-current-affairs\/today-in-the-news\/european-support-for-moldova-2-id816081.html#primaryimage","url":"https:\/\/www.rri.ro\/wp-content\/uploads\/2024\/07\/alegeri-Parlamentul-European-Metsola-foto-EP-16x9-1.jpg","contentUrl":"https:\/\/www.rri.ro\/wp-content\/uploads\/2024\/07\/alegeri-Parlamentul-European-Metsola-foto-EP-16x9-1.jpg","width":1200,"height":676,"caption":"The European Parliament (Photo: Copyright: \u00a9 European Union 2024 - Source : EP \/ Photographer: Philippe BUISSIN)"},{"@type":"BreadcrumbList","@id":"https:\/\/www.rri.ro\/en\/news-and-current-affairs\/today-in-the-news\/european-support-for-moldova-2-id816081.html#breadcrumb","itemListElement":[{"@type":"ListItem","position":1,"name":"Homepage","item":"https:\/\/www.rri.ro\/en"},{"@type":"ListItem","position":2,"name":"News and Current Affairs","item":"https:\/\/www.rri.ro\/en\/news-and-current-affairs"},{"@type":"ListItem","position":3,"name":"Today in the News","item":"https:\/\/www.rri.ro\/en\/news-and-current-affairs\/today-in-the-news"},{"@type":"ListItem","position":4,"name":"European support for Moldova"}]},{"@type":"WebSite","@id":"https:\/\/www.rri.ro\/#website","url":"https:\/\/www.rri.ro\/","name":"Radio Romania International","description":"Totul despre Rom\u00e2nia \u015fi rom\u00e2ni, \u00een 13 limbi\/dialecte!","inLanguage":"en-US"},{"@type":"Person","@id":"https:\/\/www.rri.ro\/#\/schema\/person\/f9ab1cb3569dee1b2c033a814bb7f0fc","name":"Corina Cristea","url":"https:\/\/www.rri.ro\/en\/author\/corina-cristea"}]}},"_links":{"self":[{"href":"https:\/\/www.rri.ro\/en\/wp-json\/wp\/v2\/posts\/816081","targetHints":{"allow":["GET"]}}],"collection":[{"href":"https:\/\/www.rri.ro\/en\/wp-json\/wp\/v2\/posts"}],"about":[{"href":"https:\/\/www.rri.ro\/en\/wp-json\/wp\/v2\/types\/post"}],"author":[{"embeddable":true,"href":"https:\/\/www.rri.ro\/en\/wp-json\/wp\/v2\/users\/108"}],"replies":[{"embeddable":true,"href":"https:\/\/www.rri.ro\/en\/wp-json\/wp\/v2\/comments?post=816081"}],"version-history":[{"count":0,"href":"https:\/\/www.rri.ro\/en\/wp-json\/wp\/v2\/posts\/816081\/revisions"}],"wp:featuredmedia":[{"embeddable":true,"href":"https:\/\/www.rri.ro\/en\/wp-json\/wp\/v2\/media\/791098"}],"wp:attachment":[{"href":"https:\/\/www.rri.ro\/en\/wp-json\/wp\/v2\/media?parent=816081"}],"wp:term":[{"taxonomy":"category","embeddable":true,"href":"https:\/\/www.rri.ro\/en\/wp-json\/wp\/v2\/categories?post=816081"},{"taxonomy":"post_tag","embeddable":true,"href":"https:\/\/www.rri.ro\/en\/wp-json\/wp\/v2\/tags?post=816081"},{"taxonomy":"author","embeddable":true,"href":"https:\/\/www.rri.ro\/en\/wp-json\/wp\/v2\/coauthors?post=816081"}],"curies":[{"name":"wp","href":"https:\/\/api.w.org\/{rel}","templated":true}]}}