{"id":82693,"date":"2019-08-16T13:15:00","date_gmt":"2019-08-16T10:15:00","guid":{"rendered":"http:\/\/devrri.freshlemon.ro\/news-and-current-affairs\/newsflash\/about-the-black-sea-on-navy-day-82693.html"},"modified":"2024-02-19T08:34:50","modified_gmt":"2024-02-19T06:34:50","slug":"about-the-black-sea-on-navy-day","status":"publish","type":"post","link":"https:\/\/www.rri.ro\/en\/news-and-current-affairs\/today-in-the-news\/about-the-black-sea-on-navy-day-id82693.html","title":{"rendered":"About the Black Sea on Navy Day"},"content":{"rendered":"<p>On August 15th, some 15,000 people participated in the events organized in the Romanian Black Sea port of Constanta to celebrate Romanian Navy Day. Such events are held every year on the feast day of the Assumption of Mary, as the Virgin Mary is the protector of sailors. The Naval Forces staged an impressive show, which enjoyed the participation of dozens of ships, vessels and  helicopters. The marine games, the concert given by the military orchestra and spectacular fireworks completed the picture.<\/p>\n<p>&#13;<br \/>\n&#13;<\/p>\n<p>&#13;<br \/>\n&#13;<\/p>\n<p>More than 3,000 navy staff participated in Constanta in the largest exercise this year. People had the opportunity to admire the flag ships of the Romanian Naval Forces, Marasesti and King Ferdinand, but also the training ship Mircea, alongside vessels and aircraft from Italy, Ukraine and the US. The American destroyer USS Porter was at sea together with the other ships, and the Italian Eurofighter aircraft performed aerial combat sequences.<\/p>\n<p>&#13;<br \/>\n&#13;<\/p>\n<p>&#13;<br \/>\n&#13;<\/p>\n<p>Romanias President Klaus Iohannis participated in the festivities and, in the speech he gave on the occasion, he recalled the strategic importance of the Black Sea Region, to both NATO and the EU. The head of state said that a comprehensive and coordinated action was needed at all levels, including the political one, to deter hostile acts in the area. The approach should also cover aspects relating to the economy, transport, energy and the environment., the president also said. In his opinion, the armed forces must be modernized and the problems concerning procurement must be resolved. Here is president Iohannis:<\/p>\n<p>&#13;<br \/>\n&#13;<\/p>\n<p>&#13;<br \/>\n&#13;<\/p>\n<p>&#8220;Focus will be laid upon the naval, air defense and missile  defense components. Important steps have been taken in this direction, but its not enough. We must act faster, in order to bridge all gaps and resolve inconsistencies in the procurement of equipment, which is extremely important for the missions that we are part of.&#8221;<\/p>\n<p>&#13;<br \/>\n&#13;<\/p>\n<p>&#13;<br \/>\n&#13;<\/p>\n<p>In turn, the Romanian Defense Minister Gabriel Les  warned that the security situation in the Black Sea forced NATO to adopt a proportional defense and deterrence posture. Gabriel Les:<\/p>\n<p>&#13;<br \/>\n&#13;<\/p>\n<p>&#13;<br \/>\n&#13;<\/p>\n<p>&#8220;The Black Sea region, which, until not long ago, was an area of cooperation and cordial relations between the Riparian countries, is now unfortunately turning into a place characterized by tension, pressure, risks and threats, an area of frozen conflicts and of hybrid manifestations&#8221;.<\/p>\n<p>&#13;<br \/>\n&#13;<\/p>\n<p>&#13;<br \/>\n&#13;<\/p>\n<p>Gabriel Les has also stated that Romania has actively participated in the implementation of the adaptation and safety measures decided at NATO level, measures that contribute to the collective defense of the eastern flank of the Alliance.<\/p>\n<p>&#13;<br \/>\n&#13;<\/p>\n<p>Nay Day festivities were also held in the ports of Mangalia, Tulcea, Braila and Galati.<\/p>\n<p>&#13;<\/p>\n","protected":false},"excerpt":{"rendered":"<p>A spectacular show was organized in the Romanian Black Sea Port of Constanta on Navy Day<\/p>\n","protected":false},"author":106,"featured_media":82694,"comment_status":"closed","ping_status":"closed","sticky":false,"template":"","format":"standard","meta":{"_acf_changed":false,"footnotes":""},"categories":[37738],"tags":[],"coauthors":[],"class_list":["post-82693","post","type-post","status-publish","format-standard","has-post-thumbnail","hentry","category-today-in-the-news"],"acf":[],"yoast_head":"<!-- This site is optimized with the Yoast SEO plugin v27.3 - https:\/\/yoast.com\/product\/yoast-seo-wordpress\/ -->\n<title>About the Black Sea on Navy Day - Radio Romania International<\/title>\n<meta name=\"robots\" content=\"index, follow, max-snippet:-1, max-image-preview:large, max-video-preview:-1\" \/>\n<link rel=\"canonical\" href=\"https:\/\/www.rri.ro\/en\/news-and-current-affairs\/today-in-the-news\/about-the-black-sea-on-navy-day-id82693.html\" \/>\n<meta property=\"og:locale\" content=\"en_US\" \/>\n<meta property=\"og:type\" content=\"article\" \/>\n<meta property=\"og:title\" content=\"About the Black Sea on Navy Day - Radio Romania International\" \/>\n<meta property=\"og:description\" content=\"A spectacular show was organized in the Romanian Black Sea Port of Constanta on Navy Day\" \/>\n<meta property=\"og:url\" content=\"https:\/\/www.rri.ro\/en\/news-and-current-affairs\/today-in-the-news\/about-the-black-sea-on-navy-day-id82693.html\" \/>\n<meta property=\"og:site_name\" content=\"Radio Romania International\" \/>\n<meta property=\"article:published_time\" content=\"2019-08-16T10:15:00+00:00\" \/>\n<meta property=\"article:modified_time\" content=\"2024-02-19T06:34:50+00:00\" \/>\n<meta property=\"og:image\" content=\"https:\/\/www.rri.ro\/wp-content\/uploads\/2023\/10\/ziua-marinei-fotofbfortelenavale.png\" \/>\n\t<meta property=\"og:image:width\" content=\"640\" \/>\n\t<meta property=\"og:image:height\" content=\"479\" \/>\n\t<meta property=\"og:image:type\" content=\"image\/png\" \/>\n<meta name=\"author\" content=\"Mihai Pelin\" \/>\n<meta name=\"twitter:card\" content=\"summary_large_image\" \/>\n<meta name=\"twitter:label1\" content=\"Written by\" \/>\n\t<meta name=\"twitter:data1\" content=\"Mihai Pelin\" \/>\n\t<meta name=\"twitter:label2\" content=\"Est. reading time\" \/>\n\t<meta name=\"twitter:data2\" content=\"2 minutes\" \/>\n<script type=\"application\/ld+json\" class=\"yoast-schema-graph\">{\"@context\":\"https:\\\/\\\/schema.org\",\"@graph\":[{\"@type\":\"Article\",\"@id\":\"https:\\\/\\\/www.rri.ro\\\/en\\\/news-and-current-affairs\\\/today-in-the-news\\\/about-the-black-sea-on-navy-day-id82693.html#article\",\"isPartOf\":{\"@id\":\"https:\\\/\\\/www.rri.ro\\\/en\\\/news-and-current-affairs\\\/today-in-the-news\\\/about-the-black-sea-on-navy-day-id82693.html\"},\"author\":{\"name\":\"Mihai Pelin\",\"@id\":\"https:\\\/\\\/www.rri.ro\\\/#\\\/schema\\\/person\\\/c6036c822534c855dc3aad41a484f05d\"},\"headline\":\"About the Black Sea on Navy Day\",\"datePublished\":\"2019-08-16T10:15:00+00:00\",\"dateModified\":\"2024-02-19T06:34:50+00:00\",\"mainEntityOfPage\":{\"@id\":\"https:\\\/\\\/www.rri.ro\\\/en\\\/news-and-current-affairs\\\/today-in-the-news\\\/about-the-black-sea-on-navy-day-id82693.html\"},\"wordCount\":437,\"image\":{\"@id\":\"https:\\\/\\\/www.rri.ro\\\/en\\\/news-and-current-affairs\\\/today-in-the-news\\\/about-the-black-sea-on-navy-day-id82693.html#primaryimage\"},\"thumbnailUrl\":\"https:\\\/\\\/www.rri.ro\\\/wp-content\\\/uploads\\\/2023\\\/10\\\/ziua-marinei-fotofbfortelenavale.png\",\"articleSection\":[\"Today in the News\"],\"inLanguage\":\"en-US\"},{\"@type\":\"WebPage\",\"@id\":\"https:\\\/\\\/www.rri.ro\\\/en\\\/news-and-current-affairs\\\/today-in-the-news\\\/about-the-black-sea-on-navy-day-id82693.html\",\"url\":\"https:\\\/\\\/www.rri.ro\\\/en\\\/news-and-current-affairs\\\/today-in-the-news\\\/about-the-black-sea-on-navy-day-id82693.html\",\"name\":\"About the Black Sea on Navy Day - Radio Romania International\",\"isPartOf\":{\"@id\":\"https:\\\/\\\/www.rri.ro\\\/#website\"},\"primaryImageOfPage\":{\"@id\":\"https:\\\/\\\/www.rri.ro\\\/en\\\/news-and-current-affairs\\\/today-in-the-news\\\/about-the-black-sea-on-navy-day-id82693.html#primaryimage\"},\"image\":{\"@id\":\"https:\\\/\\\/www.rri.ro\\\/en\\\/news-and-current-affairs\\\/today-in-the-news\\\/about-the-black-sea-on-navy-day-id82693.html#primaryimage\"},\"thumbnailUrl\":\"https:\\\/\\\/www.rri.ro\\\/wp-content\\\/uploads\\\/2023\\\/10\\\/ziua-marinei-fotofbfortelenavale.png\",\"datePublished\":\"2019-08-16T10:15:00+00:00\",\"dateModified\":\"2024-02-19T06:34:50+00:00\",\"author\":{\"@id\":\"https:\\\/\\\/www.rri.ro\\\/#\\\/schema\\\/person\\\/c6036c822534c855dc3aad41a484f05d\"},\"breadcrumb\":{\"@id\":\"https:\\\/\\\/www.rri.ro\\\/en\\\/news-and-current-affairs\\\/today-in-the-news\\\/about-the-black-sea-on-navy-day-id82693.html#breadcrumb\"},\"inLanguage\":\"en-US\",\"potentialAction\":[{\"@type\":\"ReadAction\",\"target\":[\"https:\\\/\\\/www.rri.ro\\\/en\\\/news-and-current-affairs\\\/today-in-the-news\\\/about-the-black-sea-on-navy-day-id82693.html\"]}]},{\"@type\":\"ImageObject\",\"inLanguage\":\"en-US\",\"@id\":\"https:\\\/\\\/www.rri.ro\\\/en\\\/news-and-current-affairs\\\/today-in-the-news\\\/about-the-black-sea-on-navy-day-id82693.html#primaryimage\",\"url\":\"https:\\\/\\\/www.rri.ro\\\/wp-content\\\/uploads\\\/2023\\\/10\\\/ziua-marinei-fotofbfortelenavale.png\",\"contentUrl\":\"https:\\\/\\\/www.rri.ro\\\/wp-content\\\/uploads\\\/2023\\\/10\\\/ziua-marinei-fotofbfortelenavale.png\",\"width\":640,\"height\":479},{\"@type\":\"BreadcrumbList\",\"@id\":\"https:\\\/\\\/www.rri.ro\\\/en\\\/news-and-current-affairs\\\/today-in-the-news\\\/about-the-black-sea-on-navy-day-id82693.html#breadcrumb\",\"itemListElement\":[{\"@type\":\"ListItem\",\"position\":1,\"name\":\"Homepage\",\"item\":\"https:\\\/\\\/www.rri.ro\\\/en\"},{\"@type\":\"ListItem\",\"position\":2,\"name\":\"News and Current Affairs\",\"item\":\"https:\\\/\\\/www.rri.ro\\\/en\\\/news-and-current-affairs\"},{\"@type\":\"ListItem\",\"position\":3,\"name\":\"Today in the News\",\"item\":\"https:\\\/\\\/www.rri.ro\\\/en\\\/news-and-current-affairs\\\/today-in-the-news\"},{\"@type\":\"ListItem\",\"position\":4,\"name\":\"About the Black Sea on Navy Day\"}]},{\"@type\":\"WebSite\",\"@id\":\"https:\\\/\\\/www.rri.ro\\\/#website\",\"url\":\"https:\\\/\\\/www.rri.ro\\\/\",\"name\":\"Radio Romania International\",\"description\":\"Totul despre Rom\u00e2nia \u015fi rom\u00e2ni, \u00een 13 limbi\\\/dialecte!\",\"inLanguage\":\"en-US\"},{\"@type\":\"Person\",\"@id\":\"https:\\\/\\\/www.rri.ro\\\/#\\\/schema\\\/person\\\/c6036c822534c855dc3aad41a484f05d\",\"name\":\"Mihai Pelin\",\"url\":\"https:\\\/\\\/www.rri.ro\\\/en\\\/author\\\/mihai-pelin\"}]}<\/script>\n<!-- \/ Yoast SEO plugin. -->","yoast_head_json":{"title":"About the Black Sea on Navy Day - Radio Romania International","robots":{"index":"index","follow":"follow","max-snippet":"max-snippet:-1","max-image-preview":"max-image-preview:large","max-video-preview":"max-video-preview:-1"},"canonical":"https:\/\/www.rri.ro\/en\/news-and-current-affairs\/today-in-the-news\/about-the-black-sea-on-navy-day-id82693.html","og_locale":"en_US","og_type":"article","og_title":"About the Black Sea on Navy Day - Radio Romania International","og_description":"A spectacular show was organized in the Romanian Black Sea Port of Constanta on Navy Day","og_url":"https:\/\/www.rri.ro\/en\/news-and-current-affairs\/today-in-the-news\/about-the-black-sea-on-navy-day-id82693.html","og_site_name":"Radio Romania International","article_published_time":"2019-08-16T10:15:00+00:00","article_modified_time":"2024-02-19T06:34:50+00:00","og_image":[{"width":640,"height":479,"url":"https:\/\/www.rri.ro\/wp-content\/uploads\/2023\/10\/ziua-marinei-fotofbfortelenavale.png","type":"image\/png"}],"author":"Mihai Pelin","twitter_card":"summary_large_image","twitter_misc":{"Written by":"Mihai Pelin","Est. reading time":"2 minutes"},"schema":{"@context":"https:\/\/schema.org","@graph":[{"@type":"Article","@id":"https:\/\/www.rri.ro\/en\/news-and-current-affairs\/today-in-the-news\/about-the-black-sea-on-navy-day-id82693.html#article","isPartOf":{"@id":"https:\/\/www.rri.ro\/en\/news-and-current-affairs\/today-in-the-news\/about-the-black-sea-on-navy-day-id82693.html"},"author":{"name":"Mihai Pelin","@id":"https:\/\/www.rri.ro\/#\/schema\/person\/c6036c822534c855dc3aad41a484f05d"},"headline":"About the Black Sea on Navy Day","datePublished":"2019-08-16T10:15:00+00:00","dateModified":"2024-02-19T06:34:50+00:00","mainEntityOfPage":{"@id":"https:\/\/www.rri.ro\/en\/news-and-current-affairs\/today-in-the-news\/about-the-black-sea-on-navy-day-id82693.html"},"wordCount":437,"image":{"@id":"https:\/\/www.rri.ro\/en\/news-and-current-affairs\/today-in-the-news\/about-the-black-sea-on-navy-day-id82693.html#primaryimage"},"thumbnailUrl":"https:\/\/www.rri.ro\/wp-content\/uploads\/2023\/10\/ziua-marinei-fotofbfortelenavale.png","articleSection":["Today in the News"],"inLanguage":"en-US"},{"@type":"WebPage","@id":"https:\/\/www.rri.ro\/en\/news-and-current-affairs\/today-in-the-news\/about-the-black-sea-on-navy-day-id82693.html","url":"https:\/\/www.rri.ro\/en\/news-and-current-affairs\/today-in-the-news\/about-the-black-sea-on-navy-day-id82693.html","name":"About the Black Sea on Navy Day - Radio Romania International","isPartOf":{"@id":"https:\/\/www.rri.ro\/#website"},"primaryImageOfPage":{"@id":"https:\/\/www.rri.ro\/en\/news-and-current-affairs\/today-in-the-news\/about-the-black-sea-on-navy-day-id82693.html#primaryimage"},"image":{"@id":"https:\/\/www.rri.ro\/en\/news-and-current-affairs\/today-in-the-news\/about-the-black-sea-on-navy-day-id82693.html#primaryimage"},"thumbnailUrl":"https:\/\/www.rri.ro\/wp-content\/uploads\/2023\/10\/ziua-marinei-fotofbfortelenavale.png","datePublished":"2019-08-16T10:15:00+00:00","dateModified":"2024-02-19T06:34:50+00:00","author":{"@id":"https:\/\/www.rri.ro\/#\/schema\/person\/c6036c822534c855dc3aad41a484f05d"},"breadcrumb":{"@id":"https:\/\/www.rri.ro\/en\/news-and-current-affairs\/today-in-the-news\/about-the-black-sea-on-navy-day-id82693.html#breadcrumb"},"inLanguage":"en-US","potentialAction":[{"@type":"ReadAction","target":["https:\/\/www.rri.ro\/en\/news-and-current-affairs\/today-in-the-news\/about-the-black-sea-on-navy-day-id82693.html"]}]},{"@type":"ImageObject","inLanguage":"en-US","@id":"https:\/\/www.rri.ro\/en\/news-and-current-affairs\/today-in-the-news\/about-the-black-sea-on-navy-day-id82693.html#primaryimage","url":"https:\/\/www.rri.ro\/wp-content\/uploads\/2023\/10\/ziua-marinei-fotofbfortelenavale.png","contentUrl":"https:\/\/www.rri.ro\/wp-content\/uploads\/2023\/10\/ziua-marinei-fotofbfortelenavale.png","width":640,"height":479},{"@type":"BreadcrumbList","@id":"https:\/\/www.rri.ro\/en\/news-and-current-affairs\/today-in-the-news\/about-the-black-sea-on-navy-day-id82693.html#breadcrumb","itemListElement":[{"@type":"ListItem","position":1,"name":"Homepage","item":"https:\/\/www.rri.ro\/en"},{"@type":"ListItem","position":2,"name":"News and Current Affairs","item":"https:\/\/www.rri.ro\/en\/news-and-current-affairs"},{"@type":"ListItem","position":3,"name":"Today in the News","item":"https:\/\/www.rri.ro\/en\/news-and-current-affairs\/today-in-the-news"},{"@type":"ListItem","position":4,"name":"About the Black Sea on Navy Day"}]},{"@type":"WebSite","@id":"https:\/\/www.rri.ro\/#website","url":"https:\/\/www.rri.ro\/","name":"Radio Romania International","description":"Totul despre Rom\u00e2nia \u015fi rom\u00e2ni, \u00een 13 limbi\/dialecte!","inLanguage":"en-US"},{"@type":"Person","@id":"https:\/\/www.rri.ro\/#\/schema\/person\/c6036c822534c855dc3aad41a484f05d","name":"Mihai Pelin","url":"https:\/\/www.rri.ro\/en\/author\/mihai-pelin"}]}},"_links":{"self":[{"href":"https:\/\/www.rri.ro\/en\/wp-json\/wp\/v2\/posts\/82693","targetHints":{"allow":["GET"]}}],"collection":[{"href":"https:\/\/www.rri.ro\/en\/wp-json\/wp\/v2\/posts"}],"about":[{"href":"https:\/\/www.rri.ro\/en\/wp-json\/wp\/v2\/types\/post"}],"author":[{"embeddable":true,"href":"https:\/\/www.rri.ro\/en\/wp-json\/wp\/v2\/users\/106"}],"replies":[{"embeddable":true,"href":"https:\/\/www.rri.ro\/en\/wp-json\/wp\/v2\/comments?post=82693"}],"version-history":[{"count":0,"href":"https:\/\/www.rri.ro\/en\/wp-json\/wp\/v2\/posts\/82693\/revisions"}],"wp:featuredmedia":[{"embeddable":true,"href":"https:\/\/www.rri.ro\/en\/wp-json\/wp\/v2\/media\/82694"}],"wp:attachment":[{"href":"https:\/\/www.rri.ro\/en\/wp-json\/wp\/v2\/media?parent=82693"}],"wp:term":[{"taxonomy":"category","embeddable":true,"href":"https:\/\/www.rri.ro\/en\/wp-json\/wp\/v2\/categories?post=82693"},{"taxonomy":"post_tag","embeddable":true,"href":"https:\/\/www.rri.ro\/en\/wp-json\/wp\/v2\/tags?post=82693"},{"taxonomy":"author","embeddable":true,"href":"https:\/\/www.rri.ro\/en\/wp-json\/wp\/v2\/coauthors?post=82693"}],"curies":[{"name":"wp","href":"https:\/\/api.w.org\/{rel}","templated":true}]}}