{"id":82737,"date":"2019-08-23T13:35:00","date_gmt":"2019-08-23T10:35:00","guid":{"rendered":"http:\/\/devrri.freshlemon.ro\/news-and-current-affairs\/newsflash\/tougher-measures-against-crime-82737.html"},"modified":"2024-02-19T08:34:54","modified_gmt":"2024-02-19T06:34:54","slug":"tougher-measures-against-crime","status":"publish","type":"post","link":"https:\/\/www.rri.ro\/en\/news-and-current-affairs\/today-in-the-news\/tougher-measures-against-crime-id82737.html","title":{"rendered":"Tougher Measures against Crime"},"content":{"rendered":"<p><p>The Justice Ministry in Romania toughens&#13;<br \/>\nup punishment for severe crimes against the person at the same time changing&#13;<br \/>\nconditions for searching a house as well as probation rules. <\/p>\n<p>&#13;<br \/>\n&#13;<br \/>\n&#13;<br \/>\n&#13;<br \/>\n&#13;<br \/>\n&#13;<\/p>\n<p>A project on amending the Penal&#13;<br \/>\nCodes has been tabled by Minister Ana Birchall, who said the government&#8217;s&#13;<br \/>\npurpose is to have regulations to prevent tragedies like the one that recently&#13;<br \/>\nhappened in Caracal, southern Romania, where a serial killer kidnapped, raped&#13;<br \/>\nand murdered two teenagers. <\/p>\n<p>&#13;<br \/>\n&#13;<br \/>\n&#13;<br \/>\n&#13;<br \/>\n&#13;<br \/>\n&#13;<\/p>\n<p>Kidnapping is punishable by prison&#13;<br \/>\nsentences between 2 and 8 years. The age limit for probation will increase from&#13;<br \/>\n60 to 65 years and so will other cumulative conditions such as the one forcing&#13;<br \/>\nthe criminal to serve 25 years in prison instead of 20 at present. The&#13;<br \/>\nanti-mafia department DIICOT will also have more competences. <\/p>\n<p>&#13;<br \/>\n&#13;<br \/>\n&#13;<br \/>\n&#13;<br \/>\n&#13;<br \/>\n&#13;<\/p>\n<p>Ana Birchall: We propose an&#13;<br \/>\nextension of DIICOT competences also for the aggravating versions of the crimes&#13;<br \/>\nof kidnapping and enslaving persons, due to the severity and complexity of such&#13;<br \/>\noffences.<\/p>\n<p>&#13;<br \/>\n&#13;<br \/>\n&#13;<br \/>\n&#13;<br \/>\n&#13;<br \/>\n&#13;<\/p>\n<p>The new amendments will allow the&#13;<br \/>\npolice to carry out a house search right away and not in 24 hours as the law&#13;<br \/>\npresently stipulates. Furthermore, police will be allowed to carry out searches&#13;<br \/>\nat night between 8 pm and 6 am in severe cases. <\/p>\n<p>&#13;<br \/>\n&#13;<br \/>\n&#13;<br \/>\n&#13;<br \/>\n&#13;<br \/>\n&#13;<\/p>\n<p>The aforementioned amendments are&#13;<br \/>\nto be passed through emergency ordinances and come after more than 16 thousand&#13;<br \/>\ninmates have been released since October 2017 through the compensatory appeal&#13;<br \/>\nlaw endorsed by former Justice Ministry Tudorel Toader, backed at that time by&#13;<br \/>\nthe PSD-ALDE coalition. Some of these inmates who were serving sentences for&#13;<br \/>\nmurder, theft or rape relapsed into criminal behavior shortly after their&#13;<br \/>\nrelease. <\/p>\n<p>&#13;<br \/>\n&#13;<br \/>\n&#13;<br \/>\n&#13;<br \/>\n&#13;<br \/>\n&#13;<\/p>\n<p>Another project proposed by the&#13;<br \/>\ngovernment is aimed at increasing the performance of the 112 emergency service.&#13;<br \/>\nOne of the most controversial rules is about preventing the purchase of prepaid&#13;<br \/>\ncards without identification since almost half of the total number of emergency&#13;<br \/>\ncalls last year proved to be prank calls. According to Interior Minister Raed&#13;<br \/>\nArafat, the method, which has already been implemented in 22 European&#13;<br \/>\ncountries, is meant to discourage prank callers at the same time enabling&#13;<br \/>\nrescuers to locate the person who needs help. <\/p>\n<p>&#13;<br \/>\n&#13;<br \/>\n&#13;<br \/>\n&#13;<br \/>\n&#13;<br \/>\n&#13;<\/p>\n<p>Raed Arafat   A person calls for help but before being&#13;<br \/>\nable to provide the necessary data, they may pass out. They may be alone and we&#13;<br \/>\nwill not be able to locate their position. We&#8217;ll call them once, twice and then&#13;<br \/>\nit&#8217;s &#8230;over.<\/p>\n<p>&#13;<br \/>\n&#13;<br \/>\n&#13;<br \/>\n&#13;<br \/>\n&#13;<br \/>\n&#13;<\/p>\n<p>Another amendment refers to the&#13;<br \/>\npossibility of locating a caller by means of Google satellites with an accuracy&#13;<br \/>\nof up to 50 meters as compared to 20 or 30 kilometers allowed by the present&#13;<br \/>\nsystem. <\/p>\n<p>&#13;<br \/>\n&#13;<br \/>\n&#13;<br \/>\n&#13;<\/p>\n<p>(translated by bill)<\/p>\n<p>&#13;<br \/>\n&#13;<br \/><\/p>\n","protected":false},"excerpt":{"rendered":"<p>Authorities in Bucharest are proposing tougher measures against severe offences against the person as well as improvements of the 112 emergency service<\/p>\n","protected":false},"author":106,"featured_media":79220,"comment_status":"closed","ping_status":"closed","sticky":false,"template":"","format":"standard","meta":{"_acf_changed":false,"footnotes":""},"categories":[37738],"tags":[31567,30742,31557,31952],"coauthors":[],"class_list":["post-82737","post","type-post","status-publish","format-standard","has-post-thumbnail","hentry","category-today-in-the-news","tag-birchall","tag-diicot","tag-psd-alde","tag-toader"],"acf":[],"yoast_head":"<!-- This site is optimized with the Yoast SEO plugin v27.3 - https:\/\/yoast.com\/product\/yoast-seo-wordpress\/ -->\n<title>Tougher Measures against Crime - Radio Romania International<\/title>\n<meta name=\"robots\" content=\"index, follow, max-snippet:-1, max-image-preview:large, max-video-preview:-1\" \/>\n<link rel=\"canonical\" href=\"https:\/\/www.rri.ro\/en\/news-and-current-affairs\/today-in-the-news\/tougher-measures-against-crime-id82737.html\" \/>\n<meta property=\"og:locale\" content=\"en_US\" \/>\n<meta property=\"og:type\" content=\"article\" \/>\n<meta property=\"og:title\" content=\"Tougher Measures against Crime - Radio Romania International\" \/>\n<meta property=\"og:description\" content=\"Authorities in Bucharest are proposing tougher measures against severe offences against the person as well as improvements of the 112 emergency service\" \/>\n<meta property=\"og:url\" content=\"https:\/\/www.rri.ro\/en\/news-and-current-affairs\/today-in-the-news\/tougher-measures-against-crime-id82737.html\" \/>\n<meta property=\"og:site_name\" content=\"Radio Romania International\" \/>\n<meta property=\"article:published_time\" content=\"2019-08-23T10:35:00+00:00\" \/>\n<meta property=\"article:modified_time\" content=\"2024-02-19T06:34:54+00:00\" \/>\n<meta property=\"og:image\" content=\"https:\/\/www.rri.ro\/wp-content\/uploads\/2023\/10\/justitie-generic-pixabay.jpg\" \/>\n\t<meta property=\"og:image:width\" content=\"640\" \/>\n\t<meta property=\"og:image:height\" content=\"426\" \/>\n\t<meta property=\"og:image:type\" content=\"image\/jpeg\" \/>\n<meta name=\"author\" content=\"Mihai Pelin\" \/>\n<meta name=\"twitter:card\" content=\"summary_large_image\" \/>\n<meta name=\"twitter:label1\" content=\"Written by\" \/>\n\t<meta name=\"twitter:data1\" content=\"Mihai Pelin\" \/>\n\t<meta name=\"twitter:label2\" content=\"Est. reading time\" \/>\n\t<meta name=\"twitter:data2\" content=\"2 minutes\" \/>\n<script type=\"application\/ld+json\" class=\"yoast-schema-graph\">{\"@context\":\"https:\\\/\\\/schema.org\",\"@graph\":[{\"@type\":\"Article\",\"@id\":\"https:\\\/\\\/www.rri.ro\\\/en\\\/news-and-current-affairs\\\/today-in-the-news\\\/tougher-measures-against-crime-id82737.html#article\",\"isPartOf\":{\"@id\":\"https:\\\/\\\/www.rri.ro\\\/en\\\/news-and-current-affairs\\\/today-in-the-news\\\/tougher-measures-against-crime-id82737.html\"},\"author\":{\"name\":\"Mihai Pelin\",\"@id\":\"https:\\\/\\\/www.rri.ro\\\/#\\\/schema\\\/person\\\/c6036c822534c855dc3aad41a484f05d\"},\"headline\":\"Tougher Measures against Crime\",\"datePublished\":\"2019-08-23T10:35:00+00:00\",\"dateModified\":\"2024-02-19T06:34:54+00:00\",\"mainEntityOfPage\":{\"@id\":\"https:\\\/\\\/www.rri.ro\\\/en\\\/news-and-current-affairs\\\/today-in-the-news\\\/tougher-measures-against-crime-id82737.html\"},\"wordCount\":430,\"image\":{\"@id\":\"https:\\\/\\\/www.rri.ro\\\/en\\\/news-and-current-affairs\\\/today-in-the-news\\\/tougher-measures-against-crime-id82737.html#primaryimage\"},\"thumbnailUrl\":\"https:\\\/\\\/www.rri.ro\\\/wp-content\\\/uploads\\\/2023\\\/10\\\/justitie-generic-pixabay.jpg\",\"keywords\":[\"Birchall\",\"DIICOT\",\"PSD-ALDE\",\"Toader\"],\"articleSection\":[\"Today in the News\"],\"inLanguage\":\"en-US\"},{\"@type\":\"WebPage\",\"@id\":\"https:\\\/\\\/www.rri.ro\\\/en\\\/news-and-current-affairs\\\/today-in-the-news\\\/tougher-measures-against-crime-id82737.html\",\"url\":\"https:\\\/\\\/www.rri.ro\\\/en\\\/news-and-current-affairs\\\/today-in-the-news\\\/tougher-measures-against-crime-id82737.html\",\"name\":\"Tougher Measures against Crime - Radio Romania International\",\"isPartOf\":{\"@id\":\"https:\\\/\\\/www.rri.ro\\\/#website\"},\"primaryImageOfPage\":{\"@id\":\"https:\\\/\\\/www.rri.ro\\\/en\\\/news-and-current-affairs\\\/today-in-the-news\\\/tougher-measures-against-crime-id82737.html#primaryimage\"},\"image\":{\"@id\":\"https:\\\/\\\/www.rri.ro\\\/en\\\/news-and-current-affairs\\\/today-in-the-news\\\/tougher-measures-against-crime-id82737.html#primaryimage\"},\"thumbnailUrl\":\"https:\\\/\\\/www.rri.ro\\\/wp-content\\\/uploads\\\/2023\\\/10\\\/justitie-generic-pixabay.jpg\",\"datePublished\":\"2019-08-23T10:35:00+00:00\",\"dateModified\":\"2024-02-19T06:34:54+00:00\",\"author\":{\"@id\":\"https:\\\/\\\/www.rri.ro\\\/#\\\/schema\\\/person\\\/c6036c822534c855dc3aad41a484f05d\"},\"breadcrumb\":{\"@id\":\"https:\\\/\\\/www.rri.ro\\\/en\\\/news-and-current-affairs\\\/today-in-the-news\\\/tougher-measures-against-crime-id82737.html#breadcrumb\"},\"inLanguage\":\"en-US\",\"potentialAction\":[{\"@type\":\"ReadAction\",\"target\":[\"https:\\\/\\\/www.rri.ro\\\/en\\\/news-and-current-affairs\\\/today-in-the-news\\\/tougher-measures-against-crime-id82737.html\"]}]},{\"@type\":\"ImageObject\",\"inLanguage\":\"en-US\",\"@id\":\"https:\\\/\\\/www.rri.ro\\\/en\\\/news-and-current-affairs\\\/today-in-the-news\\\/tougher-measures-against-crime-id82737.html#primaryimage\",\"url\":\"https:\\\/\\\/www.rri.ro\\\/wp-content\\\/uploads\\\/2023\\\/10\\\/justitie-generic-pixabay.jpg\",\"contentUrl\":\"https:\\\/\\\/www.rri.ro\\\/wp-content\\\/uploads\\\/2023\\\/10\\\/justitie-generic-pixabay.jpg\",\"width\":640,\"height\":426},{\"@type\":\"BreadcrumbList\",\"@id\":\"https:\\\/\\\/www.rri.ro\\\/en\\\/news-and-current-affairs\\\/today-in-the-news\\\/tougher-measures-against-crime-id82737.html#breadcrumb\",\"itemListElement\":[{\"@type\":\"ListItem\",\"position\":1,\"name\":\"Homepage\",\"item\":\"https:\\\/\\\/www.rri.ro\\\/en\"},{\"@type\":\"ListItem\",\"position\":2,\"name\":\"News and Current Affairs\",\"item\":\"https:\\\/\\\/www.rri.ro\\\/en\\\/news-and-current-affairs\"},{\"@type\":\"ListItem\",\"position\":3,\"name\":\"Today in the News\",\"item\":\"https:\\\/\\\/www.rri.ro\\\/en\\\/news-and-current-affairs\\\/today-in-the-news\"},{\"@type\":\"ListItem\",\"position\":4,\"name\":\"Tougher Measures against Crime\"}]},{\"@type\":\"WebSite\",\"@id\":\"https:\\\/\\\/www.rri.ro\\\/#website\",\"url\":\"https:\\\/\\\/www.rri.ro\\\/\",\"name\":\"Radio Romania International\",\"description\":\"Totul despre Rom\u00e2nia \u015fi rom\u00e2ni, \u00een 13 limbi\\\/dialecte!\",\"inLanguage\":\"en-US\"},{\"@type\":\"Person\",\"@id\":\"https:\\\/\\\/www.rri.ro\\\/#\\\/schema\\\/person\\\/c6036c822534c855dc3aad41a484f05d\",\"name\":\"Mihai Pelin\",\"url\":\"https:\\\/\\\/www.rri.ro\\\/en\\\/author\\\/mihai-pelin\"}]}<\/script>\n<!-- \/ Yoast SEO plugin. -->","yoast_head_json":{"title":"Tougher Measures against Crime - Radio Romania International","robots":{"index":"index","follow":"follow","max-snippet":"max-snippet:-1","max-image-preview":"max-image-preview:large","max-video-preview":"max-video-preview:-1"},"canonical":"https:\/\/www.rri.ro\/en\/news-and-current-affairs\/today-in-the-news\/tougher-measures-against-crime-id82737.html","og_locale":"en_US","og_type":"article","og_title":"Tougher Measures against Crime - Radio Romania International","og_description":"Authorities in Bucharest are proposing tougher measures against severe offences against the person as well as improvements of the 112 emergency service","og_url":"https:\/\/www.rri.ro\/en\/news-and-current-affairs\/today-in-the-news\/tougher-measures-against-crime-id82737.html","og_site_name":"Radio Romania International","article_published_time":"2019-08-23T10:35:00+00:00","article_modified_time":"2024-02-19T06:34:54+00:00","og_image":[{"width":640,"height":426,"url":"https:\/\/www.rri.ro\/wp-content\/uploads\/2023\/10\/justitie-generic-pixabay.jpg","type":"image\/jpeg"}],"author":"Mihai Pelin","twitter_card":"summary_large_image","twitter_misc":{"Written by":"Mihai Pelin","Est. reading time":"2 minutes"},"schema":{"@context":"https:\/\/schema.org","@graph":[{"@type":"Article","@id":"https:\/\/www.rri.ro\/en\/news-and-current-affairs\/today-in-the-news\/tougher-measures-against-crime-id82737.html#article","isPartOf":{"@id":"https:\/\/www.rri.ro\/en\/news-and-current-affairs\/today-in-the-news\/tougher-measures-against-crime-id82737.html"},"author":{"name":"Mihai Pelin","@id":"https:\/\/www.rri.ro\/#\/schema\/person\/c6036c822534c855dc3aad41a484f05d"},"headline":"Tougher Measures against Crime","datePublished":"2019-08-23T10:35:00+00:00","dateModified":"2024-02-19T06:34:54+00:00","mainEntityOfPage":{"@id":"https:\/\/www.rri.ro\/en\/news-and-current-affairs\/today-in-the-news\/tougher-measures-against-crime-id82737.html"},"wordCount":430,"image":{"@id":"https:\/\/www.rri.ro\/en\/news-and-current-affairs\/today-in-the-news\/tougher-measures-against-crime-id82737.html#primaryimage"},"thumbnailUrl":"https:\/\/www.rri.ro\/wp-content\/uploads\/2023\/10\/justitie-generic-pixabay.jpg","keywords":["Birchall","DIICOT","PSD-ALDE","Toader"],"articleSection":["Today in the News"],"inLanguage":"en-US"},{"@type":"WebPage","@id":"https:\/\/www.rri.ro\/en\/news-and-current-affairs\/today-in-the-news\/tougher-measures-against-crime-id82737.html","url":"https:\/\/www.rri.ro\/en\/news-and-current-affairs\/today-in-the-news\/tougher-measures-against-crime-id82737.html","name":"Tougher Measures against Crime - Radio Romania International","isPartOf":{"@id":"https:\/\/www.rri.ro\/#website"},"primaryImageOfPage":{"@id":"https:\/\/www.rri.ro\/en\/news-and-current-affairs\/today-in-the-news\/tougher-measures-against-crime-id82737.html#primaryimage"},"image":{"@id":"https:\/\/www.rri.ro\/en\/news-and-current-affairs\/today-in-the-news\/tougher-measures-against-crime-id82737.html#primaryimage"},"thumbnailUrl":"https:\/\/www.rri.ro\/wp-content\/uploads\/2023\/10\/justitie-generic-pixabay.jpg","datePublished":"2019-08-23T10:35:00+00:00","dateModified":"2024-02-19T06:34:54+00:00","author":{"@id":"https:\/\/www.rri.ro\/#\/schema\/person\/c6036c822534c855dc3aad41a484f05d"},"breadcrumb":{"@id":"https:\/\/www.rri.ro\/en\/news-and-current-affairs\/today-in-the-news\/tougher-measures-against-crime-id82737.html#breadcrumb"},"inLanguage":"en-US","potentialAction":[{"@type":"ReadAction","target":["https:\/\/www.rri.ro\/en\/news-and-current-affairs\/today-in-the-news\/tougher-measures-against-crime-id82737.html"]}]},{"@type":"ImageObject","inLanguage":"en-US","@id":"https:\/\/www.rri.ro\/en\/news-and-current-affairs\/today-in-the-news\/tougher-measures-against-crime-id82737.html#primaryimage","url":"https:\/\/www.rri.ro\/wp-content\/uploads\/2023\/10\/justitie-generic-pixabay.jpg","contentUrl":"https:\/\/www.rri.ro\/wp-content\/uploads\/2023\/10\/justitie-generic-pixabay.jpg","width":640,"height":426},{"@type":"BreadcrumbList","@id":"https:\/\/www.rri.ro\/en\/news-and-current-affairs\/today-in-the-news\/tougher-measures-against-crime-id82737.html#breadcrumb","itemListElement":[{"@type":"ListItem","position":1,"name":"Homepage","item":"https:\/\/www.rri.ro\/en"},{"@type":"ListItem","position":2,"name":"News and Current Affairs","item":"https:\/\/www.rri.ro\/en\/news-and-current-affairs"},{"@type":"ListItem","position":3,"name":"Today in the News","item":"https:\/\/www.rri.ro\/en\/news-and-current-affairs\/today-in-the-news"},{"@type":"ListItem","position":4,"name":"Tougher Measures against Crime"}]},{"@type":"WebSite","@id":"https:\/\/www.rri.ro\/#website","url":"https:\/\/www.rri.ro\/","name":"Radio Romania International","description":"Totul despre Rom\u00e2nia \u015fi rom\u00e2ni, \u00een 13 limbi\/dialecte!","inLanguage":"en-US"},{"@type":"Person","@id":"https:\/\/www.rri.ro\/#\/schema\/person\/c6036c822534c855dc3aad41a484f05d","name":"Mihai Pelin","url":"https:\/\/www.rri.ro\/en\/author\/mihai-pelin"}]}},"_links":{"self":[{"href":"https:\/\/www.rri.ro\/en\/wp-json\/wp\/v2\/posts\/82737","targetHints":{"allow":["GET"]}}],"collection":[{"href":"https:\/\/www.rri.ro\/en\/wp-json\/wp\/v2\/posts"}],"about":[{"href":"https:\/\/www.rri.ro\/en\/wp-json\/wp\/v2\/types\/post"}],"author":[{"embeddable":true,"href":"https:\/\/www.rri.ro\/en\/wp-json\/wp\/v2\/users\/106"}],"replies":[{"embeddable":true,"href":"https:\/\/www.rri.ro\/en\/wp-json\/wp\/v2\/comments?post=82737"}],"version-history":[{"count":0,"href":"https:\/\/www.rri.ro\/en\/wp-json\/wp\/v2\/posts\/82737\/revisions"}],"wp:featuredmedia":[{"embeddable":true,"href":"https:\/\/www.rri.ro\/en\/wp-json\/wp\/v2\/media\/79220"}],"wp:attachment":[{"href":"https:\/\/www.rri.ro\/en\/wp-json\/wp\/v2\/media?parent=82737"}],"wp:term":[{"taxonomy":"category","embeddable":true,"href":"https:\/\/www.rri.ro\/en\/wp-json\/wp\/v2\/categories?post=82737"},{"taxonomy":"post_tag","embeddable":true,"href":"https:\/\/www.rri.ro\/en\/wp-json\/wp\/v2\/tags?post=82737"},{"taxonomy":"author","embeddable":true,"href":"https:\/\/www.rri.ro\/en\/wp-json\/wp\/v2\/coauthors?post=82737"}],"curies":[{"name":"wp","href":"https:\/\/api.w.org\/{rel}","templated":true}]}}