{"id":82811,"date":"2019-09-05T13:28:00","date_gmt":"2019-09-05T10:28:00","guid":{"rendered":"http:\/\/devrri.freshlemon.ro\/news-and-current-affairs\/newsflash\/turmoil-on-the-romanian-political-stage-82811.html"},"modified":"2024-02-19T08:35:03","modified_gmt":"2024-02-19T06:35:03","slug":"turmoil-on-the-romanian-political-stage","status":"publish","type":"post","link":"https:\/\/www.rri.ro\/en\/news-and-current-affairs\/today-in-the-news\/turmoil-on-the-romanian-political-stage-id82811.html","title":{"rendered":"Turmoil on the Romanian political stage"},"content":{"rendered":"<p>The political crisis in Bucharest continues and President Klaus Iohannis and PM Viorica Dancila, both presidential candidates, are harshly criticizing each other. Iohannis accuses the ruling Social Democratic Party of having done nothing to prevent situations such as the one in Caracal, where two teenage girls were kidnapped, raped and murdered by a 68-year old man. The tragedy has surfaced serious problems in the way the state institution, plagued by incompetence, corruption and indifference, work, Iohannis has said. The President believes the Social Democrat governing has failed because, except for a few specific measures, it has only rotated heads of institutions, without actually punishing them for their incompetence.<\/p>\n<p>&#13;<br \/>\n&#13;<\/p>\n<p>&#13;<br \/>\n&#13;<\/p>\n<p>Klaus Iohannis :\u201cAt it has repeatedly shown us, PSD is expert in delaying things, hoping people will forget who the guilty ones are. PSD members have abandoned solutions to systemic problems when their leaders understood these solutions meant in fact giving up control over Justice and Police, because, beyond the decision to toughen or not penalties for offenses, we are talking about how the state institutions work.\u201d<\/p>\n<p>&#13;<br \/>\n&#13;<\/p>\n<p>&#13;<br \/>\n&#13;<\/p>\n<p>In her turn, PM Dancila has said the Government will notify the Constitutional Court over a legal conflict with the head of state. Dancila has accused the President of blocking Government\u2019s activity by his unjustified refusal to endorse new ministers for the ministries of Energy, Environment and the Relation with Parliament. Dancila has also criticized Iohannis for mentioning, after so long, the tragedy in Caracal, and has said it is indecent to use it in order to prepare the ground for political movements or to block the Government.<\/p>\n<p>&#13;<br \/>\n&#13;<\/p>\n<p>&#13;<br \/>\n&#13;<\/p>\n<p>Viorica Dancila: \u201cIt is not the state, whose head he says he is, that needs a reset, but it is Romania\u2019s President who needs a reset. He speaks of power, but he forgets he has been in power for five years now. Let\u2019s remember how in the first days after this tragedy Klaus Iohannis was very late at a meeting of the Supreme Defense Council and hesitated to dismiss the head of the Special Telecommunication Service, after which he reconsidered, late and uselessly, just as he came now to tell us a big nothing.\u201d<\/p>\n<p>&#13;<br \/>\n&#13;<\/p>\n<p>&#13;<br \/>\n&#13;<\/p>\n<p>According to the PM, it\u2019s not just the President who wants to systematically block the Government, but the entire opposition, that plans to hold a no confident vote in Parliament, against the Dancila cabinet. The Liberals have announced they are negotiating with other parliamentary parties to make sure they do not miss the opportunity to oust the Social Democrats, especially after the Alliance of Liberals and Democrats, the Social Democrats\u2019 junior partners, left the Governing coalition.<\/p>\n<p>&#13;<br \/>\n&#13;<\/p>\n<p><em>(Translated by Elena Enache)<\/em><\/p>\n<p>&#13;<\/p>\n","protected":false},"excerpt":{"rendered":"<p>Romanian President Klaus Iohannis criticizes the ruling party PSD, of being more focused on solving its internal problems than taking measures for Romanians safety.<\/p>\n","protected":false},"author":106,"featured_media":82768,"comment_status":"closed","ping_status":"closed","sticky":false,"template":"","format":"standard","meta":{"_acf_changed":false,"footnotes":""},"categories":[37738],"tags":[],"coauthors":[],"class_list":["post-82811","post","type-post","status-publish","format-standard","has-post-thumbnail","hentry","category-today-in-the-news"],"acf":[],"yoast_head":"<!-- This site is optimized with the Yoast SEO plugin v27.3 - https:\/\/yoast.com\/product\/yoast-seo-wordpress\/ -->\n<title>Turmoil on the Romanian political stage - Radio Romania International<\/title>\n<meta name=\"robots\" content=\"index, follow, max-snippet:-1, max-image-preview:large, max-video-preview:-1\" \/>\n<link rel=\"canonical\" href=\"https:\/\/www.rri.ro\/en\/news-and-current-affairs\/today-in-the-news\/turmoil-on-the-romanian-political-stage-id82811.html\" \/>\n<meta property=\"og:locale\" content=\"en_US\" \/>\n<meta property=\"og:type\" content=\"article\" \/>\n<meta property=\"og:title\" content=\"Turmoil on the Romanian political stage - Radio Romania International\" \/>\n<meta property=\"og:description\" content=\"Romanian President Klaus Iohannis criticizes the ruling party PSD, of being more focused on solving its internal problems than taking measures for Romanians safety.\" \/>\n<meta property=\"og:url\" content=\"https:\/\/www.rri.ro\/en\/news-and-current-affairs\/today-in-the-news\/turmoil-on-the-romanian-political-stage-id82811.html\" \/>\n<meta property=\"og:site_name\" content=\"Radio Romania International\" \/>\n<meta property=\"article:published_time\" content=\"2019-09-05T10:28:00+00:00\" \/>\n<meta property=\"article:modified_time\" content=\"2024-02-19T06:35:03+00:00\" \/>\n<meta property=\"og:image\" content=\"https:\/\/www.rri.ro\/wp-content\/uploads\/2023\/10\/dancila-si-iohannis.jpg\" \/>\n\t<meta property=\"og:image:width\" content=\"640\" \/>\n\t<meta property=\"og:image:height\" content=\"480\" \/>\n\t<meta property=\"og:image:type\" content=\"image\/jpeg\" \/>\n<meta name=\"author\" content=\"Mihai Pelin\" \/>\n<meta name=\"twitter:card\" content=\"summary_large_image\" \/>\n<meta name=\"twitter:label1\" content=\"Written by\" \/>\n\t<meta name=\"twitter:data1\" content=\"Mihai Pelin\" \/>\n\t<meta name=\"twitter:label2\" content=\"Est. reading time\" \/>\n\t<meta name=\"twitter:data2\" content=\"2 minutes\" \/>\n<script type=\"application\/ld+json\" class=\"yoast-schema-graph\">{\"@context\":\"https:\\\/\\\/schema.org\",\"@graph\":[{\"@type\":\"Article\",\"@id\":\"https:\\\/\\\/www.rri.ro\\\/en\\\/news-and-current-affairs\\\/today-in-the-news\\\/turmoil-on-the-romanian-political-stage-id82811.html#article\",\"isPartOf\":{\"@id\":\"https:\\\/\\\/www.rri.ro\\\/en\\\/news-and-current-affairs\\\/today-in-the-news\\\/turmoil-on-the-romanian-political-stage-id82811.html\"},\"author\":{\"name\":\"Mihai Pelin\",\"@id\":\"https:\\\/\\\/www.rri.ro\\\/#\\\/schema\\\/person\\\/c6036c822534c855dc3aad41a484f05d\"},\"headline\":\"Turmoil on the Romanian political stage\",\"datePublished\":\"2019-09-05T10:28:00+00:00\",\"dateModified\":\"2024-02-19T06:35:03+00:00\",\"mainEntityOfPage\":{\"@id\":\"https:\\\/\\\/www.rri.ro\\\/en\\\/news-and-current-affairs\\\/today-in-the-news\\\/turmoil-on-the-romanian-political-stage-id82811.html\"},\"wordCount\":447,\"image\":{\"@id\":\"https:\\\/\\\/www.rri.ro\\\/en\\\/news-and-current-affairs\\\/today-in-the-news\\\/turmoil-on-the-romanian-political-stage-id82811.html#primaryimage\"},\"thumbnailUrl\":\"https:\\\/\\\/www.rri.ro\\\/wp-content\\\/uploads\\\/2023\\\/10\\\/dancila-si-iohannis.jpg\",\"articleSection\":[\"Today in the News\"],\"inLanguage\":\"en-US\"},{\"@type\":\"WebPage\",\"@id\":\"https:\\\/\\\/www.rri.ro\\\/en\\\/news-and-current-affairs\\\/today-in-the-news\\\/turmoil-on-the-romanian-political-stage-id82811.html\",\"url\":\"https:\\\/\\\/www.rri.ro\\\/en\\\/news-and-current-affairs\\\/today-in-the-news\\\/turmoil-on-the-romanian-political-stage-id82811.html\",\"name\":\"Turmoil on the Romanian political stage - Radio Romania International\",\"isPartOf\":{\"@id\":\"https:\\\/\\\/www.rri.ro\\\/#website\"},\"primaryImageOfPage\":{\"@id\":\"https:\\\/\\\/www.rri.ro\\\/en\\\/news-and-current-affairs\\\/today-in-the-news\\\/turmoil-on-the-romanian-political-stage-id82811.html#primaryimage\"},\"image\":{\"@id\":\"https:\\\/\\\/www.rri.ro\\\/en\\\/news-and-current-affairs\\\/today-in-the-news\\\/turmoil-on-the-romanian-political-stage-id82811.html#primaryimage\"},\"thumbnailUrl\":\"https:\\\/\\\/www.rri.ro\\\/wp-content\\\/uploads\\\/2023\\\/10\\\/dancila-si-iohannis.jpg\",\"datePublished\":\"2019-09-05T10:28:00+00:00\",\"dateModified\":\"2024-02-19T06:35:03+00:00\",\"author\":{\"@id\":\"https:\\\/\\\/www.rri.ro\\\/#\\\/schema\\\/person\\\/c6036c822534c855dc3aad41a484f05d\"},\"breadcrumb\":{\"@id\":\"https:\\\/\\\/www.rri.ro\\\/en\\\/news-and-current-affairs\\\/today-in-the-news\\\/turmoil-on-the-romanian-political-stage-id82811.html#breadcrumb\"},\"inLanguage\":\"en-US\",\"potentialAction\":[{\"@type\":\"ReadAction\",\"target\":[\"https:\\\/\\\/www.rri.ro\\\/en\\\/news-and-current-affairs\\\/today-in-the-news\\\/turmoil-on-the-romanian-political-stage-id82811.html\"]}]},{\"@type\":\"ImageObject\",\"inLanguage\":\"en-US\",\"@id\":\"https:\\\/\\\/www.rri.ro\\\/en\\\/news-and-current-affairs\\\/today-in-the-news\\\/turmoil-on-the-romanian-political-stage-id82811.html#primaryimage\",\"url\":\"https:\\\/\\\/www.rri.ro\\\/wp-content\\\/uploads\\\/2023\\\/10\\\/dancila-si-iohannis.jpg\",\"contentUrl\":\"https:\\\/\\\/www.rri.ro\\\/wp-content\\\/uploads\\\/2023\\\/10\\\/dancila-si-iohannis.jpg\",\"width\":640,\"height\":480},{\"@type\":\"BreadcrumbList\",\"@id\":\"https:\\\/\\\/www.rri.ro\\\/en\\\/news-and-current-affairs\\\/today-in-the-news\\\/turmoil-on-the-romanian-political-stage-id82811.html#breadcrumb\",\"itemListElement\":[{\"@type\":\"ListItem\",\"position\":1,\"name\":\"Homepage\",\"item\":\"https:\\\/\\\/www.rri.ro\\\/en\"},{\"@type\":\"ListItem\",\"position\":2,\"name\":\"News and Current Affairs\",\"item\":\"https:\\\/\\\/www.rri.ro\\\/en\\\/news-and-current-affairs\"},{\"@type\":\"ListItem\",\"position\":3,\"name\":\"Today in the News\",\"item\":\"https:\\\/\\\/www.rri.ro\\\/en\\\/news-and-current-affairs\\\/today-in-the-news\"},{\"@type\":\"ListItem\",\"position\":4,\"name\":\"Turmoil on the Romanian political stage\"}]},{\"@type\":\"WebSite\",\"@id\":\"https:\\\/\\\/www.rri.ro\\\/#website\",\"url\":\"https:\\\/\\\/www.rri.ro\\\/\",\"name\":\"Radio Romania International\",\"description\":\"Totul despre Rom\u00e2nia \u015fi rom\u00e2ni, \u00een 13 limbi\\\/dialecte!\",\"inLanguage\":\"en-US\"},{\"@type\":\"Person\",\"@id\":\"https:\\\/\\\/www.rri.ro\\\/#\\\/schema\\\/person\\\/c6036c822534c855dc3aad41a484f05d\",\"name\":\"Mihai Pelin\",\"url\":\"https:\\\/\\\/www.rri.ro\\\/en\\\/author\\\/mihai-pelin\"}]}<\/script>\n<!-- \/ Yoast SEO plugin. -->","yoast_head_json":{"title":"Turmoil on the Romanian political stage - Radio Romania International","robots":{"index":"index","follow":"follow","max-snippet":"max-snippet:-1","max-image-preview":"max-image-preview:large","max-video-preview":"max-video-preview:-1"},"canonical":"https:\/\/www.rri.ro\/en\/news-and-current-affairs\/today-in-the-news\/turmoil-on-the-romanian-political-stage-id82811.html","og_locale":"en_US","og_type":"article","og_title":"Turmoil on the Romanian political stage - Radio Romania International","og_description":"Romanian President Klaus Iohannis criticizes the ruling party PSD, of being more focused on solving its internal problems than taking measures for Romanians safety.","og_url":"https:\/\/www.rri.ro\/en\/news-and-current-affairs\/today-in-the-news\/turmoil-on-the-romanian-political-stage-id82811.html","og_site_name":"Radio Romania International","article_published_time":"2019-09-05T10:28:00+00:00","article_modified_time":"2024-02-19T06:35:03+00:00","og_image":[{"width":640,"height":480,"url":"https:\/\/www.rri.ro\/wp-content\/uploads\/2023\/10\/dancila-si-iohannis.jpg","type":"image\/jpeg"}],"author":"Mihai Pelin","twitter_card":"summary_large_image","twitter_misc":{"Written by":"Mihai Pelin","Est. reading time":"2 minutes"},"schema":{"@context":"https:\/\/schema.org","@graph":[{"@type":"Article","@id":"https:\/\/www.rri.ro\/en\/news-and-current-affairs\/today-in-the-news\/turmoil-on-the-romanian-political-stage-id82811.html#article","isPartOf":{"@id":"https:\/\/www.rri.ro\/en\/news-and-current-affairs\/today-in-the-news\/turmoil-on-the-romanian-political-stage-id82811.html"},"author":{"name":"Mihai Pelin","@id":"https:\/\/www.rri.ro\/#\/schema\/person\/c6036c822534c855dc3aad41a484f05d"},"headline":"Turmoil on the Romanian political stage","datePublished":"2019-09-05T10:28:00+00:00","dateModified":"2024-02-19T06:35:03+00:00","mainEntityOfPage":{"@id":"https:\/\/www.rri.ro\/en\/news-and-current-affairs\/today-in-the-news\/turmoil-on-the-romanian-political-stage-id82811.html"},"wordCount":447,"image":{"@id":"https:\/\/www.rri.ro\/en\/news-and-current-affairs\/today-in-the-news\/turmoil-on-the-romanian-political-stage-id82811.html#primaryimage"},"thumbnailUrl":"https:\/\/www.rri.ro\/wp-content\/uploads\/2023\/10\/dancila-si-iohannis.jpg","articleSection":["Today in the News"],"inLanguage":"en-US"},{"@type":"WebPage","@id":"https:\/\/www.rri.ro\/en\/news-and-current-affairs\/today-in-the-news\/turmoil-on-the-romanian-political-stage-id82811.html","url":"https:\/\/www.rri.ro\/en\/news-and-current-affairs\/today-in-the-news\/turmoil-on-the-romanian-political-stage-id82811.html","name":"Turmoil on the Romanian political stage - Radio Romania International","isPartOf":{"@id":"https:\/\/www.rri.ro\/#website"},"primaryImageOfPage":{"@id":"https:\/\/www.rri.ro\/en\/news-and-current-affairs\/today-in-the-news\/turmoil-on-the-romanian-political-stage-id82811.html#primaryimage"},"image":{"@id":"https:\/\/www.rri.ro\/en\/news-and-current-affairs\/today-in-the-news\/turmoil-on-the-romanian-political-stage-id82811.html#primaryimage"},"thumbnailUrl":"https:\/\/www.rri.ro\/wp-content\/uploads\/2023\/10\/dancila-si-iohannis.jpg","datePublished":"2019-09-05T10:28:00+00:00","dateModified":"2024-02-19T06:35:03+00:00","author":{"@id":"https:\/\/www.rri.ro\/#\/schema\/person\/c6036c822534c855dc3aad41a484f05d"},"breadcrumb":{"@id":"https:\/\/www.rri.ro\/en\/news-and-current-affairs\/today-in-the-news\/turmoil-on-the-romanian-political-stage-id82811.html#breadcrumb"},"inLanguage":"en-US","potentialAction":[{"@type":"ReadAction","target":["https:\/\/www.rri.ro\/en\/news-and-current-affairs\/today-in-the-news\/turmoil-on-the-romanian-political-stage-id82811.html"]}]},{"@type":"ImageObject","inLanguage":"en-US","@id":"https:\/\/www.rri.ro\/en\/news-and-current-affairs\/today-in-the-news\/turmoil-on-the-romanian-political-stage-id82811.html#primaryimage","url":"https:\/\/www.rri.ro\/wp-content\/uploads\/2023\/10\/dancila-si-iohannis.jpg","contentUrl":"https:\/\/www.rri.ro\/wp-content\/uploads\/2023\/10\/dancila-si-iohannis.jpg","width":640,"height":480},{"@type":"BreadcrumbList","@id":"https:\/\/www.rri.ro\/en\/news-and-current-affairs\/today-in-the-news\/turmoil-on-the-romanian-political-stage-id82811.html#breadcrumb","itemListElement":[{"@type":"ListItem","position":1,"name":"Homepage","item":"https:\/\/www.rri.ro\/en"},{"@type":"ListItem","position":2,"name":"News and Current Affairs","item":"https:\/\/www.rri.ro\/en\/news-and-current-affairs"},{"@type":"ListItem","position":3,"name":"Today in the News","item":"https:\/\/www.rri.ro\/en\/news-and-current-affairs\/today-in-the-news"},{"@type":"ListItem","position":4,"name":"Turmoil on the Romanian political stage"}]},{"@type":"WebSite","@id":"https:\/\/www.rri.ro\/#website","url":"https:\/\/www.rri.ro\/","name":"Radio Romania International","description":"Totul despre Rom\u00e2nia \u015fi rom\u00e2ni, \u00een 13 limbi\/dialecte!","inLanguage":"en-US"},{"@type":"Person","@id":"https:\/\/www.rri.ro\/#\/schema\/person\/c6036c822534c855dc3aad41a484f05d","name":"Mihai Pelin","url":"https:\/\/www.rri.ro\/en\/author\/mihai-pelin"}]}},"_links":{"self":[{"href":"https:\/\/www.rri.ro\/en\/wp-json\/wp\/v2\/posts\/82811","targetHints":{"allow":["GET"]}}],"collection":[{"href":"https:\/\/www.rri.ro\/en\/wp-json\/wp\/v2\/posts"}],"about":[{"href":"https:\/\/www.rri.ro\/en\/wp-json\/wp\/v2\/types\/post"}],"author":[{"embeddable":true,"href":"https:\/\/www.rri.ro\/en\/wp-json\/wp\/v2\/users\/106"}],"replies":[{"embeddable":true,"href":"https:\/\/www.rri.ro\/en\/wp-json\/wp\/v2\/comments?post=82811"}],"version-history":[{"count":0,"href":"https:\/\/www.rri.ro\/en\/wp-json\/wp\/v2\/posts\/82811\/revisions"}],"wp:featuredmedia":[{"embeddable":true,"href":"https:\/\/www.rri.ro\/en\/wp-json\/wp\/v2\/media\/82768"}],"wp:attachment":[{"href":"https:\/\/www.rri.ro\/en\/wp-json\/wp\/v2\/media?parent=82811"}],"wp:term":[{"taxonomy":"category","embeddable":true,"href":"https:\/\/www.rri.ro\/en\/wp-json\/wp\/v2\/categories?post=82811"},{"taxonomy":"post_tag","embeddable":true,"href":"https:\/\/www.rri.ro\/en\/wp-json\/wp\/v2\/tags?post=82811"},{"taxonomy":"author","embeddable":true,"href":"https:\/\/www.rri.ro\/en\/wp-json\/wp\/v2\/coauthors?post=82811"}],"curies":[{"name":"wp","href":"https:\/\/api.w.org\/{rel}","templated":true}]}}