{"id":834185,"date":"2024-11-24T21:08:36","date_gmt":"2024-11-24T19:08:36","guid":{"rendered":"https:\/\/www.rri.ro\/?p=834185"},"modified":"2024-11-25T09:19:00","modified_gmt":"2024-11-25T07:19:00","slug":"who-will-enter-the-second-round-of-the-presidential-election","status":"publish","type":"post","link":"https:\/\/www.rri.ro\/en\/news-and-current-affairs\/newsflash\/who-will-enter-the-second-round-of-the-presidential-election-id834185.html","title":{"rendered":"UPDATE Who will enter the second round of the presidential election?"},"content":{"rendered":"<div class=\"QcsUad BDJ8fb BLojaf sMVRZe hCXDsb wneUed\">\n<div class=\"usGWQd\">\n<div class=\"KkbLmb\">\n<div class=\"lRu31\" dir=\"ltr\">\n<p>UPDATE<\/p>\n<p>After centralizing the minutes from 99.91% of all polling stations, independent candidate C\u0103lin Georgescu obtained 22.94% of the votes, USR candidate Elena Lasconi 19.16%, PSD candidate Marcel Ciolacu 19.16%, AUR leader George Simion 13.87%, PNL leader Nicolae Ciuc\u0103 8.79%.<\/p>\n<p>&nbsp;<\/p>\n<\/div>\n<\/div>\n<\/div>\n<p>&#8212;&#8212;<\/p>\n<div class=\"usGWQd\">\n<div class=\"KkbLmb\">\n<div class=\"lRu31\" dir=\"ltr\">\n<p>UPDATE<\/p>\n<p>After centralizing the minutes from 99.87% of all polling stations, independent candidate C\u0103lin Georgescu obtained 22.92% of the votes, PSD candidate Marcel Ciolacu 19.17%, USR candidate Elena Lasconi 19.16%, AUR leader George Simion 13.87%, PNL leader Nicolae Ciuc\u0103 8.79%.<\/p>\n<p>&nbsp;<\/p>\n<p>&#8212;-<\/p>\n<p>&nbsp;<\/p>\n<p>UPDATE<\/p>\n<p>After centralizing the minutes from 99.73% of all polling stations, independent candidate C\u0103lin Georgescu obtained 22.85% of the votes, PSD candidate Marcel Ciolacu 19.2%, USR candidate Elena Lasconi 19.14%, AUR leader George Simion 13.87%, PNL leader Nicolae Ciuc\u0103 8.8%.<\/p>\n<p>&nbsp;<\/p>\n<p>&#8212;&#8211;<\/p>\n<p>UPDATE<\/p>\n<p>After centralizing the minutes from 99.65% of all polling stations, independent candidate C\u0103lin Georgescu obtained 22.82% of the votes, PSD candidate Marcel Ciolacu 19.24%, USR candidate Elena Lasconi 19.12%, AUR leader George Simion 13.88%, PNL leader Nicolae Ciuc\u0103 8.81%.<\/p>\n<p>&nbsp;<\/p>\n<p>&#8212;&#8211;<\/p>\n<p>UPDATE<\/p>\n<p>After centralizing the minutes from 99.54% of all polling stations, independent candidate C\u0103lin Georgescu had 22.82%, PSD candidate Marcel Ciolacu 19.27% \u200b\u200bof the votes, USR candidate Elena Lasconi 19.08%, AUR leader George Simion 13.89%, PNL leader Nicolae Ciuc\u0103 8.82%.<\/p>\n<p>&nbsp;<\/p>\n<p>&#8212;&#8212;<\/p>\n<p>&nbsp;<\/p>\n<p>UPDATE<\/p>\n<p>UPDATEAfter centralizing the minutes from 95% of all polling stations, independent candidate C\u0103lin Georgescu obtained 22.16% of the votes, PSD candidate Marcel Ciolacu 20.35%, USR candidate Elena Lasconi 17.85%, AUR leader George Simion 14.19%, PNL leader Nicolae Ciuc\u0103 9.15%.<\/p>\n<\/div>\n<p>&nbsp;<\/p>\n<\/div>\n<\/div>\n<\/div>\n<p>&#8212;&#8212;-<\/p>\n<div class=\"QcsUad BDJ8fb BLojaf sMVRZe hCXDsb wneUed\">\n<div class=\"usGWQd\">\n<div class=\"KkbLmb\">\n<div class=\"lRu31\" dir=\"ltr\">\n<p>After centralizing the minutes from 85% of all polling stations, the independent candidate C\u0103lin Georgescu obtained 22.03%, PSD candidate Marcel Ciolacu 21.8% of the votes, USR candidate Elena Lasconi 15.58%, AUR leader George Simion 14.76%, PNL leader Nicolae Ciuc\u0103 9.54%.<\/p>\n<p>&nbsp;<\/p>\n<p>&#8212;&#8211;<\/p>\n<p>&nbsp;<\/p>\n<p>UPDATE<\/p>\n<p>After centralizing the minutes from 70% of all polling stations, PSD candidate Marcel Ciolacu obtained 22.53% of the votes, independent candidate C\u0103lin Georgescu 22.15%, AUR leader George Simion 15.18%, USR candidate Elena Lasconi 14.19%, PNL candidate Nicolae Ciuc\u0103 9.74%.<\/p>\n<p>&nbsp;<\/p>\n<p>&#8212;&#8211;<\/p>\n<p>&nbsp;<\/p>\n<p>UPDATE<\/p>\n<p>After centralizing votes from 50% of all polling stations, PSD candidate Marcel Ciolacu obtained 23% of the votes, independent candidate C\u0103lin Georgescu 22%, AUR leader George Simion 15.45%, USR candidate Elena Lasconi 12.75%, PNL candidate Nicolae Ciuc\u0103 9%.<\/p>\n<p>&nbsp;<\/p>\n<\/div>\n<\/div>\n<p>&#8212;&#8212;<\/p>\n<div class=\"KkbLmb\">\n<div class=\"lRu31\" dir=\"ltr\">\n<p>According to the results of two exit polls, conducted by CURS and Avangarde \u2013 CIRA, Prime Minister Marcel Ciolacu, leader of the Social Democratic Party, with 25%, and Elena Lasconi, president of the Save Romania Union, from the parliamentary opposition, with 18%, would enter the second round of the presidential elections.<\/p>\n<p>&nbsp;<\/p>\n<p>In third place would be the independent candidate C\u0103lin Georgrescu, with 16%, followed by the leader of the Alliance for the Unity of Romanians, from the parliamentary opposition, George Simion, with 14-15%, and the leader of the National Liberal Party, Nicolae Ciuc\u0103, with 13-14%. The independent candidate Mircea Geoan\u0103 would have obtained 5-5.5% of the votes.<\/p>\n<p>&nbsp;<\/p>\n<p>The turnout was about 52.5%. 800,000 people voted abroad.<\/p>\n<\/div>\n<\/div>\n<\/div>\n<\/div>\n","protected":false},"excerpt":{"rendered":"<p>UPDATE After centralizing the minutes from 99.91% of all polling stations, independent candidate C\u0103lin Georgescu obtained 22.94% of the votes, USR candidate Elena Lasconi 19.16%, PSD candidate Marcel Ciolacu 19.16%, AUR leader George Simion 13.87%, PNL leader Nicolae Ciuc\u0103 8.79%. &nbsp; &#8212;&#8212; UPDATE After centralizing the minutes from 99.87% of all polling stations, independent candidate [&hellip;]<\/p>\n","protected":false},"author":204,"featured_media":801424,"comment_status":"closed","ping_status":"closed","sticky":false,"template":"","format":"standard","meta":{"_acf_changed":false,"footnotes":""},"categories":[22],"tags":[28880,31116],"coauthors":[116693],"class_list":["post-834185","post","type-post","status-publish","format-standard","has-post-thumbnail","hentry","category-newsflash","tag-exit-polls","tag-presidential-election"],"acf":[],"yoast_head":"<!-- This site is optimized with the Yoast SEO plugin v27.3 - https:\/\/yoast.com\/product\/yoast-seo-wordpress\/ -->\n<title>UPDATE Who will enter the second round of the presidential election? - Radio Romania International<\/title>\n<meta name=\"robots\" content=\"index, follow, max-snippet:-1, max-image-preview:large, max-video-preview:-1\" \/>\n<link rel=\"canonical\" href=\"https:\/\/www.rri.ro\/en\/news-and-current-affairs\/newsflash\/who-will-enter-the-second-round-of-the-presidential-election-id834185.html\" \/>\n<meta property=\"og:locale\" content=\"en_US\" \/>\n<meta property=\"og:type\" content=\"article\" \/>\n<meta property=\"og:title\" content=\"UPDATE Who will enter the second round of the presidential election? - Radio Romania International\" \/>\n<meta property=\"og:description\" content=\"UPDATE After centralizing the minutes from 99.91% of all polling stations, independent candidate C\u0103lin Georgescu obtained 22.94% of the votes, USR candidate Elena Lasconi 19.16%, PSD candidate Marcel Ciolacu 19.16%, AUR leader George Simion 13.87%, PNL leader Nicolae Ciuc\u0103 8.79%. &nbsp; &#8212;&#8212; UPDATE After centralizing the minutes from 99.87% of all polling stations, independent candidate [&hellip;]\" \/>\n<meta property=\"og:url\" content=\"https:\/\/www.rri.ro\/en\/news-and-current-affairs\/newsflash\/who-will-enter-the-second-round-of-the-presidential-election-id834185.html\" \/>\n<meta property=\"og:site_name\" content=\"Radio Romania International\" \/>\n<meta property=\"article:published_time\" content=\"2024-11-24T19:08:36+00:00\" \/>\n<meta property=\"article:modified_time\" content=\"2024-11-25T07:19:00+00:00\" \/>\n<meta property=\"og:image\" content=\"https:\/\/www.rri.ro\/wp-content\/uploads\/2024\/08\/stampila-vot-alegeri-sursa-foto-site-roaep-ro.jpg\" \/>\n\t<meta property=\"og:image:width\" content=\"960\" \/>\n\t<meta property=\"og:image:height\" content=\"543\" \/>\n\t<meta property=\"og:image:type\" content=\"image\/jpeg\" \/>\n<meta name=\"author\" content=\"Radio Rom\u00e2nia Interna\u021bional\" \/>\n<meta name=\"twitter:card\" content=\"summary_large_image\" \/>\n<meta name=\"twitter:label1\" content=\"Written by\" \/>\n\t<meta name=\"twitter:data1\" content=\"Radio Rom\u00e2nia Interna\u021bional\" \/>\n\t<meta name=\"twitter:label2\" content=\"Est. reading time\" \/>\n\t<meta name=\"twitter:data2\" content=\"2 minutes\" \/>\n<script type=\"application\/ld+json\" class=\"yoast-schema-graph\">{\"@context\":\"https:\\\/\\\/schema.org\",\"@graph\":[{\"@type\":\"Article\",\"@id\":\"https:\\\/\\\/www.rri.ro\\\/en\\\/news-and-current-affairs\\\/newsflash\\\/who-will-enter-the-second-round-of-the-presidential-election-id834185.html#article\",\"isPartOf\":{\"@id\":\"https:\\\/\\\/www.rri.ro\\\/en\\\/news-and-current-affairs\\\/newsflash\\\/who-will-enter-the-second-round-of-the-presidential-election-id834185.html\"},\"author\":{\"name\":\"Radio Rom\u00e2nia Interna\u021bional\",\"@id\":\"https:\\\/\\\/www.rri.ro\\\/#\\\/schema\\\/person\\\/b195bd7930c756fef3f8a96bc79e0437\"},\"headline\":\"UPDATE Who will enter the second round of the presidential election?\",\"datePublished\":\"2024-11-24T19:08:36+00:00\",\"dateModified\":\"2024-11-25T07:19:00+00:00\",\"mainEntityOfPage\":{\"@id\":\"https:\\\/\\\/www.rri.ro\\\/en\\\/news-and-current-affairs\\\/newsflash\\\/who-will-enter-the-second-round-of-the-presidential-election-id834185.html\"},\"wordCount\":460,\"image\":{\"@id\":\"https:\\\/\\\/www.rri.ro\\\/en\\\/news-and-current-affairs\\\/newsflash\\\/who-will-enter-the-second-round-of-the-presidential-election-id834185.html#primaryimage\"},\"thumbnailUrl\":\"https:\\\/\\\/www.rri.ro\\\/wp-content\\\/uploads\\\/2024\\\/08\\\/stampila-vot-alegeri-sursa-foto-site-roaep-ro.jpg\",\"keywords\":[\"exit polls\",\"presidential election\"],\"articleSection\":[\"Newsflash\"],\"inLanguage\":\"en-US\"},{\"@type\":\"WebPage\",\"@id\":\"https:\\\/\\\/www.rri.ro\\\/en\\\/news-and-current-affairs\\\/newsflash\\\/who-will-enter-the-second-round-of-the-presidential-election-id834185.html\",\"url\":\"https:\\\/\\\/www.rri.ro\\\/en\\\/news-and-current-affairs\\\/newsflash\\\/who-will-enter-the-second-round-of-the-presidential-election-id834185.html\",\"name\":\"UPDATE Who will enter the second round of the presidential election? - Radio Romania International\",\"isPartOf\":{\"@id\":\"https:\\\/\\\/www.rri.ro\\\/#website\"},\"primaryImageOfPage\":{\"@id\":\"https:\\\/\\\/www.rri.ro\\\/en\\\/news-and-current-affairs\\\/newsflash\\\/who-will-enter-the-second-round-of-the-presidential-election-id834185.html#primaryimage\"},\"image\":{\"@id\":\"https:\\\/\\\/www.rri.ro\\\/en\\\/news-and-current-affairs\\\/newsflash\\\/who-will-enter-the-second-round-of-the-presidential-election-id834185.html#primaryimage\"},\"thumbnailUrl\":\"https:\\\/\\\/www.rri.ro\\\/wp-content\\\/uploads\\\/2024\\\/08\\\/stampila-vot-alegeri-sursa-foto-site-roaep-ro.jpg\",\"datePublished\":\"2024-11-24T19:08:36+00:00\",\"dateModified\":\"2024-11-25T07:19:00+00:00\",\"author\":{\"@id\":\"https:\\\/\\\/www.rri.ro\\\/#\\\/schema\\\/person\\\/b195bd7930c756fef3f8a96bc79e0437\"},\"breadcrumb\":{\"@id\":\"https:\\\/\\\/www.rri.ro\\\/en\\\/news-and-current-affairs\\\/newsflash\\\/who-will-enter-the-second-round-of-the-presidential-election-id834185.html#breadcrumb\"},\"inLanguage\":\"en-US\",\"potentialAction\":[{\"@type\":\"ReadAction\",\"target\":[\"https:\\\/\\\/www.rri.ro\\\/en\\\/news-and-current-affairs\\\/newsflash\\\/who-will-enter-the-second-round-of-the-presidential-election-id834185.html\"]}]},{\"@type\":\"ImageObject\",\"inLanguage\":\"en-US\",\"@id\":\"https:\\\/\\\/www.rri.ro\\\/en\\\/news-and-current-affairs\\\/newsflash\\\/who-will-enter-the-second-round-of-the-presidential-election-id834185.html#primaryimage\",\"url\":\"https:\\\/\\\/www.rri.ro\\\/wp-content\\\/uploads\\\/2024\\\/08\\\/stampila-vot-alegeri-sursa-foto-site-roaep-ro.jpg\",\"contentUrl\":\"https:\\\/\\\/www.rri.ro\\\/wp-content\\\/uploads\\\/2024\\\/08\\\/stampila-vot-alegeri-sursa-foto-site-roaep-ro.jpg\",\"width\":960,\"height\":543,\"caption\":\"Photo: roaep.ro\"},{\"@type\":\"BreadcrumbList\",\"@id\":\"https:\\\/\\\/www.rri.ro\\\/en\\\/news-and-current-affairs\\\/newsflash\\\/who-will-enter-the-second-round-of-the-presidential-election-id834185.html#breadcrumb\",\"itemListElement\":[{\"@type\":\"ListItem\",\"position\":1,\"name\":\"Homepage\",\"item\":\"https:\\\/\\\/www.rri.ro\\\/en\"},{\"@type\":\"ListItem\",\"position\":2,\"name\":\"News and Current Affairs\",\"item\":\"https:\\\/\\\/www.rri.ro\\\/en\\\/news-and-current-affairs\"},{\"@type\":\"ListItem\",\"position\":3,\"name\":\"Newsflash\",\"item\":\"https:\\\/\\\/www.rri.ro\\\/en\\\/news-and-current-affairs\\\/newsflash\"},{\"@type\":\"ListItem\",\"position\":4,\"name\":\"UPDATE Who will enter the second round of the presidential election?\"}]},{\"@type\":\"WebSite\",\"@id\":\"https:\\\/\\\/www.rri.ro\\\/#website\",\"url\":\"https:\\\/\\\/www.rri.ro\\\/\",\"name\":\"Radio Romania International\",\"description\":\"Totul despre Rom\u00e2nia \u015fi rom\u00e2ni, \u00een 13 limbi\\\/dialecte!\",\"inLanguage\":\"en-US\"},{\"@type\":\"Person\",\"@id\":\"https:\\\/\\\/www.rri.ro\\\/#\\\/schema\\\/person\\\/b195bd7930c756fef3f8a96bc79e0437\",\"name\":\"Radio Rom\u00e2nia Interna\u021bional\",\"url\":\"https:\\\/\\\/www.rri.ro\\\/en\\\/author\\\/rri\"}]}<\/script>\n<!-- \/ Yoast SEO plugin. -->","yoast_head_json":{"title":"UPDATE Who will enter the second round of the presidential election? - Radio Romania International","robots":{"index":"index","follow":"follow","max-snippet":"max-snippet:-1","max-image-preview":"max-image-preview:large","max-video-preview":"max-video-preview:-1"},"canonical":"https:\/\/www.rri.ro\/en\/news-and-current-affairs\/newsflash\/who-will-enter-the-second-round-of-the-presidential-election-id834185.html","og_locale":"en_US","og_type":"article","og_title":"UPDATE Who will enter the second round of the presidential election? - Radio Romania International","og_description":"UPDATE After centralizing the minutes from 99.91% of all polling stations, independent candidate C\u0103lin Georgescu obtained 22.94% of the votes, USR candidate Elena Lasconi 19.16%, PSD candidate Marcel Ciolacu 19.16%, AUR leader George Simion 13.87%, PNL leader Nicolae Ciuc\u0103 8.79%. &nbsp; &#8212;&#8212; UPDATE After centralizing the minutes from 99.87% of all polling stations, independent candidate [&hellip;]","og_url":"https:\/\/www.rri.ro\/en\/news-and-current-affairs\/newsflash\/who-will-enter-the-second-round-of-the-presidential-election-id834185.html","og_site_name":"Radio Romania International","article_published_time":"2024-11-24T19:08:36+00:00","article_modified_time":"2024-11-25T07:19:00+00:00","og_image":[{"width":960,"height":543,"url":"https:\/\/www.rri.ro\/wp-content\/uploads\/2024\/08\/stampila-vot-alegeri-sursa-foto-site-roaep-ro.jpg","type":"image\/jpeg"}],"author":"Radio Rom\u00e2nia Interna\u021bional","twitter_card":"summary_large_image","twitter_misc":{"Written by":"Radio Rom\u00e2nia Interna\u021bional","Est. reading time":"2 minutes"},"schema":{"@context":"https:\/\/schema.org","@graph":[{"@type":"Article","@id":"https:\/\/www.rri.ro\/en\/news-and-current-affairs\/newsflash\/who-will-enter-the-second-round-of-the-presidential-election-id834185.html#article","isPartOf":{"@id":"https:\/\/www.rri.ro\/en\/news-and-current-affairs\/newsflash\/who-will-enter-the-second-round-of-the-presidential-election-id834185.html"},"author":{"name":"Radio Rom\u00e2nia Interna\u021bional","@id":"https:\/\/www.rri.ro\/#\/schema\/person\/b195bd7930c756fef3f8a96bc79e0437"},"headline":"UPDATE Who will enter the second round of the presidential election?","datePublished":"2024-11-24T19:08:36+00:00","dateModified":"2024-11-25T07:19:00+00:00","mainEntityOfPage":{"@id":"https:\/\/www.rri.ro\/en\/news-and-current-affairs\/newsflash\/who-will-enter-the-second-round-of-the-presidential-election-id834185.html"},"wordCount":460,"image":{"@id":"https:\/\/www.rri.ro\/en\/news-and-current-affairs\/newsflash\/who-will-enter-the-second-round-of-the-presidential-election-id834185.html#primaryimage"},"thumbnailUrl":"https:\/\/www.rri.ro\/wp-content\/uploads\/2024\/08\/stampila-vot-alegeri-sursa-foto-site-roaep-ro.jpg","keywords":["exit polls","presidential election"],"articleSection":["Newsflash"],"inLanguage":"en-US"},{"@type":"WebPage","@id":"https:\/\/www.rri.ro\/en\/news-and-current-affairs\/newsflash\/who-will-enter-the-second-round-of-the-presidential-election-id834185.html","url":"https:\/\/www.rri.ro\/en\/news-and-current-affairs\/newsflash\/who-will-enter-the-second-round-of-the-presidential-election-id834185.html","name":"UPDATE Who will enter the second round of the presidential election? - Radio Romania International","isPartOf":{"@id":"https:\/\/www.rri.ro\/#website"},"primaryImageOfPage":{"@id":"https:\/\/www.rri.ro\/en\/news-and-current-affairs\/newsflash\/who-will-enter-the-second-round-of-the-presidential-election-id834185.html#primaryimage"},"image":{"@id":"https:\/\/www.rri.ro\/en\/news-and-current-affairs\/newsflash\/who-will-enter-the-second-round-of-the-presidential-election-id834185.html#primaryimage"},"thumbnailUrl":"https:\/\/www.rri.ro\/wp-content\/uploads\/2024\/08\/stampila-vot-alegeri-sursa-foto-site-roaep-ro.jpg","datePublished":"2024-11-24T19:08:36+00:00","dateModified":"2024-11-25T07:19:00+00:00","author":{"@id":"https:\/\/www.rri.ro\/#\/schema\/person\/b195bd7930c756fef3f8a96bc79e0437"},"breadcrumb":{"@id":"https:\/\/www.rri.ro\/en\/news-and-current-affairs\/newsflash\/who-will-enter-the-second-round-of-the-presidential-election-id834185.html#breadcrumb"},"inLanguage":"en-US","potentialAction":[{"@type":"ReadAction","target":["https:\/\/www.rri.ro\/en\/news-and-current-affairs\/newsflash\/who-will-enter-the-second-round-of-the-presidential-election-id834185.html"]}]},{"@type":"ImageObject","inLanguage":"en-US","@id":"https:\/\/www.rri.ro\/en\/news-and-current-affairs\/newsflash\/who-will-enter-the-second-round-of-the-presidential-election-id834185.html#primaryimage","url":"https:\/\/www.rri.ro\/wp-content\/uploads\/2024\/08\/stampila-vot-alegeri-sursa-foto-site-roaep-ro.jpg","contentUrl":"https:\/\/www.rri.ro\/wp-content\/uploads\/2024\/08\/stampila-vot-alegeri-sursa-foto-site-roaep-ro.jpg","width":960,"height":543,"caption":"Photo: roaep.ro"},{"@type":"BreadcrumbList","@id":"https:\/\/www.rri.ro\/en\/news-and-current-affairs\/newsflash\/who-will-enter-the-second-round-of-the-presidential-election-id834185.html#breadcrumb","itemListElement":[{"@type":"ListItem","position":1,"name":"Homepage","item":"https:\/\/www.rri.ro\/en"},{"@type":"ListItem","position":2,"name":"News and Current Affairs","item":"https:\/\/www.rri.ro\/en\/news-and-current-affairs"},{"@type":"ListItem","position":3,"name":"Newsflash","item":"https:\/\/www.rri.ro\/en\/news-and-current-affairs\/newsflash"},{"@type":"ListItem","position":4,"name":"UPDATE Who will enter the second round of the presidential election?"}]},{"@type":"WebSite","@id":"https:\/\/www.rri.ro\/#website","url":"https:\/\/www.rri.ro\/","name":"Radio Romania International","description":"Totul despre Rom\u00e2nia \u015fi rom\u00e2ni, \u00een 13 limbi\/dialecte!","inLanguage":"en-US"},{"@type":"Person","@id":"https:\/\/www.rri.ro\/#\/schema\/person\/b195bd7930c756fef3f8a96bc79e0437","name":"Radio Rom\u00e2nia Interna\u021bional","url":"https:\/\/www.rri.ro\/en\/author\/rri"}]}},"_links":{"self":[{"href":"https:\/\/www.rri.ro\/en\/wp-json\/wp\/v2\/posts\/834185","targetHints":{"allow":["GET"]}}],"collection":[{"href":"https:\/\/www.rri.ro\/en\/wp-json\/wp\/v2\/posts"}],"about":[{"href":"https:\/\/www.rri.ro\/en\/wp-json\/wp\/v2\/types\/post"}],"author":[{"embeddable":true,"href":"https:\/\/www.rri.ro\/en\/wp-json\/wp\/v2\/users\/204"}],"replies":[{"embeddable":true,"href":"https:\/\/www.rri.ro\/en\/wp-json\/wp\/v2\/comments?post=834185"}],"version-history":[{"count":0,"href":"https:\/\/www.rri.ro\/en\/wp-json\/wp\/v2\/posts\/834185\/revisions"}],"wp:featuredmedia":[{"embeddable":true,"href":"https:\/\/www.rri.ro\/en\/wp-json\/wp\/v2\/media\/801424"}],"wp:attachment":[{"href":"https:\/\/www.rri.ro\/en\/wp-json\/wp\/v2\/media?parent=834185"}],"wp:term":[{"taxonomy":"category","embeddable":true,"href":"https:\/\/www.rri.ro\/en\/wp-json\/wp\/v2\/categories?post=834185"},{"taxonomy":"post_tag","embeddable":true,"href":"https:\/\/www.rri.ro\/en\/wp-json\/wp\/v2\/tags?post=834185"},{"taxonomy":"author","embeddable":true,"href":"https:\/\/www.rri.ro\/en\/wp-json\/wp\/v2\/coauthors?post=834185"}],"curies":[{"name":"wp","href":"https:\/\/api.w.org\/{rel}","templated":true}]}}