{"id":83816,"date":"2019-11-27T13:50:00","date_gmt":"2019-11-27T11:50:00","guid":{"rendered":"http:\/\/devrri.freshlemon.ro\/news-and-current-affairs\/newsflash\/the-social-democratic-party-after-the-elections-83816.html"},"modified":"2024-02-19T08:36:59","modified_gmt":"2024-02-19T06:36:59","slug":"the-social-democratic-party-after-the-elections","status":"publish","type":"post","link":"https:\/\/www.rri.ro\/en\/news-and-current-affairs\/today-in-the-news\/the-social-democratic-party-after-the-elections-id83816.html","title":{"rendered":"The Social Democratic Party after the elections"},"content":{"rendered":"<p><p>2019 has been a dark year for the&#13;<br \/>\nparty that has been dominating the political scene in post-communist Romania,&#13;<br \/>\nthat is, for the last 30 years. In May, the Social Democratic Party clearly&#13;<br \/>\nlost to the National Liberal Party in the European elections, when it won only&#13;<br \/>\nhalf of the number of votes that had brought it to power three years ago. The&#13;<br \/>\nfollowing day, Liviu Dragnea, who had a tight grip on the party and the ruling&#13;<br \/>\ncoalition with the Alliance of Liberals and Democrats, was sentenced and sent&#13;<br \/>\nto prison for acts of corruption. In September, the Liberals and Democrats withdrew&#13;<br \/>\nfrom the ruling coalition and the government led by the party&#8217;s new leader,&#13;<br \/>\nViorica Dancila, lost its majority in Parliament. In October, Dancila and her&#13;<br \/>\nteam lost a no-confidence vote in Parliament initiated by the Liberals, who&#13;<br \/>\nduly formed the government as a result. Finally, as her party&#8217;s candidate in&#13;<br \/>\nthe presidential elections, Dancila lost last Sunday&#8217;s runoff vote against the&#13;<br \/>\nincumbent president Klaus Iohannis, who was backed by the Liberals. <\/p>\n<p><\/p>\n<p>&#13;<br \/>\n&#13;<br \/>\n&#13;<br \/>\n&#13;<\/p>\n<p>It&#8217;s a tradition within the Social&#13;<br \/>\nDemocratic Party for the candidate who loses the presidential elections to&#13;<br \/>\nresign as party leader, something seen with Adrian Nastase, Mircea Geoana and&#13;<br \/>\nVictor Ponta, and Viorica Dancila was no exception. On Tuesday night, less than&#13;<br \/>\n48 hours after the elections, she lost her colleagues&#8217; support and said she would&#13;<br \/>\nresign after a tense meeting of the party&#8217;s National Permanent Committee. <\/p>\n<p><\/p>\n<p>&#13;<br \/>\n&#13;<br \/>\n&#13;<br \/>\n&#13;<\/p>\n<p>The speaker of Parliament&#8217;s Chamber&#13;<br \/>\nof Deputies Marcel Ciolacu has taken over as interim president of the party. He&#13;<br \/>\nis aided by Paul Stanescu as secretary general, by eight regional&#13;<br \/>\nvice-presidents and five other leaders of regional branches that had good&#13;<br \/>\nresults in the presidential elections. The outgoing leader Viorica Dancila will&#13;<br \/>\ntake over the leadership of the Social Democratic women&#8217;s organisation. The&#13;<br \/>\ninterim president of the Social Democratic Party Marcel Ciolacu:<\/p>\n<p><\/p>\n<p>&#13;<br \/>\n&#13;<br \/>\n&#13;<br \/>\n&#13;<\/p>\n<p>We have reached the conclusion that&#13;<br \/>\nwe need to reset the party, so didn&#8217;t go around asking for heads to fall. It&#8217;s&#13;<br \/>\na first for the Social Democratic Party, and the former leader is also part of&#13;<br \/>\nthe team, as president of the women&#8217;s organisation.<\/p>\n<p><\/p>\n<p>&#13;<br \/>\n&#13;<br \/>\n&#13;<br \/>\n&#13;<\/p>\n<p>Viorica Dancila says her resignation&#13;<br \/>\nis a way of taking responsibility for the election result:<\/p>\n<p><\/p>\n<p>&#13;<br \/>\n&#13;<br \/>\n&#13;<br \/>\n&#13;<\/p>\n<p>I have understood the opinions of&#13;<br \/>\nmy colleagues, it&#8217;s not a sign of weakness, it&#8217;s a sign of dignity and it was&#13;<br \/>\nmy decision to resign as leader of the Social Democratic Party. I have done&#13;<br \/>\nthis for the party.<\/p>\n<p><\/p>\n<p>&#13;<br \/>\n&#13;<br \/>\n&#13;<br \/>\n&#13;<\/p>\n<p>A congress will be held next year,&#13;<br \/>\nmost likely in February, to designate a new leadership ahead of the following&#13;<br \/>\nelection tests for the Social Democratic Party, the local and the parliamentary&#13;<br \/>\nelections. <\/p>\n<p><\/p>\n","protected":false},"excerpt":{"rendered":"<p>Social Democratic leader Viorica Dancila resigns two days after losing the presidential elections.<\/p>\n","protected":false},"author":105,"featured_media":83817,"comment_status":"closed","ping_status":"closed","sticky":false,"template":"","format":"standard","meta":{"_acf_changed":false,"footnotes":""},"categories":[37738],"tags":[33066,29386,29442],"coauthors":[],"class_list":["post-83816","post","type-post","status-publish","format-standard","has-post-thumbnail","hentry","category-today-in-the-news","tag-dancila","tag-psd","tag-resignation"],"acf":[],"yoast_head":"<!-- This site is optimized with the Yoast SEO plugin v27.3 - https:\/\/yoast.com\/product\/yoast-seo-wordpress\/ -->\n<title>The Social Democratic Party after the elections - Radio Romania International<\/title>\n<meta name=\"robots\" content=\"index, follow, max-snippet:-1, max-image-preview:large, max-video-preview:-1\" \/>\n<link rel=\"canonical\" href=\"https:\/\/www.rri.ro\/en\/news-and-current-affairs\/today-in-the-news\/the-social-democratic-party-after-the-elections-id83816.html\" \/>\n<meta property=\"og:locale\" content=\"en_US\" \/>\n<meta property=\"og:type\" content=\"article\" \/>\n<meta property=\"og:title\" content=\"The Social Democratic Party after the elections - Radio Romania International\" \/>\n<meta property=\"og:description\" content=\"Social Democratic leader Viorica Dancila resigns two days after losing the presidential elections.\" \/>\n<meta property=\"og:url\" content=\"https:\/\/www.rri.ro\/en\/news-and-current-affairs\/today-in-the-news\/the-social-democratic-party-after-the-elections-id83816.html\" \/>\n<meta property=\"og:site_name\" content=\"Radio Romania International\" \/>\n<meta property=\"article:published_time\" content=\"2019-11-27T11:50:00+00:00\" \/>\n<meta property=\"article:modified_time\" content=\"2024-02-19T06:36:59+00:00\" \/>\n<meta property=\"og:image\" content=\"https:\/\/www.rri.ro\/wp-content\/uploads\/2023\/10\/dancila-declaratie-presa-firea-teodorovici-fifor-demisii-psd.png\" \/>\n\t<meta property=\"og:image:width\" content=\"640\" \/>\n\t<meta property=\"og:image:height\" content=\"471\" \/>\n\t<meta property=\"og:image:type\" content=\"image\/png\" \/>\n<meta name=\"author\" content=\"Bogdan Matei\" \/>\n<meta name=\"twitter:card\" content=\"summary_large_image\" \/>\n<meta name=\"twitter:label1\" content=\"Written by\" \/>\n\t<meta name=\"twitter:data1\" content=\"Bogdan Matei\" \/>\n\t<meta name=\"twitter:label2\" content=\"Est. reading time\" \/>\n\t<meta name=\"twitter:data2\" content=\"2 minutes\" \/>\n<script type=\"application\/ld+json\" class=\"yoast-schema-graph\">{\"@context\":\"https:\\\/\\\/schema.org\",\"@graph\":[{\"@type\":\"Article\",\"@id\":\"https:\\\/\\\/www.rri.ro\\\/en\\\/news-and-current-affairs\\\/today-in-the-news\\\/the-social-democratic-party-after-the-elections-id83816.html#article\",\"isPartOf\":{\"@id\":\"https:\\\/\\\/www.rri.ro\\\/en\\\/news-and-current-affairs\\\/today-in-the-news\\\/the-social-democratic-party-after-the-elections-id83816.html\"},\"author\":{\"name\":\"Bogdan Matei\",\"@id\":\"https:\\\/\\\/www.rri.ro\\\/#\\\/schema\\\/person\\\/0ed327d40678578e6dbb840527e3ba32\"},\"headline\":\"The Social Democratic Party after the elections\",\"datePublished\":\"2019-11-27T11:50:00+00:00\",\"dateModified\":\"2024-02-19T06:36:59+00:00\",\"mainEntityOfPage\":{\"@id\":\"https:\\\/\\\/www.rri.ro\\\/en\\\/news-and-current-affairs\\\/today-in-the-news\\\/the-social-democratic-party-after-the-elections-id83816.html\"},\"wordCount\":462,\"image\":{\"@id\":\"https:\\\/\\\/www.rri.ro\\\/en\\\/news-and-current-affairs\\\/today-in-the-news\\\/the-social-democratic-party-after-the-elections-id83816.html#primaryimage\"},\"thumbnailUrl\":\"https:\\\/\\\/www.rri.ro\\\/wp-content\\\/uploads\\\/2023\\\/10\\\/dancila-declaratie-presa-firea-teodorovici-fifor-demisii-psd.png\",\"keywords\":[\"Dancila\",\"PSD\",\"resignation\"],\"articleSection\":[\"Today in the News\"],\"inLanguage\":\"en-US\"},{\"@type\":\"WebPage\",\"@id\":\"https:\\\/\\\/www.rri.ro\\\/en\\\/news-and-current-affairs\\\/today-in-the-news\\\/the-social-democratic-party-after-the-elections-id83816.html\",\"url\":\"https:\\\/\\\/www.rri.ro\\\/en\\\/news-and-current-affairs\\\/today-in-the-news\\\/the-social-democratic-party-after-the-elections-id83816.html\",\"name\":\"The Social Democratic Party after the elections - Radio Romania International\",\"isPartOf\":{\"@id\":\"https:\\\/\\\/www.rri.ro\\\/#website\"},\"primaryImageOfPage\":{\"@id\":\"https:\\\/\\\/www.rri.ro\\\/en\\\/news-and-current-affairs\\\/today-in-the-news\\\/the-social-democratic-party-after-the-elections-id83816.html#primaryimage\"},\"image\":{\"@id\":\"https:\\\/\\\/www.rri.ro\\\/en\\\/news-and-current-affairs\\\/today-in-the-news\\\/the-social-democratic-party-after-the-elections-id83816.html#primaryimage\"},\"thumbnailUrl\":\"https:\\\/\\\/www.rri.ro\\\/wp-content\\\/uploads\\\/2023\\\/10\\\/dancila-declaratie-presa-firea-teodorovici-fifor-demisii-psd.png\",\"datePublished\":\"2019-11-27T11:50:00+00:00\",\"dateModified\":\"2024-02-19T06:36:59+00:00\",\"author\":{\"@id\":\"https:\\\/\\\/www.rri.ro\\\/#\\\/schema\\\/person\\\/0ed327d40678578e6dbb840527e3ba32\"},\"breadcrumb\":{\"@id\":\"https:\\\/\\\/www.rri.ro\\\/en\\\/news-and-current-affairs\\\/today-in-the-news\\\/the-social-democratic-party-after-the-elections-id83816.html#breadcrumb\"},\"inLanguage\":\"en-US\",\"potentialAction\":[{\"@type\":\"ReadAction\",\"target\":[\"https:\\\/\\\/www.rri.ro\\\/en\\\/news-and-current-affairs\\\/today-in-the-news\\\/the-social-democratic-party-after-the-elections-id83816.html\"]}]},{\"@type\":\"ImageObject\",\"inLanguage\":\"en-US\",\"@id\":\"https:\\\/\\\/www.rri.ro\\\/en\\\/news-and-current-affairs\\\/today-in-the-news\\\/the-social-democratic-party-after-the-elections-id83816.html#primaryimage\",\"url\":\"https:\\\/\\\/www.rri.ro\\\/wp-content\\\/uploads\\\/2023\\\/10\\\/dancila-declaratie-presa-firea-teodorovici-fifor-demisii-psd.png\",\"contentUrl\":\"https:\\\/\\\/www.rri.ro\\\/wp-content\\\/uploads\\\/2023\\\/10\\\/dancila-declaratie-presa-firea-teodorovici-fifor-demisii-psd.png\",\"width\":640,\"height\":471},{\"@type\":\"BreadcrumbList\",\"@id\":\"https:\\\/\\\/www.rri.ro\\\/en\\\/news-and-current-affairs\\\/today-in-the-news\\\/the-social-democratic-party-after-the-elections-id83816.html#breadcrumb\",\"itemListElement\":[{\"@type\":\"ListItem\",\"position\":1,\"name\":\"Homepage\",\"item\":\"https:\\\/\\\/www.rri.ro\\\/en\"},{\"@type\":\"ListItem\",\"position\":2,\"name\":\"News and Current Affairs\",\"item\":\"https:\\\/\\\/www.rri.ro\\\/en\\\/news-and-current-affairs\"},{\"@type\":\"ListItem\",\"position\":3,\"name\":\"Today in the News\",\"item\":\"https:\\\/\\\/www.rri.ro\\\/en\\\/news-and-current-affairs\\\/today-in-the-news\"},{\"@type\":\"ListItem\",\"position\":4,\"name\":\"The Social Democratic Party after the elections\"}]},{\"@type\":\"WebSite\",\"@id\":\"https:\\\/\\\/www.rri.ro\\\/#website\",\"url\":\"https:\\\/\\\/www.rri.ro\\\/\",\"name\":\"Radio Romania International\",\"description\":\"Totul despre Rom\u00e2nia \u015fi rom\u00e2ni, \u00een 13 limbi\\\/dialecte!\",\"inLanguage\":\"en-US\"},{\"@type\":\"Person\",\"@id\":\"https:\\\/\\\/www.rri.ro\\\/#\\\/schema\\\/person\\\/0ed327d40678578e6dbb840527e3ba32\",\"name\":\"Bogdan Matei\",\"url\":\"https:\\\/\\\/www.rri.ro\\\/en\\\/author\\\/bogdan-matei\"}]}<\/script>\n<!-- \/ Yoast SEO plugin. -->","yoast_head_json":{"title":"The Social Democratic Party after the elections - Radio Romania International","robots":{"index":"index","follow":"follow","max-snippet":"max-snippet:-1","max-image-preview":"max-image-preview:large","max-video-preview":"max-video-preview:-1"},"canonical":"https:\/\/www.rri.ro\/en\/news-and-current-affairs\/today-in-the-news\/the-social-democratic-party-after-the-elections-id83816.html","og_locale":"en_US","og_type":"article","og_title":"The Social Democratic Party after the elections - Radio Romania International","og_description":"Social Democratic leader Viorica Dancila resigns two days after losing the presidential elections.","og_url":"https:\/\/www.rri.ro\/en\/news-and-current-affairs\/today-in-the-news\/the-social-democratic-party-after-the-elections-id83816.html","og_site_name":"Radio Romania International","article_published_time":"2019-11-27T11:50:00+00:00","article_modified_time":"2024-02-19T06:36:59+00:00","og_image":[{"width":640,"height":471,"url":"https:\/\/www.rri.ro\/wp-content\/uploads\/2023\/10\/dancila-declaratie-presa-firea-teodorovici-fifor-demisii-psd.png","type":"image\/png"}],"author":"Bogdan Matei","twitter_card":"summary_large_image","twitter_misc":{"Written by":"Bogdan Matei","Est. reading time":"2 minutes"},"schema":{"@context":"https:\/\/schema.org","@graph":[{"@type":"Article","@id":"https:\/\/www.rri.ro\/en\/news-and-current-affairs\/today-in-the-news\/the-social-democratic-party-after-the-elections-id83816.html#article","isPartOf":{"@id":"https:\/\/www.rri.ro\/en\/news-and-current-affairs\/today-in-the-news\/the-social-democratic-party-after-the-elections-id83816.html"},"author":{"name":"Bogdan Matei","@id":"https:\/\/www.rri.ro\/#\/schema\/person\/0ed327d40678578e6dbb840527e3ba32"},"headline":"The Social Democratic Party after the elections","datePublished":"2019-11-27T11:50:00+00:00","dateModified":"2024-02-19T06:36:59+00:00","mainEntityOfPage":{"@id":"https:\/\/www.rri.ro\/en\/news-and-current-affairs\/today-in-the-news\/the-social-democratic-party-after-the-elections-id83816.html"},"wordCount":462,"image":{"@id":"https:\/\/www.rri.ro\/en\/news-and-current-affairs\/today-in-the-news\/the-social-democratic-party-after-the-elections-id83816.html#primaryimage"},"thumbnailUrl":"https:\/\/www.rri.ro\/wp-content\/uploads\/2023\/10\/dancila-declaratie-presa-firea-teodorovici-fifor-demisii-psd.png","keywords":["Dancila","PSD","resignation"],"articleSection":["Today in the News"],"inLanguage":"en-US"},{"@type":"WebPage","@id":"https:\/\/www.rri.ro\/en\/news-and-current-affairs\/today-in-the-news\/the-social-democratic-party-after-the-elections-id83816.html","url":"https:\/\/www.rri.ro\/en\/news-and-current-affairs\/today-in-the-news\/the-social-democratic-party-after-the-elections-id83816.html","name":"The Social Democratic Party after the elections - Radio Romania International","isPartOf":{"@id":"https:\/\/www.rri.ro\/#website"},"primaryImageOfPage":{"@id":"https:\/\/www.rri.ro\/en\/news-and-current-affairs\/today-in-the-news\/the-social-democratic-party-after-the-elections-id83816.html#primaryimage"},"image":{"@id":"https:\/\/www.rri.ro\/en\/news-and-current-affairs\/today-in-the-news\/the-social-democratic-party-after-the-elections-id83816.html#primaryimage"},"thumbnailUrl":"https:\/\/www.rri.ro\/wp-content\/uploads\/2023\/10\/dancila-declaratie-presa-firea-teodorovici-fifor-demisii-psd.png","datePublished":"2019-11-27T11:50:00+00:00","dateModified":"2024-02-19T06:36:59+00:00","author":{"@id":"https:\/\/www.rri.ro\/#\/schema\/person\/0ed327d40678578e6dbb840527e3ba32"},"breadcrumb":{"@id":"https:\/\/www.rri.ro\/en\/news-and-current-affairs\/today-in-the-news\/the-social-democratic-party-after-the-elections-id83816.html#breadcrumb"},"inLanguage":"en-US","potentialAction":[{"@type":"ReadAction","target":["https:\/\/www.rri.ro\/en\/news-and-current-affairs\/today-in-the-news\/the-social-democratic-party-after-the-elections-id83816.html"]}]},{"@type":"ImageObject","inLanguage":"en-US","@id":"https:\/\/www.rri.ro\/en\/news-and-current-affairs\/today-in-the-news\/the-social-democratic-party-after-the-elections-id83816.html#primaryimage","url":"https:\/\/www.rri.ro\/wp-content\/uploads\/2023\/10\/dancila-declaratie-presa-firea-teodorovici-fifor-demisii-psd.png","contentUrl":"https:\/\/www.rri.ro\/wp-content\/uploads\/2023\/10\/dancila-declaratie-presa-firea-teodorovici-fifor-demisii-psd.png","width":640,"height":471},{"@type":"BreadcrumbList","@id":"https:\/\/www.rri.ro\/en\/news-and-current-affairs\/today-in-the-news\/the-social-democratic-party-after-the-elections-id83816.html#breadcrumb","itemListElement":[{"@type":"ListItem","position":1,"name":"Homepage","item":"https:\/\/www.rri.ro\/en"},{"@type":"ListItem","position":2,"name":"News and Current Affairs","item":"https:\/\/www.rri.ro\/en\/news-and-current-affairs"},{"@type":"ListItem","position":3,"name":"Today in the News","item":"https:\/\/www.rri.ro\/en\/news-and-current-affairs\/today-in-the-news"},{"@type":"ListItem","position":4,"name":"The Social Democratic Party after the elections"}]},{"@type":"WebSite","@id":"https:\/\/www.rri.ro\/#website","url":"https:\/\/www.rri.ro\/","name":"Radio Romania International","description":"Totul despre Rom\u00e2nia \u015fi rom\u00e2ni, \u00een 13 limbi\/dialecte!","inLanguage":"en-US"},{"@type":"Person","@id":"https:\/\/www.rri.ro\/#\/schema\/person\/0ed327d40678578e6dbb840527e3ba32","name":"Bogdan Matei","url":"https:\/\/www.rri.ro\/en\/author\/bogdan-matei"}]}},"_links":{"self":[{"href":"https:\/\/www.rri.ro\/en\/wp-json\/wp\/v2\/posts\/83816","targetHints":{"allow":["GET"]}}],"collection":[{"href":"https:\/\/www.rri.ro\/en\/wp-json\/wp\/v2\/posts"}],"about":[{"href":"https:\/\/www.rri.ro\/en\/wp-json\/wp\/v2\/types\/post"}],"author":[{"embeddable":true,"href":"https:\/\/www.rri.ro\/en\/wp-json\/wp\/v2\/users\/105"}],"replies":[{"embeddable":true,"href":"https:\/\/www.rri.ro\/en\/wp-json\/wp\/v2\/comments?post=83816"}],"version-history":[{"count":0,"href":"https:\/\/www.rri.ro\/en\/wp-json\/wp\/v2\/posts\/83816\/revisions"}],"wp:featuredmedia":[{"embeddable":true,"href":"https:\/\/www.rri.ro\/en\/wp-json\/wp\/v2\/media\/83817"}],"wp:attachment":[{"href":"https:\/\/www.rri.ro\/en\/wp-json\/wp\/v2\/media?parent=83816"}],"wp:term":[{"taxonomy":"category","embeddable":true,"href":"https:\/\/www.rri.ro\/en\/wp-json\/wp\/v2\/categories?post=83816"},{"taxonomy":"post_tag","embeddable":true,"href":"https:\/\/www.rri.ro\/en\/wp-json\/wp\/v2\/tags?post=83816"},{"taxonomy":"author","embeddable":true,"href":"https:\/\/www.rri.ro\/en\/wp-json\/wp\/v2\/coauthors?post=83816"}],"curies":[{"name":"wp","href":"https:\/\/api.w.org\/{rel}","templated":true}]}}