{"id":83930,"date":"2019-12-04T13:55:00","date_gmt":"2019-12-04T11:55:00","guid":{"rendered":"http:\/\/devrri.freshlemon.ro\/news-and-current-affairs\/newsflash\/debates-on-the-minimum-wage-83930.html"},"modified":"2024-02-19T08:37:07","modified_gmt":"2024-02-19T06:37:07","slug":"debates-on-the-minimum-wage","status":"publish","type":"post","link":"https:\/\/www.rri.ro\/en\/news-and-current-affairs\/today-in-the-news\/debates-on-the-minimum-wage-id83930.html","title":{"rendered":"Debates on the minimum wage"},"content":{"rendered":"<p><p>In Romania, the minimum wage is to&#13;<br \/>\ngo up beginning on the 1st of January next year. The increase is&#13;<br \/>\naround 30 euros before tax. Moreover, there will be no difference from then on&#13;<br \/>\nbetween the minimum wage based on education background. This is the proposal&#13;<br \/>\nmade by the Liberal cabinet led by Ludovic Orban at a meeting with trade&#13;<br \/>\nunions, who are pushing for a more substantial increase. The prime minister has&#13;<br \/>\nexplained that he wished the calculation of the minimum wage to be based on the&#13;<br \/>\neconomic reality and not cause major disruptions. <\/p>\n<p><\/p>\n<p>&#13;<br \/>\n&#13;<br \/>\n&#13;<br \/>\n&#13;<\/p>\n<p>The government has proposed a 7.2%&#13;<br \/>\nincrease in the minimum wage to 2,230 lei, while the Cartel Alfa trade union&#13;<br \/>\nconfederation says it should grow to 2,260, as agreed in September with the&#13;<br \/>\nformer Social Democratic government. The leader of the confederation, Bogdan&#13;<br \/>\nHossu has explained that the inflation rate and work productivity should be&#13;<br \/>\ncalculated based on this year&#8217;s level. Bogdan Hossu:<\/p>\n<p><\/p>\n<p>&#13;<br \/>\n&#13;<br \/>\n&#13;<br \/>\n&#13;<\/p>\n<p>First of all, the inflation rate is&#13;<br \/>\ncalculated based on the month of October and we&#8217;re not taking into account the&#13;<br \/>\nannual inflation rate. Secondly, the productivity is calculated individually,&#13;<br \/>\nbut in our opinion we should be discussing the hourly productivity of salaried&#13;<br \/>\nwork because we are discussing about people in employment generally.<\/p>\n<p><\/p>\n<p>&#13;<br \/>\n&#13;<br \/>\n&#13;<br \/>\n&#13;<\/p>\n<p>The National Trade Union Bloc has&#13;<br \/>\nproposed an even more substantial increase, to 2.284 lei. Its leader Dumitru&#13;<br \/>\nCostin has raised another very important issue. He said changes should also be&#13;<br \/>\nmade to the public sector salaries law to prevent an explosion in the expenditure&#13;<br \/>\nlevel and for the private sector not to be affected owing to the fact that the&#13;<br \/>\nsalaries of dignitaries and public sector salaries are calculated based on a&#13;<br \/>\ncoefficient that is multiplied by the minimum wage. So, if an employee on the&#13;<br \/>\nminimum wage received an extra 83 lei net a month, a city mayor may receive ten&#13;<br \/>\ntimes more. The prime minister said he would look at the proposals to take into&#13;<br \/>\naccount the economic forecasts, but warned that they might change to some&#13;<br \/>\nextent. Ludovic Orban:<\/p>\n<p><\/p>\n<p>&#13;<br \/>\n&#13;<br \/>\n&#13;<br \/>\n&#13;<\/p>\n<p>I have noted the proposal to take&#13;<br \/>\ninto account the forecasts for next year. I&#8217;ll give you an example: the budget&#13;<br \/>\nfor 2019 was based on a growth forecast of 5.5%, but in reality, the growth&#13;<br \/>\nrate for this year will probably be around 4%.<\/p>\n<p><\/p>\n<p>&#13;<br \/>\n&#13;<br \/>\n&#13;<br \/>\n&#13;<\/p>\n<p>The prime minister also says that&#13;<br \/>\ntrade union associations support the amount of the minimum wage proposed by the&#13;<br \/>\ngovernment. The change to the minimum wage should be based on elements that&#13;<br \/>\nhave to do with the profitability of businesses, which should not be affected&#13;<br \/>\nby the increase in the minimum wage, Ludovic Orban has also explained. <\/p>\n<p><\/p>\n","protected":false},"excerpt":{"rendered":"<p>The government in Bucharest wants to increase the level of the minimum wage beginning next year.<\/p>\n","protected":false},"author":106,"featured_media":83931,"comment_status":"closed","ping_status":"closed","sticky":false,"template":"","format":"standard","meta":{"_acf_changed":false,"footnotes":""},"categories":[37738],"tags":[39827,39828],"coauthors":[],"class_list":["post-83930","post","type-post","status-publish","format-standard","has-post-thumbnail","hentry","category-today-in-the-news","tag-minimum","tag-wage"],"acf":[],"yoast_head":"<!-- This site is optimized with the Yoast SEO plugin v27.3 - https:\/\/yoast.com\/product\/yoast-seo-wordpress\/ -->\n<title>Debates on the minimum wage - Radio Romania International<\/title>\n<meta name=\"robots\" content=\"index, follow, max-snippet:-1, max-image-preview:large, max-video-preview:-1\" \/>\n<link rel=\"canonical\" href=\"https:\/\/www.rri.ro\/en\/news-and-current-affairs\/today-in-the-news\/debates-on-the-minimum-wage-id83930.html\" \/>\n<meta property=\"og:locale\" content=\"en_US\" \/>\n<meta property=\"og:type\" content=\"article\" \/>\n<meta property=\"og:title\" content=\"Debates on the minimum wage - Radio Romania International\" \/>\n<meta property=\"og:description\" content=\"The government in Bucharest wants to increase the level of the minimum wage beginning next year.\" \/>\n<meta property=\"og:url\" content=\"https:\/\/www.rri.ro\/en\/news-and-current-affairs\/today-in-the-news\/debates-on-the-minimum-wage-id83930.html\" \/>\n<meta property=\"og:site_name\" content=\"Radio Romania International\" \/>\n<meta property=\"article:published_time\" content=\"2019-12-04T11:55:00+00:00\" \/>\n<meta property=\"article:modified_time\" content=\"2024-02-19T06:37:07+00:00\" \/>\n<meta property=\"og:image\" content=\"https:\/\/www.rri.ro\/wp-content\/uploads\/2023\/10\/bani-monede-procente-grafic-pixabay.jpg\" \/>\n\t<meta property=\"og:image:width\" content=\"640\" \/>\n\t<meta property=\"og:image:height\" content=\"480\" \/>\n\t<meta property=\"og:image:type\" content=\"image\/png\" \/>\n<meta name=\"author\" content=\"Mihai Pelin\" \/>\n<meta name=\"twitter:card\" content=\"summary_large_image\" \/>\n<meta name=\"twitter:label1\" content=\"Written by\" \/>\n\t<meta name=\"twitter:data1\" content=\"Mihai Pelin\" \/>\n\t<meta name=\"twitter:label2\" content=\"Est. reading time\" \/>\n\t<meta name=\"twitter:data2\" content=\"2 minutes\" \/>\n<script type=\"application\/ld+json\" class=\"yoast-schema-graph\">{\"@context\":\"https:\\\/\\\/schema.org\",\"@graph\":[{\"@type\":\"Article\",\"@id\":\"https:\\\/\\\/www.rri.ro\\\/en\\\/news-and-current-affairs\\\/today-in-the-news\\\/debates-on-the-minimum-wage-id83930.html#article\",\"isPartOf\":{\"@id\":\"https:\\\/\\\/www.rri.ro\\\/en\\\/news-and-current-affairs\\\/today-in-the-news\\\/debates-on-the-minimum-wage-id83930.html\"},\"author\":{\"name\":\"Mihai Pelin\",\"@id\":\"https:\\\/\\\/www.rri.ro\\\/#\\\/schema\\\/person\\\/c6036c822534c855dc3aad41a484f05d\"},\"headline\":\"Debates on the minimum wage\",\"datePublished\":\"2019-12-04T11:55:00+00:00\",\"dateModified\":\"2024-02-19T06:37:07+00:00\",\"mainEntityOfPage\":{\"@id\":\"https:\\\/\\\/www.rri.ro\\\/en\\\/news-and-current-affairs\\\/today-in-the-news\\\/debates-on-the-minimum-wage-id83930.html\"},\"wordCount\":445,\"image\":{\"@id\":\"https:\\\/\\\/www.rri.ro\\\/en\\\/news-and-current-affairs\\\/today-in-the-news\\\/debates-on-the-minimum-wage-id83930.html#primaryimage\"},\"thumbnailUrl\":\"https:\\\/\\\/www.rri.ro\\\/wp-content\\\/uploads\\\/2023\\\/10\\\/bani-monede-procente-grafic-pixabay.jpg\",\"keywords\":[\"minimum\",\"wage\"],\"articleSection\":[\"Today in the News\"],\"inLanguage\":\"en-US\"},{\"@type\":\"WebPage\",\"@id\":\"https:\\\/\\\/www.rri.ro\\\/en\\\/news-and-current-affairs\\\/today-in-the-news\\\/debates-on-the-minimum-wage-id83930.html\",\"url\":\"https:\\\/\\\/www.rri.ro\\\/en\\\/news-and-current-affairs\\\/today-in-the-news\\\/debates-on-the-minimum-wage-id83930.html\",\"name\":\"Debates on the minimum wage - Radio Romania International\",\"isPartOf\":{\"@id\":\"https:\\\/\\\/www.rri.ro\\\/#website\"},\"primaryImageOfPage\":{\"@id\":\"https:\\\/\\\/www.rri.ro\\\/en\\\/news-and-current-affairs\\\/today-in-the-news\\\/debates-on-the-minimum-wage-id83930.html#primaryimage\"},\"image\":{\"@id\":\"https:\\\/\\\/www.rri.ro\\\/en\\\/news-and-current-affairs\\\/today-in-the-news\\\/debates-on-the-minimum-wage-id83930.html#primaryimage\"},\"thumbnailUrl\":\"https:\\\/\\\/www.rri.ro\\\/wp-content\\\/uploads\\\/2023\\\/10\\\/bani-monede-procente-grafic-pixabay.jpg\",\"datePublished\":\"2019-12-04T11:55:00+00:00\",\"dateModified\":\"2024-02-19T06:37:07+00:00\",\"author\":{\"@id\":\"https:\\\/\\\/www.rri.ro\\\/#\\\/schema\\\/person\\\/c6036c822534c855dc3aad41a484f05d\"},\"breadcrumb\":{\"@id\":\"https:\\\/\\\/www.rri.ro\\\/en\\\/news-and-current-affairs\\\/today-in-the-news\\\/debates-on-the-minimum-wage-id83930.html#breadcrumb\"},\"inLanguage\":\"en-US\",\"potentialAction\":[{\"@type\":\"ReadAction\",\"target\":[\"https:\\\/\\\/www.rri.ro\\\/en\\\/news-and-current-affairs\\\/today-in-the-news\\\/debates-on-the-minimum-wage-id83930.html\"]}]},{\"@type\":\"ImageObject\",\"inLanguage\":\"en-US\",\"@id\":\"https:\\\/\\\/www.rri.ro\\\/en\\\/news-and-current-affairs\\\/today-in-the-news\\\/debates-on-the-minimum-wage-id83930.html#primaryimage\",\"url\":\"https:\\\/\\\/www.rri.ro\\\/wp-content\\\/uploads\\\/2023\\\/10\\\/bani-monede-procente-grafic-pixabay.jpg\",\"contentUrl\":\"https:\\\/\\\/www.rri.ro\\\/wp-content\\\/uploads\\\/2023\\\/10\\\/bani-monede-procente-grafic-pixabay.jpg\",\"width\":640,\"height\":480},{\"@type\":\"BreadcrumbList\",\"@id\":\"https:\\\/\\\/www.rri.ro\\\/en\\\/news-and-current-affairs\\\/today-in-the-news\\\/debates-on-the-minimum-wage-id83930.html#breadcrumb\",\"itemListElement\":[{\"@type\":\"ListItem\",\"position\":1,\"name\":\"Homepage\",\"item\":\"https:\\\/\\\/www.rri.ro\\\/en\"},{\"@type\":\"ListItem\",\"position\":2,\"name\":\"News and Current Affairs\",\"item\":\"https:\\\/\\\/www.rri.ro\\\/en\\\/news-and-current-affairs\"},{\"@type\":\"ListItem\",\"position\":3,\"name\":\"Today in the News\",\"item\":\"https:\\\/\\\/www.rri.ro\\\/en\\\/news-and-current-affairs\\\/today-in-the-news\"},{\"@type\":\"ListItem\",\"position\":4,\"name\":\"Debates on the minimum wage\"}]},{\"@type\":\"WebSite\",\"@id\":\"https:\\\/\\\/www.rri.ro\\\/#website\",\"url\":\"https:\\\/\\\/www.rri.ro\\\/\",\"name\":\"Radio Romania International\",\"description\":\"Totul despre Rom\u00e2nia \u015fi rom\u00e2ni, \u00een 13 limbi\\\/dialecte!\",\"inLanguage\":\"en-US\"},{\"@type\":\"Person\",\"@id\":\"https:\\\/\\\/www.rri.ro\\\/#\\\/schema\\\/person\\\/c6036c822534c855dc3aad41a484f05d\",\"name\":\"Mihai Pelin\",\"url\":\"https:\\\/\\\/www.rri.ro\\\/en\\\/author\\\/mihai-pelin\"}]}<\/script>\n<!-- \/ Yoast SEO plugin. -->","yoast_head_json":{"title":"Debates on the minimum wage - Radio Romania International","robots":{"index":"index","follow":"follow","max-snippet":"max-snippet:-1","max-image-preview":"max-image-preview:large","max-video-preview":"max-video-preview:-1"},"canonical":"https:\/\/www.rri.ro\/en\/news-and-current-affairs\/today-in-the-news\/debates-on-the-minimum-wage-id83930.html","og_locale":"en_US","og_type":"article","og_title":"Debates on the minimum wage - Radio Romania International","og_description":"The government in Bucharest wants to increase the level of the minimum wage beginning next year.","og_url":"https:\/\/www.rri.ro\/en\/news-and-current-affairs\/today-in-the-news\/debates-on-the-minimum-wage-id83930.html","og_site_name":"Radio Romania International","article_published_time":"2019-12-04T11:55:00+00:00","article_modified_time":"2024-02-19T06:37:07+00:00","og_image":[{"width":640,"height":480,"url":"https:\/\/www.rri.ro\/wp-content\/uploads\/2023\/10\/bani-monede-procente-grafic-pixabay.jpg","type":"image\/png"}],"author":"Mihai Pelin","twitter_card":"summary_large_image","twitter_misc":{"Written by":"Mihai Pelin","Est. reading time":"2 minutes"},"schema":{"@context":"https:\/\/schema.org","@graph":[{"@type":"Article","@id":"https:\/\/www.rri.ro\/en\/news-and-current-affairs\/today-in-the-news\/debates-on-the-minimum-wage-id83930.html#article","isPartOf":{"@id":"https:\/\/www.rri.ro\/en\/news-and-current-affairs\/today-in-the-news\/debates-on-the-minimum-wage-id83930.html"},"author":{"name":"Mihai Pelin","@id":"https:\/\/www.rri.ro\/#\/schema\/person\/c6036c822534c855dc3aad41a484f05d"},"headline":"Debates on the minimum wage","datePublished":"2019-12-04T11:55:00+00:00","dateModified":"2024-02-19T06:37:07+00:00","mainEntityOfPage":{"@id":"https:\/\/www.rri.ro\/en\/news-and-current-affairs\/today-in-the-news\/debates-on-the-minimum-wage-id83930.html"},"wordCount":445,"image":{"@id":"https:\/\/www.rri.ro\/en\/news-and-current-affairs\/today-in-the-news\/debates-on-the-minimum-wage-id83930.html#primaryimage"},"thumbnailUrl":"https:\/\/www.rri.ro\/wp-content\/uploads\/2023\/10\/bani-monede-procente-grafic-pixabay.jpg","keywords":["minimum","wage"],"articleSection":["Today in the News"],"inLanguage":"en-US"},{"@type":"WebPage","@id":"https:\/\/www.rri.ro\/en\/news-and-current-affairs\/today-in-the-news\/debates-on-the-minimum-wage-id83930.html","url":"https:\/\/www.rri.ro\/en\/news-and-current-affairs\/today-in-the-news\/debates-on-the-minimum-wage-id83930.html","name":"Debates on the minimum wage - Radio Romania International","isPartOf":{"@id":"https:\/\/www.rri.ro\/#website"},"primaryImageOfPage":{"@id":"https:\/\/www.rri.ro\/en\/news-and-current-affairs\/today-in-the-news\/debates-on-the-minimum-wage-id83930.html#primaryimage"},"image":{"@id":"https:\/\/www.rri.ro\/en\/news-and-current-affairs\/today-in-the-news\/debates-on-the-minimum-wage-id83930.html#primaryimage"},"thumbnailUrl":"https:\/\/www.rri.ro\/wp-content\/uploads\/2023\/10\/bani-monede-procente-grafic-pixabay.jpg","datePublished":"2019-12-04T11:55:00+00:00","dateModified":"2024-02-19T06:37:07+00:00","author":{"@id":"https:\/\/www.rri.ro\/#\/schema\/person\/c6036c822534c855dc3aad41a484f05d"},"breadcrumb":{"@id":"https:\/\/www.rri.ro\/en\/news-and-current-affairs\/today-in-the-news\/debates-on-the-minimum-wage-id83930.html#breadcrumb"},"inLanguage":"en-US","potentialAction":[{"@type":"ReadAction","target":["https:\/\/www.rri.ro\/en\/news-and-current-affairs\/today-in-the-news\/debates-on-the-minimum-wage-id83930.html"]}]},{"@type":"ImageObject","inLanguage":"en-US","@id":"https:\/\/www.rri.ro\/en\/news-and-current-affairs\/today-in-the-news\/debates-on-the-minimum-wage-id83930.html#primaryimage","url":"https:\/\/www.rri.ro\/wp-content\/uploads\/2023\/10\/bani-monede-procente-grafic-pixabay.jpg","contentUrl":"https:\/\/www.rri.ro\/wp-content\/uploads\/2023\/10\/bani-monede-procente-grafic-pixabay.jpg","width":640,"height":480},{"@type":"BreadcrumbList","@id":"https:\/\/www.rri.ro\/en\/news-and-current-affairs\/today-in-the-news\/debates-on-the-minimum-wage-id83930.html#breadcrumb","itemListElement":[{"@type":"ListItem","position":1,"name":"Homepage","item":"https:\/\/www.rri.ro\/en"},{"@type":"ListItem","position":2,"name":"News and Current Affairs","item":"https:\/\/www.rri.ro\/en\/news-and-current-affairs"},{"@type":"ListItem","position":3,"name":"Today in the News","item":"https:\/\/www.rri.ro\/en\/news-and-current-affairs\/today-in-the-news"},{"@type":"ListItem","position":4,"name":"Debates on the minimum wage"}]},{"@type":"WebSite","@id":"https:\/\/www.rri.ro\/#website","url":"https:\/\/www.rri.ro\/","name":"Radio Romania International","description":"Totul despre Rom\u00e2nia \u015fi rom\u00e2ni, \u00een 13 limbi\/dialecte!","inLanguage":"en-US"},{"@type":"Person","@id":"https:\/\/www.rri.ro\/#\/schema\/person\/c6036c822534c855dc3aad41a484f05d","name":"Mihai Pelin","url":"https:\/\/www.rri.ro\/en\/author\/mihai-pelin"}]}},"_links":{"self":[{"href":"https:\/\/www.rri.ro\/en\/wp-json\/wp\/v2\/posts\/83930","targetHints":{"allow":["GET"]}}],"collection":[{"href":"https:\/\/www.rri.ro\/en\/wp-json\/wp\/v2\/posts"}],"about":[{"href":"https:\/\/www.rri.ro\/en\/wp-json\/wp\/v2\/types\/post"}],"author":[{"embeddable":true,"href":"https:\/\/www.rri.ro\/en\/wp-json\/wp\/v2\/users\/106"}],"replies":[{"embeddable":true,"href":"https:\/\/www.rri.ro\/en\/wp-json\/wp\/v2\/comments?post=83930"}],"version-history":[{"count":0,"href":"https:\/\/www.rri.ro\/en\/wp-json\/wp\/v2\/posts\/83930\/revisions"}],"wp:featuredmedia":[{"embeddable":true,"href":"https:\/\/www.rri.ro\/en\/wp-json\/wp\/v2\/media\/83931"}],"wp:attachment":[{"href":"https:\/\/www.rri.ro\/en\/wp-json\/wp\/v2\/media?parent=83930"}],"wp:term":[{"taxonomy":"category","embeddable":true,"href":"https:\/\/www.rri.ro\/en\/wp-json\/wp\/v2\/categories?post=83930"},{"taxonomy":"post_tag","embeddable":true,"href":"https:\/\/www.rri.ro\/en\/wp-json\/wp\/v2\/tags?post=83930"},{"taxonomy":"author","embeddable":true,"href":"https:\/\/www.rri.ro\/en\/wp-json\/wp\/v2\/coauthors?post=83930"}],"curies":[{"name":"wp","href":"https:\/\/api.w.org\/{rel}","templated":true}]}}