{"id":84107,"date":"2019-12-19T13:50:00","date_gmt":"2019-12-19T11:50:00","guid":{"rendered":"http:\/\/devrri.freshlemon.ro\/news-and-current-affairs\/newsflash\/the-romanian-revolution-30-years-on-84107.html"},"modified":"2024-02-19T08:42:30","modified_gmt":"2024-02-19T06:42:30","slug":"the-romanian-revolution-30-years-on","status":"publish","type":"post","link":"https:\/\/www.rri.ro\/en\/news-and-current-affairs\/today-in-the-news\/the-romanian-revolution-30-years-on-id84107.html","title":{"rendered":"The Romanian Revolution, 30 years on"},"content":{"rendered":"<\/p>\n<p>The communist dictatorship was set&#13;<br \/>\nup in Romania after the Second World War, when Soviet troops occupied Romania.&#13;<br \/>\nParadoxically, the regime that endured half a century took only one week to&#13;<br \/>\ncollapse. Unable to further cope with the austerity and oppression of Nicolae&#13;<br \/>\nCeausescu&#8217;s regime, living with hunger, cold and in the dark, deprived of&#13;<br \/>\nelementary rights and encouraged by the cascading collapse of the Soviet&#13;<br \/>\nregimes in East-European countries, it took only a spark for Romanians to take&#13;<br \/>\nto the streets. On December 16, 1989, the protest staged by a dozen supporters&#13;<br \/>\nof the Hungarian-born Reformed priest Laszlo Tokes, whom the authorities were&#13;<br \/>\nplanning to deport from Timisoara, western Romania, turned into a genuine&#13;<br \/>\nrebellion. <\/p>\n<p><\/p>\n<p>Protesters grew from a few hundreds to thousands, then tens of&#13;<br \/>\nthousands of people of various ethnicities and confessions. The security forces&#13;<br \/>\nimmediately resorted to arrests. Then the army, the political police the&#13;<br \/>\nSecuritate as well as the militia took point, firing on the crowd of&#13;<br \/>\nprotesters. Factories and plants were left unmanned, while students went on&#13;<br \/>\nstrike to join the protesting workers. Eventually, the army withdrew to their&#13;<br \/>\nbarracks. On December 20, Timisoara thus became the first city in Romania free&#13;<br \/>\nof communism. On the 21st, the Revolution engulfed other large cities&#13;<br \/>\nin the west and center of the country, and events peaked with a massive protest&#13;<br \/>\nstaged in Bucharest, which the communists again tried to stifle with bloodshed. <\/p>\n<p><\/p>\n<p>On December 22, Ceausescu fled by helicopter the communist party&#8217;s central&#13;<br \/>\ncommittee, besieged by hundreds of thousands of people. Captured and subjected&#13;<br \/>\nto a speedy trial, he was executed on the 25th, leaving behind a&#13;<br \/>\ncountry in ruins and mourning. Over 1,100 people were killed over December&#13;<br \/>\n16-25, mostly after Ceausescu ran away. The official version of the time was&#13;<br \/>\nthat these people had been killed by the so-called terrorists, people still&#13;<br \/>\nloyal to the regime, whose identity is yet to be ascertained. Military&#13;<br \/>\nprosecutors now investigating the Revolution Case however have pointed the&#13;<br \/>\nfinger at Ion Iliescu, the man commonly acknowledged to have orchestrated the&#13;<br \/>\nchange of regime, himself one of Ceausescu&#8217;s ministers in the 70s, and at his&#13;<br \/>\nclose associates as well. Prosecutors say they are responsible for creating&#13;<br \/>\nthis terrorist psychosis, which fueled the loss of human lives. <\/p>\n<p><\/p>\n<p>The massacre&#13;<br \/>\naimed at building the legitimacy of the new Government had its desired effect.&#13;<br \/>\nIn May 1990 the first free elections were held after the events of &#8217;89. Ion&#13;<br \/>\nIliescu won the election by a landslide, with over 85% of the votes, from the&#13;<br \/>\nfirst round of election. His party, dubbed the National Salvation Front, won&#13;<br \/>\ntwo thirds of the seats in the newly created Parliament. Prosecutors claim&#13;<br \/>\nIliescu and his acolytes formed a dissident group that sought to remove dictator&#13;<br \/>\nNicolae Ceausescu from power and to maintain Romania under Soviet influence.&#13;<br \/>\nToday a member of the European Union and NATO and deeply attacked to Western&#13;<br \/>\ndemocratic values, Romania is the living proof that the scenario of the&#13;<br \/>\npro-Moscow conspirators failed. <\/p>\n<p>(Translated by V. Palcu)<\/p>\n","protected":false},"excerpt":{"rendered":"<p>Romanians continue to commemorate the anticommunist revolution of 1989, which changed the course of their nation forever<\/p>\n","protected":false},"author":106,"featured_media":84108,"comment_status":"closed","ping_status":"closed","sticky":false,"template":"","format":"standard","meta":{"_acf_changed":false,"footnotes":""},"categories":[37738],"tags":[39842,32197,39843,29650,29645,1989],"coauthors":[],"class_list":["post-84107","post","type-post","status-publish","format-standard","has-post-thumbnail","hentry","category-today-in-the-news","tag-communist-regime","tag-ion-iliescu","tag-nicolae-ceasusescu","tag-romanian-revolution","tag-timisoara","tag-vaccin-imunizare-coronavirus"],"acf":[],"yoast_head":"<!-- This site is optimized with the Yoast SEO plugin v27.3 - https:\/\/yoast.com\/product\/yoast-seo-wordpress\/ -->\n<title>The Romanian Revolution, 30 years on - Radio Romania International<\/title>\n<meta name=\"robots\" content=\"index, follow, max-snippet:-1, max-image-preview:large, max-video-preview:-1\" \/>\n<link rel=\"canonical\" href=\"https:\/\/www.rri.ro\/en\/news-and-current-affairs\/today-in-the-news\/the-romanian-revolution-30-years-on-id84107.html\" \/>\n<meta property=\"og:locale\" content=\"en_US\" \/>\n<meta property=\"og:type\" content=\"article\" \/>\n<meta property=\"og:title\" content=\"The Romanian Revolution, 30 years on - Radio Romania International\" \/>\n<meta property=\"og:description\" content=\"Romanians continue to commemorate the anticommunist revolution of 1989, which changed the course of their nation forever\" \/>\n<meta property=\"og:url\" content=\"https:\/\/www.rri.ro\/en\/news-and-current-affairs\/today-in-the-news\/the-romanian-revolution-30-years-on-id84107.html\" \/>\n<meta property=\"og:site_name\" content=\"Radio Romania International\" \/>\n<meta property=\"article:published_time\" content=\"2019-12-19T11:50:00+00:00\" \/>\n<meta property=\"article:modified_time\" content=\"2024-02-19T06:42:30+00:00\" \/>\n<meta property=\"og:image\" content=\"https:\/\/www.rri.ro\/wp-content\/uploads\/2023\/10\/20decembrie1989-tm.jpg\" \/>\n\t<meta property=\"og:image:width\" content=\"640\" \/>\n\t<meta property=\"og:image:height\" content=\"480\" \/>\n\t<meta property=\"og:image:type\" content=\"image\/png\" \/>\n<meta name=\"author\" content=\"Mihai Pelin\" \/>\n<meta name=\"twitter:card\" content=\"summary_large_image\" \/>\n<meta name=\"twitter:label1\" content=\"Written by\" \/>\n\t<meta name=\"twitter:data1\" content=\"Mihai Pelin\" \/>\n\t<meta name=\"twitter:label2\" content=\"Est. reading time\" \/>\n\t<meta name=\"twitter:data2\" content=\"2 minutes\" \/>\n<script type=\"application\/ld+json\" class=\"yoast-schema-graph\">{\"@context\":\"https:\\\/\\\/schema.org\",\"@graph\":[{\"@type\":\"Article\",\"@id\":\"https:\\\/\\\/www.rri.ro\\\/en\\\/news-and-current-affairs\\\/today-in-the-news\\\/the-romanian-revolution-30-years-on-id84107.html#article\",\"isPartOf\":{\"@id\":\"https:\\\/\\\/www.rri.ro\\\/en\\\/news-and-current-affairs\\\/today-in-the-news\\\/the-romanian-revolution-30-years-on-id84107.html\"},\"author\":{\"name\":\"Mihai Pelin\",\"@id\":\"https:\\\/\\\/www.rri.ro\\\/#\\\/schema\\\/person\\\/c6036c822534c855dc3aad41a484f05d\"},\"headline\":\"The Romanian Revolution, 30 years on\",\"datePublished\":\"2019-12-19T11:50:00+00:00\",\"dateModified\":\"2024-02-19T06:42:30+00:00\",\"mainEntityOfPage\":{\"@id\":\"https:\\\/\\\/www.rri.ro\\\/en\\\/news-and-current-affairs\\\/today-in-the-news\\\/the-romanian-revolution-30-years-on-id84107.html\"},\"wordCount\":503,\"image\":{\"@id\":\"https:\\\/\\\/www.rri.ro\\\/en\\\/news-and-current-affairs\\\/today-in-the-news\\\/the-romanian-revolution-30-years-on-id84107.html#primaryimage\"},\"thumbnailUrl\":\"https:\\\/\\\/www.rri.ro\\\/wp-content\\\/uploads\\\/2023\\\/10\\\/20decembrie1989-tm.jpg\",\"keywords\":[\"communist regime\",\"Ion Iliescu\",\"Nicolae Ceasusescu\",\"romanian revolution\",\"Timisoara\",\"vaccin, imunizare, coronavirus\"],\"articleSection\":[\"Today in the News\"],\"inLanguage\":\"en-US\"},{\"@type\":\"WebPage\",\"@id\":\"https:\\\/\\\/www.rri.ro\\\/en\\\/news-and-current-affairs\\\/today-in-the-news\\\/the-romanian-revolution-30-years-on-id84107.html\",\"url\":\"https:\\\/\\\/www.rri.ro\\\/en\\\/news-and-current-affairs\\\/today-in-the-news\\\/the-romanian-revolution-30-years-on-id84107.html\",\"name\":\"The Romanian Revolution, 30 years on - Radio Romania International\",\"isPartOf\":{\"@id\":\"https:\\\/\\\/www.rri.ro\\\/#website\"},\"primaryImageOfPage\":{\"@id\":\"https:\\\/\\\/www.rri.ro\\\/en\\\/news-and-current-affairs\\\/today-in-the-news\\\/the-romanian-revolution-30-years-on-id84107.html#primaryimage\"},\"image\":{\"@id\":\"https:\\\/\\\/www.rri.ro\\\/en\\\/news-and-current-affairs\\\/today-in-the-news\\\/the-romanian-revolution-30-years-on-id84107.html#primaryimage\"},\"thumbnailUrl\":\"https:\\\/\\\/www.rri.ro\\\/wp-content\\\/uploads\\\/2023\\\/10\\\/20decembrie1989-tm.jpg\",\"datePublished\":\"2019-12-19T11:50:00+00:00\",\"dateModified\":\"2024-02-19T06:42:30+00:00\",\"author\":{\"@id\":\"https:\\\/\\\/www.rri.ro\\\/#\\\/schema\\\/person\\\/c6036c822534c855dc3aad41a484f05d\"},\"breadcrumb\":{\"@id\":\"https:\\\/\\\/www.rri.ro\\\/en\\\/news-and-current-affairs\\\/today-in-the-news\\\/the-romanian-revolution-30-years-on-id84107.html#breadcrumb\"},\"inLanguage\":\"en-US\",\"potentialAction\":[{\"@type\":\"ReadAction\",\"target\":[\"https:\\\/\\\/www.rri.ro\\\/en\\\/news-and-current-affairs\\\/today-in-the-news\\\/the-romanian-revolution-30-years-on-id84107.html\"]}]},{\"@type\":\"ImageObject\",\"inLanguage\":\"en-US\",\"@id\":\"https:\\\/\\\/www.rri.ro\\\/en\\\/news-and-current-affairs\\\/today-in-the-news\\\/the-romanian-revolution-30-years-on-id84107.html#primaryimage\",\"url\":\"https:\\\/\\\/www.rri.ro\\\/wp-content\\\/uploads\\\/2023\\\/10\\\/20decembrie1989-tm.jpg\",\"contentUrl\":\"https:\\\/\\\/www.rri.ro\\\/wp-content\\\/uploads\\\/2023\\\/10\\\/20decembrie1989-tm.jpg\",\"width\":640,\"height\":480},{\"@type\":\"BreadcrumbList\",\"@id\":\"https:\\\/\\\/www.rri.ro\\\/en\\\/news-and-current-affairs\\\/today-in-the-news\\\/the-romanian-revolution-30-years-on-id84107.html#breadcrumb\",\"itemListElement\":[{\"@type\":\"ListItem\",\"position\":1,\"name\":\"Homepage\",\"item\":\"https:\\\/\\\/www.rri.ro\\\/en\"},{\"@type\":\"ListItem\",\"position\":2,\"name\":\"News and Current Affairs\",\"item\":\"https:\\\/\\\/www.rri.ro\\\/en\\\/news-and-current-affairs\"},{\"@type\":\"ListItem\",\"position\":3,\"name\":\"Today in the News\",\"item\":\"https:\\\/\\\/www.rri.ro\\\/en\\\/news-and-current-affairs\\\/today-in-the-news\"},{\"@type\":\"ListItem\",\"position\":4,\"name\":\"The Romanian Revolution, 30 years on\"}]},{\"@type\":\"WebSite\",\"@id\":\"https:\\\/\\\/www.rri.ro\\\/#website\",\"url\":\"https:\\\/\\\/www.rri.ro\\\/\",\"name\":\"Radio Romania International\",\"description\":\"Totul despre Rom\u00e2nia \u015fi rom\u00e2ni, \u00een 13 limbi\\\/dialecte!\",\"inLanguage\":\"en-US\"},{\"@type\":\"Person\",\"@id\":\"https:\\\/\\\/www.rri.ro\\\/#\\\/schema\\\/person\\\/c6036c822534c855dc3aad41a484f05d\",\"name\":\"Mihai Pelin\",\"url\":\"https:\\\/\\\/www.rri.ro\\\/en\\\/author\\\/mihai-pelin\"}]}<\/script>\n<!-- \/ Yoast SEO plugin. -->","yoast_head_json":{"title":"The Romanian Revolution, 30 years on - Radio Romania International","robots":{"index":"index","follow":"follow","max-snippet":"max-snippet:-1","max-image-preview":"max-image-preview:large","max-video-preview":"max-video-preview:-1"},"canonical":"https:\/\/www.rri.ro\/en\/news-and-current-affairs\/today-in-the-news\/the-romanian-revolution-30-years-on-id84107.html","og_locale":"en_US","og_type":"article","og_title":"The Romanian Revolution, 30 years on - Radio Romania International","og_description":"Romanians continue to commemorate the anticommunist revolution of 1989, which changed the course of their nation forever","og_url":"https:\/\/www.rri.ro\/en\/news-and-current-affairs\/today-in-the-news\/the-romanian-revolution-30-years-on-id84107.html","og_site_name":"Radio Romania International","article_published_time":"2019-12-19T11:50:00+00:00","article_modified_time":"2024-02-19T06:42:30+00:00","og_image":[{"width":640,"height":480,"url":"https:\/\/www.rri.ro\/wp-content\/uploads\/2023\/10\/20decembrie1989-tm.jpg","type":"image\/png"}],"author":"Mihai Pelin","twitter_card":"summary_large_image","twitter_misc":{"Written by":"Mihai Pelin","Est. reading time":"2 minutes"},"schema":{"@context":"https:\/\/schema.org","@graph":[{"@type":"Article","@id":"https:\/\/www.rri.ro\/en\/news-and-current-affairs\/today-in-the-news\/the-romanian-revolution-30-years-on-id84107.html#article","isPartOf":{"@id":"https:\/\/www.rri.ro\/en\/news-and-current-affairs\/today-in-the-news\/the-romanian-revolution-30-years-on-id84107.html"},"author":{"name":"Mihai Pelin","@id":"https:\/\/www.rri.ro\/#\/schema\/person\/c6036c822534c855dc3aad41a484f05d"},"headline":"The Romanian Revolution, 30 years on","datePublished":"2019-12-19T11:50:00+00:00","dateModified":"2024-02-19T06:42:30+00:00","mainEntityOfPage":{"@id":"https:\/\/www.rri.ro\/en\/news-and-current-affairs\/today-in-the-news\/the-romanian-revolution-30-years-on-id84107.html"},"wordCount":503,"image":{"@id":"https:\/\/www.rri.ro\/en\/news-and-current-affairs\/today-in-the-news\/the-romanian-revolution-30-years-on-id84107.html#primaryimage"},"thumbnailUrl":"https:\/\/www.rri.ro\/wp-content\/uploads\/2023\/10\/20decembrie1989-tm.jpg","keywords":["communist regime","Ion Iliescu","Nicolae Ceasusescu","romanian revolution","Timisoara","vaccin, imunizare, coronavirus"],"articleSection":["Today in the News"],"inLanguage":"en-US"},{"@type":"WebPage","@id":"https:\/\/www.rri.ro\/en\/news-and-current-affairs\/today-in-the-news\/the-romanian-revolution-30-years-on-id84107.html","url":"https:\/\/www.rri.ro\/en\/news-and-current-affairs\/today-in-the-news\/the-romanian-revolution-30-years-on-id84107.html","name":"The Romanian Revolution, 30 years on - Radio Romania International","isPartOf":{"@id":"https:\/\/www.rri.ro\/#website"},"primaryImageOfPage":{"@id":"https:\/\/www.rri.ro\/en\/news-and-current-affairs\/today-in-the-news\/the-romanian-revolution-30-years-on-id84107.html#primaryimage"},"image":{"@id":"https:\/\/www.rri.ro\/en\/news-and-current-affairs\/today-in-the-news\/the-romanian-revolution-30-years-on-id84107.html#primaryimage"},"thumbnailUrl":"https:\/\/www.rri.ro\/wp-content\/uploads\/2023\/10\/20decembrie1989-tm.jpg","datePublished":"2019-12-19T11:50:00+00:00","dateModified":"2024-02-19T06:42:30+00:00","author":{"@id":"https:\/\/www.rri.ro\/#\/schema\/person\/c6036c822534c855dc3aad41a484f05d"},"breadcrumb":{"@id":"https:\/\/www.rri.ro\/en\/news-and-current-affairs\/today-in-the-news\/the-romanian-revolution-30-years-on-id84107.html#breadcrumb"},"inLanguage":"en-US","potentialAction":[{"@type":"ReadAction","target":["https:\/\/www.rri.ro\/en\/news-and-current-affairs\/today-in-the-news\/the-romanian-revolution-30-years-on-id84107.html"]}]},{"@type":"ImageObject","inLanguage":"en-US","@id":"https:\/\/www.rri.ro\/en\/news-and-current-affairs\/today-in-the-news\/the-romanian-revolution-30-years-on-id84107.html#primaryimage","url":"https:\/\/www.rri.ro\/wp-content\/uploads\/2023\/10\/20decembrie1989-tm.jpg","contentUrl":"https:\/\/www.rri.ro\/wp-content\/uploads\/2023\/10\/20decembrie1989-tm.jpg","width":640,"height":480},{"@type":"BreadcrumbList","@id":"https:\/\/www.rri.ro\/en\/news-and-current-affairs\/today-in-the-news\/the-romanian-revolution-30-years-on-id84107.html#breadcrumb","itemListElement":[{"@type":"ListItem","position":1,"name":"Homepage","item":"https:\/\/www.rri.ro\/en"},{"@type":"ListItem","position":2,"name":"News and Current Affairs","item":"https:\/\/www.rri.ro\/en\/news-and-current-affairs"},{"@type":"ListItem","position":3,"name":"Today in the News","item":"https:\/\/www.rri.ro\/en\/news-and-current-affairs\/today-in-the-news"},{"@type":"ListItem","position":4,"name":"The Romanian Revolution, 30 years on"}]},{"@type":"WebSite","@id":"https:\/\/www.rri.ro\/#website","url":"https:\/\/www.rri.ro\/","name":"Radio Romania International","description":"Totul despre Rom\u00e2nia \u015fi rom\u00e2ni, \u00een 13 limbi\/dialecte!","inLanguage":"en-US"},{"@type":"Person","@id":"https:\/\/www.rri.ro\/#\/schema\/person\/c6036c822534c855dc3aad41a484f05d","name":"Mihai Pelin","url":"https:\/\/www.rri.ro\/en\/author\/mihai-pelin"}]}},"_links":{"self":[{"href":"https:\/\/www.rri.ro\/en\/wp-json\/wp\/v2\/posts\/84107","targetHints":{"allow":["GET"]}}],"collection":[{"href":"https:\/\/www.rri.ro\/en\/wp-json\/wp\/v2\/posts"}],"about":[{"href":"https:\/\/www.rri.ro\/en\/wp-json\/wp\/v2\/types\/post"}],"author":[{"embeddable":true,"href":"https:\/\/www.rri.ro\/en\/wp-json\/wp\/v2\/users\/106"}],"replies":[{"embeddable":true,"href":"https:\/\/www.rri.ro\/en\/wp-json\/wp\/v2\/comments?post=84107"}],"version-history":[{"count":0,"href":"https:\/\/www.rri.ro\/en\/wp-json\/wp\/v2\/posts\/84107\/revisions"}],"wp:featuredmedia":[{"embeddable":true,"href":"https:\/\/www.rri.ro\/en\/wp-json\/wp\/v2\/media\/84108"}],"wp:attachment":[{"href":"https:\/\/www.rri.ro\/en\/wp-json\/wp\/v2\/media?parent=84107"}],"wp:term":[{"taxonomy":"category","embeddable":true,"href":"https:\/\/www.rri.ro\/en\/wp-json\/wp\/v2\/categories?post=84107"},{"taxonomy":"post_tag","embeddable":true,"href":"https:\/\/www.rri.ro\/en\/wp-json\/wp\/v2\/tags?post=84107"},{"taxonomy":"author","embeddable":true,"href":"https:\/\/www.rri.ro\/en\/wp-json\/wp\/v2\/coauthors?post=84107"}],"curies":[{"name":"wp","href":"https:\/\/api.w.org\/{rel}","templated":true}]}}