{"id":84875,"date":"2020-03-03T14:00:00","date_gmt":"2020-03-03T12:00:00","guid":{"rendered":"http:\/\/devrri.freshlemon.ro\/news-and-current-affairs\/newsflash\/negotiations-and-hearings-84875.html"},"modified":"2024-02-19T08:43:50","modified_gmt":"2024-02-19T06:43:50","slug":"negotiations-and-hearings","status":"publish","type":"post","link":"https:\/\/www.rri.ro\/en\/news-and-current-affairs\/today-in-the-news\/negotiations-and-hearings-id84875.html","title":{"rendered":"Negotiations and hearings"},"content":{"rendered":"<\/p>\n<p>The members of Florin Citu&#8217;s&#13;<br \/>\nCabinet are this week appearing before Parliament&#8217;s specialist committees, a procedural&#13;<br \/>\nstep before the investiture vote. This is the third round of hearings in a matter&#13;<br \/>\nof months. The committees will interview the same ministers whom they&#13;<br \/>\ninterviewed last November, after the leader of the National Liberal Party&#13;<br \/>\nLudovic Orban, took over as Prime Minister from Social-Democrat Viorica&#13;<br \/>\nDancila, the same Orban who last month was ousted under a no-confidence motion&#13;<br \/>\nin Parliament. Orban was again nominated by the President, but the Constitutional&#13;<br \/>\nCourt ruled against this nomination. <\/p>\n<p><\/p>\n<p>The only modification brought to the&#13;<br \/>\ncurrent cabinet is Lucian Heius as the new Finance Minister, a position left&#13;<br \/>\nvacant when Florin Citu was designated Prime Minister. The Liberals say they&#13;<br \/>\nare negotiating with the other parliamentary parties, except the&#13;<br \/>\nSocial-Democratic Party and the Alliance of Liberals and Democrats, in order to&#13;<br \/>\nform a majority. The Liberals account for 20% of Parliament&#8217;s seats, where the&#13;<br \/>\nSocial-Democrats still hold the majority. <\/p>\n<p><\/p>\n<p>Therefore in order to pass, Citu&#8217;s&#13;<br \/>\nCabinet needs votes from all sides of the political spectrum. Dan Barna, the&#13;<br \/>\nleader of the third-largest party in Parliament, Save Romania Union, said&#13;<br \/>\nfollowing Monday&#8217;s talks that the Liberal Party has made no requests regarding&#13;<br \/>\nthe investiture of the new Cabinet and that the meeting with Florin Citu was&#13;<br \/>\nstrictly technical. In turn, Kelemen Hunor, the leader of the Democratic Union&#13;<br \/>\nof Ethnic Hungarians in Romania, says his party has not yet made any decision&#13;<br \/>\nto support the Liberal Government. The Pro Romania Party, made up of dissidents&#13;<br \/>\nfrom the Social-Democratic Party and led by the former Prime Minister Victor&#13;<br \/>\nPonta, announced its members will vote against the new Cabinet. Finally, the votes&#13;<br \/>\nof the Social-Democratic Party and the Alliance of Liberals and Democrats seem&#13;<br \/>\nto be of little interest to the Liberals, whose obvious disinterest in the&#13;<br \/>\ncurrent negotiations has prompted political pundits to say the Liberal Party&#13;<br \/>\nmight still try to force early elections, based on its superior position in&#13;<br \/>\nsurveys. <\/p>\n<p><\/p>\n<p>Early elections can be held if two consecutive governments are rejected&#13;<br \/>\nover 60 days and Parliament is dissolved. The President favors this scenario&#13;<br \/>\nand reacted to the Constitutional Court&#8217;s ruling against Orban&#8217;s second&#13;<br \/>\nnomination as Prime Minister, saying that chances to organize snap elections&#13;<br \/>\nhave dropped below 50%. Experts say June 21 is the deadline for early&#13;<br \/>\nelections, as after this date Parliament can no longer be dissolved, as it enters&#13;<br \/>\nits last six months in office. Early elections have never been held in Romania&#13;<br \/>\nsince the anticommunist revolution of 1989, no matter how much instability our&#13;<br \/>\ncountry has seen at political level.  <\/p>\n<p>&#13;<br \/>\n&#13;<\/p>\n<p>(Translated by V. Palcu)<\/p>\n<p><\/p>\n","protected":false},"excerpt":{"rendered":"<p>Political uncertainty continues to grip the capital city<\/p>\n","protected":false},"author":105,"featured_media":84876,"comment_status":"closed","ping_status":"closed","sticky":false,"template":"","format":"standard","meta":{"_acf_changed":false,"footnotes":""},"categories":[37738],"tags":[35391,30168,32086,31399,39898],"coauthors":[],"class_list":["post-84875","post","type-post","status-publish","format-standard","has-post-thumbnail","hentry","category-today-in-the-news","tag-florin-citu","tag-ludovic-orban","tag-negotiations","tag-new-cabinet","tag-parliament-majority"],"acf":[],"yoast_head":"<!-- This site is optimized with the Yoast SEO plugin v27.3 - https:\/\/yoast.com\/product\/yoast-seo-wordpress\/ -->\n<title>Negotiations and hearings - Radio Romania International<\/title>\n<meta name=\"robots\" content=\"index, follow, max-snippet:-1, max-image-preview:large, max-video-preview:-1\" \/>\n<link rel=\"canonical\" href=\"https:\/\/www.rri.ro\/en\/news-and-current-affairs\/today-in-the-news\/negotiations-and-hearings-id84875.html\" \/>\n<meta property=\"og:locale\" content=\"en_US\" \/>\n<meta property=\"og:type\" content=\"article\" \/>\n<meta property=\"og:title\" content=\"Negotiations and hearings - Radio Romania International\" \/>\n<meta property=\"og:description\" content=\"Political uncertainty continues to grip the capital city\" \/>\n<meta property=\"og:url\" content=\"https:\/\/www.rri.ro\/en\/news-and-current-affairs\/today-in-the-news\/negotiations-and-hearings-id84875.html\" \/>\n<meta property=\"og:site_name\" content=\"Radio Romania International\" \/>\n<meta property=\"article:published_time\" content=\"2020-03-03T12:00:00+00:00\" \/>\n<meta property=\"article:modified_time\" content=\"2024-02-19T06:43:50+00:00\" \/>\n<meta property=\"og:image\" content=\"https:\/\/www.rri.ro\/wp-content\/uploads\/2023\/10\/camera-deputatilor-parlament-foto-fb-parlamentul-romaniei-camera-deputatilorpng-alt.png\" \/>\n\t<meta property=\"og:image:width\" content=\"640\" \/>\n\t<meta property=\"og:image:height\" content=\"480\" \/>\n\t<meta property=\"og:image:type\" content=\"image\/png\" \/>\n<meta name=\"author\" content=\"Bogdan Matei\" \/>\n<meta name=\"twitter:card\" content=\"summary_large_image\" \/>\n<meta name=\"twitter:label1\" content=\"Written by\" \/>\n\t<meta name=\"twitter:data1\" content=\"Bogdan Matei\" \/>\n\t<meta name=\"twitter:label2\" content=\"Est. reading time\" \/>\n\t<meta name=\"twitter:data2\" content=\"2 minutes\" \/>\n<script type=\"application\/ld+json\" class=\"yoast-schema-graph\">{\"@context\":\"https:\\\/\\\/schema.org\",\"@graph\":[{\"@type\":\"Article\",\"@id\":\"https:\\\/\\\/www.rri.ro\\\/en\\\/news-and-current-affairs\\\/today-in-the-news\\\/negotiations-and-hearings-id84875.html#article\",\"isPartOf\":{\"@id\":\"https:\\\/\\\/www.rri.ro\\\/en\\\/news-and-current-affairs\\\/today-in-the-news\\\/negotiations-and-hearings-id84875.html\"},\"author\":{\"name\":\"Bogdan Matei\",\"@id\":\"https:\\\/\\\/www.rri.ro\\\/#\\\/schema\\\/person\\\/0ed327d40678578e6dbb840527e3ba32\"},\"headline\":\"Negotiations and hearings\",\"datePublished\":\"2020-03-03T12:00:00+00:00\",\"dateModified\":\"2024-02-19T06:43:50+00:00\",\"mainEntityOfPage\":{\"@id\":\"https:\\\/\\\/www.rri.ro\\\/en\\\/news-and-current-affairs\\\/today-in-the-news\\\/negotiations-and-hearings-id84875.html\"},\"wordCount\":445,\"image\":{\"@id\":\"https:\\\/\\\/www.rri.ro\\\/en\\\/news-and-current-affairs\\\/today-in-the-news\\\/negotiations-and-hearings-id84875.html#primaryimage\"},\"thumbnailUrl\":\"https:\\\/\\\/www.rri.ro\\\/wp-content\\\/uploads\\\/2023\\\/10\\\/camera-deputatilor-parlament-foto-fb-parlamentul-romaniei-camera-deputatilorpng-alt.png\",\"keywords\":[\"Florin Citu\",\"Ludovic Orban\",\"negotiations\",\"new cabinet\",\"Parliament majority\"],\"articleSection\":[\"Today in the News\"],\"inLanguage\":\"en-US\"},{\"@type\":\"WebPage\",\"@id\":\"https:\\\/\\\/www.rri.ro\\\/en\\\/news-and-current-affairs\\\/today-in-the-news\\\/negotiations-and-hearings-id84875.html\",\"url\":\"https:\\\/\\\/www.rri.ro\\\/en\\\/news-and-current-affairs\\\/today-in-the-news\\\/negotiations-and-hearings-id84875.html\",\"name\":\"Negotiations and hearings - Radio Romania International\",\"isPartOf\":{\"@id\":\"https:\\\/\\\/www.rri.ro\\\/#website\"},\"primaryImageOfPage\":{\"@id\":\"https:\\\/\\\/www.rri.ro\\\/en\\\/news-and-current-affairs\\\/today-in-the-news\\\/negotiations-and-hearings-id84875.html#primaryimage\"},\"image\":{\"@id\":\"https:\\\/\\\/www.rri.ro\\\/en\\\/news-and-current-affairs\\\/today-in-the-news\\\/negotiations-and-hearings-id84875.html#primaryimage\"},\"thumbnailUrl\":\"https:\\\/\\\/www.rri.ro\\\/wp-content\\\/uploads\\\/2023\\\/10\\\/camera-deputatilor-parlament-foto-fb-parlamentul-romaniei-camera-deputatilorpng-alt.png\",\"datePublished\":\"2020-03-03T12:00:00+00:00\",\"dateModified\":\"2024-02-19T06:43:50+00:00\",\"author\":{\"@id\":\"https:\\\/\\\/www.rri.ro\\\/#\\\/schema\\\/person\\\/0ed327d40678578e6dbb840527e3ba32\"},\"breadcrumb\":{\"@id\":\"https:\\\/\\\/www.rri.ro\\\/en\\\/news-and-current-affairs\\\/today-in-the-news\\\/negotiations-and-hearings-id84875.html#breadcrumb\"},\"inLanguage\":\"en-US\",\"potentialAction\":[{\"@type\":\"ReadAction\",\"target\":[\"https:\\\/\\\/www.rri.ro\\\/en\\\/news-and-current-affairs\\\/today-in-the-news\\\/negotiations-and-hearings-id84875.html\"]}]},{\"@type\":\"ImageObject\",\"inLanguage\":\"en-US\",\"@id\":\"https:\\\/\\\/www.rri.ro\\\/en\\\/news-and-current-affairs\\\/today-in-the-news\\\/negotiations-and-hearings-id84875.html#primaryimage\",\"url\":\"https:\\\/\\\/www.rri.ro\\\/wp-content\\\/uploads\\\/2023\\\/10\\\/camera-deputatilor-parlament-foto-fb-parlamentul-romaniei-camera-deputatilorpng-alt.png\",\"contentUrl\":\"https:\\\/\\\/www.rri.ro\\\/wp-content\\\/uploads\\\/2023\\\/10\\\/camera-deputatilor-parlament-foto-fb-parlamentul-romaniei-camera-deputatilorpng-alt.png\",\"width\":640,\"height\":480},{\"@type\":\"BreadcrumbList\",\"@id\":\"https:\\\/\\\/www.rri.ro\\\/en\\\/news-and-current-affairs\\\/today-in-the-news\\\/negotiations-and-hearings-id84875.html#breadcrumb\",\"itemListElement\":[{\"@type\":\"ListItem\",\"position\":1,\"name\":\"Homepage\",\"item\":\"https:\\\/\\\/www.rri.ro\\\/en\"},{\"@type\":\"ListItem\",\"position\":2,\"name\":\"News and Current Affairs\",\"item\":\"https:\\\/\\\/www.rri.ro\\\/en\\\/news-and-current-affairs\"},{\"@type\":\"ListItem\",\"position\":3,\"name\":\"Today in the News\",\"item\":\"https:\\\/\\\/www.rri.ro\\\/en\\\/news-and-current-affairs\\\/today-in-the-news\"},{\"@type\":\"ListItem\",\"position\":4,\"name\":\"Negotiations and hearings\"}]},{\"@type\":\"WebSite\",\"@id\":\"https:\\\/\\\/www.rri.ro\\\/#website\",\"url\":\"https:\\\/\\\/www.rri.ro\\\/\",\"name\":\"Radio Romania International\",\"description\":\"Totul despre Rom\u00e2nia \u015fi rom\u00e2ni, \u00een 13 limbi\\\/dialecte!\",\"inLanguage\":\"en-US\"},{\"@type\":\"Person\",\"@id\":\"https:\\\/\\\/www.rri.ro\\\/#\\\/schema\\\/person\\\/0ed327d40678578e6dbb840527e3ba32\",\"name\":\"Bogdan Matei\",\"url\":\"https:\\\/\\\/www.rri.ro\\\/en\\\/author\\\/bogdan-matei\"}]}<\/script>\n<!-- \/ Yoast SEO plugin. -->","yoast_head_json":{"title":"Negotiations and hearings - Radio Romania International","robots":{"index":"index","follow":"follow","max-snippet":"max-snippet:-1","max-image-preview":"max-image-preview:large","max-video-preview":"max-video-preview:-1"},"canonical":"https:\/\/www.rri.ro\/en\/news-and-current-affairs\/today-in-the-news\/negotiations-and-hearings-id84875.html","og_locale":"en_US","og_type":"article","og_title":"Negotiations and hearings - Radio Romania International","og_description":"Political uncertainty continues to grip the capital city","og_url":"https:\/\/www.rri.ro\/en\/news-and-current-affairs\/today-in-the-news\/negotiations-and-hearings-id84875.html","og_site_name":"Radio Romania International","article_published_time":"2020-03-03T12:00:00+00:00","article_modified_time":"2024-02-19T06:43:50+00:00","og_image":[{"width":640,"height":480,"url":"https:\/\/www.rri.ro\/wp-content\/uploads\/2023\/10\/camera-deputatilor-parlament-foto-fb-parlamentul-romaniei-camera-deputatilorpng-alt.png","type":"image\/png"}],"author":"Bogdan Matei","twitter_card":"summary_large_image","twitter_misc":{"Written by":"Bogdan Matei","Est. reading time":"2 minutes"},"schema":{"@context":"https:\/\/schema.org","@graph":[{"@type":"Article","@id":"https:\/\/www.rri.ro\/en\/news-and-current-affairs\/today-in-the-news\/negotiations-and-hearings-id84875.html#article","isPartOf":{"@id":"https:\/\/www.rri.ro\/en\/news-and-current-affairs\/today-in-the-news\/negotiations-and-hearings-id84875.html"},"author":{"name":"Bogdan Matei","@id":"https:\/\/www.rri.ro\/#\/schema\/person\/0ed327d40678578e6dbb840527e3ba32"},"headline":"Negotiations and hearings","datePublished":"2020-03-03T12:00:00+00:00","dateModified":"2024-02-19T06:43:50+00:00","mainEntityOfPage":{"@id":"https:\/\/www.rri.ro\/en\/news-and-current-affairs\/today-in-the-news\/negotiations-and-hearings-id84875.html"},"wordCount":445,"image":{"@id":"https:\/\/www.rri.ro\/en\/news-and-current-affairs\/today-in-the-news\/negotiations-and-hearings-id84875.html#primaryimage"},"thumbnailUrl":"https:\/\/www.rri.ro\/wp-content\/uploads\/2023\/10\/camera-deputatilor-parlament-foto-fb-parlamentul-romaniei-camera-deputatilorpng-alt.png","keywords":["Florin Citu","Ludovic Orban","negotiations","new cabinet","Parliament majority"],"articleSection":["Today in the News"],"inLanguage":"en-US"},{"@type":"WebPage","@id":"https:\/\/www.rri.ro\/en\/news-and-current-affairs\/today-in-the-news\/negotiations-and-hearings-id84875.html","url":"https:\/\/www.rri.ro\/en\/news-and-current-affairs\/today-in-the-news\/negotiations-and-hearings-id84875.html","name":"Negotiations and hearings - Radio Romania International","isPartOf":{"@id":"https:\/\/www.rri.ro\/#website"},"primaryImageOfPage":{"@id":"https:\/\/www.rri.ro\/en\/news-and-current-affairs\/today-in-the-news\/negotiations-and-hearings-id84875.html#primaryimage"},"image":{"@id":"https:\/\/www.rri.ro\/en\/news-and-current-affairs\/today-in-the-news\/negotiations-and-hearings-id84875.html#primaryimage"},"thumbnailUrl":"https:\/\/www.rri.ro\/wp-content\/uploads\/2023\/10\/camera-deputatilor-parlament-foto-fb-parlamentul-romaniei-camera-deputatilorpng-alt.png","datePublished":"2020-03-03T12:00:00+00:00","dateModified":"2024-02-19T06:43:50+00:00","author":{"@id":"https:\/\/www.rri.ro\/#\/schema\/person\/0ed327d40678578e6dbb840527e3ba32"},"breadcrumb":{"@id":"https:\/\/www.rri.ro\/en\/news-and-current-affairs\/today-in-the-news\/negotiations-and-hearings-id84875.html#breadcrumb"},"inLanguage":"en-US","potentialAction":[{"@type":"ReadAction","target":["https:\/\/www.rri.ro\/en\/news-and-current-affairs\/today-in-the-news\/negotiations-and-hearings-id84875.html"]}]},{"@type":"ImageObject","inLanguage":"en-US","@id":"https:\/\/www.rri.ro\/en\/news-and-current-affairs\/today-in-the-news\/negotiations-and-hearings-id84875.html#primaryimage","url":"https:\/\/www.rri.ro\/wp-content\/uploads\/2023\/10\/camera-deputatilor-parlament-foto-fb-parlamentul-romaniei-camera-deputatilorpng-alt.png","contentUrl":"https:\/\/www.rri.ro\/wp-content\/uploads\/2023\/10\/camera-deputatilor-parlament-foto-fb-parlamentul-romaniei-camera-deputatilorpng-alt.png","width":640,"height":480},{"@type":"BreadcrumbList","@id":"https:\/\/www.rri.ro\/en\/news-and-current-affairs\/today-in-the-news\/negotiations-and-hearings-id84875.html#breadcrumb","itemListElement":[{"@type":"ListItem","position":1,"name":"Homepage","item":"https:\/\/www.rri.ro\/en"},{"@type":"ListItem","position":2,"name":"News and Current Affairs","item":"https:\/\/www.rri.ro\/en\/news-and-current-affairs"},{"@type":"ListItem","position":3,"name":"Today in the News","item":"https:\/\/www.rri.ro\/en\/news-and-current-affairs\/today-in-the-news"},{"@type":"ListItem","position":4,"name":"Negotiations and hearings"}]},{"@type":"WebSite","@id":"https:\/\/www.rri.ro\/#website","url":"https:\/\/www.rri.ro\/","name":"Radio Romania International","description":"Totul despre Rom\u00e2nia \u015fi rom\u00e2ni, \u00een 13 limbi\/dialecte!","inLanguage":"en-US"},{"@type":"Person","@id":"https:\/\/www.rri.ro\/#\/schema\/person\/0ed327d40678578e6dbb840527e3ba32","name":"Bogdan Matei","url":"https:\/\/www.rri.ro\/en\/author\/bogdan-matei"}]}},"_links":{"self":[{"href":"https:\/\/www.rri.ro\/en\/wp-json\/wp\/v2\/posts\/84875","targetHints":{"allow":["GET"]}}],"collection":[{"href":"https:\/\/www.rri.ro\/en\/wp-json\/wp\/v2\/posts"}],"about":[{"href":"https:\/\/www.rri.ro\/en\/wp-json\/wp\/v2\/types\/post"}],"author":[{"embeddable":true,"href":"https:\/\/www.rri.ro\/en\/wp-json\/wp\/v2\/users\/105"}],"replies":[{"embeddable":true,"href":"https:\/\/www.rri.ro\/en\/wp-json\/wp\/v2\/comments?post=84875"}],"version-history":[{"count":0,"href":"https:\/\/www.rri.ro\/en\/wp-json\/wp\/v2\/posts\/84875\/revisions"}],"wp:featuredmedia":[{"embeddable":true,"href":"https:\/\/www.rri.ro\/en\/wp-json\/wp\/v2\/media\/84876"}],"wp:attachment":[{"href":"https:\/\/www.rri.ro\/en\/wp-json\/wp\/v2\/media?parent=84875"}],"wp:term":[{"taxonomy":"category","embeddable":true,"href":"https:\/\/www.rri.ro\/en\/wp-json\/wp\/v2\/categories?post=84875"},{"taxonomy":"post_tag","embeddable":true,"href":"https:\/\/www.rri.ro\/en\/wp-json\/wp\/v2\/tags?post=84875"},{"taxonomy":"author","embeddable":true,"href":"https:\/\/www.rri.ro\/en\/wp-json\/wp\/v2\/coauthors?post=84875"}],"curies":[{"name":"wp","href":"https:\/\/api.w.org\/{rel}","templated":true}]}}