{"id":85290,"date":"2020-04-03T13:55:00","date_gmt":"2020-04-03T10:55:00","guid":{"rendered":"http:\/\/devrri.freshlemon.ro\/news-and-current-affairs\/newsflash\/support-for-the-economic-sector-85290.html"},"modified":"2024-02-19T08:44:46","modified_gmt":"2024-02-19T06:44:46","slug":"support-for-the-economic-sector","status":"publish","type":"post","link":"https:\/\/www.rri.ro\/en\/news-and-current-affairs\/today-in-the-news\/support-for-the-economic-sector-id85290.html","title":{"rendered":"Support for the economic sector"},"content":{"rendered":"<p align=center>The Orban Cabinet Thursday passed an emergency order to help the companies experiencing difficulties these days. The order introduces two aid schemes for small and medium enterprises, aimed at securing working and investment capital. The government makes over 3 billion euros available to SMEs.<\/p>\n<p>&#13;<br \/>\n&#13;<\/p>\n<p align=center>\n<p>&#13;<br \/>\n&#13;<\/p>\n<p>A methodology has also been put together for the implementation of a previous emergency order, postponing loan repayments in the context of the economic crisis generated by the COVID-19 pandemic. The finance minister Florin C\u00ee\u021bu says Romania offers the best conditions of all the countries that have resorted to this measure. According to him, the impact of this decision on the Gross Domestic Product is estimated to be around 3%.<\/p>\n<p>&#13;<br \/>\n&#13;<\/p>\n<p>&#13;<br \/>\n&#13;<\/p>\n<p>In turn, PM Ludovic Orban spoke about the impact of the coronavirus crisis on the economy, which has already reached 30%, meaning that 800,000 to 1 million people will have been idled. The PM also said he was not a supporter of austerity measures and of price caps:<\/p>\n<p>&#13;<br \/>\n&#13;<\/p>\n<p>&#13;<br \/>\n&#13;<\/p>\n<p><strong>Ludovic Orban<\/strong>: \u201cOver 30% of the Romanian economy is affected, and the risk of decreased economic growth, lower revenues to the state budget and social security budget, including the unemployment fund, is very clear. Austerity measures have not only failed to provide a solution to the latest crisis, but on the contrary, they have probably deepened the crisis. We need to preserve peoples spending power; we need a demand that companies should work to meet.  <\/p>\n<p>&#13;<br \/>\n&#13;<\/p>\n<p>&#13;<br \/>\n&#13;<\/p>\n<p>According to the president of the Fiscal Council, Daniel D\u0103ianu, the measures to be taken in the context of the COVID-19 pandemic should include, among other things, the postponement of non-urgent expenditure, full absorption of EU funds, and the use of long-term loans from international financial institutions, to support investments and economic operations. Daniel D\u0103ianu explains in an op-ed that widening the budget deficit must be strictly tied to the measures to fight the COVID-19, to unemployment and to supporting certain economic operations.<\/p>\n<p>&#13;<br \/>\n&#13;<\/p>\n<p>&#13;<br \/>\n&#13;<\/p>\n<p>He adds that the National Bank may help in smoothing domestic financial circuits and may relax monetary conditions, by means of its monetary policy interest rate and of its management of cash flows. What the central bank cannot do, however, is to inject cash into the economy. And after the pandemic is over, D\u0103ianu explains, we must put together a strategy to strengthen the economy, to ensure reliable domestic roots in core sectors like industry and agriculture, \u201cwhich together should form a robust public budget, with appropriate fiscal revenues, able to support essential public assets and allow for suitable funding for public healthcare and education.<\/p>\n<p>&#13;<br \/>\n&#13;<\/p>\n<p>(<em>translated by: Ana-Maria Popescu)<\/em><\/p>\n<p>&#13;<\/p>\n","protected":false},"excerpt":{"rendered":"<p>Following the latest government meeting, the Orban Cabinet announced new measures to support the Romanian economy<\/p>\n","protected":false},"author":107,"featured_media":85291,"comment_status":"closed","ping_status":"closed","sticky":false,"template":"","format":"standard","meta":{"_acf_changed":false,"footnotes":""},"categories":[37738],"tags":[35374,29822,29212,34491,31777,39927],"coauthors":[],"class_list":["post-85290","post","type-post","status-publish","format-standard","has-post-thumbnail","hentry","category-today-in-the-news","tag-covid-19","tag-crisis","tag-economy","tag-interest","tag-loans","tag-sme"],"acf":[],"yoast_head":"<!-- This site is optimized with the Yoast SEO plugin v27.3 - https:\/\/yoast.com\/product\/yoast-seo-wordpress\/ -->\n<title>Support for the economic sector - Radio Romania International<\/title>\n<meta name=\"robots\" content=\"index, follow, max-snippet:-1, max-image-preview:large, max-video-preview:-1\" \/>\n<link rel=\"canonical\" href=\"https:\/\/www.rri.ro\/en\/news-and-current-affairs\/today-in-the-news\/support-for-the-economic-sector-id85290.html\" \/>\n<meta property=\"og:locale\" content=\"en_US\" \/>\n<meta property=\"og:type\" content=\"article\" \/>\n<meta property=\"og:title\" content=\"Support for the economic sector - Radio Romania International\" \/>\n<meta property=\"og:description\" content=\"Following the latest government meeting, the Orban Cabinet announced new measures to support the Romanian economy\" \/>\n<meta property=\"og:url\" content=\"https:\/\/www.rri.ro\/en\/news-and-current-affairs\/today-in-the-news\/support-for-the-economic-sector-id85290.html\" \/>\n<meta property=\"og:site_name\" content=\"Radio Romania International\" \/>\n<meta property=\"article:published_time\" content=\"2020-04-03T10:55:00+00:00\" \/>\n<meta property=\"article:modified_time\" content=\"2024-02-19T06:44:46+00:00\" \/>\n<meta property=\"og:image\" content=\"https:\/\/www.rri.ro\/wp-content\/uploads\/2023\/10\/sedinta-guvern-orban-aprilie-foto-gov-ro.png\" \/>\n\t<meta property=\"og:image:width\" content=\"640\" \/>\n\t<meta property=\"og:image:height\" content=\"360\" \/>\n\t<meta property=\"og:image:type\" content=\"image\/png\" \/>\n<meta name=\"author\" content=\"Daniela Budu\" \/>\n<meta name=\"twitter:card\" content=\"summary_large_image\" \/>\n<meta name=\"twitter:label1\" content=\"Written by\" \/>\n\t<meta name=\"twitter:data1\" content=\"Daniela Budu\" \/>\n\t<meta name=\"twitter:label2\" content=\"Est. reading time\" \/>\n\t<meta name=\"twitter:data2\" content=\"2 minutes\" \/>\n<script type=\"application\/ld+json\" class=\"yoast-schema-graph\">{\"@context\":\"https:\\\/\\\/schema.org\",\"@graph\":[{\"@type\":\"Article\",\"@id\":\"https:\\\/\\\/www.rri.ro\\\/en\\\/news-and-current-affairs\\\/today-in-the-news\\\/support-for-the-economic-sector-id85290.html#article\",\"isPartOf\":{\"@id\":\"https:\\\/\\\/www.rri.ro\\\/en\\\/news-and-current-affairs\\\/today-in-the-news\\\/support-for-the-economic-sector-id85290.html\"},\"author\":{\"name\":\"Daniela Budu\",\"@id\":\"https:\\\/\\\/www.rri.ro\\\/#\\\/schema\\\/person\\\/b46b8f80d7d6e4b5ac9f14f0acbad0c4\"},\"headline\":\"Support for the economic sector\",\"datePublished\":\"2020-04-03T10:55:00+00:00\",\"dateModified\":\"2024-02-19T06:44:46+00:00\",\"mainEntityOfPage\":{\"@id\":\"https:\\\/\\\/www.rri.ro\\\/en\\\/news-and-current-affairs\\\/today-in-the-news\\\/support-for-the-economic-sector-id85290.html\"},\"wordCount\":432,\"image\":{\"@id\":\"https:\\\/\\\/www.rri.ro\\\/en\\\/news-and-current-affairs\\\/today-in-the-news\\\/support-for-the-economic-sector-id85290.html#primaryimage\"},\"thumbnailUrl\":\"https:\\\/\\\/www.rri.ro\\\/wp-content\\\/uploads\\\/2023\\\/10\\\/sedinta-guvern-orban-aprilie-foto-gov-ro.png\",\"keywords\":[\"Covid-19\",\"crisis\",\"economy\",\"interest\",\"loans\",\"SME\"],\"articleSection\":[\"Today in the News\"],\"inLanguage\":\"en-US\"},{\"@type\":\"WebPage\",\"@id\":\"https:\\\/\\\/www.rri.ro\\\/en\\\/news-and-current-affairs\\\/today-in-the-news\\\/support-for-the-economic-sector-id85290.html\",\"url\":\"https:\\\/\\\/www.rri.ro\\\/en\\\/news-and-current-affairs\\\/today-in-the-news\\\/support-for-the-economic-sector-id85290.html\",\"name\":\"Support for the economic sector - Radio Romania International\",\"isPartOf\":{\"@id\":\"https:\\\/\\\/www.rri.ro\\\/#website\"},\"primaryImageOfPage\":{\"@id\":\"https:\\\/\\\/www.rri.ro\\\/en\\\/news-and-current-affairs\\\/today-in-the-news\\\/support-for-the-economic-sector-id85290.html#primaryimage\"},\"image\":{\"@id\":\"https:\\\/\\\/www.rri.ro\\\/en\\\/news-and-current-affairs\\\/today-in-the-news\\\/support-for-the-economic-sector-id85290.html#primaryimage\"},\"thumbnailUrl\":\"https:\\\/\\\/www.rri.ro\\\/wp-content\\\/uploads\\\/2023\\\/10\\\/sedinta-guvern-orban-aprilie-foto-gov-ro.png\",\"datePublished\":\"2020-04-03T10:55:00+00:00\",\"dateModified\":\"2024-02-19T06:44:46+00:00\",\"author\":{\"@id\":\"https:\\\/\\\/www.rri.ro\\\/#\\\/schema\\\/person\\\/b46b8f80d7d6e4b5ac9f14f0acbad0c4\"},\"breadcrumb\":{\"@id\":\"https:\\\/\\\/www.rri.ro\\\/en\\\/news-and-current-affairs\\\/today-in-the-news\\\/support-for-the-economic-sector-id85290.html#breadcrumb\"},\"inLanguage\":\"en-US\",\"potentialAction\":[{\"@type\":\"ReadAction\",\"target\":[\"https:\\\/\\\/www.rri.ro\\\/en\\\/news-and-current-affairs\\\/today-in-the-news\\\/support-for-the-economic-sector-id85290.html\"]}]},{\"@type\":\"ImageObject\",\"inLanguage\":\"en-US\",\"@id\":\"https:\\\/\\\/www.rri.ro\\\/en\\\/news-and-current-affairs\\\/today-in-the-news\\\/support-for-the-economic-sector-id85290.html#primaryimage\",\"url\":\"https:\\\/\\\/www.rri.ro\\\/wp-content\\\/uploads\\\/2023\\\/10\\\/sedinta-guvern-orban-aprilie-foto-gov-ro.png\",\"contentUrl\":\"https:\\\/\\\/www.rri.ro\\\/wp-content\\\/uploads\\\/2023\\\/10\\\/sedinta-guvern-orban-aprilie-foto-gov-ro.png\",\"width\":640,\"height\":360},{\"@type\":\"BreadcrumbList\",\"@id\":\"https:\\\/\\\/www.rri.ro\\\/en\\\/news-and-current-affairs\\\/today-in-the-news\\\/support-for-the-economic-sector-id85290.html#breadcrumb\",\"itemListElement\":[{\"@type\":\"ListItem\",\"position\":1,\"name\":\"Homepage\",\"item\":\"https:\\\/\\\/www.rri.ro\\\/en\"},{\"@type\":\"ListItem\",\"position\":2,\"name\":\"News and Current Affairs\",\"item\":\"https:\\\/\\\/www.rri.ro\\\/en\\\/news-and-current-affairs\"},{\"@type\":\"ListItem\",\"position\":3,\"name\":\"Today in the News\",\"item\":\"https:\\\/\\\/www.rri.ro\\\/en\\\/news-and-current-affairs\\\/today-in-the-news\"},{\"@type\":\"ListItem\",\"position\":4,\"name\":\"Support for the economic sector\"}]},{\"@type\":\"WebSite\",\"@id\":\"https:\\\/\\\/www.rri.ro\\\/#website\",\"url\":\"https:\\\/\\\/www.rri.ro\\\/\",\"name\":\"Radio Romania International\",\"description\":\"Totul despre Rom\u00e2nia \u015fi rom\u00e2ni, \u00een 13 limbi\\\/dialecte!\",\"inLanguage\":\"en-US\"},{\"@type\":\"Person\",\"@id\":\"https:\\\/\\\/www.rri.ro\\\/#\\\/schema\\\/person\\\/b46b8f80d7d6e4b5ac9f14f0acbad0c4\",\"name\":\"Daniela Budu\",\"url\":\"https:\\\/\\\/www.rri.ro\\\/en\\\/author\\\/daniela-budu\"}]}<\/script>\n<!-- \/ Yoast SEO plugin. -->","yoast_head_json":{"title":"Support for the economic sector - Radio Romania International","robots":{"index":"index","follow":"follow","max-snippet":"max-snippet:-1","max-image-preview":"max-image-preview:large","max-video-preview":"max-video-preview:-1"},"canonical":"https:\/\/www.rri.ro\/en\/news-and-current-affairs\/today-in-the-news\/support-for-the-economic-sector-id85290.html","og_locale":"en_US","og_type":"article","og_title":"Support for the economic sector - Radio Romania International","og_description":"Following the latest government meeting, the Orban Cabinet announced new measures to support the Romanian economy","og_url":"https:\/\/www.rri.ro\/en\/news-and-current-affairs\/today-in-the-news\/support-for-the-economic-sector-id85290.html","og_site_name":"Radio Romania International","article_published_time":"2020-04-03T10:55:00+00:00","article_modified_time":"2024-02-19T06:44:46+00:00","og_image":[{"width":640,"height":360,"url":"https:\/\/www.rri.ro\/wp-content\/uploads\/2023\/10\/sedinta-guvern-orban-aprilie-foto-gov-ro.png","type":"image\/png"}],"author":"Daniela Budu","twitter_card":"summary_large_image","twitter_misc":{"Written by":"Daniela Budu","Est. reading time":"2 minutes"},"schema":{"@context":"https:\/\/schema.org","@graph":[{"@type":"Article","@id":"https:\/\/www.rri.ro\/en\/news-and-current-affairs\/today-in-the-news\/support-for-the-economic-sector-id85290.html#article","isPartOf":{"@id":"https:\/\/www.rri.ro\/en\/news-and-current-affairs\/today-in-the-news\/support-for-the-economic-sector-id85290.html"},"author":{"name":"Daniela Budu","@id":"https:\/\/www.rri.ro\/#\/schema\/person\/b46b8f80d7d6e4b5ac9f14f0acbad0c4"},"headline":"Support for the economic sector","datePublished":"2020-04-03T10:55:00+00:00","dateModified":"2024-02-19T06:44:46+00:00","mainEntityOfPage":{"@id":"https:\/\/www.rri.ro\/en\/news-and-current-affairs\/today-in-the-news\/support-for-the-economic-sector-id85290.html"},"wordCount":432,"image":{"@id":"https:\/\/www.rri.ro\/en\/news-and-current-affairs\/today-in-the-news\/support-for-the-economic-sector-id85290.html#primaryimage"},"thumbnailUrl":"https:\/\/www.rri.ro\/wp-content\/uploads\/2023\/10\/sedinta-guvern-orban-aprilie-foto-gov-ro.png","keywords":["Covid-19","crisis","economy","interest","loans","SME"],"articleSection":["Today in the News"],"inLanguage":"en-US"},{"@type":"WebPage","@id":"https:\/\/www.rri.ro\/en\/news-and-current-affairs\/today-in-the-news\/support-for-the-economic-sector-id85290.html","url":"https:\/\/www.rri.ro\/en\/news-and-current-affairs\/today-in-the-news\/support-for-the-economic-sector-id85290.html","name":"Support for the economic sector - Radio Romania International","isPartOf":{"@id":"https:\/\/www.rri.ro\/#website"},"primaryImageOfPage":{"@id":"https:\/\/www.rri.ro\/en\/news-and-current-affairs\/today-in-the-news\/support-for-the-economic-sector-id85290.html#primaryimage"},"image":{"@id":"https:\/\/www.rri.ro\/en\/news-and-current-affairs\/today-in-the-news\/support-for-the-economic-sector-id85290.html#primaryimage"},"thumbnailUrl":"https:\/\/www.rri.ro\/wp-content\/uploads\/2023\/10\/sedinta-guvern-orban-aprilie-foto-gov-ro.png","datePublished":"2020-04-03T10:55:00+00:00","dateModified":"2024-02-19T06:44:46+00:00","author":{"@id":"https:\/\/www.rri.ro\/#\/schema\/person\/b46b8f80d7d6e4b5ac9f14f0acbad0c4"},"breadcrumb":{"@id":"https:\/\/www.rri.ro\/en\/news-and-current-affairs\/today-in-the-news\/support-for-the-economic-sector-id85290.html#breadcrumb"},"inLanguage":"en-US","potentialAction":[{"@type":"ReadAction","target":["https:\/\/www.rri.ro\/en\/news-and-current-affairs\/today-in-the-news\/support-for-the-economic-sector-id85290.html"]}]},{"@type":"ImageObject","inLanguage":"en-US","@id":"https:\/\/www.rri.ro\/en\/news-and-current-affairs\/today-in-the-news\/support-for-the-economic-sector-id85290.html#primaryimage","url":"https:\/\/www.rri.ro\/wp-content\/uploads\/2023\/10\/sedinta-guvern-orban-aprilie-foto-gov-ro.png","contentUrl":"https:\/\/www.rri.ro\/wp-content\/uploads\/2023\/10\/sedinta-guvern-orban-aprilie-foto-gov-ro.png","width":640,"height":360},{"@type":"BreadcrumbList","@id":"https:\/\/www.rri.ro\/en\/news-and-current-affairs\/today-in-the-news\/support-for-the-economic-sector-id85290.html#breadcrumb","itemListElement":[{"@type":"ListItem","position":1,"name":"Homepage","item":"https:\/\/www.rri.ro\/en"},{"@type":"ListItem","position":2,"name":"News and Current Affairs","item":"https:\/\/www.rri.ro\/en\/news-and-current-affairs"},{"@type":"ListItem","position":3,"name":"Today in the News","item":"https:\/\/www.rri.ro\/en\/news-and-current-affairs\/today-in-the-news"},{"@type":"ListItem","position":4,"name":"Support for the economic sector"}]},{"@type":"WebSite","@id":"https:\/\/www.rri.ro\/#website","url":"https:\/\/www.rri.ro\/","name":"Radio Romania International","description":"Totul despre Rom\u00e2nia \u015fi rom\u00e2ni, \u00een 13 limbi\/dialecte!","inLanguage":"en-US"},{"@type":"Person","@id":"https:\/\/www.rri.ro\/#\/schema\/person\/b46b8f80d7d6e4b5ac9f14f0acbad0c4","name":"Daniela Budu","url":"https:\/\/www.rri.ro\/en\/author\/daniela-budu"}]}},"_links":{"self":[{"href":"https:\/\/www.rri.ro\/en\/wp-json\/wp\/v2\/posts\/85290","targetHints":{"allow":["GET"]}}],"collection":[{"href":"https:\/\/www.rri.ro\/en\/wp-json\/wp\/v2\/posts"}],"about":[{"href":"https:\/\/www.rri.ro\/en\/wp-json\/wp\/v2\/types\/post"}],"author":[{"embeddable":true,"href":"https:\/\/www.rri.ro\/en\/wp-json\/wp\/v2\/users\/107"}],"replies":[{"embeddable":true,"href":"https:\/\/www.rri.ro\/en\/wp-json\/wp\/v2\/comments?post=85290"}],"version-history":[{"count":0,"href":"https:\/\/www.rri.ro\/en\/wp-json\/wp\/v2\/posts\/85290\/revisions"}],"wp:featuredmedia":[{"embeddable":true,"href":"https:\/\/www.rri.ro\/en\/wp-json\/wp\/v2\/media\/85291"}],"wp:attachment":[{"href":"https:\/\/www.rri.ro\/en\/wp-json\/wp\/v2\/media?parent=85290"}],"wp:term":[{"taxonomy":"category","embeddable":true,"href":"https:\/\/www.rri.ro\/en\/wp-json\/wp\/v2\/categories?post=85290"},{"taxonomy":"post_tag","embeddable":true,"href":"https:\/\/www.rri.ro\/en\/wp-json\/wp\/v2\/tags?post=85290"},{"taxonomy":"author","embeddable":true,"href":"https:\/\/www.rri.ro\/en\/wp-json\/wp\/v2\/coauthors?post=85290"}],"curies":[{"name":"wp","href":"https:\/\/api.w.org\/{rel}","templated":true}]}}