{"id":87767,"date":"2021-01-19T13:50:00","date_gmt":"2021-01-19T11:50:00","guid":{"rendered":"http:\/\/devrri.freshlemon.ro\/news-and-current-affairs\/newsflash\/romania-and-its-strategic-partnerships-87767.html"},"modified":"2024-02-19T08:53:21","modified_gmt":"2024-02-19T06:53:21","slug":"romania-and-its-strategic-partnerships","status":"publish","type":"post","link":"https:\/\/www.rri.ro\/en\/news-and-current-affairs\/today-in-the-news\/romania-and-its-strategic-partnerships-id87767.html","title":{"rendered":"Romania and its strategic partnerships"},"content":{"rendered":"<p><p>Launched in July 1997, on the occasion of the visit to Bucharest of the then leader of the White House, Bill Clinton, the Strategic Partnership between Romania and the USA represents an essential landmark of Bucharest&#8217;s foreign policy and, the Romanian Ministry of Foreign Affairs underlines, an effective support tool for the domestic efforts in the field of political, economic, military and administrative reform. In the context of the fight against the COVID-19 pandemic, the year 2020 marked new ways to strengthen this partnership, through the mutual support that the two countries gave each other, whether it was to facilitate the air transport of medical materials in Romania, repatriation of citizens or exchange of experience and help by deploying a medical team from Bucharest to the state of Alabama.<\/p>\n<p><\/p>\n<p>2020 was also the year of the 140th anniversary of bilateral diplomatic relations, a time of reflection and projection into the future, with the confidence rendered by the fact that the ties between our countries are stronger than ever, President Klaus Iohannis said at the ceremony at which the US Ambassador to Romania, Adrian Zuckerman, at the end of his term, due to the change in the US administration, was decorated with the National Order Star of Romania in the rank of Grand Cross.  <\/p>\n<p><\/p>\n<p>2021 is the year of celebration of a decade since the conclusion of the Joint Declaration on the Strategic Partnership for the 21st Century between Bucharest and Washington and the Agreement on the location of the US missile defense system in Romania, said the head of state, expressing his conviction that together with the new US administration, the development of the partnership and strong relationship of trust between the two countries, built on common values \u200b\u200band interests, will continue.<\/p>\n<p><\/p>\n<p>The president also recalled the progress made in the past years and the major bilateral projects in the field of security and defense, economy and energy cooperation. Romania is an amazing country, a country with a bright future and with an unlimited potential, ambassador Adrian Zuckerman said in his turn, recalling the fact that he was born in Romania.<\/p>\n<p><\/p>\n<p>Another foreign bridge, this time in the relation with France, was consolidated thanks to the talks between the Romanian Prime Minister Florin C\u00ee\u021bu and his French counterpart, Jean Castex. I was glad to see the continuity of bilateral relations between France and Romania, relations that have a long and successful history in several fields. Besides the discussions regarding the evolution of the pandemic and the vaccination process in the two countries, we stressed once again the importance of French companies in the process of Romania&#8217;s economic recovery , the Romanian prime minister wrote on his Facebook page, after the telephone conversation. In turn, the French official, expressed the full support that France will continue to give to Romania in all joint projects. (M. Ignatescu)<\/p><\/p>\n","protected":false},"excerpt":{"rendered":"<p>Romania remains a strong ally and reliable friend of the USA<\/p>\n","protected":false},"author":108,"featured_media":87768,"comment_status":"closed","ping_status":"closed","sticky":false,"template":"","format":"standard","meta":{"_acf_changed":false,"footnotes":""},"categories":[37738],"tags":[33749,35391,40158,28945,40157,29541],"coauthors":[],"class_list":["post-87767","post","type-post","status-publish","format-standard","has-post-thumbnail","hentry","category-today-in-the-news","tag-adrian-zuckerman","tag-florin-citu","tag-jean-castex","tag-klaus-iohannis","tag-star-of-romania","tag-strategic-partnership"],"acf":[],"yoast_head":"<!-- This site is optimized with the Yoast SEO plugin v27.3 - https:\/\/yoast.com\/product\/yoast-seo-wordpress\/ -->\n<title>Romania and its strategic partnerships - Radio Romania International<\/title>\n<meta name=\"robots\" content=\"index, follow, max-snippet:-1, max-image-preview:large, max-video-preview:-1\" \/>\n<link rel=\"canonical\" href=\"https:\/\/www.rri.ro\/en\/news-and-current-affairs\/today-in-the-news\/romania-and-its-strategic-partnerships-id87767.html\" \/>\n<meta property=\"og:locale\" content=\"en_US\" \/>\n<meta property=\"og:type\" content=\"article\" \/>\n<meta property=\"og:title\" content=\"Romania and its strategic partnerships - Radio Romania International\" \/>\n<meta property=\"og:description\" content=\"Romania remains a strong ally and reliable friend of the USA\" \/>\n<meta property=\"og:url\" content=\"https:\/\/www.rri.ro\/en\/news-and-current-affairs\/today-in-the-news\/romania-and-its-strategic-partnerships-id87767.html\" \/>\n<meta property=\"og:site_name\" content=\"Radio Romania International\" \/>\n<meta property=\"article:published_time\" content=\"2021-01-19T11:50:00+00:00\" \/>\n<meta property=\"article:modified_time\" content=\"2024-02-19T06:53:21+00:00\" \/>\n<meta property=\"og:image\" content=\"https:\/\/www.rri.ro\/wp-content\/uploads\/2023\/10\/klaus-iohannis-decorare-adrian-zuckerman-foto-presidency-ro.png\" \/>\n\t<meta property=\"og:image:width\" content=\"640\" \/>\n\t<meta property=\"og:image:height\" content=\"427\" \/>\n\t<meta property=\"og:image:type\" content=\"image\/png\" \/>\n<meta name=\"author\" content=\"Corina Cristea\" \/>\n<meta name=\"twitter:card\" content=\"summary_large_image\" \/>\n<meta name=\"twitter:label1\" content=\"Written by\" \/>\n\t<meta name=\"twitter:data1\" content=\"Corina Cristea\" \/>\n\t<meta name=\"twitter:label2\" content=\"Est. reading time\" \/>\n\t<meta name=\"twitter:data2\" content=\"2 minutes\" \/>\n<script type=\"application\/ld+json\" class=\"yoast-schema-graph\">{\"@context\":\"https:\\\/\\\/schema.org\",\"@graph\":[{\"@type\":\"Article\",\"@id\":\"https:\\\/\\\/www.rri.ro\\\/en\\\/news-and-current-affairs\\\/today-in-the-news\\\/romania-and-its-strategic-partnerships-id87767.html#article\",\"isPartOf\":{\"@id\":\"https:\\\/\\\/www.rri.ro\\\/en\\\/news-and-current-affairs\\\/today-in-the-news\\\/romania-and-its-strategic-partnerships-id87767.html\"},\"author\":{\"name\":\"Corina Cristea\",\"@id\":\"https:\\\/\\\/www.rri.ro\\\/#\\\/schema\\\/person\\\/f9ab1cb3569dee1b2c033a814bb7f0fc\"},\"headline\":\"Romania and its strategic partnerships\",\"datePublished\":\"2021-01-19T11:50:00+00:00\",\"dateModified\":\"2024-02-19T06:53:21+00:00\",\"mainEntityOfPage\":{\"@id\":\"https:\\\/\\\/www.rri.ro\\\/en\\\/news-and-current-affairs\\\/today-in-the-news\\\/romania-and-its-strategic-partnerships-id87767.html\"},\"wordCount\":478,\"image\":{\"@id\":\"https:\\\/\\\/www.rri.ro\\\/en\\\/news-and-current-affairs\\\/today-in-the-news\\\/romania-and-its-strategic-partnerships-id87767.html#primaryimage\"},\"thumbnailUrl\":\"https:\\\/\\\/www.rri.ro\\\/wp-content\\\/uploads\\\/2023\\\/10\\\/klaus-iohannis-decorare-adrian-zuckerman-foto-presidency-ro.png\",\"keywords\":[\"Adrian Zuckerman\",\"Florin Citu\",\"Jean Castex\",\"Klaus Iohannis\",\"Star of Romania\",\"Strategic Partnership\"],\"articleSection\":[\"Today in the News\"],\"inLanguage\":\"en-US\"},{\"@type\":\"WebPage\",\"@id\":\"https:\\\/\\\/www.rri.ro\\\/en\\\/news-and-current-affairs\\\/today-in-the-news\\\/romania-and-its-strategic-partnerships-id87767.html\",\"url\":\"https:\\\/\\\/www.rri.ro\\\/en\\\/news-and-current-affairs\\\/today-in-the-news\\\/romania-and-its-strategic-partnerships-id87767.html\",\"name\":\"Romania and its strategic partnerships - Radio Romania International\",\"isPartOf\":{\"@id\":\"https:\\\/\\\/www.rri.ro\\\/#website\"},\"primaryImageOfPage\":{\"@id\":\"https:\\\/\\\/www.rri.ro\\\/en\\\/news-and-current-affairs\\\/today-in-the-news\\\/romania-and-its-strategic-partnerships-id87767.html#primaryimage\"},\"image\":{\"@id\":\"https:\\\/\\\/www.rri.ro\\\/en\\\/news-and-current-affairs\\\/today-in-the-news\\\/romania-and-its-strategic-partnerships-id87767.html#primaryimage\"},\"thumbnailUrl\":\"https:\\\/\\\/www.rri.ro\\\/wp-content\\\/uploads\\\/2023\\\/10\\\/klaus-iohannis-decorare-adrian-zuckerman-foto-presidency-ro.png\",\"datePublished\":\"2021-01-19T11:50:00+00:00\",\"dateModified\":\"2024-02-19T06:53:21+00:00\",\"author\":{\"@id\":\"https:\\\/\\\/www.rri.ro\\\/#\\\/schema\\\/person\\\/f9ab1cb3569dee1b2c033a814bb7f0fc\"},\"breadcrumb\":{\"@id\":\"https:\\\/\\\/www.rri.ro\\\/en\\\/news-and-current-affairs\\\/today-in-the-news\\\/romania-and-its-strategic-partnerships-id87767.html#breadcrumb\"},\"inLanguage\":\"en-US\",\"potentialAction\":[{\"@type\":\"ReadAction\",\"target\":[\"https:\\\/\\\/www.rri.ro\\\/en\\\/news-and-current-affairs\\\/today-in-the-news\\\/romania-and-its-strategic-partnerships-id87767.html\"]}]},{\"@type\":\"ImageObject\",\"inLanguage\":\"en-US\",\"@id\":\"https:\\\/\\\/www.rri.ro\\\/en\\\/news-and-current-affairs\\\/today-in-the-news\\\/romania-and-its-strategic-partnerships-id87767.html#primaryimage\",\"url\":\"https:\\\/\\\/www.rri.ro\\\/wp-content\\\/uploads\\\/2023\\\/10\\\/klaus-iohannis-decorare-adrian-zuckerman-foto-presidency-ro.png\",\"contentUrl\":\"https:\\\/\\\/www.rri.ro\\\/wp-content\\\/uploads\\\/2023\\\/10\\\/klaus-iohannis-decorare-adrian-zuckerman-foto-presidency-ro.png\",\"width\":640,\"height\":427},{\"@type\":\"BreadcrumbList\",\"@id\":\"https:\\\/\\\/www.rri.ro\\\/en\\\/news-and-current-affairs\\\/today-in-the-news\\\/romania-and-its-strategic-partnerships-id87767.html#breadcrumb\",\"itemListElement\":[{\"@type\":\"ListItem\",\"position\":1,\"name\":\"Homepage\",\"item\":\"https:\\\/\\\/www.rri.ro\\\/en\"},{\"@type\":\"ListItem\",\"position\":2,\"name\":\"News and Current Affairs\",\"item\":\"https:\\\/\\\/www.rri.ro\\\/en\\\/news-and-current-affairs\"},{\"@type\":\"ListItem\",\"position\":3,\"name\":\"Today in the News\",\"item\":\"https:\\\/\\\/www.rri.ro\\\/en\\\/news-and-current-affairs\\\/today-in-the-news\"},{\"@type\":\"ListItem\",\"position\":4,\"name\":\"Romania and its strategic partnerships\"}]},{\"@type\":\"WebSite\",\"@id\":\"https:\\\/\\\/www.rri.ro\\\/#website\",\"url\":\"https:\\\/\\\/www.rri.ro\\\/\",\"name\":\"Radio Romania International\",\"description\":\"Totul despre Rom\u00e2nia \u015fi rom\u00e2ni, \u00een 13 limbi\\\/dialecte!\",\"inLanguage\":\"en-US\"},{\"@type\":\"Person\",\"@id\":\"https:\\\/\\\/www.rri.ro\\\/#\\\/schema\\\/person\\\/f9ab1cb3569dee1b2c033a814bb7f0fc\",\"name\":\"Corina Cristea\",\"url\":\"https:\\\/\\\/www.rri.ro\\\/en\\\/author\\\/corina-cristea\"}]}<\/script>\n<!-- \/ Yoast SEO plugin. -->","yoast_head_json":{"title":"Romania and its strategic partnerships - Radio Romania International","robots":{"index":"index","follow":"follow","max-snippet":"max-snippet:-1","max-image-preview":"max-image-preview:large","max-video-preview":"max-video-preview:-1"},"canonical":"https:\/\/www.rri.ro\/en\/news-and-current-affairs\/today-in-the-news\/romania-and-its-strategic-partnerships-id87767.html","og_locale":"en_US","og_type":"article","og_title":"Romania and its strategic partnerships - Radio Romania International","og_description":"Romania remains a strong ally and reliable friend of the USA","og_url":"https:\/\/www.rri.ro\/en\/news-and-current-affairs\/today-in-the-news\/romania-and-its-strategic-partnerships-id87767.html","og_site_name":"Radio Romania International","article_published_time":"2021-01-19T11:50:00+00:00","article_modified_time":"2024-02-19T06:53:21+00:00","og_image":[{"width":640,"height":427,"url":"https:\/\/www.rri.ro\/wp-content\/uploads\/2023\/10\/klaus-iohannis-decorare-adrian-zuckerman-foto-presidency-ro.png","type":"image\/png"}],"author":"Corina Cristea","twitter_card":"summary_large_image","twitter_misc":{"Written by":"Corina Cristea","Est. reading time":"2 minutes"},"schema":{"@context":"https:\/\/schema.org","@graph":[{"@type":"Article","@id":"https:\/\/www.rri.ro\/en\/news-and-current-affairs\/today-in-the-news\/romania-and-its-strategic-partnerships-id87767.html#article","isPartOf":{"@id":"https:\/\/www.rri.ro\/en\/news-and-current-affairs\/today-in-the-news\/romania-and-its-strategic-partnerships-id87767.html"},"author":{"name":"Corina Cristea","@id":"https:\/\/www.rri.ro\/#\/schema\/person\/f9ab1cb3569dee1b2c033a814bb7f0fc"},"headline":"Romania and its strategic partnerships","datePublished":"2021-01-19T11:50:00+00:00","dateModified":"2024-02-19T06:53:21+00:00","mainEntityOfPage":{"@id":"https:\/\/www.rri.ro\/en\/news-and-current-affairs\/today-in-the-news\/romania-and-its-strategic-partnerships-id87767.html"},"wordCount":478,"image":{"@id":"https:\/\/www.rri.ro\/en\/news-and-current-affairs\/today-in-the-news\/romania-and-its-strategic-partnerships-id87767.html#primaryimage"},"thumbnailUrl":"https:\/\/www.rri.ro\/wp-content\/uploads\/2023\/10\/klaus-iohannis-decorare-adrian-zuckerman-foto-presidency-ro.png","keywords":["Adrian Zuckerman","Florin Citu","Jean Castex","Klaus Iohannis","Star of Romania","Strategic Partnership"],"articleSection":["Today in the News"],"inLanguage":"en-US"},{"@type":"WebPage","@id":"https:\/\/www.rri.ro\/en\/news-and-current-affairs\/today-in-the-news\/romania-and-its-strategic-partnerships-id87767.html","url":"https:\/\/www.rri.ro\/en\/news-and-current-affairs\/today-in-the-news\/romania-and-its-strategic-partnerships-id87767.html","name":"Romania and its strategic partnerships - Radio Romania International","isPartOf":{"@id":"https:\/\/www.rri.ro\/#website"},"primaryImageOfPage":{"@id":"https:\/\/www.rri.ro\/en\/news-and-current-affairs\/today-in-the-news\/romania-and-its-strategic-partnerships-id87767.html#primaryimage"},"image":{"@id":"https:\/\/www.rri.ro\/en\/news-and-current-affairs\/today-in-the-news\/romania-and-its-strategic-partnerships-id87767.html#primaryimage"},"thumbnailUrl":"https:\/\/www.rri.ro\/wp-content\/uploads\/2023\/10\/klaus-iohannis-decorare-adrian-zuckerman-foto-presidency-ro.png","datePublished":"2021-01-19T11:50:00+00:00","dateModified":"2024-02-19T06:53:21+00:00","author":{"@id":"https:\/\/www.rri.ro\/#\/schema\/person\/f9ab1cb3569dee1b2c033a814bb7f0fc"},"breadcrumb":{"@id":"https:\/\/www.rri.ro\/en\/news-and-current-affairs\/today-in-the-news\/romania-and-its-strategic-partnerships-id87767.html#breadcrumb"},"inLanguage":"en-US","potentialAction":[{"@type":"ReadAction","target":["https:\/\/www.rri.ro\/en\/news-and-current-affairs\/today-in-the-news\/romania-and-its-strategic-partnerships-id87767.html"]}]},{"@type":"ImageObject","inLanguage":"en-US","@id":"https:\/\/www.rri.ro\/en\/news-and-current-affairs\/today-in-the-news\/romania-and-its-strategic-partnerships-id87767.html#primaryimage","url":"https:\/\/www.rri.ro\/wp-content\/uploads\/2023\/10\/klaus-iohannis-decorare-adrian-zuckerman-foto-presidency-ro.png","contentUrl":"https:\/\/www.rri.ro\/wp-content\/uploads\/2023\/10\/klaus-iohannis-decorare-adrian-zuckerman-foto-presidency-ro.png","width":640,"height":427},{"@type":"BreadcrumbList","@id":"https:\/\/www.rri.ro\/en\/news-and-current-affairs\/today-in-the-news\/romania-and-its-strategic-partnerships-id87767.html#breadcrumb","itemListElement":[{"@type":"ListItem","position":1,"name":"Homepage","item":"https:\/\/www.rri.ro\/en"},{"@type":"ListItem","position":2,"name":"News and Current Affairs","item":"https:\/\/www.rri.ro\/en\/news-and-current-affairs"},{"@type":"ListItem","position":3,"name":"Today in the News","item":"https:\/\/www.rri.ro\/en\/news-and-current-affairs\/today-in-the-news"},{"@type":"ListItem","position":4,"name":"Romania and its strategic partnerships"}]},{"@type":"WebSite","@id":"https:\/\/www.rri.ro\/#website","url":"https:\/\/www.rri.ro\/","name":"Radio Romania International","description":"Totul despre Rom\u00e2nia \u015fi rom\u00e2ni, \u00een 13 limbi\/dialecte!","inLanguage":"en-US"},{"@type":"Person","@id":"https:\/\/www.rri.ro\/#\/schema\/person\/f9ab1cb3569dee1b2c033a814bb7f0fc","name":"Corina Cristea","url":"https:\/\/www.rri.ro\/en\/author\/corina-cristea"}]}},"_links":{"self":[{"href":"https:\/\/www.rri.ro\/en\/wp-json\/wp\/v2\/posts\/87767","targetHints":{"allow":["GET"]}}],"collection":[{"href":"https:\/\/www.rri.ro\/en\/wp-json\/wp\/v2\/posts"}],"about":[{"href":"https:\/\/www.rri.ro\/en\/wp-json\/wp\/v2\/types\/post"}],"author":[{"embeddable":true,"href":"https:\/\/www.rri.ro\/en\/wp-json\/wp\/v2\/users\/108"}],"replies":[{"embeddable":true,"href":"https:\/\/www.rri.ro\/en\/wp-json\/wp\/v2\/comments?post=87767"}],"version-history":[{"count":0,"href":"https:\/\/www.rri.ro\/en\/wp-json\/wp\/v2\/posts\/87767\/revisions"}],"wp:featuredmedia":[{"embeddable":true,"href":"https:\/\/www.rri.ro\/en\/wp-json\/wp\/v2\/media\/87768"}],"wp:attachment":[{"href":"https:\/\/www.rri.ro\/en\/wp-json\/wp\/v2\/media?parent=87767"}],"wp:term":[{"taxonomy":"category","embeddable":true,"href":"https:\/\/www.rri.ro\/en\/wp-json\/wp\/v2\/categories?post=87767"},{"taxonomy":"post_tag","embeddable":true,"href":"https:\/\/www.rri.ro\/en\/wp-json\/wp\/v2\/tags?post=87767"},{"taxonomy":"author","embeddable":true,"href":"https:\/\/www.rri.ro\/en\/wp-json\/wp\/v2\/coauthors?post=87767"}],"curies":[{"name":"wp","href":"https:\/\/api.w.org\/{rel}","templated":true}]}}