{"id":88011,"date":"2021-02-04T14:00:00","date_gmt":"2021-02-04T12:00:00","guid":{"rendered":"http:\/\/devrri.freshlemon.ro\/news-and-current-affairs\/newsflash\/three-scenarios-for-the-reopening-of-schools-88011.html"},"modified":"2024-02-19T08:53:39","modified_gmt":"2024-02-19T06:53:39","slug":"three-scenarios-for-the-reopening-of-schools","status":"publish","type":"post","link":"https:\/\/www.rri.ro\/en\/news-and-current-affairs\/today-in-the-news\/three-scenarios-for-the-reopening-of-schools-id88011.html","title":{"rendered":"Three scenarios for the reopening of schools"},"content":{"rendered":"<p><p>Taking under advisement the methodology&#13;<br \/>\nemployed in most European states, Romania too will be reopening its schools&#13;<br \/>\nstarting on February 8. The Government in Bucharest has adopted three scenarios&#13;<br \/>\nbased on which classes in the second half of the school year will be conducted&#13;<br \/>\nwith the physical attendance of pupils or not. Starting Monday, over 2.4 of the&#13;<br \/>\ntotal of 3 million pupils will be reverting to physical attendance of school&#13;<br \/>\nclasses, Education Minister Sorin C\u00eempeanu has said. The green, yellow or red&#13;<br \/>\nscenarios will be enacted at the level of each area, depending on the incidence&#13;<br \/>\nof COVID infections. Sorin C\u00eempeanu:<\/p>\n<p><\/p>\n<p><\/p>\n<p>&#13;<br \/>\n&#13;<\/p>\n<p>In the green scenario, children&#13;<br \/>\nenrolled in the pre-school, elementary and middle-school systems will be&#13;<br \/>\nreturning to physical attendance in class, wherever the infection rate is 1 or&#13;<br \/>\nlower. The next scenario provides for an infection rate of 3 per thousand or&#13;<br \/>\nlower. In this case, only elementary and pre-school children will be going to&#13;<br \/>\nschools, in addition to terminal-year pupils. In the third scenario, which&#13;<br \/>\nprovides for an infection rate over 3 per thousand, but no higher than 6 per&#13;<br \/>\nthousand, only elementary and pre-school children will have physical class&#13;<br \/>\nattendance. <\/p>\n<p><\/p>\n<p><\/p>\n<p>&#13;<br \/>\n&#13;<\/p>\n<p>The Romanian official also said that,&#13;<br \/>\nwhenever the infection rates exceeds 6 per thousand inhabitants, the given area&#13;<br \/>\nwill automatically enter quarantine, schools will be shut down and pupils will&#13;<br \/>\nreturn to remote teaching. The novelty regarding the three scenarios is that&#13;<br \/>\nhybrid forms of teaching are removed in the yellow scenario, which divided the&#13;<br \/>\nclass in two groups of pupils who attended classes in schools on a rotation&#13;<br \/>\nbasis. My experience in the education system makes me believe the system&#13;<br \/>\ndoesn&#8217;t work. One of the reasons for abandoning the hybrid form of teaching is&#13;<br \/>\nthat teachers find it very hard to teach half their pupils in class and the&#13;<br \/>\nother half online, at the same time, Minister Sorin C\u00eempeanu has told a&#13;<br \/>\nprivate television station. Moreover, the minister went on to say, starting&#13;<br \/>\nnext semester, pupils will be seated in pairs at the same desk while plexiglass&#13;<br \/>\nshields will be removed, even in classes with 30 pupils. Both pupils and the&#13;<br \/>\nteaching staff will have to wear face masks and observe hygiene regulations.&#13;<br \/>\nThe authorities&#8217; decision on reopening schools starting Monday has prompted&#13;<br \/>\ndiverging reactions from the political class. The Liberals believe the&#13;<br \/>\nreopening of schools will test both the local administration, and school&#13;<br \/>\nprincipals. In turn, the Democratic Union of Ethnic Hungarians, a ruling&#13;<br \/>\ncoalition party, has hailed the decision, arguing the party has been advocating&#13;<br \/>\nthis move since November last year. The Social-Democrats in opposition claims&#13;<br \/>\nschools are not ready to have pupils return to physical class attendance.&#13;<br \/>\nSenator Gabriela Firea claims under 10% of teachers are vaccinated and the&#13;<br \/>\nGovernment has presented no plan for a mass-vaccination of pupils and teachers. <\/p>\n<p><\/p>\n","protected":false},"excerpt":{"rendered":"<p>Schools are re-opening on February 8 depending on the evolution of the pandemic in each area<\/p>\n","protected":false},"author":107,"featured_media":86451,"comment_status":"closed","ping_status":"closed","sticky":false,"template":"","format":"standard","meta":{"_acf_changed":false,"footnotes":""},"categories":[37738],"tags":[40175,40150,35673,29451,40174],"coauthors":[],"class_list":["post-88011","post","type-post","status-publish","format-standard","has-post-thumbnail","hentry","category-today-in-the-news","tag-covid-vaccination","tag-february-8","tag-schools","tag-sorin-cimpeanu","tag-three-scenarios"],"acf":[],"yoast_head":"<!-- This site is optimized with the Yoast SEO plugin v27.3 - https:\/\/yoast.com\/product\/yoast-seo-wordpress\/ -->\n<title>Three scenarios for the reopening of schools - Radio Romania International<\/title>\n<meta name=\"robots\" content=\"index, follow, max-snippet:-1, max-image-preview:large, max-video-preview:-1\" \/>\n<link rel=\"canonical\" href=\"https:\/\/www.rri.ro\/en\/news-and-current-affairs\/today-in-the-news\/three-scenarios-for-the-reopening-of-schools-id88011.html\" \/>\n<meta property=\"og:locale\" content=\"en_US\" \/>\n<meta property=\"og:type\" content=\"article\" \/>\n<meta property=\"og:title\" content=\"Three scenarios for the reopening of schools - Radio Romania International\" \/>\n<meta property=\"og:description\" content=\"Schools are re-opening on February 8 depending on the evolution of the pandemic in each area\" \/>\n<meta property=\"og:url\" content=\"https:\/\/www.rri.ro\/en\/news-and-current-affairs\/today-in-the-news\/three-scenarios-for-the-reopening-of-schools-id88011.html\" \/>\n<meta property=\"og:site_name\" content=\"Radio Romania International\" \/>\n<meta property=\"article:published_time\" content=\"2021-02-04T12:00:00+00:00\" \/>\n<meta property=\"article:modified_time\" content=\"2024-02-19T06:53:39+00:00\" \/>\n<meta property=\"og:image\" content=\"https:\/\/www.rri.ro\/wp-content\/uploads\/2023\/10\/elev-scoala-masca-foto-pixabay.png\" \/>\n\t<meta property=\"og:image:width\" content=\"640\" \/>\n\t<meta property=\"og:image:height\" content=\"480\" \/>\n\t<meta property=\"og:image:type\" content=\"image\/png\" \/>\n<meta name=\"author\" content=\"Daniela Budu\" \/>\n<meta name=\"twitter:card\" content=\"summary_large_image\" \/>\n<meta name=\"twitter:label1\" content=\"Written by\" \/>\n\t<meta name=\"twitter:data1\" content=\"Daniela Budu\" \/>\n\t<meta name=\"twitter:label2\" content=\"Est. reading time\" \/>\n\t<meta name=\"twitter:data2\" content=\"2 minutes\" \/>\n<script type=\"application\/ld+json\" class=\"yoast-schema-graph\">{\"@context\":\"https:\\\/\\\/schema.org\",\"@graph\":[{\"@type\":\"Article\",\"@id\":\"https:\\\/\\\/www.rri.ro\\\/en\\\/news-and-current-affairs\\\/today-in-the-news\\\/three-scenarios-for-the-reopening-of-schools-id88011.html#article\",\"isPartOf\":{\"@id\":\"https:\\\/\\\/www.rri.ro\\\/en\\\/news-and-current-affairs\\\/today-in-the-news\\\/three-scenarios-for-the-reopening-of-schools-id88011.html\"},\"author\":{\"name\":\"Daniela Budu\",\"@id\":\"https:\\\/\\\/www.rri.ro\\\/#\\\/schema\\\/person\\\/b46b8f80d7d6e4b5ac9f14f0acbad0c4\"},\"headline\":\"Three scenarios for the reopening of schools\",\"datePublished\":\"2021-02-04T12:00:00+00:00\",\"dateModified\":\"2024-02-19T06:53:39+00:00\",\"mainEntityOfPage\":{\"@id\":\"https:\\\/\\\/www.rri.ro\\\/en\\\/news-and-current-affairs\\\/today-in-the-news\\\/three-scenarios-for-the-reopening-of-schools-id88011.html\"},\"wordCount\":470,\"image\":{\"@id\":\"https:\\\/\\\/www.rri.ro\\\/en\\\/news-and-current-affairs\\\/today-in-the-news\\\/three-scenarios-for-the-reopening-of-schools-id88011.html#primaryimage\"},\"thumbnailUrl\":\"https:\\\/\\\/www.rri.ro\\\/wp-content\\\/uploads\\\/2023\\\/10\\\/elev-scoala-masca-foto-pixabay.png\",\"keywords\":[\"COVID vaccination\",\"February 8\",\"schools\",\"Sorin Cimpeanu\",\"three scenarios\"],\"articleSection\":[\"Today in the News\"],\"inLanguage\":\"en-US\"},{\"@type\":\"WebPage\",\"@id\":\"https:\\\/\\\/www.rri.ro\\\/en\\\/news-and-current-affairs\\\/today-in-the-news\\\/three-scenarios-for-the-reopening-of-schools-id88011.html\",\"url\":\"https:\\\/\\\/www.rri.ro\\\/en\\\/news-and-current-affairs\\\/today-in-the-news\\\/three-scenarios-for-the-reopening-of-schools-id88011.html\",\"name\":\"Three scenarios for the reopening of schools - Radio Romania International\",\"isPartOf\":{\"@id\":\"https:\\\/\\\/www.rri.ro\\\/#website\"},\"primaryImageOfPage\":{\"@id\":\"https:\\\/\\\/www.rri.ro\\\/en\\\/news-and-current-affairs\\\/today-in-the-news\\\/three-scenarios-for-the-reopening-of-schools-id88011.html#primaryimage\"},\"image\":{\"@id\":\"https:\\\/\\\/www.rri.ro\\\/en\\\/news-and-current-affairs\\\/today-in-the-news\\\/three-scenarios-for-the-reopening-of-schools-id88011.html#primaryimage\"},\"thumbnailUrl\":\"https:\\\/\\\/www.rri.ro\\\/wp-content\\\/uploads\\\/2023\\\/10\\\/elev-scoala-masca-foto-pixabay.png\",\"datePublished\":\"2021-02-04T12:00:00+00:00\",\"dateModified\":\"2024-02-19T06:53:39+00:00\",\"author\":{\"@id\":\"https:\\\/\\\/www.rri.ro\\\/#\\\/schema\\\/person\\\/b46b8f80d7d6e4b5ac9f14f0acbad0c4\"},\"breadcrumb\":{\"@id\":\"https:\\\/\\\/www.rri.ro\\\/en\\\/news-and-current-affairs\\\/today-in-the-news\\\/three-scenarios-for-the-reopening-of-schools-id88011.html#breadcrumb\"},\"inLanguage\":\"en-US\",\"potentialAction\":[{\"@type\":\"ReadAction\",\"target\":[\"https:\\\/\\\/www.rri.ro\\\/en\\\/news-and-current-affairs\\\/today-in-the-news\\\/three-scenarios-for-the-reopening-of-schools-id88011.html\"]}]},{\"@type\":\"ImageObject\",\"inLanguage\":\"en-US\",\"@id\":\"https:\\\/\\\/www.rri.ro\\\/en\\\/news-and-current-affairs\\\/today-in-the-news\\\/three-scenarios-for-the-reopening-of-schools-id88011.html#primaryimage\",\"url\":\"https:\\\/\\\/www.rri.ro\\\/wp-content\\\/uploads\\\/2023\\\/10\\\/elev-scoala-masca-foto-pixabay.png\",\"contentUrl\":\"https:\\\/\\\/www.rri.ro\\\/wp-content\\\/uploads\\\/2023\\\/10\\\/elev-scoala-masca-foto-pixabay.png\",\"width\":640,\"height\":480},{\"@type\":\"BreadcrumbList\",\"@id\":\"https:\\\/\\\/www.rri.ro\\\/en\\\/news-and-current-affairs\\\/today-in-the-news\\\/three-scenarios-for-the-reopening-of-schools-id88011.html#breadcrumb\",\"itemListElement\":[{\"@type\":\"ListItem\",\"position\":1,\"name\":\"Homepage\",\"item\":\"https:\\\/\\\/www.rri.ro\\\/en\"},{\"@type\":\"ListItem\",\"position\":2,\"name\":\"News and Current Affairs\",\"item\":\"https:\\\/\\\/www.rri.ro\\\/en\\\/news-and-current-affairs\"},{\"@type\":\"ListItem\",\"position\":3,\"name\":\"Today in the News\",\"item\":\"https:\\\/\\\/www.rri.ro\\\/en\\\/news-and-current-affairs\\\/today-in-the-news\"},{\"@type\":\"ListItem\",\"position\":4,\"name\":\"Three scenarios for the reopening of schools\"}]},{\"@type\":\"WebSite\",\"@id\":\"https:\\\/\\\/www.rri.ro\\\/#website\",\"url\":\"https:\\\/\\\/www.rri.ro\\\/\",\"name\":\"Radio Romania International\",\"description\":\"Totul despre Rom\u00e2nia \u015fi rom\u00e2ni, \u00een 13 limbi\\\/dialecte!\",\"inLanguage\":\"en-US\"},{\"@type\":\"Person\",\"@id\":\"https:\\\/\\\/www.rri.ro\\\/#\\\/schema\\\/person\\\/b46b8f80d7d6e4b5ac9f14f0acbad0c4\",\"name\":\"Daniela Budu\",\"url\":\"https:\\\/\\\/www.rri.ro\\\/en\\\/author\\\/daniela-budu\"}]}<\/script>\n<!-- \/ Yoast SEO plugin. -->","yoast_head_json":{"title":"Three scenarios for the reopening of schools - Radio Romania International","robots":{"index":"index","follow":"follow","max-snippet":"max-snippet:-1","max-image-preview":"max-image-preview:large","max-video-preview":"max-video-preview:-1"},"canonical":"https:\/\/www.rri.ro\/en\/news-and-current-affairs\/today-in-the-news\/three-scenarios-for-the-reopening-of-schools-id88011.html","og_locale":"en_US","og_type":"article","og_title":"Three scenarios for the reopening of schools - Radio Romania International","og_description":"Schools are re-opening on February 8 depending on the evolution of the pandemic in each area","og_url":"https:\/\/www.rri.ro\/en\/news-and-current-affairs\/today-in-the-news\/three-scenarios-for-the-reopening-of-schools-id88011.html","og_site_name":"Radio Romania International","article_published_time":"2021-02-04T12:00:00+00:00","article_modified_time":"2024-02-19T06:53:39+00:00","og_image":[{"width":640,"height":480,"url":"https:\/\/www.rri.ro\/wp-content\/uploads\/2023\/10\/elev-scoala-masca-foto-pixabay.png","type":"image\/png"}],"author":"Daniela Budu","twitter_card":"summary_large_image","twitter_misc":{"Written by":"Daniela Budu","Est. reading time":"2 minutes"},"schema":{"@context":"https:\/\/schema.org","@graph":[{"@type":"Article","@id":"https:\/\/www.rri.ro\/en\/news-and-current-affairs\/today-in-the-news\/three-scenarios-for-the-reopening-of-schools-id88011.html#article","isPartOf":{"@id":"https:\/\/www.rri.ro\/en\/news-and-current-affairs\/today-in-the-news\/three-scenarios-for-the-reopening-of-schools-id88011.html"},"author":{"name":"Daniela Budu","@id":"https:\/\/www.rri.ro\/#\/schema\/person\/b46b8f80d7d6e4b5ac9f14f0acbad0c4"},"headline":"Three scenarios for the reopening of schools","datePublished":"2021-02-04T12:00:00+00:00","dateModified":"2024-02-19T06:53:39+00:00","mainEntityOfPage":{"@id":"https:\/\/www.rri.ro\/en\/news-and-current-affairs\/today-in-the-news\/three-scenarios-for-the-reopening-of-schools-id88011.html"},"wordCount":470,"image":{"@id":"https:\/\/www.rri.ro\/en\/news-and-current-affairs\/today-in-the-news\/three-scenarios-for-the-reopening-of-schools-id88011.html#primaryimage"},"thumbnailUrl":"https:\/\/www.rri.ro\/wp-content\/uploads\/2023\/10\/elev-scoala-masca-foto-pixabay.png","keywords":["COVID vaccination","February 8","schools","Sorin Cimpeanu","three scenarios"],"articleSection":["Today in the News"],"inLanguage":"en-US"},{"@type":"WebPage","@id":"https:\/\/www.rri.ro\/en\/news-and-current-affairs\/today-in-the-news\/three-scenarios-for-the-reopening-of-schools-id88011.html","url":"https:\/\/www.rri.ro\/en\/news-and-current-affairs\/today-in-the-news\/three-scenarios-for-the-reopening-of-schools-id88011.html","name":"Three scenarios for the reopening of schools - Radio Romania International","isPartOf":{"@id":"https:\/\/www.rri.ro\/#website"},"primaryImageOfPage":{"@id":"https:\/\/www.rri.ro\/en\/news-and-current-affairs\/today-in-the-news\/three-scenarios-for-the-reopening-of-schools-id88011.html#primaryimage"},"image":{"@id":"https:\/\/www.rri.ro\/en\/news-and-current-affairs\/today-in-the-news\/three-scenarios-for-the-reopening-of-schools-id88011.html#primaryimage"},"thumbnailUrl":"https:\/\/www.rri.ro\/wp-content\/uploads\/2023\/10\/elev-scoala-masca-foto-pixabay.png","datePublished":"2021-02-04T12:00:00+00:00","dateModified":"2024-02-19T06:53:39+00:00","author":{"@id":"https:\/\/www.rri.ro\/#\/schema\/person\/b46b8f80d7d6e4b5ac9f14f0acbad0c4"},"breadcrumb":{"@id":"https:\/\/www.rri.ro\/en\/news-and-current-affairs\/today-in-the-news\/three-scenarios-for-the-reopening-of-schools-id88011.html#breadcrumb"},"inLanguage":"en-US","potentialAction":[{"@type":"ReadAction","target":["https:\/\/www.rri.ro\/en\/news-and-current-affairs\/today-in-the-news\/three-scenarios-for-the-reopening-of-schools-id88011.html"]}]},{"@type":"ImageObject","inLanguage":"en-US","@id":"https:\/\/www.rri.ro\/en\/news-and-current-affairs\/today-in-the-news\/three-scenarios-for-the-reopening-of-schools-id88011.html#primaryimage","url":"https:\/\/www.rri.ro\/wp-content\/uploads\/2023\/10\/elev-scoala-masca-foto-pixabay.png","contentUrl":"https:\/\/www.rri.ro\/wp-content\/uploads\/2023\/10\/elev-scoala-masca-foto-pixabay.png","width":640,"height":480},{"@type":"BreadcrumbList","@id":"https:\/\/www.rri.ro\/en\/news-and-current-affairs\/today-in-the-news\/three-scenarios-for-the-reopening-of-schools-id88011.html#breadcrumb","itemListElement":[{"@type":"ListItem","position":1,"name":"Homepage","item":"https:\/\/www.rri.ro\/en"},{"@type":"ListItem","position":2,"name":"News and Current Affairs","item":"https:\/\/www.rri.ro\/en\/news-and-current-affairs"},{"@type":"ListItem","position":3,"name":"Today in the News","item":"https:\/\/www.rri.ro\/en\/news-and-current-affairs\/today-in-the-news"},{"@type":"ListItem","position":4,"name":"Three scenarios for the reopening of schools"}]},{"@type":"WebSite","@id":"https:\/\/www.rri.ro\/#website","url":"https:\/\/www.rri.ro\/","name":"Radio Romania International","description":"Totul despre Rom\u00e2nia \u015fi rom\u00e2ni, \u00een 13 limbi\/dialecte!","inLanguage":"en-US"},{"@type":"Person","@id":"https:\/\/www.rri.ro\/#\/schema\/person\/b46b8f80d7d6e4b5ac9f14f0acbad0c4","name":"Daniela Budu","url":"https:\/\/www.rri.ro\/en\/author\/daniela-budu"}]}},"_links":{"self":[{"href":"https:\/\/www.rri.ro\/en\/wp-json\/wp\/v2\/posts\/88011","targetHints":{"allow":["GET"]}}],"collection":[{"href":"https:\/\/www.rri.ro\/en\/wp-json\/wp\/v2\/posts"}],"about":[{"href":"https:\/\/www.rri.ro\/en\/wp-json\/wp\/v2\/types\/post"}],"author":[{"embeddable":true,"href":"https:\/\/www.rri.ro\/en\/wp-json\/wp\/v2\/users\/107"}],"replies":[{"embeddable":true,"href":"https:\/\/www.rri.ro\/en\/wp-json\/wp\/v2\/comments?post=88011"}],"version-history":[{"count":0,"href":"https:\/\/www.rri.ro\/en\/wp-json\/wp\/v2\/posts\/88011\/revisions"}],"wp:featuredmedia":[{"embeddable":true,"href":"https:\/\/www.rri.ro\/en\/wp-json\/wp\/v2\/media\/86451"}],"wp:attachment":[{"href":"https:\/\/www.rri.ro\/en\/wp-json\/wp\/v2\/media?parent=88011"}],"wp:term":[{"taxonomy":"category","embeddable":true,"href":"https:\/\/www.rri.ro\/en\/wp-json\/wp\/v2\/categories?post=88011"},{"taxonomy":"post_tag","embeddable":true,"href":"https:\/\/www.rri.ro\/en\/wp-json\/wp\/v2\/tags?post=88011"},{"taxonomy":"author","embeddable":true,"href":"https:\/\/www.rri.ro\/en\/wp-json\/wp\/v2\/coauthors?post=88011"}],"curies":[{"name":"wp","href":"https:\/\/api.w.org\/{rel}","templated":true}]}}