{"id":882926,"date":"2025-04-25T13:50:43","date_gmt":"2025-04-25T10:50:43","guid":{"rendered":"https:\/\/www.rri.ro\/?p=882926"},"modified":"2025-04-25T13:04:09","modified_gmt":"2025-04-25T10:04:09","slug":"measures-for-the-romanian-education","status":"publish","type":"post","link":"https:\/\/www.rri.ro\/en\/news-and-current-affairs\/today-in-the-news\/measures-for-the-romanian-education-id882926.html","title":{"rendered":"Measures for the Romanian education"},"content":{"rendered":"<p>During Thursday&#8217;s meeting, the Romanian government discussed several laws related to education. They established the legal framework for organizing the tenure exam for the teaching staff in pre-university education, with the aim of hiring staff for the over 62,000 positions currently occupied on a fixed-term or on hourly-payment basis and whose contracts expire at the end of the summer. Thus, they avoid the risk of almost a quarter of all positions remaining vacant as of the autumn.<\/p>\n<p>&nbsp;<\/p>\n<p>Asked about the discussions on performance-based teacher pay, the education minister Daniel David said that he would like teachers to be rewarded, in addition to the basic salary, according to the pay scales established at national level, if they achieve results in disadvantaged areas or areas involving inclusive education, and also if their students have high success rates in national exams or school Olympiads. A proposal in this regard will be presented upon the presentation of the evaluation report on the Romanian education system, promised for next month, said Daniel David, who added that he supported the idea that the pay scale should start from the average salary for beginner teachers. The decisions made during Thursday&#8217;s government meeting also concerned university education.<\/p>\n<p>&nbsp;<\/p>\n<p>&nbsp;<\/p>\n<p>Here is minister Daniel David with details: \u02baTwo other very important government decisions refer to such areas as the bachelor&#8217;s degree, the master&#8217;s degree, the doctoral degree and, very importantly, the specializations and programs. Future students should know that what is not mentioned in these government decisions does not exist from the point of view of official accreditation, so they should not follow programs other than those that are in these two government decisions. There are several new programs such as, for instance, at the bachelor&#8217;s level, Computer Security and Data Science, or Technologies and Systems for Intelligent Mobility. At the master&#8217;s level, for the first time in Romania, we have programs such as Artificial Intelligence for Connected Industries, or Sustainable Technologies for Recycling Metallic Materials. They also correspond to the phase we are going through as a civilization, a new industrial revolution, so I am glad that they are anchored in this revolution.\u02ba<\/p>\n<p>&nbsp;<\/p>\n<p>Unfortunately, however, the percentage of higher education graduates in Romania, in relation to the general population or in relation only to the group of young people aged 24-34, \u2018looks bad\u2019 compared to the European average. According to the education minister, Daniel David, in relation to the general population, Romania has only 16% higher education graduates, compared to about 30% in the EU. In relation to the group of people aged 24-34, Romania has between 23% and 26% of graduates, compared to 40-43% in the rest of the continent. \u2018This makes us vulnerable\u2019 said the education minister, who announced that, in the coming days, a ministerial order regarding university dropout will be drafted. (LS)<\/p>\n","protected":false},"excerpt":{"rendered":"<p>During Thursday&#8217;s meeting, the Romanian government discussed several laws related to education. They established the legal framework for organizing the tenure exam for the teaching staff in pre-university education, with the aim of hiring staff for the over 62,000 positions currently occupied on a fixed-term or on hourly-payment basis and whose contracts expire at the [&hellip;]<\/p>\n","protected":false},"author":109,"featured_media":882735,"comment_status":"closed","ping_status":"closed","sticky":false,"template":"","format":"standard","meta":{"_acf_changed":false,"footnotes":""},"categories":[37738],"tags":[168644,28904,168642,168643],"coauthors":[115219],"class_list":["post-882926","post","type-post","status-publish","format-standard","has-post-thumbnail","hentry","category-today-in-the-news","tag-daniel-david-en","tag-education","tag-govt-measures","tag-tenure-exam"],"acf":[],"yoast_head":"<!-- This site is optimized with the Yoast SEO plugin v27.3 - https:\/\/yoast.com\/product\/yoast-seo-wordpress\/ -->\n<title>Measures for the Romanian education - Radio Romania International<\/title>\n<meta name=\"robots\" content=\"index, follow, max-snippet:-1, max-image-preview:large, max-video-preview:-1\" \/>\n<link rel=\"canonical\" href=\"https:\/\/www.rri.ro\/en\/news-and-current-affairs\/today-in-the-news\/measures-for-the-romanian-education-id882926.html\" \/>\n<meta property=\"og:locale\" content=\"en_US\" \/>\n<meta property=\"og:type\" content=\"article\" \/>\n<meta property=\"og:title\" content=\"Measures for the Romanian education - Radio Romania International\" \/>\n<meta property=\"og:description\" content=\"During Thursday&#8217;s meeting, the Romanian government discussed several laws related to education. They established the legal framework for organizing the tenure exam for the teaching staff in pre-university education, with the aim of hiring staff for the over 62,000 positions currently occupied on a fixed-term or on hourly-payment basis and whose contracts expire at the [&hellip;]\" \/>\n<meta property=\"og:url\" content=\"https:\/\/www.rri.ro\/en\/news-and-current-affairs\/today-in-the-news\/measures-for-the-romanian-education-id882926.html\" \/>\n<meta property=\"og:site_name\" content=\"Radio Romania International\" \/>\n<meta property=\"article:published_time\" content=\"2025-04-25T10:50:43+00:00\" \/>\n<meta property=\"og:image\" content=\"https:\/\/www.rri.ro\/wp-content\/uploads\/2025\/04\/daniel-david-ministru-foto-gov.jpg\" \/>\n\t<meta property=\"og:image:width\" content=\"1200\" \/>\n\t<meta property=\"og:image:height\" content=\"675\" \/>\n\t<meta property=\"og:image:type\" content=\"image\/jpeg\" \/>\n<meta name=\"author\" content=\"Roxana Vasile\" \/>\n<meta name=\"twitter:card\" content=\"summary_large_image\" \/>\n<meta name=\"twitter:label1\" content=\"Written by\" \/>\n\t<meta name=\"twitter:data1\" content=\"Roxana Vasile\" \/>\n\t<meta name=\"twitter:label2\" content=\"Est. reading time\" \/>\n\t<meta name=\"twitter:data2\" content=\"2 minutes\" \/>\n<script type=\"application\/ld+json\" class=\"yoast-schema-graph\">{\"@context\":\"https:\\\/\\\/schema.org\",\"@graph\":[{\"@type\":\"Article\",\"@id\":\"https:\\\/\\\/www.rri.ro\\\/en\\\/news-and-current-affairs\\\/today-in-the-news\\\/measures-for-the-romanian-education-id882926.html#article\",\"isPartOf\":{\"@id\":\"https:\\\/\\\/www.rri.ro\\\/en\\\/news-and-current-affairs\\\/today-in-the-news\\\/measures-for-the-romanian-education-id882926.html\"},\"author\":{\"name\":\"Roxana Vasile\",\"@id\":\"https:\\\/\\\/www.rri.ro\\\/#\\\/schema\\\/person\\\/0745b519f2d1287783422f162c4112af\"},\"headline\":\"Measures for the Romanian education\",\"datePublished\":\"2025-04-25T10:50:43+00:00\",\"mainEntityOfPage\":{\"@id\":\"https:\\\/\\\/www.rri.ro\\\/en\\\/news-and-current-affairs\\\/today-in-the-news\\\/measures-for-the-romanian-education-id882926.html\"},\"wordCount\":476,\"image\":{\"@id\":\"https:\\\/\\\/www.rri.ro\\\/en\\\/news-and-current-affairs\\\/today-in-the-news\\\/measures-for-the-romanian-education-id882926.html#primaryimage\"},\"thumbnailUrl\":\"https:\\\/\\\/www.rri.ro\\\/wp-content\\\/uploads\\\/2025\\\/04\\\/daniel-david-ministru-foto-gov.jpg\",\"keywords\":[\"Daniel David\",\"education\",\"govt measures\",\"tenure exam\"],\"articleSection\":[\"Today in the News\"],\"inLanguage\":\"en-US\"},{\"@type\":\"WebPage\",\"@id\":\"https:\\\/\\\/www.rri.ro\\\/en\\\/news-and-current-affairs\\\/today-in-the-news\\\/measures-for-the-romanian-education-id882926.html\",\"url\":\"https:\\\/\\\/www.rri.ro\\\/en\\\/news-and-current-affairs\\\/today-in-the-news\\\/measures-for-the-romanian-education-id882926.html\",\"name\":\"Measures for the Romanian education - Radio Romania International\",\"isPartOf\":{\"@id\":\"https:\\\/\\\/www.rri.ro\\\/#website\"},\"primaryImageOfPage\":{\"@id\":\"https:\\\/\\\/www.rri.ro\\\/en\\\/news-and-current-affairs\\\/today-in-the-news\\\/measures-for-the-romanian-education-id882926.html#primaryimage\"},\"image\":{\"@id\":\"https:\\\/\\\/www.rri.ro\\\/en\\\/news-and-current-affairs\\\/today-in-the-news\\\/measures-for-the-romanian-education-id882926.html#primaryimage\"},\"thumbnailUrl\":\"https:\\\/\\\/www.rri.ro\\\/wp-content\\\/uploads\\\/2025\\\/04\\\/daniel-david-ministru-foto-gov.jpg\",\"datePublished\":\"2025-04-25T10:50:43+00:00\",\"author\":{\"@id\":\"https:\\\/\\\/www.rri.ro\\\/#\\\/schema\\\/person\\\/0745b519f2d1287783422f162c4112af\"},\"breadcrumb\":{\"@id\":\"https:\\\/\\\/www.rri.ro\\\/en\\\/news-and-current-affairs\\\/today-in-the-news\\\/measures-for-the-romanian-education-id882926.html#breadcrumb\"},\"inLanguage\":\"en-US\",\"potentialAction\":[{\"@type\":\"ReadAction\",\"target\":[\"https:\\\/\\\/www.rri.ro\\\/en\\\/news-and-current-affairs\\\/today-in-the-news\\\/measures-for-the-romanian-education-id882926.html\"]}]},{\"@type\":\"ImageObject\",\"inLanguage\":\"en-US\",\"@id\":\"https:\\\/\\\/www.rri.ro\\\/en\\\/news-and-current-affairs\\\/today-in-the-news\\\/measures-for-the-romanian-education-id882926.html#primaryimage\",\"url\":\"https:\\\/\\\/www.rri.ro\\\/wp-content\\\/uploads\\\/2025\\\/04\\\/daniel-david-ministru-foto-gov.jpg\",\"contentUrl\":\"https:\\\/\\\/www.rri.ro\\\/wp-content\\\/uploads\\\/2025\\\/04\\\/daniel-david-ministru-foto-gov.jpg\",\"width\":1200,\"height\":675,\"caption\":\"\u041c\u0456\u043d\u0456\u0441\u0442\u0440 \u043e\u0441\u0432\u0456\u0442\u0438 \u0442\u0430 \u0434\u043e\u0441\u043b\u0456\u0434\u0436\u0435\u043d\u043d\u044f \u0414\u0430\u043d\u0456\u0435\u043b \u0414\u0430\u0432\u0456\u0434\"},{\"@type\":\"BreadcrumbList\",\"@id\":\"https:\\\/\\\/www.rri.ro\\\/en\\\/news-and-current-affairs\\\/today-in-the-news\\\/measures-for-the-romanian-education-id882926.html#breadcrumb\",\"itemListElement\":[{\"@type\":\"ListItem\",\"position\":1,\"name\":\"Homepage\",\"item\":\"https:\\\/\\\/www.rri.ro\\\/en\"},{\"@type\":\"ListItem\",\"position\":2,\"name\":\"News and Current Affairs\",\"item\":\"https:\\\/\\\/www.rri.ro\\\/en\\\/news-and-current-affairs\"},{\"@type\":\"ListItem\",\"position\":3,\"name\":\"Today in the News\",\"item\":\"https:\\\/\\\/www.rri.ro\\\/en\\\/news-and-current-affairs\\\/today-in-the-news\"},{\"@type\":\"ListItem\",\"position\":4,\"name\":\"Measures for the Romanian education\"}]},{\"@type\":\"WebSite\",\"@id\":\"https:\\\/\\\/www.rri.ro\\\/#website\",\"url\":\"https:\\\/\\\/www.rri.ro\\\/\",\"name\":\"Radio Romania International\",\"description\":\"Totul despre Rom\u00e2nia \u015fi rom\u00e2ni, \u00een 13 limbi\\\/dialecte!\",\"inLanguage\":\"en-US\"},{\"@type\":\"Person\",\"@id\":\"https:\\\/\\\/www.rri.ro\\\/#\\\/schema\\\/person\\\/0745b519f2d1287783422f162c4112af\",\"name\":\"Roxana Vasile\",\"url\":\"https:\\\/\\\/www.rri.ro\\\/en\\\/author\\\/roxana-vasile\"}]}<\/script>\n<!-- \/ Yoast SEO plugin. -->","yoast_head_json":{"title":"Measures for the Romanian education - Radio Romania International","robots":{"index":"index","follow":"follow","max-snippet":"max-snippet:-1","max-image-preview":"max-image-preview:large","max-video-preview":"max-video-preview:-1"},"canonical":"https:\/\/www.rri.ro\/en\/news-and-current-affairs\/today-in-the-news\/measures-for-the-romanian-education-id882926.html","og_locale":"en_US","og_type":"article","og_title":"Measures for the Romanian education - Radio Romania International","og_description":"During Thursday&#8217;s meeting, the Romanian government discussed several laws related to education. They established the legal framework for organizing the tenure exam for the teaching staff in pre-university education, with the aim of hiring staff for the over 62,000 positions currently occupied on a fixed-term or on hourly-payment basis and whose contracts expire at the [&hellip;]","og_url":"https:\/\/www.rri.ro\/en\/news-and-current-affairs\/today-in-the-news\/measures-for-the-romanian-education-id882926.html","og_site_name":"Radio Romania International","article_published_time":"2025-04-25T10:50:43+00:00","og_image":[{"width":1200,"height":675,"url":"https:\/\/www.rri.ro\/wp-content\/uploads\/2025\/04\/daniel-david-ministru-foto-gov.jpg","type":"image\/jpeg"}],"author":"Roxana Vasile","twitter_card":"summary_large_image","twitter_misc":{"Written by":"Roxana Vasile","Est. reading time":"2 minutes"},"schema":{"@context":"https:\/\/schema.org","@graph":[{"@type":"Article","@id":"https:\/\/www.rri.ro\/en\/news-and-current-affairs\/today-in-the-news\/measures-for-the-romanian-education-id882926.html#article","isPartOf":{"@id":"https:\/\/www.rri.ro\/en\/news-and-current-affairs\/today-in-the-news\/measures-for-the-romanian-education-id882926.html"},"author":{"name":"Roxana Vasile","@id":"https:\/\/www.rri.ro\/#\/schema\/person\/0745b519f2d1287783422f162c4112af"},"headline":"Measures for the Romanian education","datePublished":"2025-04-25T10:50:43+00:00","mainEntityOfPage":{"@id":"https:\/\/www.rri.ro\/en\/news-and-current-affairs\/today-in-the-news\/measures-for-the-romanian-education-id882926.html"},"wordCount":476,"image":{"@id":"https:\/\/www.rri.ro\/en\/news-and-current-affairs\/today-in-the-news\/measures-for-the-romanian-education-id882926.html#primaryimage"},"thumbnailUrl":"https:\/\/www.rri.ro\/wp-content\/uploads\/2025\/04\/daniel-david-ministru-foto-gov.jpg","keywords":["Daniel David","education","govt measures","tenure exam"],"articleSection":["Today in the News"],"inLanguage":"en-US"},{"@type":"WebPage","@id":"https:\/\/www.rri.ro\/en\/news-and-current-affairs\/today-in-the-news\/measures-for-the-romanian-education-id882926.html","url":"https:\/\/www.rri.ro\/en\/news-and-current-affairs\/today-in-the-news\/measures-for-the-romanian-education-id882926.html","name":"Measures for the Romanian education - Radio Romania International","isPartOf":{"@id":"https:\/\/www.rri.ro\/#website"},"primaryImageOfPage":{"@id":"https:\/\/www.rri.ro\/en\/news-and-current-affairs\/today-in-the-news\/measures-for-the-romanian-education-id882926.html#primaryimage"},"image":{"@id":"https:\/\/www.rri.ro\/en\/news-and-current-affairs\/today-in-the-news\/measures-for-the-romanian-education-id882926.html#primaryimage"},"thumbnailUrl":"https:\/\/www.rri.ro\/wp-content\/uploads\/2025\/04\/daniel-david-ministru-foto-gov.jpg","datePublished":"2025-04-25T10:50:43+00:00","author":{"@id":"https:\/\/www.rri.ro\/#\/schema\/person\/0745b519f2d1287783422f162c4112af"},"breadcrumb":{"@id":"https:\/\/www.rri.ro\/en\/news-and-current-affairs\/today-in-the-news\/measures-for-the-romanian-education-id882926.html#breadcrumb"},"inLanguage":"en-US","potentialAction":[{"@type":"ReadAction","target":["https:\/\/www.rri.ro\/en\/news-and-current-affairs\/today-in-the-news\/measures-for-the-romanian-education-id882926.html"]}]},{"@type":"ImageObject","inLanguage":"en-US","@id":"https:\/\/www.rri.ro\/en\/news-and-current-affairs\/today-in-the-news\/measures-for-the-romanian-education-id882926.html#primaryimage","url":"https:\/\/www.rri.ro\/wp-content\/uploads\/2025\/04\/daniel-david-ministru-foto-gov.jpg","contentUrl":"https:\/\/www.rri.ro\/wp-content\/uploads\/2025\/04\/daniel-david-ministru-foto-gov.jpg","width":1200,"height":675,"caption":"\u041c\u0456\u043d\u0456\u0441\u0442\u0440 \u043e\u0441\u0432\u0456\u0442\u0438 \u0442\u0430 \u0434\u043e\u0441\u043b\u0456\u0434\u0436\u0435\u043d\u043d\u044f \u0414\u0430\u043d\u0456\u0435\u043b \u0414\u0430\u0432\u0456\u0434"},{"@type":"BreadcrumbList","@id":"https:\/\/www.rri.ro\/en\/news-and-current-affairs\/today-in-the-news\/measures-for-the-romanian-education-id882926.html#breadcrumb","itemListElement":[{"@type":"ListItem","position":1,"name":"Homepage","item":"https:\/\/www.rri.ro\/en"},{"@type":"ListItem","position":2,"name":"News and Current Affairs","item":"https:\/\/www.rri.ro\/en\/news-and-current-affairs"},{"@type":"ListItem","position":3,"name":"Today in the News","item":"https:\/\/www.rri.ro\/en\/news-and-current-affairs\/today-in-the-news"},{"@type":"ListItem","position":4,"name":"Measures for the Romanian education"}]},{"@type":"WebSite","@id":"https:\/\/www.rri.ro\/#website","url":"https:\/\/www.rri.ro\/","name":"Radio Romania International","description":"Totul despre Rom\u00e2nia \u015fi rom\u00e2ni, \u00een 13 limbi\/dialecte!","inLanguage":"en-US"},{"@type":"Person","@id":"https:\/\/www.rri.ro\/#\/schema\/person\/0745b519f2d1287783422f162c4112af","name":"Roxana Vasile","url":"https:\/\/www.rri.ro\/en\/author\/roxana-vasile"}]}},"_links":{"self":[{"href":"https:\/\/www.rri.ro\/en\/wp-json\/wp\/v2\/posts\/882926","targetHints":{"allow":["GET"]}}],"collection":[{"href":"https:\/\/www.rri.ro\/en\/wp-json\/wp\/v2\/posts"}],"about":[{"href":"https:\/\/www.rri.ro\/en\/wp-json\/wp\/v2\/types\/post"}],"author":[{"embeddable":true,"href":"https:\/\/www.rri.ro\/en\/wp-json\/wp\/v2\/users\/109"}],"replies":[{"embeddable":true,"href":"https:\/\/www.rri.ro\/en\/wp-json\/wp\/v2\/comments?post=882926"}],"version-history":[{"count":0,"href":"https:\/\/www.rri.ro\/en\/wp-json\/wp\/v2\/posts\/882926\/revisions"}],"wp:featuredmedia":[{"embeddable":true,"href":"https:\/\/www.rri.ro\/en\/wp-json\/wp\/v2\/media\/882735"}],"wp:attachment":[{"href":"https:\/\/www.rri.ro\/en\/wp-json\/wp\/v2\/media?parent=882926"}],"wp:term":[{"taxonomy":"category","embeddable":true,"href":"https:\/\/www.rri.ro\/en\/wp-json\/wp\/v2\/categories?post=882926"},{"taxonomy":"post_tag","embeddable":true,"href":"https:\/\/www.rri.ro\/en\/wp-json\/wp\/v2\/tags?post=882926"},{"taxonomy":"author","embeddable":true,"href":"https:\/\/www.rri.ro\/en\/wp-json\/wp\/v2\/coauthors?post=882926"}],"curies":[{"name":"wp","href":"https:\/\/api.w.org\/{rel}","templated":true}]}}