{"id":88415,"date":"2021-03-29T14:00:00","date_gmt":"2021-03-29T11:00:00","guid":{"rendered":"http:\/\/devrri.freshlemon.ro\/news-and-current-affairs\/newsflash\/restrictions-and-protests-88415.html"},"modified":"2024-02-19T08:54:45","modified_gmt":"2024-02-19T06:54:45","slug":"restrictions-and-protests","status":"publish","type":"post","link":"https:\/\/www.rri.ro\/en\/news-and-current-affairs\/today-in-the-news\/restrictions-and-protests-id88415.html","title":{"rendered":"Restrictions and protests"},"content":{"rendered":"<p><p>On Sunday evening, the new restrictions aimed at&#13;<br \/>\npreventing the spread of the coronavirus took effect. In areas with an&#13;<br \/>\nincidence rate exceeding 4 cases per thousand inhabitants the nighttime curfew will&#13;<br \/>\nstart at 8 PM from Fridays through Sundays, instead of 10 PM for the other week&#13;<br \/>\ndays. On weekends, stores will close at 6 PM. The measures will apply over the&#13;<br \/>\ncourse of the entire week in areas with an incidence rate exceeding 7.5 per&#13;<br \/>\nthousand inhabitants. Gyms will be shut down and will reopen only when the&#13;<br \/>\nincidence rate falls below 3.5. Meanwhile, the Government is planning harsher&#13;<br \/>\nsanctions for businesses repeatedly violating COVID-related measures. A draft&#13;<br \/>\nlaw targeting nightclubs and restaurants is expected to be adopted this week.&#13;<br \/>\nInterior Minister Lucian Bode says the Government wants people to observe&#13;<br \/>\nanti-COVID measures.<\/p>\n<p><\/p>\n<p><\/p>\n<p>&#13;<br \/>\n&#13;<\/p>\n<p>I&#8217;ve said it before and I&#8217;m saying it again, our goal&#13;<br \/>\nis not to sanction citizens and economic operators. The Interior Ministry&#8217;s&#13;<br \/>\ngoal is to limit the spread of the pandemic. <\/p>\n<p><\/p>\n<p><\/p>\n<p>&#13;<br \/>\n&#13;<\/p>\n<p>The authorities&#8217; decisions have been lately perceived&#13;<br \/>\nas illogical and abusive, some Romanians starting to lose patience. On Sunday,&#13;<br \/>\nafter midnight, as the new measures took effect, thousands of people took to&#13;<br \/>\nthe streets in large cities, voicing their disgruntlement. <\/p>\n<p><\/p>\n<p><\/p>\n<p>&#13;<br \/>\n&#13;<\/p>\n<p>They&#8217;re locking us down in our homes like dogs. <\/p>\n<p><\/p>\n<p><\/p>\n<p>&#13;<br \/>\n&#13;<\/p>\n<p>We&#8217;re protesting for our freedom and our right to go&#13;<br \/>\nout, because we have the right to be free. They have no right to take that away&#13;<br \/>\nfrom us! No one has! <\/p>\n<p><\/p>\n<p><\/p>\n<p>&#13;<br \/>\n&#13;<\/p>\n<p>We&#8217;re protesting all these measures. They are&#13;<br \/>\nlaughing at us. We voted for them, we put them there and what do they do? They&#13;<br \/>\nlock us down like rats. <\/p>\n<p><\/p>\n<p><\/p>\n<p>&#13;<br \/>\n&#13;<\/p>\n<p>Freedom, Don&#8217;t stay at home, or you&#8217;ll die alone,&#13;<br \/>\nNo restrictions were some of the slogans shouted out on the streets of&#13;<br \/>\nBucharest, Sibiu, Arad, Gala\u021bi, Constan\u021ba or Br\u0103ila. The protesters criticized&#13;<br \/>\nthe way the Government designed the curfew and called for new jobs, the&#13;<br \/>\nreopening of schools, restaurants and gyms, also demanding the healthcare&#13;<br \/>\nsystem be improved to help more people struggling with COVID-19. People also&#13;<br \/>\nshouted anti-Government slogans and called for the resignations of the head of&#13;<br \/>\nthe Department for Emergency Situations, Raed Arafat, and Liberal Prime&#13;<br \/>\nMinister, Florin C\u00ee\u0163u. (V.P.) <\/p>\n<p><\/p>\n","protected":false},"excerpt":{"rendered":"<p>The new restrictions designed to stop the spread of the coronavirus have sparked new street protests in Romania<\/p>\n","protected":false},"author":109,"featured_media":88416,"comment_status":"closed","ping_status":"closed","sticky":false,"template":"","format":"standard","meta":{"_acf_changed":false,"footnotes":""},"categories":[37738],"tags":[35374,35391,28990,30518,29710],"coauthors":[],"class_list":["post-88415","post","type-post","status-publish","format-standard","has-post-thumbnail","hentry","category-today-in-the-news","tag-covid-19","tag-florin-citu","tag-protests","tag-raed-arafat","tag-restrictions"],"acf":[],"yoast_head":"<!-- This site is optimized with the Yoast SEO plugin v27.3 - https:\/\/yoast.com\/product\/yoast-seo-wordpress\/ -->\n<title>Restrictions and protests - Radio Romania International<\/title>\n<meta name=\"robots\" content=\"index, follow, max-snippet:-1, max-image-preview:large, max-video-preview:-1\" \/>\n<link rel=\"canonical\" href=\"https:\/\/www.rri.ro\/en\/news-and-current-affairs\/today-in-the-news\/restrictions-and-protests-id88415.html\" \/>\n<meta property=\"og:locale\" content=\"en_US\" \/>\n<meta property=\"og:type\" content=\"article\" \/>\n<meta property=\"og:title\" content=\"Restrictions and protests - Radio Romania International\" \/>\n<meta property=\"og:description\" content=\"The new restrictions designed to stop the spread of the coronavirus have sparked new street protests in Romania\" \/>\n<meta property=\"og:url\" content=\"https:\/\/www.rri.ro\/en\/news-and-current-affairs\/today-in-the-news\/restrictions-and-protests-id88415.html\" \/>\n<meta property=\"og:site_name\" content=\"Radio Romania International\" \/>\n<meta property=\"article:published_time\" content=\"2021-03-29T11:00:00+00:00\" \/>\n<meta property=\"article:modified_time\" content=\"2024-02-19T06:54:45+00:00\" \/>\n<meta property=\"og:image\" content=\"https:\/\/www.rri.ro\/wp-content\/uploads\/2023\/10\/protest-coronavirus-foto-pixabay.png\" \/>\n\t<meta property=\"og:image:width\" content=\"640\" \/>\n\t<meta property=\"og:image:height\" content=\"451\" \/>\n\t<meta property=\"og:image:type\" content=\"image\/png\" \/>\n<meta name=\"author\" content=\"Roxana Vasile\" \/>\n<meta name=\"twitter:card\" content=\"summary_large_image\" \/>\n<meta name=\"twitter:label1\" content=\"Written by\" \/>\n\t<meta name=\"twitter:data1\" content=\"Roxana Vasile\" \/>\n\t<meta name=\"twitter:label2\" content=\"Est. reading time\" \/>\n\t<meta name=\"twitter:data2\" content=\"2 minutes\" \/>\n<script type=\"application\/ld+json\" class=\"yoast-schema-graph\">{\"@context\":\"https:\\\/\\\/schema.org\",\"@graph\":[{\"@type\":\"Article\",\"@id\":\"https:\\\/\\\/www.rri.ro\\\/en\\\/news-and-current-affairs\\\/today-in-the-news\\\/restrictions-and-protests-id88415.html#article\",\"isPartOf\":{\"@id\":\"https:\\\/\\\/www.rri.ro\\\/en\\\/news-and-current-affairs\\\/today-in-the-news\\\/restrictions-and-protests-id88415.html\"},\"author\":{\"name\":\"Roxana Vasile\",\"@id\":\"https:\\\/\\\/www.rri.ro\\\/#\\\/schema\\\/person\\\/0745b519f2d1287783422f162c4112af\"},\"headline\":\"Restrictions and protests\",\"datePublished\":\"2021-03-29T11:00:00+00:00\",\"dateModified\":\"2024-02-19T06:54:45+00:00\",\"mainEntityOfPage\":{\"@id\":\"https:\\\/\\\/www.rri.ro\\\/en\\\/news-and-current-affairs\\\/today-in-the-news\\\/restrictions-and-protests-id88415.html\"},\"wordCount\":379,\"image\":{\"@id\":\"https:\\\/\\\/www.rri.ro\\\/en\\\/news-and-current-affairs\\\/today-in-the-news\\\/restrictions-and-protests-id88415.html#primaryimage\"},\"thumbnailUrl\":\"https:\\\/\\\/www.rri.ro\\\/wp-content\\\/uploads\\\/2023\\\/10\\\/protest-coronavirus-foto-pixabay.png\",\"keywords\":[\"Covid-19\",\"Florin Citu\",\"protests\",\"Raed Arafat\",\"restrictions\"],\"articleSection\":[\"Today in the News\"],\"inLanguage\":\"en-US\"},{\"@type\":\"WebPage\",\"@id\":\"https:\\\/\\\/www.rri.ro\\\/en\\\/news-and-current-affairs\\\/today-in-the-news\\\/restrictions-and-protests-id88415.html\",\"url\":\"https:\\\/\\\/www.rri.ro\\\/en\\\/news-and-current-affairs\\\/today-in-the-news\\\/restrictions-and-protests-id88415.html\",\"name\":\"Restrictions and protests - Radio Romania International\",\"isPartOf\":{\"@id\":\"https:\\\/\\\/www.rri.ro\\\/#website\"},\"primaryImageOfPage\":{\"@id\":\"https:\\\/\\\/www.rri.ro\\\/en\\\/news-and-current-affairs\\\/today-in-the-news\\\/restrictions-and-protests-id88415.html#primaryimage\"},\"image\":{\"@id\":\"https:\\\/\\\/www.rri.ro\\\/en\\\/news-and-current-affairs\\\/today-in-the-news\\\/restrictions-and-protests-id88415.html#primaryimage\"},\"thumbnailUrl\":\"https:\\\/\\\/www.rri.ro\\\/wp-content\\\/uploads\\\/2023\\\/10\\\/protest-coronavirus-foto-pixabay.png\",\"datePublished\":\"2021-03-29T11:00:00+00:00\",\"dateModified\":\"2024-02-19T06:54:45+00:00\",\"author\":{\"@id\":\"https:\\\/\\\/www.rri.ro\\\/#\\\/schema\\\/person\\\/0745b519f2d1287783422f162c4112af\"},\"breadcrumb\":{\"@id\":\"https:\\\/\\\/www.rri.ro\\\/en\\\/news-and-current-affairs\\\/today-in-the-news\\\/restrictions-and-protests-id88415.html#breadcrumb\"},\"inLanguage\":\"en-US\",\"potentialAction\":[{\"@type\":\"ReadAction\",\"target\":[\"https:\\\/\\\/www.rri.ro\\\/en\\\/news-and-current-affairs\\\/today-in-the-news\\\/restrictions-and-protests-id88415.html\"]}]},{\"@type\":\"ImageObject\",\"inLanguage\":\"en-US\",\"@id\":\"https:\\\/\\\/www.rri.ro\\\/en\\\/news-and-current-affairs\\\/today-in-the-news\\\/restrictions-and-protests-id88415.html#primaryimage\",\"url\":\"https:\\\/\\\/www.rri.ro\\\/wp-content\\\/uploads\\\/2023\\\/10\\\/protest-coronavirus-foto-pixabay.png\",\"contentUrl\":\"https:\\\/\\\/www.rri.ro\\\/wp-content\\\/uploads\\\/2023\\\/10\\\/protest-coronavirus-foto-pixabay.png\",\"width\":640,\"height\":451},{\"@type\":\"BreadcrumbList\",\"@id\":\"https:\\\/\\\/www.rri.ro\\\/en\\\/news-and-current-affairs\\\/today-in-the-news\\\/restrictions-and-protests-id88415.html#breadcrumb\",\"itemListElement\":[{\"@type\":\"ListItem\",\"position\":1,\"name\":\"Homepage\",\"item\":\"https:\\\/\\\/www.rri.ro\\\/en\"},{\"@type\":\"ListItem\",\"position\":2,\"name\":\"News and Current Affairs\",\"item\":\"https:\\\/\\\/www.rri.ro\\\/en\\\/news-and-current-affairs\"},{\"@type\":\"ListItem\",\"position\":3,\"name\":\"Today in the News\",\"item\":\"https:\\\/\\\/www.rri.ro\\\/en\\\/news-and-current-affairs\\\/today-in-the-news\"},{\"@type\":\"ListItem\",\"position\":4,\"name\":\"Restrictions and protests\"}]},{\"@type\":\"WebSite\",\"@id\":\"https:\\\/\\\/www.rri.ro\\\/#website\",\"url\":\"https:\\\/\\\/www.rri.ro\\\/\",\"name\":\"Radio Romania International\",\"description\":\"Totul despre Rom\u00e2nia \u015fi rom\u00e2ni, \u00een 13 limbi\\\/dialecte!\",\"inLanguage\":\"en-US\"},{\"@type\":\"Person\",\"@id\":\"https:\\\/\\\/www.rri.ro\\\/#\\\/schema\\\/person\\\/0745b519f2d1287783422f162c4112af\",\"name\":\"Roxana Vasile\",\"url\":\"https:\\\/\\\/www.rri.ro\\\/en\\\/author\\\/roxana-vasile\"}]}<\/script>\n<!-- \/ Yoast SEO plugin. -->","yoast_head_json":{"title":"Restrictions and protests - Radio Romania International","robots":{"index":"index","follow":"follow","max-snippet":"max-snippet:-1","max-image-preview":"max-image-preview:large","max-video-preview":"max-video-preview:-1"},"canonical":"https:\/\/www.rri.ro\/en\/news-and-current-affairs\/today-in-the-news\/restrictions-and-protests-id88415.html","og_locale":"en_US","og_type":"article","og_title":"Restrictions and protests - Radio Romania International","og_description":"The new restrictions designed to stop the spread of the coronavirus have sparked new street protests in Romania","og_url":"https:\/\/www.rri.ro\/en\/news-and-current-affairs\/today-in-the-news\/restrictions-and-protests-id88415.html","og_site_name":"Radio Romania International","article_published_time":"2021-03-29T11:00:00+00:00","article_modified_time":"2024-02-19T06:54:45+00:00","og_image":[{"width":640,"height":451,"url":"https:\/\/www.rri.ro\/wp-content\/uploads\/2023\/10\/protest-coronavirus-foto-pixabay.png","type":"image\/png"}],"author":"Roxana Vasile","twitter_card":"summary_large_image","twitter_misc":{"Written by":"Roxana Vasile","Est. reading time":"2 minutes"},"schema":{"@context":"https:\/\/schema.org","@graph":[{"@type":"Article","@id":"https:\/\/www.rri.ro\/en\/news-and-current-affairs\/today-in-the-news\/restrictions-and-protests-id88415.html#article","isPartOf":{"@id":"https:\/\/www.rri.ro\/en\/news-and-current-affairs\/today-in-the-news\/restrictions-and-protests-id88415.html"},"author":{"name":"Roxana Vasile","@id":"https:\/\/www.rri.ro\/#\/schema\/person\/0745b519f2d1287783422f162c4112af"},"headline":"Restrictions and protests","datePublished":"2021-03-29T11:00:00+00:00","dateModified":"2024-02-19T06:54:45+00:00","mainEntityOfPage":{"@id":"https:\/\/www.rri.ro\/en\/news-and-current-affairs\/today-in-the-news\/restrictions-and-protests-id88415.html"},"wordCount":379,"image":{"@id":"https:\/\/www.rri.ro\/en\/news-and-current-affairs\/today-in-the-news\/restrictions-and-protests-id88415.html#primaryimage"},"thumbnailUrl":"https:\/\/www.rri.ro\/wp-content\/uploads\/2023\/10\/protest-coronavirus-foto-pixabay.png","keywords":["Covid-19","Florin Citu","protests","Raed Arafat","restrictions"],"articleSection":["Today in the News"],"inLanguage":"en-US"},{"@type":"WebPage","@id":"https:\/\/www.rri.ro\/en\/news-and-current-affairs\/today-in-the-news\/restrictions-and-protests-id88415.html","url":"https:\/\/www.rri.ro\/en\/news-and-current-affairs\/today-in-the-news\/restrictions-and-protests-id88415.html","name":"Restrictions and protests - Radio Romania International","isPartOf":{"@id":"https:\/\/www.rri.ro\/#website"},"primaryImageOfPage":{"@id":"https:\/\/www.rri.ro\/en\/news-and-current-affairs\/today-in-the-news\/restrictions-and-protests-id88415.html#primaryimage"},"image":{"@id":"https:\/\/www.rri.ro\/en\/news-and-current-affairs\/today-in-the-news\/restrictions-and-protests-id88415.html#primaryimage"},"thumbnailUrl":"https:\/\/www.rri.ro\/wp-content\/uploads\/2023\/10\/protest-coronavirus-foto-pixabay.png","datePublished":"2021-03-29T11:00:00+00:00","dateModified":"2024-02-19T06:54:45+00:00","author":{"@id":"https:\/\/www.rri.ro\/#\/schema\/person\/0745b519f2d1287783422f162c4112af"},"breadcrumb":{"@id":"https:\/\/www.rri.ro\/en\/news-and-current-affairs\/today-in-the-news\/restrictions-and-protests-id88415.html#breadcrumb"},"inLanguage":"en-US","potentialAction":[{"@type":"ReadAction","target":["https:\/\/www.rri.ro\/en\/news-and-current-affairs\/today-in-the-news\/restrictions-and-protests-id88415.html"]}]},{"@type":"ImageObject","inLanguage":"en-US","@id":"https:\/\/www.rri.ro\/en\/news-and-current-affairs\/today-in-the-news\/restrictions-and-protests-id88415.html#primaryimage","url":"https:\/\/www.rri.ro\/wp-content\/uploads\/2023\/10\/protest-coronavirus-foto-pixabay.png","contentUrl":"https:\/\/www.rri.ro\/wp-content\/uploads\/2023\/10\/protest-coronavirus-foto-pixabay.png","width":640,"height":451},{"@type":"BreadcrumbList","@id":"https:\/\/www.rri.ro\/en\/news-and-current-affairs\/today-in-the-news\/restrictions-and-protests-id88415.html#breadcrumb","itemListElement":[{"@type":"ListItem","position":1,"name":"Homepage","item":"https:\/\/www.rri.ro\/en"},{"@type":"ListItem","position":2,"name":"News and Current Affairs","item":"https:\/\/www.rri.ro\/en\/news-and-current-affairs"},{"@type":"ListItem","position":3,"name":"Today in the News","item":"https:\/\/www.rri.ro\/en\/news-and-current-affairs\/today-in-the-news"},{"@type":"ListItem","position":4,"name":"Restrictions and protests"}]},{"@type":"WebSite","@id":"https:\/\/www.rri.ro\/#website","url":"https:\/\/www.rri.ro\/","name":"Radio Romania International","description":"Totul despre Rom\u00e2nia \u015fi rom\u00e2ni, \u00een 13 limbi\/dialecte!","inLanguage":"en-US"},{"@type":"Person","@id":"https:\/\/www.rri.ro\/#\/schema\/person\/0745b519f2d1287783422f162c4112af","name":"Roxana Vasile","url":"https:\/\/www.rri.ro\/en\/author\/roxana-vasile"}]}},"_links":{"self":[{"href":"https:\/\/www.rri.ro\/en\/wp-json\/wp\/v2\/posts\/88415","targetHints":{"allow":["GET"]}}],"collection":[{"href":"https:\/\/www.rri.ro\/en\/wp-json\/wp\/v2\/posts"}],"about":[{"href":"https:\/\/www.rri.ro\/en\/wp-json\/wp\/v2\/types\/post"}],"author":[{"embeddable":true,"href":"https:\/\/www.rri.ro\/en\/wp-json\/wp\/v2\/users\/109"}],"replies":[{"embeddable":true,"href":"https:\/\/www.rri.ro\/en\/wp-json\/wp\/v2\/comments?post=88415"}],"version-history":[{"count":0,"href":"https:\/\/www.rri.ro\/en\/wp-json\/wp\/v2\/posts\/88415\/revisions"}],"wp:featuredmedia":[{"embeddable":true,"href":"https:\/\/www.rri.ro\/en\/wp-json\/wp\/v2\/media\/88416"}],"wp:attachment":[{"href":"https:\/\/www.rri.ro\/en\/wp-json\/wp\/v2\/media?parent=88415"}],"wp:term":[{"taxonomy":"category","embeddable":true,"href":"https:\/\/www.rri.ro\/en\/wp-json\/wp\/v2\/categories?post=88415"},{"taxonomy":"post_tag","embeddable":true,"href":"https:\/\/www.rri.ro\/en\/wp-json\/wp\/v2\/tags?post=88415"},{"taxonomy":"author","embeddable":true,"href":"https:\/\/www.rri.ro\/en\/wp-json\/wp\/v2\/coauthors?post=88415"}],"curies":[{"name":"wp","href":"https:\/\/api.w.org\/{rel}","templated":true}]}}