{"id":886698,"date":"2025-05-14T13:50:08","date_gmt":"2025-05-14T10:50:08","guid":{"rendered":"https:\/\/www.rri.ro\/?p=886698"},"modified":"2025-05-14T12:29:21","modified_gmt":"2025-05-14T09:29:21","slug":"meps-welcome-moldovas-efforts","status":"publish","type":"post","link":"https:\/\/www.rri.ro\/en\/news-and-current-affairs\/today-in-the-news\/meps-welcome-moldovas-efforts-id886698.html","title":{"rendered":"MEPs welcome Moldova&#8217;s efforts"},"content":{"rendered":"<p>All military experts and political analysts say that the Republic of Moldova is Ukraine&#8217;s neighbor worst affected by the Russian invasion there. In solidarity with the authorities in Kyiv, who are trying to resist the invaders, and host to numerous Ukrainian refugees, Chi\u015fin\u0103u has become, in turn, a target for the Russians. All the elements of a hybrid war, such as false bomb alerts, cyber attacks, illegally financed protests, energy blackmail, are the challenges that the Internal Affairs system must face, declared the former interior minister in the pro-Western government, Ana Revenco. Pro-war propaganda, she added, incitement to hatred, disinformation, parts of the same hybrid war are intended to weaken the resilience of citizens. \u2018There are already certainties that Russia is now using more and much more intensively the levers through which it tries to destabilize the situation in the Republic of Moldova, not without the support of fugitive oligarchs\u2019 minister Revenco concluded. And everyone agrees that the republic would not have resisted this assault without the consistent support of neighboring Romania and the European Union, which Moldova aspires to join.<\/p>\n<p>&nbsp;<\/p>\n<p>The European Parliament\u2019s Committee on Foreign Affairs (AFET) adopted a report on Tuesday that highlights \u2018the steady progress made by the Republic of Moldova in EU accession-related reforms, despite significant internal and external challenges.\u2019 A press release from the Commission members welcomed what they called Chi\u015fin\u0103u\u2019s \u2018exemplary commitment\u2019 to moving forward on the path of EU integration and said that bilateral relations \u2018have entered a new phase\u2019. \u2018Cooperation has intensified, alongside Chi\u015fin\u0103u\u2019s sustained efforts to harmonize Moldovan legislation with the community acquis. The MEPs welcome the progress made by the Moldovan government and call on the European Commission to step up its support for it.<\/p>\n<p>&nbsp;<\/p>\n<p>They also note that \u2018both the constitutional referendum on European integration and the latest presidential election in the Republic of Moldova, which took place at the end of 2024, confirmed the support of the majority of citizens for EU accession and pro-European reforms. The report was adopted with 52 votes in favor, 11 against and 3 abstentions. The document will be put to a vote in the plenum of the European Parliament, most likely next month. Meanwhile, in Chi\u015fin\u0103u, President Maia Sandu says that the Republic of Moldova could conclude its accession negotiations with the European Union by December 2027 and that integration into the community bloc will depend on domestic political will, in particular on the next Parliament which will be elected in the autumn. (LS)<\/p>\n","protected":false},"excerpt":{"rendered":"<p>All military experts and political analysts say that the Republic of Moldova is Ukraine&#8217;s neighbor worst affected by the Russian invasion there. In solidarity with the authorities in Kyiv, who are trying to resist the invaders, and host to numerous Ukrainian refugees, Chi\u015fin\u0103u has become, in turn, a target for the Russians. All the elements [&hellip;]<\/p>\n","protected":false},"author":105,"featured_media":885778,"comment_status":"closed","ping_status":"closed","sticky":false,"template":"","format":"standard","meta":{"_acf_changed":false,"footnotes":""},"categories":[37738],"tags":[33111,29130,40730],"coauthors":[113297],"class_list":["post-886698","post","type-post","status-publish","format-standard","has-post-thumbnail","hentry","category-today-in-the-news","tag-ep","tag-moldova","tag-progress"],"acf":[],"yoast_head":"<!-- This site is optimized with the Yoast SEO plugin v27.3 - https:\/\/yoast.com\/product\/yoast-seo-wordpress\/ -->\n<title>MEPs welcome Moldova&#039;s efforts - Radio Romania International<\/title>\n<meta name=\"robots\" content=\"index, follow, max-snippet:-1, max-image-preview:large, max-video-preview:-1\" \/>\n<link rel=\"canonical\" href=\"https:\/\/www.rri.ro\/en\/news-and-current-affairs\/today-in-the-news\/meps-welcome-moldovas-efforts-id886698.html\" \/>\n<meta property=\"og:locale\" content=\"en_US\" \/>\n<meta property=\"og:type\" content=\"article\" \/>\n<meta property=\"og:title\" content=\"MEPs welcome Moldova&#039;s efforts - Radio Romania International\" \/>\n<meta property=\"og:description\" content=\"All military experts and political analysts say that the Republic of Moldova is Ukraine&#8217;s neighbor worst affected by the Russian invasion there. In solidarity with the authorities in Kyiv, who are trying to resist the invaders, and host to numerous Ukrainian refugees, Chi\u015fin\u0103u has become, in turn, a target for the Russians. All the elements [&hellip;]\" \/>\n<meta property=\"og:url\" content=\"https:\/\/www.rri.ro\/en\/news-and-current-affairs\/today-in-the-news\/meps-welcome-moldovas-efforts-id886698.html\" \/>\n<meta property=\"og:site_name\" content=\"Radio Romania International\" \/>\n<meta property=\"article:published_time\" content=\"2025-05-14T10:50:08+00:00\" \/>\n<meta property=\"og:image\" content=\"https:\/\/www.rri.ro\/wp-content\/uploads\/2025\/05\/parlamentul-european-plen-foto-EP.jpg\" \/>\n\t<meta property=\"og:image:width\" content=\"1200\" \/>\n\t<meta property=\"og:image:height\" content=\"675\" \/>\n\t<meta property=\"og:image:type\" content=\"image\/jpeg\" \/>\n<meta name=\"author\" content=\"Bogdan Matei\" \/>\n<meta name=\"twitter:card\" content=\"summary_large_image\" \/>\n<meta name=\"twitter:label1\" content=\"Written by\" \/>\n\t<meta name=\"twitter:data1\" content=\"Bogdan Matei\" \/>\n\t<meta name=\"twitter:label2\" content=\"Est. reading time\" \/>\n\t<meta name=\"twitter:data2\" content=\"2 minutes\" \/>\n<script type=\"application\/ld+json\" class=\"yoast-schema-graph\">{\"@context\":\"https:\\\/\\\/schema.org\",\"@graph\":[{\"@type\":\"Article\",\"@id\":\"https:\\\/\\\/www.rri.ro\\\/en\\\/news-and-current-affairs\\\/today-in-the-news\\\/meps-welcome-moldovas-efforts-id886698.html#article\",\"isPartOf\":{\"@id\":\"https:\\\/\\\/www.rri.ro\\\/en\\\/news-and-current-affairs\\\/today-in-the-news\\\/meps-welcome-moldovas-efforts-id886698.html\"},\"author\":{\"name\":\"Bogdan Matei\",\"@id\":\"https:\\\/\\\/www.rri.ro\\\/#\\\/schema\\\/person\\\/0ed327d40678578e6dbb840527e3ba32\"},\"headline\":\"MEPs welcome Moldova&#8217;s efforts\",\"datePublished\":\"2025-05-14T10:50:08+00:00\",\"mainEntityOfPage\":{\"@id\":\"https:\\\/\\\/www.rri.ro\\\/en\\\/news-and-current-affairs\\\/today-in-the-news\\\/meps-welcome-moldovas-efforts-id886698.html\"},\"wordCount\":427,\"image\":{\"@id\":\"https:\\\/\\\/www.rri.ro\\\/en\\\/news-and-current-affairs\\\/today-in-the-news\\\/meps-welcome-moldovas-efforts-id886698.html#primaryimage\"},\"thumbnailUrl\":\"https:\\\/\\\/www.rri.ro\\\/wp-content\\\/uploads\\\/2025\\\/05\\\/parlamentul-european-plen-foto-EP.jpg\",\"keywords\":[\"EP\",\"Moldova\",\"progress\"],\"articleSection\":[\"Today in the News\"],\"inLanguage\":\"en-US\"},{\"@type\":\"WebPage\",\"@id\":\"https:\\\/\\\/www.rri.ro\\\/en\\\/news-and-current-affairs\\\/today-in-the-news\\\/meps-welcome-moldovas-efforts-id886698.html\",\"url\":\"https:\\\/\\\/www.rri.ro\\\/en\\\/news-and-current-affairs\\\/today-in-the-news\\\/meps-welcome-moldovas-efforts-id886698.html\",\"name\":\"MEPs welcome Moldova's efforts - Radio Romania International\",\"isPartOf\":{\"@id\":\"https:\\\/\\\/www.rri.ro\\\/#website\"},\"primaryImageOfPage\":{\"@id\":\"https:\\\/\\\/www.rri.ro\\\/en\\\/news-and-current-affairs\\\/today-in-the-news\\\/meps-welcome-moldovas-efforts-id886698.html#primaryimage\"},\"image\":{\"@id\":\"https:\\\/\\\/www.rri.ro\\\/en\\\/news-and-current-affairs\\\/today-in-the-news\\\/meps-welcome-moldovas-efforts-id886698.html#primaryimage\"},\"thumbnailUrl\":\"https:\\\/\\\/www.rri.ro\\\/wp-content\\\/uploads\\\/2025\\\/05\\\/parlamentul-european-plen-foto-EP.jpg\",\"datePublished\":\"2025-05-14T10:50:08+00:00\",\"author\":{\"@id\":\"https:\\\/\\\/www.rri.ro\\\/#\\\/schema\\\/person\\\/0ed327d40678578e6dbb840527e3ba32\"},\"breadcrumb\":{\"@id\":\"https:\\\/\\\/www.rri.ro\\\/en\\\/news-and-current-affairs\\\/today-in-the-news\\\/meps-welcome-moldovas-efforts-id886698.html#breadcrumb\"},\"inLanguage\":\"en-US\",\"potentialAction\":[{\"@type\":\"ReadAction\",\"target\":[\"https:\\\/\\\/www.rri.ro\\\/en\\\/news-and-current-affairs\\\/today-in-the-news\\\/meps-welcome-moldovas-efforts-id886698.html\"]}]},{\"@type\":\"ImageObject\",\"inLanguage\":\"en-US\",\"@id\":\"https:\\\/\\\/www.rri.ro\\\/en\\\/news-and-current-affairs\\\/today-in-the-news\\\/meps-welcome-moldovas-efforts-id886698.html#primaryimage\",\"url\":\"https:\\\/\\\/www.rri.ro\\\/wp-content\\\/uploads\\\/2025\\\/05\\\/parlamentul-european-plen-foto-EP.jpg\",\"contentUrl\":\"https:\\\/\\\/www.rri.ro\\\/wp-content\\\/uploads\\\/2025\\\/05\\\/parlamentul-european-plen-foto-EP.jpg\",\"width\":1200,\"height\":675,\"caption\":\"Il Parlamento Europeo (Photographer: Denis LOMME Copyright: \u00a9 European Union 2025 - Source : EP))\"},{\"@type\":\"BreadcrumbList\",\"@id\":\"https:\\\/\\\/www.rri.ro\\\/en\\\/news-and-current-affairs\\\/today-in-the-news\\\/meps-welcome-moldovas-efforts-id886698.html#breadcrumb\",\"itemListElement\":[{\"@type\":\"ListItem\",\"position\":1,\"name\":\"Homepage\",\"item\":\"https:\\\/\\\/www.rri.ro\\\/en\"},{\"@type\":\"ListItem\",\"position\":2,\"name\":\"News and Current Affairs\",\"item\":\"https:\\\/\\\/www.rri.ro\\\/en\\\/news-and-current-affairs\"},{\"@type\":\"ListItem\",\"position\":3,\"name\":\"Today in the News\",\"item\":\"https:\\\/\\\/www.rri.ro\\\/en\\\/news-and-current-affairs\\\/today-in-the-news\"},{\"@type\":\"ListItem\",\"position\":4,\"name\":\"MEPs welcome Moldova&#8217;s efforts\"}]},{\"@type\":\"WebSite\",\"@id\":\"https:\\\/\\\/www.rri.ro\\\/#website\",\"url\":\"https:\\\/\\\/www.rri.ro\\\/\",\"name\":\"Radio Romania International\",\"description\":\"Totul despre Rom\u00e2nia \u015fi rom\u00e2ni, \u00een 13 limbi\\\/dialecte!\",\"inLanguage\":\"en-US\"},{\"@type\":\"Person\",\"@id\":\"https:\\\/\\\/www.rri.ro\\\/#\\\/schema\\\/person\\\/0ed327d40678578e6dbb840527e3ba32\",\"name\":\"Bogdan Matei\",\"url\":\"https:\\\/\\\/www.rri.ro\\\/en\\\/author\\\/bogdan-matei\"}]}<\/script>\n<!-- \/ Yoast SEO plugin. -->","yoast_head_json":{"title":"MEPs welcome Moldova's efforts - Radio Romania International","robots":{"index":"index","follow":"follow","max-snippet":"max-snippet:-1","max-image-preview":"max-image-preview:large","max-video-preview":"max-video-preview:-1"},"canonical":"https:\/\/www.rri.ro\/en\/news-and-current-affairs\/today-in-the-news\/meps-welcome-moldovas-efforts-id886698.html","og_locale":"en_US","og_type":"article","og_title":"MEPs welcome Moldova's efforts - Radio Romania International","og_description":"All military experts and political analysts say that the Republic of Moldova is Ukraine&#8217;s neighbor worst affected by the Russian invasion there. In solidarity with the authorities in Kyiv, who are trying to resist the invaders, and host to numerous Ukrainian refugees, Chi\u015fin\u0103u has become, in turn, a target for the Russians. All the elements [&hellip;]","og_url":"https:\/\/www.rri.ro\/en\/news-and-current-affairs\/today-in-the-news\/meps-welcome-moldovas-efforts-id886698.html","og_site_name":"Radio Romania International","article_published_time":"2025-05-14T10:50:08+00:00","og_image":[{"width":1200,"height":675,"url":"https:\/\/www.rri.ro\/wp-content\/uploads\/2025\/05\/parlamentul-european-plen-foto-EP.jpg","type":"image\/jpeg"}],"author":"Bogdan Matei","twitter_card":"summary_large_image","twitter_misc":{"Written by":"Bogdan Matei","Est. reading time":"2 minutes"},"schema":{"@context":"https:\/\/schema.org","@graph":[{"@type":"Article","@id":"https:\/\/www.rri.ro\/en\/news-and-current-affairs\/today-in-the-news\/meps-welcome-moldovas-efforts-id886698.html#article","isPartOf":{"@id":"https:\/\/www.rri.ro\/en\/news-and-current-affairs\/today-in-the-news\/meps-welcome-moldovas-efforts-id886698.html"},"author":{"name":"Bogdan Matei","@id":"https:\/\/www.rri.ro\/#\/schema\/person\/0ed327d40678578e6dbb840527e3ba32"},"headline":"MEPs welcome Moldova&#8217;s efforts","datePublished":"2025-05-14T10:50:08+00:00","mainEntityOfPage":{"@id":"https:\/\/www.rri.ro\/en\/news-and-current-affairs\/today-in-the-news\/meps-welcome-moldovas-efforts-id886698.html"},"wordCount":427,"image":{"@id":"https:\/\/www.rri.ro\/en\/news-and-current-affairs\/today-in-the-news\/meps-welcome-moldovas-efforts-id886698.html#primaryimage"},"thumbnailUrl":"https:\/\/www.rri.ro\/wp-content\/uploads\/2025\/05\/parlamentul-european-plen-foto-EP.jpg","keywords":["EP","Moldova","progress"],"articleSection":["Today in the News"],"inLanguage":"en-US"},{"@type":"WebPage","@id":"https:\/\/www.rri.ro\/en\/news-and-current-affairs\/today-in-the-news\/meps-welcome-moldovas-efforts-id886698.html","url":"https:\/\/www.rri.ro\/en\/news-and-current-affairs\/today-in-the-news\/meps-welcome-moldovas-efforts-id886698.html","name":"MEPs welcome Moldova's efforts - Radio Romania International","isPartOf":{"@id":"https:\/\/www.rri.ro\/#website"},"primaryImageOfPage":{"@id":"https:\/\/www.rri.ro\/en\/news-and-current-affairs\/today-in-the-news\/meps-welcome-moldovas-efforts-id886698.html#primaryimage"},"image":{"@id":"https:\/\/www.rri.ro\/en\/news-and-current-affairs\/today-in-the-news\/meps-welcome-moldovas-efforts-id886698.html#primaryimage"},"thumbnailUrl":"https:\/\/www.rri.ro\/wp-content\/uploads\/2025\/05\/parlamentul-european-plen-foto-EP.jpg","datePublished":"2025-05-14T10:50:08+00:00","author":{"@id":"https:\/\/www.rri.ro\/#\/schema\/person\/0ed327d40678578e6dbb840527e3ba32"},"breadcrumb":{"@id":"https:\/\/www.rri.ro\/en\/news-and-current-affairs\/today-in-the-news\/meps-welcome-moldovas-efforts-id886698.html#breadcrumb"},"inLanguage":"en-US","potentialAction":[{"@type":"ReadAction","target":["https:\/\/www.rri.ro\/en\/news-and-current-affairs\/today-in-the-news\/meps-welcome-moldovas-efforts-id886698.html"]}]},{"@type":"ImageObject","inLanguage":"en-US","@id":"https:\/\/www.rri.ro\/en\/news-and-current-affairs\/today-in-the-news\/meps-welcome-moldovas-efforts-id886698.html#primaryimage","url":"https:\/\/www.rri.ro\/wp-content\/uploads\/2025\/05\/parlamentul-european-plen-foto-EP.jpg","contentUrl":"https:\/\/www.rri.ro\/wp-content\/uploads\/2025\/05\/parlamentul-european-plen-foto-EP.jpg","width":1200,"height":675,"caption":"Il Parlamento Europeo (Photographer: Denis LOMME Copyright: \u00a9 European Union 2025 - Source : EP))"},{"@type":"BreadcrumbList","@id":"https:\/\/www.rri.ro\/en\/news-and-current-affairs\/today-in-the-news\/meps-welcome-moldovas-efforts-id886698.html#breadcrumb","itemListElement":[{"@type":"ListItem","position":1,"name":"Homepage","item":"https:\/\/www.rri.ro\/en"},{"@type":"ListItem","position":2,"name":"News and Current Affairs","item":"https:\/\/www.rri.ro\/en\/news-and-current-affairs"},{"@type":"ListItem","position":3,"name":"Today in the News","item":"https:\/\/www.rri.ro\/en\/news-and-current-affairs\/today-in-the-news"},{"@type":"ListItem","position":4,"name":"MEPs welcome Moldova&#8217;s efforts"}]},{"@type":"WebSite","@id":"https:\/\/www.rri.ro\/#website","url":"https:\/\/www.rri.ro\/","name":"Radio Romania International","description":"Totul despre Rom\u00e2nia \u015fi rom\u00e2ni, \u00een 13 limbi\/dialecte!","inLanguage":"en-US"},{"@type":"Person","@id":"https:\/\/www.rri.ro\/#\/schema\/person\/0ed327d40678578e6dbb840527e3ba32","name":"Bogdan Matei","url":"https:\/\/www.rri.ro\/en\/author\/bogdan-matei"}]}},"_links":{"self":[{"href":"https:\/\/www.rri.ro\/en\/wp-json\/wp\/v2\/posts\/886698","targetHints":{"allow":["GET"]}}],"collection":[{"href":"https:\/\/www.rri.ro\/en\/wp-json\/wp\/v2\/posts"}],"about":[{"href":"https:\/\/www.rri.ro\/en\/wp-json\/wp\/v2\/types\/post"}],"author":[{"embeddable":true,"href":"https:\/\/www.rri.ro\/en\/wp-json\/wp\/v2\/users\/105"}],"replies":[{"embeddable":true,"href":"https:\/\/www.rri.ro\/en\/wp-json\/wp\/v2\/comments?post=886698"}],"version-history":[{"count":0,"href":"https:\/\/www.rri.ro\/en\/wp-json\/wp\/v2\/posts\/886698\/revisions"}],"wp:featuredmedia":[{"embeddable":true,"href":"https:\/\/www.rri.ro\/en\/wp-json\/wp\/v2\/media\/885778"}],"wp:attachment":[{"href":"https:\/\/www.rri.ro\/en\/wp-json\/wp\/v2\/media?parent=886698"}],"wp:term":[{"taxonomy":"category","embeddable":true,"href":"https:\/\/www.rri.ro\/en\/wp-json\/wp\/v2\/categories?post=886698"},{"taxonomy":"post_tag","embeddable":true,"href":"https:\/\/www.rri.ro\/en\/wp-json\/wp\/v2\/tags?post=886698"},{"taxonomy":"author","embeddable":true,"href":"https:\/\/www.rri.ro\/en\/wp-json\/wp\/v2\/coauthors?post=886698"}],"curies":[{"name":"wp","href":"https:\/\/api.w.org\/{rel}","templated":true}]}}