{"id":88727,"date":"2021-04-23T14:00:00","date_gmt":"2021-04-23T11:00:00","guid":{"rendered":"http:\/\/devrri.freshlemon.ro\/news-and-current-affairs\/newsflash\/easing-restrictions-depends-on-vaccination-88727.html"},"modified":"2024-02-19T08:55:29","modified_gmt":"2024-02-19T06:55:29","slug":"easing-restrictions-depends-on-vaccination","status":"publish","type":"post","link":"https:\/\/www.rri.ro\/en\/news-and-current-affairs\/today-in-the-news\/easing-restrictions-depends-on-vaccination-id88727.html","title":{"rendered":"Easing restrictions depends on vaccination"},"content":{"rendered":"<p><p>First adopted in May last year after two&#13;<br \/>\nmonths of state of emergency, the state of alert has since been extended every&#13;<br \/>\nmonth in Romania and for the time being this is likely to happen again&#13;<br \/>\nindefinitely. The coronavirus pandemic exposed decade-old dysfunctions, spared&#13;<br \/>\nno one and affected the entire Romanian economy and society. On top of that&#13;<br \/>\ncame the restrictions imposed in order to curb the spread of the virus, from&#13;<br \/>\nthe mandatory wearing of facemasks to physical distancing and limited freedom&#13;<br \/>\nof movement and assembly. <\/p>\n<p><\/p>\n<p>&#13;<br \/>\n&#13;<br \/>\n&#13;<br \/>\n&#13;<\/p>\n<p>The authorities have kept insisting that a&#13;<br \/>\nreturn to normality, possibly from 1st June, can only begin after&#13;<br \/>\nvaccination. Prime minister Florin C\u00ee\u0163u says this date is an important landmark&#13;<br \/>\nin the fight against the pandemic, which depends on the immunisation of at&#13;<br \/>\nleast a third of the country&#8217;s population. Florin C\u00ee\u0163u:<\/p>\n<p><\/p>\n<p>&#13;<br \/>\n&#13;<br \/>\n&#13;<br \/>\n&#13;<\/p>\n<p>It doesn&#8217;t mean that everything will go&#13;<br \/>\nback to normal from 1st June, but it&#8217;s a first step, an important&#13;<br \/>\nstep. I said we could do this if almost 35% of the country&#8217;s population has&#13;<br \/>\nbeen given the vaccine. It&#8217;s up to us. Just as it&#8217;s been up to us so far, it is&#13;<br \/>\nup to us to return to normality. I know I&#8217;ve been saying this a lot, but it really&#13;<br \/>\nis up to us. A successful vaccination campaign can also bring back normality in&#13;<br \/>\nRomania.<\/p>\n<p><\/p>\n<p>&#13;<br \/>\n&#13;<br \/>\n&#13;<br \/>\n&#13;<\/p>\n<p>The head of the Romanian government also&#13;<br \/>\nsaid that wearing facemasks will continue to be mandatory until 10 million&#13;<br \/>\npeople receive the Covid vaccine, meaning half of the population. However, a survey&#13;<br \/>\nconducted by MedLife, one of the biggest health providers in Romania, estimates&#13;<br \/>\nthat Romania will only achieve a 26-31% vaccination rate by the end of the&#13;<br \/>\nyear, amounting to some 5 million people. Only 10-13% of the population are&#13;<br \/>\ndetermined to get the vaccine anytime soon and only a third view vaccination as&#13;<br \/>\neffective. Things are somewhat better in cities, where 33-38% of people above&#13;<br \/>\nthe age of 16 say they want to get the vaccine by the end of the year. In the rural&#13;<br \/>\nareas, however, the estimated vaccination rate by December is 19-23%. Men,&#13;<br \/>\npeople over the age of 50 and people who have already had average or severe&#13;<br \/>\nforms of the virus are more open to vaccination. Also, people with a higher&#13;<br \/>\nlevel of education are more willing to get the vaccine. <\/p>\n<p><\/p>\n<p>&#13;<br \/>\n&#13;<br \/>\n&#13;<br \/>\n&#13;<\/p>\n<p>The fear of side effects, both immediate&#13;<br \/>\nand long term, and the lack of confidence in the authorities and the healthcare&#13;<br \/>\nsystem are the main reasons for opposition to vaccination. This is why, the&#13;<br \/>\nMedLife survey suggests, trusted institutions such as the church and the army&#13;<br \/>\nand civic organisations must be involved in the campaign to promote&#13;<br \/>\nvaccination. (CM)<\/p>\n<p><\/p>\n","protected":false},"excerpt":{"rendered":"<p>Romanian authorities urge the population to get the Covid vaccine so that restrictions can be gradually lifted.<\/p>\n","protected":false},"author":105,"featured_media":88728,"comment_status":"closed","ping_status":"closed","sticky":false,"template":"","format":"standard","meta":{"_acf_changed":false,"footnotes":""},"categories":[37738],"tags":[29710,31797],"coauthors":[],"class_list":["post-88727","post","type-post","status-publish","format-standard","has-post-thumbnail","hentry","category-today-in-the-news","tag-restrictions","tag-vaccination"],"acf":[],"yoast_head":"<!-- This site is optimized with the Yoast SEO plugin v27.5 - https:\/\/yoast.com\/product\/yoast-seo-wordpress\/ -->\n<title>Easing restrictions depends on vaccination - Radio Romania International<\/title>\n<meta name=\"robots\" content=\"index, follow, max-snippet:-1, max-image-preview:large, max-video-preview:-1\" \/>\n<link rel=\"canonical\" href=\"https:\/\/www.rri.ro\/en\/news-and-current-affairs\/today-in-the-news\/easing-restrictions-depends-on-vaccination-id88727.html\" \/>\n<meta property=\"og:locale\" content=\"en_US\" \/>\n<meta property=\"og:type\" content=\"article\" \/>\n<meta property=\"og:title\" content=\"Easing restrictions depends on vaccination - Radio Romania International\" \/>\n<meta property=\"og:description\" content=\"Romanian authorities urge the population to get the Covid vaccine so that restrictions can be gradually lifted.\" \/>\n<meta property=\"og:url\" content=\"https:\/\/www.rri.ro\/en\/news-and-current-affairs\/today-in-the-news\/easing-restrictions-depends-on-vaccination-id88727.html\" \/>\n<meta property=\"og:site_name\" content=\"Radio Romania International\" \/>\n<meta property=\"article:published_time\" content=\"2021-04-23T11:00:00+00:00\" \/>\n<meta property=\"article:modified_time\" content=\"2024-02-19T06:55:29+00:00\" \/>\n<meta property=\"og:image\" content=\"https:\/\/www.rri.ro\/wp-content\/uploads\/2023\/10\/florin-citu-aprilie-comitet-gov-ro.jpg\" \/>\n\t<meta property=\"og:image:width\" content=\"640\" \/>\n\t<meta property=\"og:image:height\" content=\"427\" \/>\n\t<meta property=\"og:image:type\" content=\"image\/jpeg\" \/>\n<meta name=\"author\" content=\"Bogdan Matei\" \/>\n<meta name=\"twitter:card\" content=\"summary_large_image\" \/>\n<meta name=\"twitter:label1\" content=\"Written by\" \/>\n\t<meta name=\"twitter:data1\" content=\"Bogdan Matei\" \/>\n\t<meta name=\"twitter:label2\" content=\"Est. reading time\" \/>\n\t<meta name=\"twitter:data2\" content=\"2 minutes\" \/>\n<script type=\"application\/ld+json\" class=\"yoast-schema-graph\">{\"@context\":\"https:\\\/\\\/schema.org\",\"@graph\":[{\"@type\":\"Article\",\"@id\":\"https:\\\/\\\/www.rri.ro\\\/en\\\/news-and-current-affairs\\\/today-in-the-news\\\/easing-restrictions-depends-on-vaccination-id88727.html#article\",\"isPartOf\":{\"@id\":\"https:\\\/\\\/www.rri.ro\\\/en\\\/news-and-current-affairs\\\/today-in-the-news\\\/easing-restrictions-depends-on-vaccination-id88727.html\"},\"author\":{\"name\":\"Bogdan Matei\",\"@id\":\"https:\\\/\\\/www.rri.ro\\\/#\\\/schema\\\/person\\\/0ed327d40678578e6dbb840527e3ba32\"},\"headline\":\"Easing restrictions depends on vaccination\",\"datePublished\":\"2021-04-23T11:00:00+00:00\",\"dateModified\":\"2024-02-19T06:55:29+00:00\",\"mainEntityOfPage\":{\"@id\":\"https:\\\/\\\/www.rri.ro\\\/en\\\/news-and-current-affairs\\\/today-in-the-news\\\/easing-restrictions-depends-on-vaccination-id88727.html\"},\"wordCount\":461,\"image\":{\"@id\":\"https:\\\/\\\/www.rri.ro\\\/en\\\/news-and-current-affairs\\\/today-in-the-news\\\/easing-restrictions-depends-on-vaccination-id88727.html#primaryimage\"},\"thumbnailUrl\":\"https:\\\/\\\/www.rri.ro\\\/wp-content\\\/uploads\\\/2023\\\/10\\\/florin-citu-aprilie-comitet-gov-ro.jpg\",\"keywords\":[\"restrictions\",\"vaccination\"],\"articleSection\":[\"Today in the News\"],\"inLanguage\":\"en-US\"},{\"@type\":\"WebPage\",\"@id\":\"https:\\\/\\\/www.rri.ro\\\/en\\\/news-and-current-affairs\\\/today-in-the-news\\\/easing-restrictions-depends-on-vaccination-id88727.html\",\"url\":\"https:\\\/\\\/www.rri.ro\\\/en\\\/news-and-current-affairs\\\/today-in-the-news\\\/easing-restrictions-depends-on-vaccination-id88727.html\",\"name\":\"Easing restrictions depends on vaccination - Radio Romania International\",\"isPartOf\":{\"@id\":\"https:\\\/\\\/www.rri.ro\\\/#website\"},\"primaryImageOfPage\":{\"@id\":\"https:\\\/\\\/www.rri.ro\\\/en\\\/news-and-current-affairs\\\/today-in-the-news\\\/easing-restrictions-depends-on-vaccination-id88727.html#primaryimage\"},\"image\":{\"@id\":\"https:\\\/\\\/www.rri.ro\\\/en\\\/news-and-current-affairs\\\/today-in-the-news\\\/easing-restrictions-depends-on-vaccination-id88727.html#primaryimage\"},\"thumbnailUrl\":\"https:\\\/\\\/www.rri.ro\\\/wp-content\\\/uploads\\\/2023\\\/10\\\/florin-citu-aprilie-comitet-gov-ro.jpg\",\"datePublished\":\"2021-04-23T11:00:00+00:00\",\"dateModified\":\"2024-02-19T06:55:29+00:00\",\"author\":{\"@id\":\"https:\\\/\\\/www.rri.ro\\\/#\\\/schema\\\/person\\\/0ed327d40678578e6dbb840527e3ba32\"},\"breadcrumb\":{\"@id\":\"https:\\\/\\\/www.rri.ro\\\/en\\\/news-and-current-affairs\\\/today-in-the-news\\\/easing-restrictions-depends-on-vaccination-id88727.html#breadcrumb\"},\"inLanguage\":\"en-US\",\"potentialAction\":[{\"@type\":\"ReadAction\",\"target\":[\"https:\\\/\\\/www.rri.ro\\\/en\\\/news-and-current-affairs\\\/today-in-the-news\\\/easing-restrictions-depends-on-vaccination-id88727.html\"]}]},{\"@type\":\"ImageObject\",\"inLanguage\":\"en-US\",\"@id\":\"https:\\\/\\\/www.rri.ro\\\/en\\\/news-and-current-affairs\\\/today-in-the-news\\\/easing-restrictions-depends-on-vaccination-id88727.html#primaryimage\",\"url\":\"https:\\\/\\\/www.rri.ro\\\/wp-content\\\/uploads\\\/2023\\\/10\\\/florin-citu-aprilie-comitet-gov-ro.jpg\",\"contentUrl\":\"https:\\\/\\\/www.rri.ro\\\/wp-content\\\/uploads\\\/2023\\\/10\\\/florin-citu-aprilie-comitet-gov-ro.jpg\",\"width\":640,\"height\":427},{\"@type\":\"BreadcrumbList\",\"@id\":\"https:\\\/\\\/www.rri.ro\\\/en\\\/news-and-current-affairs\\\/today-in-the-news\\\/easing-restrictions-depends-on-vaccination-id88727.html#breadcrumb\",\"itemListElement\":[{\"@type\":\"ListItem\",\"position\":1,\"name\":\"Homepage\",\"item\":\"https:\\\/\\\/www.rri.ro\\\/en\"},{\"@type\":\"ListItem\",\"position\":2,\"name\":\"News and Current Affairs\",\"item\":\"https:\\\/\\\/www.rri.ro\\\/en\\\/news-and-current-affairs\"},{\"@type\":\"ListItem\",\"position\":3,\"name\":\"Today in the News\",\"item\":\"https:\\\/\\\/www.rri.ro\\\/en\\\/news-and-current-affairs\\\/today-in-the-news\"},{\"@type\":\"ListItem\",\"position\":4,\"name\":\"Easing restrictions depends on vaccination\"}]},{\"@type\":\"WebSite\",\"@id\":\"https:\\\/\\\/www.rri.ro\\\/#website\",\"url\":\"https:\\\/\\\/www.rri.ro\\\/\",\"name\":\"Radio Romania International\",\"description\":\"Totul despre Rom\u00e2nia \u015fi rom\u00e2ni, \u00een 13 limbi\\\/dialecte!\",\"inLanguage\":\"en-US\"},{\"@type\":\"Person\",\"@id\":\"https:\\\/\\\/www.rri.ro\\\/#\\\/schema\\\/person\\\/0ed327d40678578e6dbb840527e3ba32\",\"name\":\"Bogdan Matei\",\"url\":\"https:\\\/\\\/www.rri.ro\\\/en\\\/author\\\/bogdan-matei\"}]}<\/script>\n<!-- \/ Yoast SEO plugin. -->","yoast_head_json":{"title":"Easing restrictions depends on vaccination - Radio Romania International","robots":{"index":"index","follow":"follow","max-snippet":"max-snippet:-1","max-image-preview":"max-image-preview:large","max-video-preview":"max-video-preview:-1"},"canonical":"https:\/\/www.rri.ro\/en\/news-and-current-affairs\/today-in-the-news\/easing-restrictions-depends-on-vaccination-id88727.html","og_locale":"en_US","og_type":"article","og_title":"Easing restrictions depends on vaccination - Radio Romania International","og_description":"Romanian authorities urge the population to get the Covid vaccine so that restrictions can be gradually lifted.","og_url":"https:\/\/www.rri.ro\/en\/news-and-current-affairs\/today-in-the-news\/easing-restrictions-depends-on-vaccination-id88727.html","og_site_name":"Radio Romania International","article_published_time":"2021-04-23T11:00:00+00:00","article_modified_time":"2024-02-19T06:55:29+00:00","og_image":[{"width":640,"height":427,"url":"https:\/\/www.rri.ro\/wp-content\/uploads\/2023\/10\/florin-citu-aprilie-comitet-gov-ro.jpg","type":"image\/jpeg"}],"author":"Bogdan Matei","twitter_card":"summary_large_image","twitter_misc":{"Written by":"Bogdan Matei","Est. reading time":"2 minutes"},"schema":{"@context":"https:\/\/schema.org","@graph":[{"@type":"Article","@id":"https:\/\/www.rri.ro\/en\/news-and-current-affairs\/today-in-the-news\/easing-restrictions-depends-on-vaccination-id88727.html#article","isPartOf":{"@id":"https:\/\/www.rri.ro\/en\/news-and-current-affairs\/today-in-the-news\/easing-restrictions-depends-on-vaccination-id88727.html"},"author":{"name":"Bogdan Matei","@id":"https:\/\/www.rri.ro\/#\/schema\/person\/0ed327d40678578e6dbb840527e3ba32"},"headline":"Easing restrictions depends on vaccination","datePublished":"2021-04-23T11:00:00+00:00","dateModified":"2024-02-19T06:55:29+00:00","mainEntityOfPage":{"@id":"https:\/\/www.rri.ro\/en\/news-and-current-affairs\/today-in-the-news\/easing-restrictions-depends-on-vaccination-id88727.html"},"wordCount":461,"image":{"@id":"https:\/\/www.rri.ro\/en\/news-and-current-affairs\/today-in-the-news\/easing-restrictions-depends-on-vaccination-id88727.html#primaryimage"},"thumbnailUrl":"https:\/\/www.rri.ro\/wp-content\/uploads\/2023\/10\/florin-citu-aprilie-comitet-gov-ro.jpg","keywords":["restrictions","vaccination"],"articleSection":["Today in the News"],"inLanguage":"en-US"},{"@type":"WebPage","@id":"https:\/\/www.rri.ro\/en\/news-and-current-affairs\/today-in-the-news\/easing-restrictions-depends-on-vaccination-id88727.html","url":"https:\/\/www.rri.ro\/en\/news-and-current-affairs\/today-in-the-news\/easing-restrictions-depends-on-vaccination-id88727.html","name":"Easing restrictions depends on vaccination - Radio Romania International","isPartOf":{"@id":"https:\/\/www.rri.ro\/#website"},"primaryImageOfPage":{"@id":"https:\/\/www.rri.ro\/en\/news-and-current-affairs\/today-in-the-news\/easing-restrictions-depends-on-vaccination-id88727.html#primaryimage"},"image":{"@id":"https:\/\/www.rri.ro\/en\/news-and-current-affairs\/today-in-the-news\/easing-restrictions-depends-on-vaccination-id88727.html#primaryimage"},"thumbnailUrl":"https:\/\/www.rri.ro\/wp-content\/uploads\/2023\/10\/florin-citu-aprilie-comitet-gov-ro.jpg","datePublished":"2021-04-23T11:00:00+00:00","dateModified":"2024-02-19T06:55:29+00:00","author":{"@id":"https:\/\/www.rri.ro\/#\/schema\/person\/0ed327d40678578e6dbb840527e3ba32"},"breadcrumb":{"@id":"https:\/\/www.rri.ro\/en\/news-and-current-affairs\/today-in-the-news\/easing-restrictions-depends-on-vaccination-id88727.html#breadcrumb"},"inLanguage":"en-US","potentialAction":[{"@type":"ReadAction","target":["https:\/\/www.rri.ro\/en\/news-and-current-affairs\/today-in-the-news\/easing-restrictions-depends-on-vaccination-id88727.html"]}]},{"@type":"ImageObject","inLanguage":"en-US","@id":"https:\/\/www.rri.ro\/en\/news-and-current-affairs\/today-in-the-news\/easing-restrictions-depends-on-vaccination-id88727.html#primaryimage","url":"https:\/\/www.rri.ro\/wp-content\/uploads\/2023\/10\/florin-citu-aprilie-comitet-gov-ro.jpg","contentUrl":"https:\/\/www.rri.ro\/wp-content\/uploads\/2023\/10\/florin-citu-aprilie-comitet-gov-ro.jpg","width":640,"height":427},{"@type":"BreadcrumbList","@id":"https:\/\/www.rri.ro\/en\/news-and-current-affairs\/today-in-the-news\/easing-restrictions-depends-on-vaccination-id88727.html#breadcrumb","itemListElement":[{"@type":"ListItem","position":1,"name":"Homepage","item":"https:\/\/www.rri.ro\/en"},{"@type":"ListItem","position":2,"name":"News and Current Affairs","item":"https:\/\/www.rri.ro\/en\/news-and-current-affairs"},{"@type":"ListItem","position":3,"name":"Today in the News","item":"https:\/\/www.rri.ro\/en\/news-and-current-affairs\/today-in-the-news"},{"@type":"ListItem","position":4,"name":"Easing restrictions depends on vaccination"}]},{"@type":"WebSite","@id":"https:\/\/www.rri.ro\/#website","url":"https:\/\/www.rri.ro\/","name":"Radio Romania International","description":"Totul despre Rom\u00e2nia \u015fi rom\u00e2ni, \u00een 13 limbi\/dialecte!","inLanguage":"en-US"},{"@type":"Person","@id":"https:\/\/www.rri.ro\/#\/schema\/person\/0ed327d40678578e6dbb840527e3ba32","name":"Bogdan Matei","url":"https:\/\/www.rri.ro\/en\/author\/bogdan-matei"}]}},"_links":{"self":[{"href":"https:\/\/www.rri.ro\/en\/wp-json\/wp\/v2\/posts\/88727","targetHints":{"allow":["GET"]}}],"collection":[{"href":"https:\/\/www.rri.ro\/en\/wp-json\/wp\/v2\/posts"}],"about":[{"href":"https:\/\/www.rri.ro\/en\/wp-json\/wp\/v2\/types\/post"}],"author":[{"embeddable":true,"href":"https:\/\/www.rri.ro\/en\/wp-json\/wp\/v2\/users\/105"}],"replies":[{"embeddable":true,"href":"https:\/\/www.rri.ro\/en\/wp-json\/wp\/v2\/comments?post=88727"}],"version-history":[{"count":0,"href":"https:\/\/www.rri.ro\/en\/wp-json\/wp\/v2\/posts\/88727\/revisions"}],"wp:featuredmedia":[{"embeddable":true,"href":"https:\/\/www.rri.ro\/en\/wp-json\/wp\/v2\/media\/88728"}],"wp:attachment":[{"href":"https:\/\/www.rri.ro\/en\/wp-json\/wp\/v2\/media?parent=88727"}],"wp:term":[{"taxonomy":"category","embeddable":true,"href":"https:\/\/www.rri.ro\/en\/wp-json\/wp\/v2\/categories?post=88727"},{"taxonomy":"post_tag","embeddable":true,"href":"https:\/\/www.rri.ro\/en\/wp-json\/wp\/v2\/tags?post=88727"},{"taxonomy":"author","embeddable":true,"href":"https:\/\/www.rri.ro\/en\/wp-json\/wp\/v2\/coauthors?post=88727"}],"curies":[{"name":"wp","href":"https:\/\/api.w.org\/{rel}","templated":true}]}}