{"id":88843,"date":"2021-05-05T14:00:00","date_gmt":"2021-05-05T11:00:00","guid":{"rendered":"http:\/\/devrri.freshlemon.ro\/news-and-current-affairs\/newsflash\/scenarios-for-class-resumption-88843.html"},"modified":"2024-02-19T08:55:47","modified_gmt":"2024-02-19T06:55:47","slug":"scenarios-for-class-resumption","status":"publish","type":"post","link":"https:\/\/www.rri.ro\/en\/news-and-current-affairs\/today-in-the-news\/scenarios-for-class-resumption-id88843.html","title":{"rendered":"Scenarios for class resumption"},"content":{"rendered":"<p><p>Pupils in Romania returned to school on Wednesday, after a four-week spring break. All primary school students, including children from kindergartens, returned to school physically, and there where the infection rate is below 1 per thousand, middle school and high school students also resumed physical classes. <\/p>\n<p><\/p>\n<p>According to the latest official data, over 1,800 localities in Romania are in the green scenario in terms of Covid-19 incidence, with less than one case per thousand inhabitants. In the other approximately 1,400 localities, where the infection rate is higher, middle and high school pupils resumed online classes. 8th and 12th graders, who are to take exams this summer, will resume school on May 10. Also, the national evaluation of pupils in the 2nd, 4th and 6th grades will take place this month.<\/p>\n<p><\/p>\n<p>The Minister of Education, Sorin C\u00eempeanu, explained which are the two scenarios that will be used until the end of the school year:  <\/p>\n<p>All primary school pupils will return to school, including those in the preparatory class, plus children from kindergartens. We are talking about 1,400,000 children, and also pupils from special classes. There are 185 special schools, in which over 27,000 children learn. Unfortunately, for the time being, 5th, 6th, 7th, 9th, 10th and 11th graders from the areas where the infection rate is over 1 per one thousand will not be able to go to school physically. They will learn online until the infection rate and the vaccination campaign allow physical attendance.<\/p>\n<p><\/p>\n<p>For the time being, because of the epidemiological situation, both pupils and the teaching staff must observe the health measures in place, to wear masks and observe social distancing rules. In an interview on Radio Romania, Sorin Cimpeanu said he was sure the rules were observed in schools better than in other places and going back to school was essential for children&#8217;s development. <\/p>\n<p><\/p>\n<p>Sorin Cimpeanu: Coming back to school, physically, is an essential step towards returning to a normal situation and ensuring the right conditions for the education of the future generations. The pandemic has caused a lot of damage in this regard, not only from an educational point of view, but also emotionally and socially. Children have started developing behavioural problems and their capacity to focus has also been affected. Teachers have suffered too, so resuming physical attendance is a must.<\/p>\n<p>Moreover, according to the minister, some 155,000 employees from the education system, which is half of the total, have been vaccinated. (MI)<\/p>\n<p><\/p>\n","protected":false},"excerpt":{"rendered":"<p>On Wednesday, pupils started school again based on two scenarios, depending on the Covid-19 incidence<\/p>\n","protected":false},"author":107,"featured_media":83945,"comment_status":"closed","ping_status":"closed","sticky":false,"template":"","format":"standard","meta":{"_acf_changed":false,"footnotes":""},"categories":[37738],"tags":[35374,32515,29451],"coauthors":[],"class_list":["post-88843","post","type-post","status-publish","format-standard","has-post-thumbnail","hentry","category-today-in-the-news","tag-covid-19","tag-school","tag-sorin-cimpeanu"],"acf":[],"yoast_head":"<!-- This site is optimized with the Yoast SEO plugin v27.3 - https:\/\/yoast.com\/product\/yoast-seo-wordpress\/ -->\n<title>Scenarios for class resumption - Radio Romania International<\/title>\n<meta name=\"robots\" content=\"index, follow, max-snippet:-1, max-image-preview:large, max-video-preview:-1\" \/>\n<link rel=\"canonical\" href=\"https:\/\/www.rri.ro\/en\/news-and-current-affairs\/today-in-the-news\/scenarios-for-class-resumption-id88843.html\" \/>\n<meta property=\"og:locale\" content=\"en_US\" \/>\n<meta property=\"og:type\" content=\"article\" \/>\n<meta property=\"og:title\" content=\"Scenarios for class resumption - Radio Romania International\" \/>\n<meta property=\"og:description\" content=\"On Wednesday, pupils started school again based on two scenarios, depending on the Covid-19 incidence\" \/>\n<meta property=\"og:url\" content=\"https:\/\/www.rri.ro\/en\/news-and-current-affairs\/today-in-the-news\/scenarios-for-class-resumption-id88843.html\" \/>\n<meta property=\"og:site_name\" content=\"Radio Romania International\" \/>\n<meta property=\"article:published_time\" content=\"2021-05-05T11:00:00+00:00\" \/>\n<meta property=\"article:modified_time\" content=\"2024-02-19T06:55:47+00:00\" \/>\n<meta property=\"og:image\" content=\"https:\/\/www.rri.ro\/wp-content\/uploads\/2023\/10\/elev-examen-educatie-invatamant-foto-pixabay-com.png\" \/>\n\t<meta property=\"og:image:width\" content=\"640\" \/>\n\t<meta property=\"og:image:height\" content=\"424\" \/>\n\t<meta property=\"og:image:type\" content=\"image\/png\" \/>\n<meta name=\"author\" content=\"Daniela Budu\" \/>\n<meta name=\"twitter:card\" content=\"summary_large_image\" \/>\n<meta name=\"twitter:label1\" content=\"Written by\" \/>\n\t<meta name=\"twitter:data1\" content=\"Daniela Budu\" \/>\n\t<meta name=\"twitter:label2\" content=\"Est. reading time\" \/>\n\t<meta name=\"twitter:data2\" content=\"2 minutes\" \/>\n<script type=\"application\/ld+json\" class=\"yoast-schema-graph\">{\"@context\":\"https:\\\/\\\/schema.org\",\"@graph\":[{\"@type\":\"Article\",\"@id\":\"https:\\\/\\\/www.rri.ro\\\/en\\\/news-and-current-affairs\\\/today-in-the-news\\\/scenarios-for-class-resumption-id88843.html#article\",\"isPartOf\":{\"@id\":\"https:\\\/\\\/www.rri.ro\\\/en\\\/news-and-current-affairs\\\/today-in-the-news\\\/scenarios-for-class-resumption-id88843.html\"},\"author\":{\"name\":\"Daniela Budu\",\"@id\":\"https:\\\/\\\/www.rri.ro\\\/#\\\/schema\\\/person\\\/b46b8f80d7d6e4b5ac9f14f0acbad0c4\"},\"headline\":\"Scenarios for class resumption\",\"datePublished\":\"2021-05-05T11:00:00+00:00\",\"dateModified\":\"2024-02-19T06:55:47+00:00\",\"mainEntityOfPage\":{\"@id\":\"https:\\\/\\\/www.rri.ro\\\/en\\\/news-and-current-affairs\\\/today-in-the-news\\\/scenarios-for-class-resumption-id88843.html\"},\"wordCount\":405,\"image\":{\"@id\":\"https:\\\/\\\/www.rri.ro\\\/en\\\/news-and-current-affairs\\\/today-in-the-news\\\/scenarios-for-class-resumption-id88843.html#primaryimage\"},\"thumbnailUrl\":\"https:\\\/\\\/www.rri.ro\\\/wp-content\\\/uploads\\\/2023\\\/10\\\/elev-examen-educatie-invatamant-foto-pixabay-com.png\",\"keywords\":[\"Covid-19\",\"school\",\"Sorin Cimpeanu\"],\"articleSection\":[\"Today in the News\"],\"inLanguage\":\"en-US\"},{\"@type\":\"WebPage\",\"@id\":\"https:\\\/\\\/www.rri.ro\\\/en\\\/news-and-current-affairs\\\/today-in-the-news\\\/scenarios-for-class-resumption-id88843.html\",\"url\":\"https:\\\/\\\/www.rri.ro\\\/en\\\/news-and-current-affairs\\\/today-in-the-news\\\/scenarios-for-class-resumption-id88843.html\",\"name\":\"Scenarios for class resumption - Radio Romania International\",\"isPartOf\":{\"@id\":\"https:\\\/\\\/www.rri.ro\\\/#website\"},\"primaryImageOfPage\":{\"@id\":\"https:\\\/\\\/www.rri.ro\\\/en\\\/news-and-current-affairs\\\/today-in-the-news\\\/scenarios-for-class-resumption-id88843.html#primaryimage\"},\"image\":{\"@id\":\"https:\\\/\\\/www.rri.ro\\\/en\\\/news-and-current-affairs\\\/today-in-the-news\\\/scenarios-for-class-resumption-id88843.html#primaryimage\"},\"thumbnailUrl\":\"https:\\\/\\\/www.rri.ro\\\/wp-content\\\/uploads\\\/2023\\\/10\\\/elev-examen-educatie-invatamant-foto-pixabay-com.png\",\"datePublished\":\"2021-05-05T11:00:00+00:00\",\"dateModified\":\"2024-02-19T06:55:47+00:00\",\"author\":{\"@id\":\"https:\\\/\\\/www.rri.ro\\\/#\\\/schema\\\/person\\\/b46b8f80d7d6e4b5ac9f14f0acbad0c4\"},\"breadcrumb\":{\"@id\":\"https:\\\/\\\/www.rri.ro\\\/en\\\/news-and-current-affairs\\\/today-in-the-news\\\/scenarios-for-class-resumption-id88843.html#breadcrumb\"},\"inLanguage\":\"en-US\",\"potentialAction\":[{\"@type\":\"ReadAction\",\"target\":[\"https:\\\/\\\/www.rri.ro\\\/en\\\/news-and-current-affairs\\\/today-in-the-news\\\/scenarios-for-class-resumption-id88843.html\"]}]},{\"@type\":\"ImageObject\",\"inLanguage\":\"en-US\",\"@id\":\"https:\\\/\\\/www.rri.ro\\\/en\\\/news-and-current-affairs\\\/today-in-the-news\\\/scenarios-for-class-resumption-id88843.html#primaryimage\",\"url\":\"https:\\\/\\\/www.rri.ro\\\/wp-content\\\/uploads\\\/2023\\\/10\\\/elev-examen-educatie-invatamant-foto-pixabay-com.png\",\"contentUrl\":\"https:\\\/\\\/www.rri.ro\\\/wp-content\\\/uploads\\\/2023\\\/10\\\/elev-examen-educatie-invatamant-foto-pixabay-com.png\",\"width\":640,\"height\":424},{\"@type\":\"BreadcrumbList\",\"@id\":\"https:\\\/\\\/www.rri.ro\\\/en\\\/news-and-current-affairs\\\/today-in-the-news\\\/scenarios-for-class-resumption-id88843.html#breadcrumb\",\"itemListElement\":[{\"@type\":\"ListItem\",\"position\":1,\"name\":\"Homepage\",\"item\":\"https:\\\/\\\/www.rri.ro\\\/en\"},{\"@type\":\"ListItem\",\"position\":2,\"name\":\"News and Current Affairs\",\"item\":\"https:\\\/\\\/www.rri.ro\\\/en\\\/news-and-current-affairs\"},{\"@type\":\"ListItem\",\"position\":3,\"name\":\"Today in the News\",\"item\":\"https:\\\/\\\/www.rri.ro\\\/en\\\/news-and-current-affairs\\\/today-in-the-news\"},{\"@type\":\"ListItem\",\"position\":4,\"name\":\"Scenarios for class resumption\"}]},{\"@type\":\"WebSite\",\"@id\":\"https:\\\/\\\/www.rri.ro\\\/#website\",\"url\":\"https:\\\/\\\/www.rri.ro\\\/\",\"name\":\"Radio Romania International\",\"description\":\"Totul despre Rom\u00e2nia \u015fi rom\u00e2ni, \u00een 13 limbi\\\/dialecte!\",\"inLanguage\":\"en-US\"},{\"@type\":\"Person\",\"@id\":\"https:\\\/\\\/www.rri.ro\\\/#\\\/schema\\\/person\\\/b46b8f80d7d6e4b5ac9f14f0acbad0c4\",\"name\":\"Daniela Budu\",\"url\":\"https:\\\/\\\/www.rri.ro\\\/en\\\/author\\\/daniela-budu\"}]}<\/script>\n<!-- \/ Yoast SEO plugin. -->","yoast_head_json":{"title":"Scenarios for class resumption - Radio Romania International","robots":{"index":"index","follow":"follow","max-snippet":"max-snippet:-1","max-image-preview":"max-image-preview:large","max-video-preview":"max-video-preview:-1"},"canonical":"https:\/\/www.rri.ro\/en\/news-and-current-affairs\/today-in-the-news\/scenarios-for-class-resumption-id88843.html","og_locale":"en_US","og_type":"article","og_title":"Scenarios for class resumption - Radio Romania International","og_description":"On Wednesday, pupils started school again based on two scenarios, depending on the Covid-19 incidence","og_url":"https:\/\/www.rri.ro\/en\/news-and-current-affairs\/today-in-the-news\/scenarios-for-class-resumption-id88843.html","og_site_name":"Radio Romania International","article_published_time":"2021-05-05T11:00:00+00:00","article_modified_time":"2024-02-19T06:55:47+00:00","og_image":[{"width":640,"height":424,"url":"https:\/\/www.rri.ro\/wp-content\/uploads\/2023\/10\/elev-examen-educatie-invatamant-foto-pixabay-com.png","type":"image\/png"}],"author":"Daniela Budu","twitter_card":"summary_large_image","twitter_misc":{"Written by":"Daniela Budu","Est. reading time":"2 minutes"},"schema":{"@context":"https:\/\/schema.org","@graph":[{"@type":"Article","@id":"https:\/\/www.rri.ro\/en\/news-and-current-affairs\/today-in-the-news\/scenarios-for-class-resumption-id88843.html#article","isPartOf":{"@id":"https:\/\/www.rri.ro\/en\/news-and-current-affairs\/today-in-the-news\/scenarios-for-class-resumption-id88843.html"},"author":{"name":"Daniela Budu","@id":"https:\/\/www.rri.ro\/#\/schema\/person\/b46b8f80d7d6e4b5ac9f14f0acbad0c4"},"headline":"Scenarios for class resumption","datePublished":"2021-05-05T11:00:00+00:00","dateModified":"2024-02-19T06:55:47+00:00","mainEntityOfPage":{"@id":"https:\/\/www.rri.ro\/en\/news-and-current-affairs\/today-in-the-news\/scenarios-for-class-resumption-id88843.html"},"wordCount":405,"image":{"@id":"https:\/\/www.rri.ro\/en\/news-and-current-affairs\/today-in-the-news\/scenarios-for-class-resumption-id88843.html#primaryimage"},"thumbnailUrl":"https:\/\/www.rri.ro\/wp-content\/uploads\/2023\/10\/elev-examen-educatie-invatamant-foto-pixabay-com.png","keywords":["Covid-19","school","Sorin Cimpeanu"],"articleSection":["Today in the News"],"inLanguage":"en-US"},{"@type":"WebPage","@id":"https:\/\/www.rri.ro\/en\/news-and-current-affairs\/today-in-the-news\/scenarios-for-class-resumption-id88843.html","url":"https:\/\/www.rri.ro\/en\/news-and-current-affairs\/today-in-the-news\/scenarios-for-class-resumption-id88843.html","name":"Scenarios for class resumption - Radio Romania International","isPartOf":{"@id":"https:\/\/www.rri.ro\/#website"},"primaryImageOfPage":{"@id":"https:\/\/www.rri.ro\/en\/news-and-current-affairs\/today-in-the-news\/scenarios-for-class-resumption-id88843.html#primaryimage"},"image":{"@id":"https:\/\/www.rri.ro\/en\/news-and-current-affairs\/today-in-the-news\/scenarios-for-class-resumption-id88843.html#primaryimage"},"thumbnailUrl":"https:\/\/www.rri.ro\/wp-content\/uploads\/2023\/10\/elev-examen-educatie-invatamant-foto-pixabay-com.png","datePublished":"2021-05-05T11:00:00+00:00","dateModified":"2024-02-19T06:55:47+00:00","author":{"@id":"https:\/\/www.rri.ro\/#\/schema\/person\/b46b8f80d7d6e4b5ac9f14f0acbad0c4"},"breadcrumb":{"@id":"https:\/\/www.rri.ro\/en\/news-and-current-affairs\/today-in-the-news\/scenarios-for-class-resumption-id88843.html#breadcrumb"},"inLanguage":"en-US","potentialAction":[{"@type":"ReadAction","target":["https:\/\/www.rri.ro\/en\/news-and-current-affairs\/today-in-the-news\/scenarios-for-class-resumption-id88843.html"]}]},{"@type":"ImageObject","inLanguage":"en-US","@id":"https:\/\/www.rri.ro\/en\/news-and-current-affairs\/today-in-the-news\/scenarios-for-class-resumption-id88843.html#primaryimage","url":"https:\/\/www.rri.ro\/wp-content\/uploads\/2023\/10\/elev-examen-educatie-invatamant-foto-pixabay-com.png","contentUrl":"https:\/\/www.rri.ro\/wp-content\/uploads\/2023\/10\/elev-examen-educatie-invatamant-foto-pixabay-com.png","width":640,"height":424},{"@type":"BreadcrumbList","@id":"https:\/\/www.rri.ro\/en\/news-and-current-affairs\/today-in-the-news\/scenarios-for-class-resumption-id88843.html#breadcrumb","itemListElement":[{"@type":"ListItem","position":1,"name":"Homepage","item":"https:\/\/www.rri.ro\/en"},{"@type":"ListItem","position":2,"name":"News and Current Affairs","item":"https:\/\/www.rri.ro\/en\/news-and-current-affairs"},{"@type":"ListItem","position":3,"name":"Today in the News","item":"https:\/\/www.rri.ro\/en\/news-and-current-affairs\/today-in-the-news"},{"@type":"ListItem","position":4,"name":"Scenarios for class resumption"}]},{"@type":"WebSite","@id":"https:\/\/www.rri.ro\/#website","url":"https:\/\/www.rri.ro\/","name":"Radio Romania International","description":"Totul despre Rom\u00e2nia \u015fi rom\u00e2ni, \u00een 13 limbi\/dialecte!","inLanguage":"en-US"},{"@type":"Person","@id":"https:\/\/www.rri.ro\/#\/schema\/person\/b46b8f80d7d6e4b5ac9f14f0acbad0c4","name":"Daniela Budu","url":"https:\/\/www.rri.ro\/en\/author\/daniela-budu"}]}},"_links":{"self":[{"href":"https:\/\/www.rri.ro\/en\/wp-json\/wp\/v2\/posts\/88843","targetHints":{"allow":["GET"]}}],"collection":[{"href":"https:\/\/www.rri.ro\/en\/wp-json\/wp\/v2\/posts"}],"about":[{"href":"https:\/\/www.rri.ro\/en\/wp-json\/wp\/v2\/types\/post"}],"author":[{"embeddable":true,"href":"https:\/\/www.rri.ro\/en\/wp-json\/wp\/v2\/users\/107"}],"replies":[{"embeddable":true,"href":"https:\/\/www.rri.ro\/en\/wp-json\/wp\/v2\/comments?post=88843"}],"version-history":[{"count":0,"href":"https:\/\/www.rri.ro\/en\/wp-json\/wp\/v2\/posts\/88843\/revisions"}],"wp:featuredmedia":[{"embeddable":true,"href":"https:\/\/www.rri.ro\/en\/wp-json\/wp\/v2\/media\/83945"}],"wp:attachment":[{"href":"https:\/\/www.rri.ro\/en\/wp-json\/wp\/v2\/media?parent=88843"}],"wp:term":[{"taxonomy":"category","embeddable":true,"href":"https:\/\/www.rri.ro\/en\/wp-json\/wp\/v2\/categories?post=88843"},{"taxonomy":"post_tag","embeddable":true,"href":"https:\/\/www.rri.ro\/en\/wp-json\/wp\/v2\/tags?post=88843"},{"taxonomy":"author","embeddable":true,"href":"https:\/\/www.rri.ro\/en\/wp-json\/wp\/v2\/coauthors?post=88843"}],"curies":[{"name":"wp","href":"https:\/\/api.w.org\/{rel}","templated":true}]}}