{"id":89264,"date":"2021-06-15T13:50:00","date_gmt":"2021-06-15T10:50:00","guid":{"rendered":"http:\/\/devrri.freshlemon.ro\/news-and-current-affairs\/newsflash\/colectiv-trial-is-severed-89264.html"},"modified":"2024-02-19T08:56:40","modified_gmt":"2024-02-19T06:56:40","slug":"colectiv-trial-is-severed","status":"publish","type":"post","link":"https:\/\/www.rri.ro\/en\/news-and-current-affairs\/today-in-the-news\/colectiv-trial-is-severed-id89264.html","title":{"rendered":"Colectiv trial is severed"},"content":{"rendered":"<p><p>In 2015, Romania saw one&#13;<br \/>\nof its biggest tragedies. A fire caused by fireworks broke out at a Bucharest&#13;<br \/>\nnightclub on 30th October that year, with 26 people dying on the&#13;<br \/>\nnight as a result and a further 38 in its aftermath, in hospitals in Romania&#13;<br \/>\nand abroad. It all happened in just a few minutes, after the ceiling and the&#13;<br \/>\npillars of the club were quickly engulfed by flames. As they tried to flee the&#13;<br \/>\nclub through the only existing door, the people trampled on one another. The victims&#13;<br \/>\ninclude musicians, photographers, journalists and Romanian and foreign students.&#13;<br \/>\nSome 150 people were also wounded. <\/p>\n<p><\/p>\n<p>&#13;<br \/>\n&#13;<br \/>\n&#13;<br \/>\n&#13;<\/p>\n<p>The Inspectorate for Emergency&#13;<br \/>\nSituations, the fire fighters, the police and everyone who was at the site desperately&#13;<br \/>\ntried to save the young people caught in the fire. However, mistakes were made&#13;<br \/>\nand the decision-making was chaotic, as no one was prepared for a disaster of&#13;<br \/>\nthis scale. The main shareholder of the club and two associates were arrested. Other&#13;<br \/>\ninquiries were also conduced later, with the result that various officials from&#13;<br \/>\nthe local administration, including sector mayor Cristian Popescu-Piedone, were&#13;<br \/>\nindicted. Arrests were also made at the firm that provided the fireworks and at&#13;<br \/>\nthe Inspectorate for Emergency Situations. <\/p>\n<p><\/p>\n<p>&#13;<br \/>\n&#13;<br \/>\n&#13;<br \/>\n&#13;<\/p>\n<p>A trial began and in&#13;<br \/>\nDecember 2019 all the defendants received sentences that included prison time&#13;<br \/>\nand the payment of damages to the victims amounting to some 50 million euros. Later,&#13;<br \/>\nthe defendants&#8217; lawyers appealed the sentences in court so the case is now&#13;<br \/>\nseeing some changes. The Bucharest Court of Appeal ruled on Monday to split the&#13;<br \/>\nColectiv case in two, with the former sector mayor, the local administration officials&#13;<br \/>\nand the firefighters to be tried separately from the club owners. The court is&#13;<br \/>\nto decide in autumn if this also entails a change in the legal classification&#13;<br \/>\nof offences for the former mayor and other defendants, which could result in&#13;<br \/>\neasier sentences should they be convicted. The trial goes on with respect to&#13;<br \/>\nthe three owners of the club and the technicians who were in charge of the&#13;<br \/>\nfireworks. <\/p>\n<p><\/p>\n<p>&#13;<br \/>\n&#13;<br \/>\n&#13;<br \/>\n&#13;<\/p>\n<p>The move to sever the&#13;<br \/>\ntrial was met with discontent by lawyers, who are saying this is an attempt to&#13;<br \/>\ndelay the trial and arguing that the cases were initially severed before the court&#13;<br \/>\nmoved for a joint trial. The plaintiffs in the civil suit &#8211; the survivors and families&#13;<br \/>\nof the victims &#8211; protested against this solution in court. Moreover, they&#13;<br \/>\ncondemned in a public letter the judges&#8217; move to change the legal classification&#13;<br \/>\nof the defendants&#8217; deeds. They argue that the latter&#8217;s sentences will be light&#13;<br \/>\nand insignificant, disproportionate to the gravity of the acts committed and of&#13;<br \/>\ntheir consequences, which would cast a deep shadow on the entire process of justice&#13;<br \/>\nin Romania. (CM)<\/p>\n<p><\/p>\n","protected":false},"excerpt":{"rendered":"<p>The Bucharest Court of Appeal moves for the severance of the Colectiv trial.<\/p>\n","protected":false},"author":107,"featured_media":83917,"comment_status":"closed","ping_status":"closed","sticky":false,"template":"","format":"standard","meta":{"_acf_changed":false,"footnotes":""},"categories":[37738],"tags":[29431,29420,29283],"coauthors":[],"class_list":["post-89264","post","type-post","status-publish","format-standard","has-post-thumbnail","hentry","category-today-in-the-news","tag-colectiv","tag-fire","tag-trial"],"acf":[],"yoast_head":"<!-- This site is optimized with the Yoast SEO plugin v27.3 - https:\/\/yoast.com\/product\/yoast-seo-wordpress\/ -->\n<title>Colectiv trial is severed - Radio Romania International<\/title>\n<meta name=\"robots\" content=\"index, follow, max-snippet:-1, max-image-preview:large, max-video-preview:-1\" \/>\n<link rel=\"canonical\" href=\"https:\/\/www.rri.ro\/en\/news-and-current-affairs\/today-in-the-news\/colectiv-trial-is-severed-id89264.html\" \/>\n<meta property=\"og:locale\" content=\"en_US\" \/>\n<meta property=\"og:type\" content=\"article\" \/>\n<meta property=\"og:title\" content=\"Colectiv trial is severed - Radio Romania International\" \/>\n<meta property=\"og:description\" content=\"The Bucharest Court of Appeal moves for the severance of the Colectiv trial.\" \/>\n<meta property=\"og:url\" content=\"https:\/\/www.rri.ro\/en\/news-and-current-affairs\/today-in-the-news\/colectiv-trial-is-severed-id89264.html\" \/>\n<meta property=\"og:site_name\" content=\"Radio Romania International\" \/>\n<meta property=\"article:published_time\" content=\"2021-06-15T10:50:00+00:00\" \/>\n<meta property=\"article:modified_time\" content=\"2024-02-19T06:56:40+00:00\" \/>\n<meta property=\"og:image\" content=\"https:\/\/www.rri.ro\/wp-content\/uploads\/2023\/10\/colectiv-fotook.png\" \/>\n\t<meta property=\"og:image:width\" content=\"640\" \/>\n\t<meta property=\"og:image:height\" content=\"479\" \/>\n\t<meta property=\"og:image:type\" content=\"image\/png\" \/>\n<meta name=\"author\" content=\"Daniela Budu\" \/>\n<meta name=\"twitter:card\" content=\"summary_large_image\" \/>\n<meta name=\"twitter:label1\" content=\"Written by\" \/>\n\t<meta name=\"twitter:data1\" content=\"Daniela Budu\" \/>\n\t<meta name=\"twitter:label2\" content=\"Est. reading time\" \/>\n\t<meta name=\"twitter:data2\" content=\"2 minutes\" \/>\n<script type=\"application\/ld+json\" class=\"yoast-schema-graph\">{\"@context\":\"https:\\\/\\\/schema.org\",\"@graph\":[{\"@type\":\"Article\",\"@id\":\"https:\\\/\\\/www.rri.ro\\\/en\\\/news-and-current-affairs\\\/today-in-the-news\\\/colectiv-trial-is-severed-id89264.html#article\",\"isPartOf\":{\"@id\":\"https:\\\/\\\/www.rri.ro\\\/en\\\/news-and-current-affairs\\\/today-in-the-news\\\/colectiv-trial-is-severed-id89264.html\"},\"author\":{\"name\":\"Daniela Budu\",\"@id\":\"https:\\\/\\\/www.rri.ro\\\/#\\\/schema\\\/person\\\/b46b8f80d7d6e4b5ac9f14f0acbad0c4\"},\"headline\":\"Colectiv trial is severed\",\"datePublished\":\"2021-06-15T10:50:00+00:00\",\"dateModified\":\"2024-02-19T06:56:40+00:00\",\"mainEntityOfPage\":{\"@id\":\"https:\\\/\\\/www.rri.ro\\\/en\\\/news-and-current-affairs\\\/today-in-the-news\\\/colectiv-trial-is-severed-id89264.html\"},\"wordCount\":462,\"image\":{\"@id\":\"https:\\\/\\\/www.rri.ro\\\/en\\\/news-and-current-affairs\\\/today-in-the-news\\\/colectiv-trial-is-severed-id89264.html#primaryimage\"},\"thumbnailUrl\":\"https:\\\/\\\/www.rri.ro\\\/wp-content\\\/uploads\\\/2023\\\/10\\\/colectiv-fotook.png\",\"keywords\":[\"Colectiv\",\"fire\",\"trial\"],\"articleSection\":[\"Today in the News\"],\"inLanguage\":\"en-US\"},{\"@type\":\"WebPage\",\"@id\":\"https:\\\/\\\/www.rri.ro\\\/en\\\/news-and-current-affairs\\\/today-in-the-news\\\/colectiv-trial-is-severed-id89264.html\",\"url\":\"https:\\\/\\\/www.rri.ro\\\/en\\\/news-and-current-affairs\\\/today-in-the-news\\\/colectiv-trial-is-severed-id89264.html\",\"name\":\"Colectiv trial is severed - Radio Romania International\",\"isPartOf\":{\"@id\":\"https:\\\/\\\/www.rri.ro\\\/#website\"},\"primaryImageOfPage\":{\"@id\":\"https:\\\/\\\/www.rri.ro\\\/en\\\/news-and-current-affairs\\\/today-in-the-news\\\/colectiv-trial-is-severed-id89264.html#primaryimage\"},\"image\":{\"@id\":\"https:\\\/\\\/www.rri.ro\\\/en\\\/news-and-current-affairs\\\/today-in-the-news\\\/colectiv-trial-is-severed-id89264.html#primaryimage\"},\"thumbnailUrl\":\"https:\\\/\\\/www.rri.ro\\\/wp-content\\\/uploads\\\/2023\\\/10\\\/colectiv-fotook.png\",\"datePublished\":\"2021-06-15T10:50:00+00:00\",\"dateModified\":\"2024-02-19T06:56:40+00:00\",\"author\":{\"@id\":\"https:\\\/\\\/www.rri.ro\\\/#\\\/schema\\\/person\\\/b46b8f80d7d6e4b5ac9f14f0acbad0c4\"},\"breadcrumb\":{\"@id\":\"https:\\\/\\\/www.rri.ro\\\/en\\\/news-and-current-affairs\\\/today-in-the-news\\\/colectiv-trial-is-severed-id89264.html#breadcrumb\"},\"inLanguage\":\"en-US\",\"potentialAction\":[{\"@type\":\"ReadAction\",\"target\":[\"https:\\\/\\\/www.rri.ro\\\/en\\\/news-and-current-affairs\\\/today-in-the-news\\\/colectiv-trial-is-severed-id89264.html\"]}]},{\"@type\":\"ImageObject\",\"inLanguage\":\"en-US\",\"@id\":\"https:\\\/\\\/www.rri.ro\\\/en\\\/news-and-current-affairs\\\/today-in-the-news\\\/colectiv-trial-is-severed-id89264.html#primaryimage\",\"url\":\"https:\\\/\\\/www.rri.ro\\\/wp-content\\\/uploads\\\/2023\\\/10\\\/colectiv-fotook.png\",\"contentUrl\":\"https:\\\/\\\/www.rri.ro\\\/wp-content\\\/uploads\\\/2023\\\/10\\\/colectiv-fotook.png\",\"width\":640,\"height\":479},{\"@type\":\"BreadcrumbList\",\"@id\":\"https:\\\/\\\/www.rri.ro\\\/en\\\/news-and-current-affairs\\\/today-in-the-news\\\/colectiv-trial-is-severed-id89264.html#breadcrumb\",\"itemListElement\":[{\"@type\":\"ListItem\",\"position\":1,\"name\":\"Homepage\",\"item\":\"https:\\\/\\\/www.rri.ro\\\/en\"},{\"@type\":\"ListItem\",\"position\":2,\"name\":\"News and Current Affairs\",\"item\":\"https:\\\/\\\/www.rri.ro\\\/en\\\/news-and-current-affairs\"},{\"@type\":\"ListItem\",\"position\":3,\"name\":\"Today in the News\",\"item\":\"https:\\\/\\\/www.rri.ro\\\/en\\\/news-and-current-affairs\\\/today-in-the-news\"},{\"@type\":\"ListItem\",\"position\":4,\"name\":\"Colectiv trial is severed\"}]},{\"@type\":\"WebSite\",\"@id\":\"https:\\\/\\\/www.rri.ro\\\/#website\",\"url\":\"https:\\\/\\\/www.rri.ro\\\/\",\"name\":\"Radio Romania International\",\"description\":\"Totul despre Rom\u00e2nia \u015fi rom\u00e2ni, \u00een 13 limbi\\\/dialecte!\",\"inLanguage\":\"en-US\"},{\"@type\":\"Person\",\"@id\":\"https:\\\/\\\/www.rri.ro\\\/#\\\/schema\\\/person\\\/b46b8f80d7d6e4b5ac9f14f0acbad0c4\",\"name\":\"Daniela Budu\",\"url\":\"https:\\\/\\\/www.rri.ro\\\/en\\\/author\\\/daniela-budu\"}]}<\/script>\n<!-- \/ Yoast SEO plugin. -->","yoast_head_json":{"title":"Colectiv trial is severed - Radio Romania International","robots":{"index":"index","follow":"follow","max-snippet":"max-snippet:-1","max-image-preview":"max-image-preview:large","max-video-preview":"max-video-preview:-1"},"canonical":"https:\/\/www.rri.ro\/en\/news-and-current-affairs\/today-in-the-news\/colectiv-trial-is-severed-id89264.html","og_locale":"en_US","og_type":"article","og_title":"Colectiv trial is severed - Radio Romania International","og_description":"The Bucharest Court of Appeal moves for the severance of the Colectiv trial.","og_url":"https:\/\/www.rri.ro\/en\/news-and-current-affairs\/today-in-the-news\/colectiv-trial-is-severed-id89264.html","og_site_name":"Radio Romania International","article_published_time":"2021-06-15T10:50:00+00:00","article_modified_time":"2024-02-19T06:56:40+00:00","og_image":[{"width":640,"height":479,"url":"https:\/\/www.rri.ro\/wp-content\/uploads\/2023\/10\/colectiv-fotook.png","type":"image\/png"}],"author":"Daniela Budu","twitter_card":"summary_large_image","twitter_misc":{"Written by":"Daniela Budu","Est. reading time":"2 minutes"},"schema":{"@context":"https:\/\/schema.org","@graph":[{"@type":"Article","@id":"https:\/\/www.rri.ro\/en\/news-and-current-affairs\/today-in-the-news\/colectiv-trial-is-severed-id89264.html#article","isPartOf":{"@id":"https:\/\/www.rri.ro\/en\/news-and-current-affairs\/today-in-the-news\/colectiv-trial-is-severed-id89264.html"},"author":{"name":"Daniela Budu","@id":"https:\/\/www.rri.ro\/#\/schema\/person\/b46b8f80d7d6e4b5ac9f14f0acbad0c4"},"headline":"Colectiv trial is severed","datePublished":"2021-06-15T10:50:00+00:00","dateModified":"2024-02-19T06:56:40+00:00","mainEntityOfPage":{"@id":"https:\/\/www.rri.ro\/en\/news-and-current-affairs\/today-in-the-news\/colectiv-trial-is-severed-id89264.html"},"wordCount":462,"image":{"@id":"https:\/\/www.rri.ro\/en\/news-and-current-affairs\/today-in-the-news\/colectiv-trial-is-severed-id89264.html#primaryimage"},"thumbnailUrl":"https:\/\/www.rri.ro\/wp-content\/uploads\/2023\/10\/colectiv-fotook.png","keywords":["Colectiv","fire","trial"],"articleSection":["Today in the News"],"inLanguage":"en-US"},{"@type":"WebPage","@id":"https:\/\/www.rri.ro\/en\/news-and-current-affairs\/today-in-the-news\/colectiv-trial-is-severed-id89264.html","url":"https:\/\/www.rri.ro\/en\/news-and-current-affairs\/today-in-the-news\/colectiv-trial-is-severed-id89264.html","name":"Colectiv trial is severed - Radio Romania International","isPartOf":{"@id":"https:\/\/www.rri.ro\/#website"},"primaryImageOfPage":{"@id":"https:\/\/www.rri.ro\/en\/news-and-current-affairs\/today-in-the-news\/colectiv-trial-is-severed-id89264.html#primaryimage"},"image":{"@id":"https:\/\/www.rri.ro\/en\/news-and-current-affairs\/today-in-the-news\/colectiv-trial-is-severed-id89264.html#primaryimage"},"thumbnailUrl":"https:\/\/www.rri.ro\/wp-content\/uploads\/2023\/10\/colectiv-fotook.png","datePublished":"2021-06-15T10:50:00+00:00","dateModified":"2024-02-19T06:56:40+00:00","author":{"@id":"https:\/\/www.rri.ro\/#\/schema\/person\/b46b8f80d7d6e4b5ac9f14f0acbad0c4"},"breadcrumb":{"@id":"https:\/\/www.rri.ro\/en\/news-and-current-affairs\/today-in-the-news\/colectiv-trial-is-severed-id89264.html#breadcrumb"},"inLanguage":"en-US","potentialAction":[{"@type":"ReadAction","target":["https:\/\/www.rri.ro\/en\/news-and-current-affairs\/today-in-the-news\/colectiv-trial-is-severed-id89264.html"]}]},{"@type":"ImageObject","inLanguage":"en-US","@id":"https:\/\/www.rri.ro\/en\/news-and-current-affairs\/today-in-the-news\/colectiv-trial-is-severed-id89264.html#primaryimage","url":"https:\/\/www.rri.ro\/wp-content\/uploads\/2023\/10\/colectiv-fotook.png","contentUrl":"https:\/\/www.rri.ro\/wp-content\/uploads\/2023\/10\/colectiv-fotook.png","width":640,"height":479},{"@type":"BreadcrumbList","@id":"https:\/\/www.rri.ro\/en\/news-and-current-affairs\/today-in-the-news\/colectiv-trial-is-severed-id89264.html#breadcrumb","itemListElement":[{"@type":"ListItem","position":1,"name":"Homepage","item":"https:\/\/www.rri.ro\/en"},{"@type":"ListItem","position":2,"name":"News and Current Affairs","item":"https:\/\/www.rri.ro\/en\/news-and-current-affairs"},{"@type":"ListItem","position":3,"name":"Today in the News","item":"https:\/\/www.rri.ro\/en\/news-and-current-affairs\/today-in-the-news"},{"@type":"ListItem","position":4,"name":"Colectiv trial is severed"}]},{"@type":"WebSite","@id":"https:\/\/www.rri.ro\/#website","url":"https:\/\/www.rri.ro\/","name":"Radio Romania International","description":"Totul despre Rom\u00e2nia \u015fi rom\u00e2ni, \u00een 13 limbi\/dialecte!","inLanguage":"en-US"},{"@type":"Person","@id":"https:\/\/www.rri.ro\/#\/schema\/person\/b46b8f80d7d6e4b5ac9f14f0acbad0c4","name":"Daniela Budu","url":"https:\/\/www.rri.ro\/en\/author\/daniela-budu"}]}},"_links":{"self":[{"href":"https:\/\/www.rri.ro\/en\/wp-json\/wp\/v2\/posts\/89264","targetHints":{"allow":["GET"]}}],"collection":[{"href":"https:\/\/www.rri.ro\/en\/wp-json\/wp\/v2\/posts"}],"about":[{"href":"https:\/\/www.rri.ro\/en\/wp-json\/wp\/v2\/types\/post"}],"author":[{"embeddable":true,"href":"https:\/\/www.rri.ro\/en\/wp-json\/wp\/v2\/users\/107"}],"replies":[{"embeddable":true,"href":"https:\/\/www.rri.ro\/en\/wp-json\/wp\/v2\/comments?post=89264"}],"version-history":[{"count":0,"href":"https:\/\/www.rri.ro\/en\/wp-json\/wp\/v2\/posts\/89264\/revisions"}],"wp:featuredmedia":[{"embeddable":true,"href":"https:\/\/www.rri.ro\/en\/wp-json\/wp\/v2\/media\/83917"}],"wp:attachment":[{"href":"https:\/\/www.rri.ro\/en\/wp-json\/wp\/v2\/media?parent=89264"}],"wp:term":[{"taxonomy":"category","embeddable":true,"href":"https:\/\/www.rri.ro\/en\/wp-json\/wp\/v2\/categories?post=89264"},{"taxonomy":"post_tag","embeddable":true,"href":"https:\/\/www.rri.ro\/en\/wp-json\/wp\/v2\/tags?post=89264"},{"taxonomy":"author","embeddable":true,"href":"https:\/\/www.rri.ro\/en\/wp-json\/wp\/v2\/coauthors?post=89264"}],"curies":[{"name":"wp","href":"https:\/\/api.w.org\/{rel}","templated":true}]}}