{"id":894156,"date":"2025-06-01T18:45:58","date_gmt":"2025-06-01T15:45:58","guid":{"rendered":"https:\/\/www.rri.ro\/?p=894156"},"modified":"2025-06-01T18:45:58","modified_gmt":"2025-06-01T15:45:58","slug":"june-1-2025-update-2","status":"publish","type":"post","link":"https:\/\/www.rri.ro\/en\/news-and-current-affairs\/newsflash\/june-1-2025-update-2-id894156.html","title":{"rendered":"June 1, 2025 UPDATE"},"content":{"rendered":"<p><strong>SUMMIT<\/strong> Romanian president, Nicusor Dan, will be flying to Lithuania on Monday to attend the Vilnius Summit with B9 and Nordic countries. This will be Dan\u2019s first participation as president of Romania and he is expected to reiterate Romania\u2019s commitment to strengthening NATO in all areas. He will underline the fact that Bucharest remains a responsible and active ally in the Eastern Flank and the strategic region of the Black Sea and will be pleading for the allies\u2019 multidimensional support for Ukraine. The Romanian President is also expected to highlight the need for supporting the Republic of Moldova, which is presently facing a series of complex risks and threats. The Vilnius summit\u2019s main aim is to prepare the NATO Summit in the Hague in late June.<\/p>\n<p>&nbsp;<\/p>\n<p><strong>DAY<\/strong> Usually marked on June 1, the International Children\u2019s Day was also celebrated in Romania on Sunday. On that special day, children were able to visit various institutions and participate in a series of cultural and recreational activities. The Chamber of Deputies had its gates opened to children and their adult companions, while in front of the Senate, children got involved in various workshops involving creativity, games, dances, sporting and artistic activities. Also in Bucharest, they were able to take rides in vintage or modern trams. The Metropolitan Circus in Bucharest prepared a show especially for children from disadvantaged areas and for those with handicaps. For those in the Diaspora, the Romanian Cultural Institute staged a contest entitled \u201cI and Romania\u201d, which was attended by 70 children from 13 countries. The project was aimed at keeping the Romanian language alive and strengthening the feeling of belonging to the Romanian cultural identity.<\/p>\n<p>&nbsp;<\/p>\n<p><strong>SAINT<\/strong> A Byzantine liturgical service in Romanian was held in front of a numerous audience in St Peter\u2019s Basilica in Rome on Sunday to pay homage to Greek-Catholic cardinal Iuliu Hossu (1885-1970). Hossu was one of the protagonists of the Greater Union of the Romanian Principalities in 1918 and a Christian apologist while serving a prison sentence during the communist dictatorship. Cardinal Hossu was beatified together with six other Greek-Catholic martyr-bishops killed by the communist regime between 1950 and 1970. He is also celebrated by the Greek-Catholic Church on June 2. The event at the Vatican comes against the background of the Cardinal Iuliu Hossu National Year instated by the Romanian Parliament.<\/p>\n<p>&nbsp;<\/p>\n<p><strong>ROWING<\/strong> Romanian Mihai Chiru\u0163\u0103 became bronze medalist in the men\u2019s single scull race at the European Rowing Championship in Plovdiv, Bulgaria, on Sunday. Romania has ended the competition with 7 medals, 3 gold, 2 silver and 2 bronze. Last year, in the European Rowing Championship held in Szeged, Hungary, Romania came second in the nations ranking with 8 medals.<\/p>\n<p>&nbsp;<\/p>\n<p><strong>MEASURES<\/strong> The government in Bucharest is to convene for a special session on Monday when they are expected to make a decision on funds to be allotted for rebuilding the country\u2019s infrastructure affected by the latest flooding. The announcement has been made by interim Prime Minister, Catalin Predoiu, who paid visits to the regions affected on Sunday. According to him, authorities have reacted promptly in an attempt to avoid any losses in human lives. The Prime Minister says that hundreds of people have avoided a dangerous situation and that field assessment will further be followed by the implementation of certain assistance mechanisms. Predoiu had earlier decided the setting up of a inter-ministerial working group to asses the damage caused to the Praid salt mine and take immediate measures for salvaging this major economic and tourist objective. The Department of Emergency Situations has decided to evacuate 10 households in the area.<\/p>\n<p>(bill)<\/p>\n","protected":false},"excerpt":{"rendered":"<p>SUMMIT Romanian president, Nicusor Dan, will be flying to Lithuania on Monday to attend the Vilnius Summit with B9 and Nordic countries. This will be Dan\u2019s first participation as president of Romania and he is expected to reiterate Romania\u2019s commitment to strengthening NATO in all areas. He will underline the fact that Bucharest remains a [&hellip;]<\/p>\n","protected":false},"author":113,"featured_media":884000,"comment_status":"closed","ping_status":"closed","sticky":false,"template":"","format":"standard","meta":{"_acf_changed":false,"footnotes":""},"categories":[22],"tags":[33332,29174,29579,31331,30844,33649,32140,33971,29244,30416,36271,37225],"coauthors":[116091],"class_list":["post-894156","post","type-post","status-publish","format-standard","has-post-thumbnail","hentry","category-newsflash","tag-bronze","tag-bulgaria","tag-flooding","tag-gold","tag-infrastructure","tag-lithuania","tag-nicusor-dan","tag-plovdiv","tag-president","tag-rowing","tag-silver","tag-vilnius"],"acf":[],"yoast_head":"<!-- This site is optimized with the Yoast SEO plugin v27.3 - https:\/\/yoast.com\/product\/yoast-seo-wordpress\/ -->\n<title>June 1, 2025 UPDATE - Radio Romania International<\/title>\n<meta name=\"robots\" content=\"index, follow, max-snippet:-1, max-image-preview:large, max-video-preview:-1\" \/>\n<link rel=\"canonical\" href=\"https:\/\/www.rri.ro\/en\/news-and-current-affairs\/newsflash\/june-1-2025-update-2-id894156.html\" \/>\n<meta property=\"og:locale\" content=\"en_US\" \/>\n<meta property=\"og:type\" content=\"article\" \/>\n<meta property=\"og:title\" content=\"June 1, 2025 UPDATE - Radio Romania International\" \/>\n<meta property=\"og:description\" content=\"SUMMIT Romanian president, Nicusor Dan, will be flying to Lithuania on Monday to attend the Vilnius Summit with B9 and Nordic countries. This will be Dan\u2019s first participation as president of Romania and he is expected to reiterate Romania\u2019s commitment to strengthening NATO in all areas. He will underline the fact that Bucharest remains a [&hellip;]\" \/>\n<meta property=\"og:url\" content=\"https:\/\/www.rri.ro\/en\/news-and-current-affairs\/newsflash\/june-1-2025-update-2-id894156.html\" \/>\n<meta property=\"og:site_name\" content=\"Radio Romania International\" \/>\n<meta property=\"article:published_time\" content=\"2025-06-01T15:45:58+00:00\" \/>\n<meta property=\"og:image\" content=\"https:\/\/www.rri.ro\/wp-content\/uploads\/2025\/05\/Newsflash-stiri-alb-960x540-1.jpg\" \/>\n\t<meta property=\"og:image:width\" content=\"960\" \/>\n\t<meta property=\"og:image:height\" content=\"540\" \/>\n\t<meta property=\"og:image:type\" content=\"image\/jpeg\" \/>\n<meta name=\"author\" content=\"Newsroom\" \/>\n<meta name=\"twitter:card\" content=\"summary_large_image\" \/>\n<meta name=\"twitter:label1\" content=\"Written by\" \/>\n\t<meta name=\"twitter:data1\" content=\"Newsroom\" \/>\n\t<meta name=\"twitter:label2\" content=\"Est. reading time\" \/>\n\t<meta name=\"twitter:data2\" content=\"3 minutes\" \/>\n<script type=\"application\/ld+json\" class=\"yoast-schema-graph\">{\"@context\":\"https:\\\/\\\/schema.org\",\"@graph\":[{\"@type\":\"Article\",\"@id\":\"https:\\\/\\\/www.rri.ro\\\/en\\\/news-and-current-affairs\\\/newsflash\\\/june-1-2025-update-2-id894156.html#article\",\"isPartOf\":{\"@id\":\"https:\\\/\\\/www.rri.ro\\\/en\\\/news-and-current-affairs\\\/newsflash\\\/june-1-2025-update-2-id894156.html\"},\"author\":{\"name\":\"Newsroom\",\"@id\":\"https:\\\/\\\/www.rri.ro\\\/#\\\/schema\\\/person\\\/4a479940371b9fdefd194f561e8a7f88\"},\"headline\":\"June 1, 2025 UPDATE\",\"datePublished\":\"2025-06-01T15:45:58+00:00\",\"mainEntityOfPage\":{\"@id\":\"https:\\\/\\\/www.rri.ro\\\/en\\\/news-and-current-affairs\\\/newsflash\\\/june-1-2025-update-2-id894156.html\"},\"wordCount\":599,\"image\":{\"@id\":\"https:\\\/\\\/www.rri.ro\\\/en\\\/news-and-current-affairs\\\/newsflash\\\/june-1-2025-update-2-id894156.html#primaryimage\"},\"thumbnailUrl\":\"https:\\\/\\\/www.rri.ro\\\/wp-content\\\/uploads\\\/2025\\\/05\\\/Newsflash-stiri-alb-960x540-1.jpg\",\"keywords\":[\"Bronze\",\"Bulgaria\",\"flooding\",\"gold\",\"infrastructure\",\"Lithuania\",\"Nicusor Dan\",\"Plovdiv\",\"President\",\"rowing\",\"silver\",\"Vilnius\"],\"articleSection\":[\"Newsflash\"],\"inLanguage\":\"en-US\"},{\"@type\":\"WebPage\",\"@id\":\"https:\\\/\\\/www.rri.ro\\\/en\\\/news-and-current-affairs\\\/newsflash\\\/june-1-2025-update-2-id894156.html\",\"url\":\"https:\\\/\\\/www.rri.ro\\\/en\\\/news-and-current-affairs\\\/newsflash\\\/june-1-2025-update-2-id894156.html\",\"name\":\"June 1, 2025 UPDATE - Radio Romania International\",\"isPartOf\":{\"@id\":\"https:\\\/\\\/www.rri.ro\\\/#website\"},\"primaryImageOfPage\":{\"@id\":\"https:\\\/\\\/www.rri.ro\\\/en\\\/news-and-current-affairs\\\/newsflash\\\/june-1-2025-update-2-id894156.html#primaryimage\"},\"image\":{\"@id\":\"https:\\\/\\\/www.rri.ro\\\/en\\\/news-and-current-affairs\\\/newsflash\\\/june-1-2025-update-2-id894156.html#primaryimage\"},\"thumbnailUrl\":\"https:\\\/\\\/www.rri.ro\\\/wp-content\\\/uploads\\\/2025\\\/05\\\/Newsflash-stiri-alb-960x540-1.jpg\",\"datePublished\":\"2025-06-01T15:45:58+00:00\",\"author\":{\"@id\":\"https:\\\/\\\/www.rri.ro\\\/#\\\/schema\\\/person\\\/4a479940371b9fdefd194f561e8a7f88\"},\"breadcrumb\":{\"@id\":\"https:\\\/\\\/www.rri.ro\\\/en\\\/news-and-current-affairs\\\/newsflash\\\/june-1-2025-update-2-id894156.html#breadcrumb\"},\"inLanguage\":\"en-US\",\"potentialAction\":[{\"@type\":\"ReadAction\",\"target\":[\"https:\\\/\\\/www.rri.ro\\\/en\\\/news-and-current-affairs\\\/newsflash\\\/june-1-2025-update-2-id894156.html\"]}]},{\"@type\":\"ImageObject\",\"inLanguage\":\"en-US\",\"@id\":\"https:\\\/\\\/www.rri.ro\\\/en\\\/news-and-current-affairs\\\/newsflash\\\/june-1-2025-update-2-id894156.html#primaryimage\",\"url\":\"https:\\\/\\\/www.rri.ro\\\/wp-content\\\/uploads\\\/2025\\\/05\\\/Newsflash-stiri-alb-960x540-1.jpg\",\"contentUrl\":\"https:\\\/\\\/www.rri.ro\\\/wp-content\\\/uploads\\\/2025\\\/05\\\/Newsflash-stiri-alb-960x540-1.jpg\",\"width\":960,\"height\":540},{\"@type\":\"BreadcrumbList\",\"@id\":\"https:\\\/\\\/www.rri.ro\\\/en\\\/news-and-current-affairs\\\/newsflash\\\/june-1-2025-update-2-id894156.html#breadcrumb\",\"itemListElement\":[{\"@type\":\"ListItem\",\"position\":1,\"name\":\"Homepage\",\"item\":\"https:\\\/\\\/www.rri.ro\\\/en\"},{\"@type\":\"ListItem\",\"position\":2,\"name\":\"News and Current Affairs\",\"item\":\"https:\\\/\\\/www.rri.ro\\\/en\\\/news-and-current-affairs\"},{\"@type\":\"ListItem\",\"position\":3,\"name\":\"Newsflash\",\"item\":\"https:\\\/\\\/www.rri.ro\\\/en\\\/news-and-current-affairs\\\/newsflash\"},{\"@type\":\"ListItem\",\"position\":4,\"name\":\"June 1, 2025 UPDATE\"}]},{\"@type\":\"WebSite\",\"@id\":\"https:\\\/\\\/www.rri.ro\\\/#website\",\"url\":\"https:\\\/\\\/www.rri.ro\\\/\",\"name\":\"Radio Romania International\",\"description\":\"Totul despre Rom\u00e2nia \u015fi rom\u00e2ni, \u00een 13 limbi\\\/dialecte!\",\"inLanguage\":\"en-US\"},{\"@type\":\"Person\",\"@id\":\"https:\\\/\\\/www.rri.ro\\\/#\\\/schema\\\/person\\\/4a479940371b9fdefd194f561e8a7f88\",\"name\":\"Newsroom\",\"url\":\"https:\\\/\\\/www.rri.ro\\\/en\\\/author\\\/newsroom\"}]}<\/script>\n<!-- \/ Yoast SEO plugin. -->","yoast_head_json":{"title":"June 1, 2025 UPDATE - Radio Romania International","robots":{"index":"index","follow":"follow","max-snippet":"max-snippet:-1","max-image-preview":"max-image-preview:large","max-video-preview":"max-video-preview:-1"},"canonical":"https:\/\/www.rri.ro\/en\/news-and-current-affairs\/newsflash\/june-1-2025-update-2-id894156.html","og_locale":"en_US","og_type":"article","og_title":"June 1, 2025 UPDATE - Radio Romania International","og_description":"SUMMIT Romanian president, Nicusor Dan, will be flying to Lithuania on Monday to attend the Vilnius Summit with B9 and Nordic countries. This will be Dan\u2019s first participation as president of Romania and he is expected to reiterate Romania\u2019s commitment to strengthening NATO in all areas. He will underline the fact that Bucharest remains a [&hellip;]","og_url":"https:\/\/www.rri.ro\/en\/news-and-current-affairs\/newsflash\/june-1-2025-update-2-id894156.html","og_site_name":"Radio Romania International","article_published_time":"2025-06-01T15:45:58+00:00","og_image":[{"width":960,"height":540,"url":"https:\/\/www.rri.ro\/wp-content\/uploads\/2025\/05\/Newsflash-stiri-alb-960x540-1.jpg","type":"image\/jpeg"}],"author":"Newsroom","twitter_card":"summary_large_image","twitter_misc":{"Written by":"Newsroom","Est. reading time":"3 minutes"},"schema":{"@context":"https:\/\/schema.org","@graph":[{"@type":"Article","@id":"https:\/\/www.rri.ro\/en\/news-and-current-affairs\/newsflash\/june-1-2025-update-2-id894156.html#article","isPartOf":{"@id":"https:\/\/www.rri.ro\/en\/news-and-current-affairs\/newsflash\/june-1-2025-update-2-id894156.html"},"author":{"name":"Newsroom","@id":"https:\/\/www.rri.ro\/#\/schema\/person\/4a479940371b9fdefd194f561e8a7f88"},"headline":"June 1, 2025 UPDATE","datePublished":"2025-06-01T15:45:58+00:00","mainEntityOfPage":{"@id":"https:\/\/www.rri.ro\/en\/news-and-current-affairs\/newsflash\/june-1-2025-update-2-id894156.html"},"wordCount":599,"image":{"@id":"https:\/\/www.rri.ro\/en\/news-and-current-affairs\/newsflash\/june-1-2025-update-2-id894156.html#primaryimage"},"thumbnailUrl":"https:\/\/www.rri.ro\/wp-content\/uploads\/2025\/05\/Newsflash-stiri-alb-960x540-1.jpg","keywords":["Bronze","Bulgaria","flooding","gold","infrastructure","Lithuania","Nicusor Dan","Plovdiv","President","rowing","silver","Vilnius"],"articleSection":["Newsflash"],"inLanguage":"en-US"},{"@type":"WebPage","@id":"https:\/\/www.rri.ro\/en\/news-and-current-affairs\/newsflash\/june-1-2025-update-2-id894156.html","url":"https:\/\/www.rri.ro\/en\/news-and-current-affairs\/newsflash\/june-1-2025-update-2-id894156.html","name":"June 1, 2025 UPDATE - Radio Romania International","isPartOf":{"@id":"https:\/\/www.rri.ro\/#website"},"primaryImageOfPage":{"@id":"https:\/\/www.rri.ro\/en\/news-and-current-affairs\/newsflash\/june-1-2025-update-2-id894156.html#primaryimage"},"image":{"@id":"https:\/\/www.rri.ro\/en\/news-and-current-affairs\/newsflash\/june-1-2025-update-2-id894156.html#primaryimage"},"thumbnailUrl":"https:\/\/www.rri.ro\/wp-content\/uploads\/2025\/05\/Newsflash-stiri-alb-960x540-1.jpg","datePublished":"2025-06-01T15:45:58+00:00","author":{"@id":"https:\/\/www.rri.ro\/#\/schema\/person\/4a479940371b9fdefd194f561e8a7f88"},"breadcrumb":{"@id":"https:\/\/www.rri.ro\/en\/news-and-current-affairs\/newsflash\/june-1-2025-update-2-id894156.html#breadcrumb"},"inLanguage":"en-US","potentialAction":[{"@type":"ReadAction","target":["https:\/\/www.rri.ro\/en\/news-and-current-affairs\/newsflash\/june-1-2025-update-2-id894156.html"]}]},{"@type":"ImageObject","inLanguage":"en-US","@id":"https:\/\/www.rri.ro\/en\/news-and-current-affairs\/newsflash\/june-1-2025-update-2-id894156.html#primaryimage","url":"https:\/\/www.rri.ro\/wp-content\/uploads\/2025\/05\/Newsflash-stiri-alb-960x540-1.jpg","contentUrl":"https:\/\/www.rri.ro\/wp-content\/uploads\/2025\/05\/Newsflash-stiri-alb-960x540-1.jpg","width":960,"height":540},{"@type":"BreadcrumbList","@id":"https:\/\/www.rri.ro\/en\/news-and-current-affairs\/newsflash\/june-1-2025-update-2-id894156.html#breadcrumb","itemListElement":[{"@type":"ListItem","position":1,"name":"Homepage","item":"https:\/\/www.rri.ro\/en"},{"@type":"ListItem","position":2,"name":"News and Current Affairs","item":"https:\/\/www.rri.ro\/en\/news-and-current-affairs"},{"@type":"ListItem","position":3,"name":"Newsflash","item":"https:\/\/www.rri.ro\/en\/news-and-current-affairs\/newsflash"},{"@type":"ListItem","position":4,"name":"June 1, 2025 UPDATE"}]},{"@type":"WebSite","@id":"https:\/\/www.rri.ro\/#website","url":"https:\/\/www.rri.ro\/","name":"Radio Romania International","description":"Totul despre Rom\u00e2nia \u015fi rom\u00e2ni, \u00een 13 limbi\/dialecte!","inLanguage":"en-US"},{"@type":"Person","@id":"https:\/\/www.rri.ro\/#\/schema\/person\/4a479940371b9fdefd194f561e8a7f88","name":"Newsroom","url":"https:\/\/www.rri.ro\/en\/author\/newsroom"}]}},"_links":{"self":[{"href":"https:\/\/www.rri.ro\/en\/wp-json\/wp\/v2\/posts\/894156","targetHints":{"allow":["GET"]}}],"collection":[{"href":"https:\/\/www.rri.ro\/en\/wp-json\/wp\/v2\/posts"}],"about":[{"href":"https:\/\/www.rri.ro\/en\/wp-json\/wp\/v2\/types\/post"}],"author":[{"embeddable":true,"href":"https:\/\/www.rri.ro\/en\/wp-json\/wp\/v2\/users\/113"}],"replies":[{"embeddable":true,"href":"https:\/\/www.rri.ro\/en\/wp-json\/wp\/v2\/comments?post=894156"}],"version-history":[{"count":0,"href":"https:\/\/www.rri.ro\/en\/wp-json\/wp\/v2\/posts\/894156\/revisions"}],"wp:featuredmedia":[{"embeddable":true,"href":"https:\/\/www.rri.ro\/en\/wp-json\/wp\/v2\/media\/884000"}],"wp:attachment":[{"href":"https:\/\/www.rri.ro\/en\/wp-json\/wp\/v2\/media?parent=894156"}],"wp:term":[{"taxonomy":"category","embeddable":true,"href":"https:\/\/www.rri.ro\/en\/wp-json\/wp\/v2\/categories?post=894156"},{"taxonomy":"post_tag","embeddable":true,"href":"https:\/\/www.rri.ro\/en\/wp-json\/wp\/v2\/tags?post=894156"},{"taxonomy":"author","embeddable":true,"href":"https:\/\/www.rri.ro\/en\/wp-json\/wp\/v2\/coauthors?post=894156"}],"curies":[{"name":"wp","href":"https:\/\/api.w.org\/{rel}","templated":true}]}}