{"id":90224,"date":"2021-10-29T13:50:00","date_gmt":"2021-10-29T10:50:00","guid":{"rendered":"http:\/\/devrri.freshlemon.ro\/news-and-current-affairs\/newsflash\/criminal-charges-after-piatra-neamt-tragedy-90224.html"},"modified":"2024-02-19T08:58:42","modified_gmt":"2024-02-19T06:58:42","slug":"criminal-charges-after-piatra-neamt-tragedy","status":"publish","type":"post","link":"https:\/\/www.rri.ro\/en\/news-and-current-affairs\/today-in-the-news\/criminal-charges-after-piatra-neamt-tragedy-id90224.html","title":{"rendered":"Criminal charges after Piatra Neam\u021b tragedy"},"content":{"rendered":"<p><p>The General Prosecutor&#8217;s Office&#13;<br \/>\nbrought formal charges against 10 people, 6 of them successive interim managers&#13;<br \/>\nof the hospital in Piatra Neam\u0163 (north-eastern Romania) which burned down last&#13;<br \/>\nyear, killing 10 Covid patients.<\/p>\n<p><\/p>\n<p>&#13;<br \/>\n&#13;<\/p>\n<p>The tragedy took place at the&#13;<br \/>\nintensive care unit of the Emergency County Hospital, where 17 patients had&#13;<br \/>\nbeen admitted in 2 wards. An anaesthetist who went into one of the burning wards&#13;<br \/>\ntrying to rescue patients suffered severe burns and had to be transferred to&#13;<br \/>\nBrussels. <\/p>\n<p><\/p>\n<p>&#13;<br \/>\n&#13;<\/p>\n<p>The charges include manslaughter,&#13;<br \/>\nbodily harm out of negligence, aggravated destruction out of negligence, and&#13;<br \/>\nfailure to observe workplace security and protection rules. <\/p>\n<p><\/p>\n<p>&#13;<br \/>\n&#13;<\/p>\n<p>Agerpres news agency reports that 2&#13;<br \/>\nnurses have been accused of leaving an open fire source unattended, while the&#13;<br \/>\nhead of the intensive care unit is accused of having failed to take measures to&#13;<br \/>\nensure ventilation. The ICU chief is also accused of having forged a memo&#13;<br \/>\nregarding the care provided to patients, jointly with another physician. <\/p>\n<p><\/p>\n<p>&#13;<br \/>\n&#13;<\/p>\n<p>Legal action was also brought&#13;<br \/>\nagainst the hospital itself. Prosecutors argue that after the pandemic was&#13;<br \/>\ndeclared and the hospital was turned into a COVID support unit, the hospital&#13;<br \/>\nmanagement failed to organise hospital activity properly. Specifically, the&#13;<br \/>\nmanagement did not review workplace health and security risks after the amount&#13;<br \/>\nof oxygen administered to patients in that unit was increased, and implicitly&#13;<br \/>\nthe oxygen concentration in the 2 wards rose. The defendants also failed to&#13;<br \/>\nintroduce prevention measures to ensure workplace security under the new&#13;<br \/>\ncircumstances. <\/p>\n<p><\/p>\n<p>&#13;<br \/>\n&#13;<\/p>\n<p>The investigation revealed that the 2&#13;<br \/>\nnurses on duty at the time, who were attending patients under oxygen therapy, left&#13;<br \/>\na lit candle unattended. This was the original source of the fire that burned&#13;<br \/>\nthe intensive care unit. <\/p>\n<p><\/p>\n<p>&#13;<br \/>\n&#13;<\/p>\n<p>Similar tragedies have also taken&#13;<br \/>\nplace this year in Bucharest and Constan\u021ba (south-east). (<em class=cms-italic>tr. A.M. Popescu<\/em>)<\/p><\/p>\n","protected":false},"excerpt":{"rendered":"<p>Romanian prosecutors file criminal charges after investigating fire in a hospital<\/p>\n","protected":false},"author":104,"featured_media":87244,"comment_status":"closed","ping_status":"closed","sticky":false,"template":"","format":"standard","meta":{"_acf_changed":false,"footnotes":""},"categories":[37738],"tags":[35374,34731,29420,29979,28952],"coauthors":[],"class_list":["post-90224","post","type-post","status-publish","format-standard","has-post-thumbnail","hentry","category-today-in-the-news","tag-covid-19","tag-criminal","tag-fire","tag-hospital","tag-investigation"],"acf":[],"yoast_head":"<!-- This site is optimized with the Yoast SEO plugin v27.3 - https:\/\/yoast.com\/product\/yoast-seo-wordpress\/ -->\n<title>Criminal charges after Piatra Neam\u021b tragedy - Radio Romania International<\/title>\n<meta name=\"robots\" content=\"index, follow, max-snippet:-1, max-image-preview:large, max-video-preview:-1\" \/>\n<link rel=\"canonical\" href=\"https:\/\/www.rri.ro\/en\/news-and-current-affairs\/today-in-the-news\/criminal-charges-after-piatra-neamt-tragedy-id90224.html\" \/>\n<meta property=\"og:locale\" content=\"en_US\" \/>\n<meta property=\"og:type\" content=\"article\" \/>\n<meta property=\"og:title\" content=\"Criminal charges after Piatra Neam\u021b tragedy - Radio Romania International\" \/>\n<meta property=\"og:description\" content=\"Romanian prosecutors file criminal charges after investigating fire in a hospital\" \/>\n<meta property=\"og:url\" content=\"https:\/\/www.rri.ro\/en\/news-and-current-affairs\/today-in-the-news\/criminal-charges-after-piatra-neamt-tragedy-id90224.html\" \/>\n<meta property=\"og:site_name\" content=\"Radio Romania International\" \/>\n<meta property=\"article:published_time\" content=\"2021-10-29T10:50:00+00:00\" \/>\n<meta property=\"article:modified_time\" content=\"2024-02-19T06:58:42+00:00\" \/>\n<meta property=\"og:image\" content=\"https:\/\/www.rri.ro\/wp-content\/uploads\/2023\/10\/incendiu-spitalul-piatra-neamt-foto-fb-isu-neamt.png\" \/>\n\t<meta property=\"og:image:width\" content=\"640\" \/>\n\t<meta property=\"og:image:height\" content=\"359\" \/>\n\t<meta property=\"og:image:type\" content=\"image\/png\" \/>\n<meta name=\"author\" content=\"Eugen Coroianu\" \/>\n<meta name=\"twitter:card\" content=\"summary_large_image\" \/>\n<meta name=\"twitter:label1\" content=\"Written by\" \/>\n\t<meta name=\"twitter:data1\" content=\"Eugen Coroianu\" \/>\n\t<meta name=\"twitter:label2\" content=\"Est. reading time\" \/>\n\t<meta name=\"twitter:data2\" content=\"1 minute\" \/>\n<script type=\"application\/ld+json\" class=\"yoast-schema-graph\">{\"@context\":\"https:\\\/\\\/schema.org\",\"@graph\":[{\"@type\":\"Article\",\"@id\":\"https:\\\/\\\/www.rri.ro\\\/en\\\/news-and-current-affairs\\\/today-in-the-news\\\/criminal-charges-after-piatra-neamt-tragedy-id90224.html#article\",\"isPartOf\":{\"@id\":\"https:\\\/\\\/www.rri.ro\\\/en\\\/news-and-current-affairs\\\/today-in-the-news\\\/criminal-charges-after-piatra-neamt-tragedy-id90224.html\"},\"author\":{\"name\":\"Eugen Coroianu\",\"@id\":\"https:\\\/\\\/www.rri.ro\\\/#\\\/schema\\\/person\\\/5d5d5bd8eec0e962a50aaf3b0f6919c4\"},\"headline\":\"Criminal charges after Piatra Neam\u021b tragedy\",\"datePublished\":\"2021-10-29T10:50:00+00:00\",\"dateModified\":\"2024-02-19T06:58:42+00:00\",\"mainEntityOfPage\":{\"@id\":\"https:\\\/\\\/www.rri.ro\\\/en\\\/news-and-current-affairs\\\/today-in-the-news\\\/criminal-charges-after-piatra-neamt-tragedy-id90224.html\"},\"wordCount\":301,\"image\":{\"@id\":\"https:\\\/\\\/www.rri.ro\\\/en\\\/news-and-current-affairs\\\/today-in-the-news\\\/criminal-charges-after-piatra-neamt-tragedy-id90224.html#primaryimage\"},\"thumbnailUrl\":\"https:\\\/\\\/www.rri.ro\\\/wp-content\\\/uploads\\\/2023\\\/10\\\/incendiu-spitalul-piatra-neamt-foto-fb-isu-neamt.png\",\"keywords\":[\"Covid-19\",\"criminal\",\"fire\",\"hospital\",\"investigation\"],\"articleSection\":[\"Today in the News\"],\"inLanguage\":\"en-US\"},{\"@type\":\"WebPage\",\"@id\":\"https:\\\/\\\/www.rri.ro\\\/en\\\/news-and-current-affairs\\\/today-in-the-news\\\/criminal-charges-after-piatra-neamt-tragedy-id90224.html\",\"url\":\"https:\\\/\\\/www.rri.ro\\\/en\\\/news-and-current-affairs\\\/today-in-the-news\\\/criminal-charges-after-piatra-neamt-tragedy-id90224.html\",\"name\":\"Criminal charges after Piatra Neam\u021b tragedy - Radio Romania International\",\"isPartOf\":{\"@id\":\"https:\\\/\\\/www.rri.ro\\\/#website\"},\"primaryImageOfPage\":{\"@id\":\"https:\\\/\\\/www.rri.ro\\\/en\\\/news-and-current-affairs\\\/today-in-the-news\\\/criminal-charges-after-piatra-neamt-tragedy-id90224.html#primaryimage\"},\"image\":{\"@id\":\"https:\\\/\\\/www.rri.ro\\\/en\\\/news-and-current-affairs\\\/today-in-the-news\\\/criminal-charges-after-piatra-neamt-tragedy-id90224.html#primaryimage\"},\"thumbnailUrl\":\"https:\\\/\\\/www.rri.ro\\\/wp-content\\\/uploads\\\/2023\\\/10\\\/incendiu-spitalul-piatra-neamt-foto-fb-isu-neamt.png\",\"datePublished\":\"2021-10-29T10:50:00+00:00\",\"dateModified\":\"2024-02-19T06:58:42+00:00\",\"author\":{\"@id\":\"https:\\\/\\\/www.rri.ro\\\/#\\\/schema\\\/person\\\/5d5d5bd8eec0e962a50aaf3b0f6919c4\"},\"breadcrumb\":{\"@id\":\"https:\\\/\\\/www.rri.ro\\\/en\\\/news-and-current-affairs\\\/today-in-the-news\\\/criminal-charges-after-piatra-neamt-tragedy-id90224.html#breadcrumb\"},\"inLanguage\":\"en-US\",\"potentialAction\":[{\"@type\":\"ReadAction\",\"target\":[\"https:\\\/\\\/www.rri.ro\\\/en\\\/news-and-current-affairs\\\/today-in-the-news\\\/criminal-charges-after-piatra-neamt-tragedy-id90224.html\"]}]},{\"@type\":\"ImageObject\",\"inLanguage\":\"en-US\",\"@id\":\"https:\\\/\\\/www.rri.ro\\\/en\\\/news-and-current-affairs\\\/today-in-the-news\\\/criminal-charges-after-piatra-neamt-tragedy-id90224.html#primaryimage\",\"url\":\"https:\\\/\\\/www.rri.ro\\\/wp-content\\\/uploads\\\/2023\\\/10\\\/incendiu-spitalul-piatra-neamt-foto-fb-isu-neamt.png\",\"contentUrl\":\"https:\\\/\\\/www.rri.ro\\\/wp-content\\\/uploads\\\/2023\\\/10\\\/incendiu-spitalul-piatra-neamt-foto-fb-isu-neamt.png\",\"width\":640,\"height\":359},{\"@type\":\"BreadcrumbList\",\"@id\":\"https:\\\/\\\/www.rri.ro\\\/en\\\/news-and-current-affairs\\\/today-in-the-news\\\/criminal-charges-after-piatra-neamt-tragedy-id90224.html#breadcrumb\",\"itemListElement\":[{\"@type\":\"ListItem\",\"position\":1,\"name\":\"Homepage\",\"item\":\"https:\\\/\\\/www.rri.ro\\\/en\"},{\"@type\":\"ListItem\",\"position\":2,\"name\":\"News and Current Affairs\",\"item\":\"https:\\\/\\\/www.rri.ro\\\/en\\\/news-and-current-affairs\"},{\"@type\":\"ListItem\",\"position\":3,\"name\":\"Today in the News\",\"item\":\"https:\\\/\\\/www.rri.ro\\\/en\\\/news-and-current-affairs\\\/today-in-the-news\"},{\"@type\":\"ListItem\",\"position\":4,\"name\":\"Criminal charges after Piatra Neam\u021b tragedy\"}]},{\"@type\":\"WebSite\",\"@id\":\"https:\\\/\\\/www.rri.ro\\\/#website\",\"url\":\"https:\\\/\\\/www.rri.ro\\\/\",\"name\":\"Radio Romania International\",\"description\":\"Totul despre Rom\u00e2nia \u015fi rom\u00e2ni, \u00een 13 limbi\\\/dialecte!\",\"inLanguage\":\"en-US\"},{\"@type\":\"Person\",\"@id\":\"https:\\\/\\\/www.rri.ro\\\/#\\\/schema\\\/person\\\/5d5d5bd8eec0e962a50aaf3b0f6919c4\",\"name\":\"Eugen Coroianu\",\"url\":\"https:\\\/\\\/www.rri.ro\\\/en\\\/author\\\/eugen-coroianu\"}]}<\/script>\n<!-- \/ Yoast SEO plugin. -->","yoast_head_json":{"title":"Criminal charges after Piatra Neam\u021b tragedy - Radio Romania International","robots":{"index":"index","follow":"follow","max-snippet":"max-snippet:-1","max-image-preview":"max-image-preview:large","max-video-preview":"max-video-preview:-1"},"canonical":"https:\/\/www.rri.ro\/en\/news-and-current-affairs\/today-in-the-news\/criminal-charges-after-piatra-neamt-tragedy-id90224.html","og_locale":"en_US","og_type":"article","og_title":"Criminal charges after Piatra Neam\u021b tragedy - Radio Romania International","og_description":"Romanian prosecutors file criminal charges after investigating fire in a hospital","og_url":"https:\/\/www.rri.ro\/en\/news-and-current-affairs\/today-in-the-news\/criminal-charges-after-piatra-neamt-tragedy-id90224.html","og_site_name":"Radio Romania International","article_published_time":"2021-10-29T10:50:00+00:00","article_modified_time":"2024-02-19T06:58:42+00:00","og_image":[{"width":640,"height":359,"url":"https:\/\/www.rri.ro\/wp-content\/uploads\/2023\/10\/incendiu-spitalul-piatra-neamt-foto-fb-isu-neamt.png","type":"image\/png"}],"author":"Eugen Coroianu","twitter_card":"summary_large_image","twitter_misc":{"Written by":"Eugen Coroianu","Est. reading time":"1 minute"},"schema":{"@context":"https:\/\/schema.org","@graph":[{"@type":"Article","@id":"https:\/\/www.rri.ro\/en\/news-and-current-affairs\/today-in-the-news\/criminal-charges-after-piatra-neamt-tragedy-id90224.html#article","isPartOf":{"@id":"https:\/\/www.rri.ro\/en\/news-and-current-affairs\/today-in-the-news\/criminal-charges-after-piatra-neamt-tragedy-id90224.html"},"author":{"name":"Eugen Coroianu","@id":"https:\/\/www.rri.ro\/#\/schema\/person\/5d5d5bd8eec0e962a50aaf3b0f6919c4"},"headline":"Criminal charges after Piatra Neam\u021b tragedy","datePublished":"2021-10-29T10:50:00+00:00","dateModified":"2024-02-19T06:58:42+00:00","mainEntityOfPage":{"@id":"https:\/\/www.rri.ro\/en\/news-and-current-affairs\/today-in-the-news\/criminal-charges-after-piatra-neamt-tragedy-id90224.html"},"wordCount":301,"image":{"@id":"https:\/\/www.rri.ro\/en\/news-and-current-affairs\/today-in-the-news\/criminal-charges-after-piatra-neamt-tragedy-id90224.html#primaryimage"},"thumbnailUrl":"https:\/\/www.rri.ro\/wp-content\/uploads\/2023\/10\/incendiu-spitalul-piatra-neamt-foto-fb-isu-neamt.png","keywords":["Covid-19","criminal","fire","hospital","investigation"],"articleSection":["Today in the News"],"inLanguage":"en-US"},{"@type":"WebPage","@id":"https:\/\/www.rri.ro\/en\/news-and-current-affairs\/today-in-the-news\/criminal-charges-after-piatra-neamt-tragedy-id90224.html","url":"https:\/\/www.rri.ro\/en\/news-and-current-affairs\/today-in-the-news\/criminal-charges-after-piatra-neamt-tragedy-id90224.html","name":"Criminal charges after Piatra Neam\u021b tragedy - Radio Romania International","isPartOf":{"@id":"https:\/\/www.rri.ro\/#website"},"primaryImageOfPage":{"@id":"https:\/\/www.rri.ro\/en\/news-and-current-affairs\/today-in-the-news\/criminal-charges-after-piatra-neamt-tragedy-id90224.html#primaryimage"},"image":{"@id":"https:\/\/www.rri.ro\/en\/news-and-current-affairs\/today-in-the-news\/criminal-charges-after-piatra-neamt-tragedy-id90224.html#primaryimage"},"thumbnailUrl":"https:\/\/www.rri.ro\/wp-content\/uploads\/2023\/10\/incendiu-spitalul-piatra-neamt-foto-fb-isu-neamt.png","datePublished":"2021-10-29T10:50:00+00:00","dateModified":"2024-02-19T06:58:42+00:00","author":{"@id":"https:\/\/www.rri.ro\/#\/schema\/person\/5d5d5bd8eec0e962a50aaf3b0f6919c4"},"breadcrumb":{"@id":"https:\/\/www.rri.ro\/en\/news-and-current-affairs\/today-in-the-news\/criminal-charges-after-piatra-neamt-tragedy-id90224.html#breadcrumb"},"inLanguage":"en-US","potentialAction":[{"@type":"ReadAction","target":["https:\/\/www.rri.ro\/en\/news-and-current-affairs\/today-in-the-news\/criminal-charges-after-piatra-neamt-tragedy-id90224.html"]}]},{"@type":"ImageObject","inLanguage":"en-US","@id":"https:\/\/www.rri.ro\/en\/news-and-current-affairs\/today-in-the-news\/criminal-charges-after-piatra-neamt-tragedy-id90224.html#primaryimage","url":"https:\/\/www.rri.ro\/wp-content\/uploads\/2023\/10\/incendiu-spitalul-piatra-neamt-foto-fb-isu-neamt.png","contentUrl":"https:\/\/www.rri.ro\/wp-content\/uploads\/2023\/10\/incendiu-spitalul-piatra-neamt-foto-fb-isu-neamt.png","width":640,"height":359},{"@type":"BreadcrumbList","@id":"https:\/\/www.rri.ro\/en\/news-and-current-affairs\/today-in-the-news\/criminal-charges-after-piatra-neamt-tragedy-id90224.html#breadcrumb","itemListElement":[{"@type":"ListItem","position":1,"name":"Homepage","item":"https:\/\/www.rri.ro\/en"},{"@type":"ListItem","position":2,"name":"News and Current Affairs","item":"https:\/\/www.rri.ro\/en\/news-and-current-affairs"},{"@type":"ListItem","position":3,"name":"Today in the News","item":"https:\/\/www.rri.ro\/en\/news-and-current-affairs\/today-in-the-news"},{"@type":"ListItem","position":4,"name":"Criminal charges after Piatra Neam\u021b tragedy"}]},{"@type":"WebSite","@id":"https:\/\/www.rri.ro\/#website","url":"https:\/\/www.rri.ro\/","name":"Radio Romania International","description":"Totul despre Rom\u00e2nia \u015fi rom\u00e2ni, \u00een 13 limbi\/dialecte!","inLanguage":"en-US"},{"@type":"Person","@id":"https:\/\/www.rri.ro\/#\/schema\/person\/5d5d5bd8eec0e962a50aaf3b0f6919c4","name":"Eugen Coroianu","url":"https:\/\/www.rri.ro\/en\/author\/eugen-coroianu"}]}},"_links":{"self":[{"href":"https:\/\/www.rri.ro\/en\/wp-json\/wp\/v2\/posts\/90224","targetHints":{"allow":["GET"]}}],"collection":[{"href":"https:\/\/www.rri.ro\/en\/wp-json\/wp\/v2\/posts"}],"about":[{"href":"https:\/\/www.rri.ro\/en\/wp-json\/wp\/v2\/types\/post"}],"author":[{"embeddable":true,"href":"https:\/\/www.rri.ro\/en\/wp-json\/wp\/v2\/users\/104"}],"replies":[{"embeddable":true,"href":"https:\/\/www.rri.ro\/en\/wp-json\/wp\/v2\/comments?post=90224"}],"version-history":[{"count":0,"href":"https:\/\/www.rri.ro\/en\/wp-json\/wp\/v2\/posts\/90224\/revisions"}],"wp:featuredmedia":[{"embeddable":true,"href":"https:\/\/www.rri.ro\/en\/wp-json\/wp\/v2\/media\/87244"}],"wp:attachment":[{"href":"https:\/\/www.rri.ro\/en\/wp-json\/wp\/v2\/media?parent=90224"}],"wp:term":[{"taxonomy":"category","embeddable":true,"href":"https:\/\/www.rri.ro\/en\/wp-json\/wp\/v2\/categories?post=90224"},{"taxonomy":"post_tag","embeddable":true,"href":"https:\/\/www.rri.ro\/en\/wp-json\/wp\/v2\/tags?post=90224"},{"taxonomy":"author","embeddable":true,"href":"https:\/\/www.rri.ro\/en\/wp-json\/wp\/v2\/coauthors?post=90224"}],"curies":[{"name":"wp","href":"https:\/\/api.w.org\/{rel}","templated":true}]}}