{"id":90865,"date":"2022-01-13T13:50:00","date_gmt":"2022-01-13T11:50:00","guid":{"rendered":"http:\/\/devrri.freshlemon.ro\/news-and-current-affairs\/newsflash\/big-cities-in-the-red-scenario-90865.html"},"modified":"2024-02-19T09:00:25","modified_gmt":"2024-02-19T07:00:25","slug":"big-cities-in-the-red-scenario","status":"publish","type":"post","link":"https:\/\/www.rri.ro\/en\/news-and-current-affairs\/today-in-the-news\/big-cities-in-the-red-scenario-id90865.html","title":{"rendered":"Big cities in the red scenario"},"content":{"rendered":"<p>The incidence of COVID-19 cases in Bucharest, calculated at 14 days, has exceeded 3 cases per thousand inhabitants, which means that the capital has entered the red scenario. Consequently, restaurants and cafes can now operate at only up to 30% of their capacity, according to a decision adopted by the Local Committee for Emergency Situations. They will be open between 5 a.m. and 10 p.m. Only the persons who are vaccinated against SARS-CoV-2, for whom 10 days have elapsed since their full vaccination, those who present a negative result of an RT-PCR test not older than 72 hours or a certified negative result of a rapid antigen test not older than 48 hours are allowed in cafes and restaurants. The people between the 15th and 180th day after confirmation of infection with the novel coronavirus are also accepted in restaurants and cafes. Both the cities of Constan\u0163a and Eforie, on the Romanian Black Sea Coast, have entered the same red scenario, with the same anti-epidemic measures being enforced for a period of 14 days.<\/p>\n<p>&#13;<br \/>\n&#13;<\/p>\n<p>&#13;<br \/>\n&#13;<\/p>\n<p>The city of Deva and another 12 localities in Hunedoara County (west) are also in the red scenario due to the increase in the number of contaminations with the Omicron variant, which is already being transmitted at community level in Romania.<\/p>\n<p>&#13;<br \/>\n&#13;<\/p>\n<p>&#13;<br \/>\n&#13;<\/p>\n<p>The head of the Arad Public Health Directorate, Dr. Horea Timi\u015f, points out that the situation in Romania may be different from that in other countries: &#8220;The good news about the Omicron variant and the clinical phases is based on a mostly vaccinated population. Imagine that, in Romania, Omicron, whose incidence rate registers an exponential growth, which is already much faster than in any other EU country, is spreading to a mostly unvaccinated population. Therefore, the situation will not be as easy as in other countries. We are expecting the emergency call service 112 and the ambulance service to have a hard time trying to cope with the big number of cases. Indeed, many easy and moderate cases will be treated at home, and patients will be monitored by family doctors, but there\u2019s the other side of the coin, namely the fact that there are not enough family doctors, which means that many patients will not be properly monitored. We have these assessment centers that will have to cope with a record number of patients in the future.\u201d<\/p>\n<p>&#13;<br \/>\n&#13;<\/p>\n<p>&#13;<br \/>\n&#13;<\/p>\n<p>The mayor of Cluj-Napoca (northwest) Emil Boc has launched an appeal to the population to get vaccinated and to respect the rules imposed by the authorities, the locality being already in the red scenario for two days. Similarly, R\u0103d\u0103u\u021bi (northeast) and the mountain resorts on the Prahova Valley (south) &#8211; Predeal, Sinaia and Azuga are also in the red scenario. (LS)<\/p>\n<p>&#13;<br \/>\n&#13;<\/p>\n<p>&#13;<\/p>\n","protected":false},"excerpt":{"rendered":"<p>More and more areas in Romania are entering the red epidemiological scenario.<\/p>\n","protected":false},"author":104,"featured_media":89913,"comment_status":"closed","ping_status":"closed","sticky":false,"template":"","format":"standard","meta":{"_acf_changed":false,"footnotes":""},"categories":[37738],"tags":[28915,40443,36442,40445,40444],"coauthors":[],"class_list":["post-90865","post","type-post","status-publish","format-standard","has-post-thumbnail","hentry","category-today-in-the-news","tag-bucharest","tag-community-spread","tag-omicron","tag-prahova-valley","tag-red-scenario"],"acf":[],"yoast_head":"<!-- This site is optimized with the Yoast SEO plugin v27.3 - https:\/\/yoast.com\/product\/yoast-seo-wordpress\/ -->\n<title>Big cities in the red scenario - Radio Romania International<\/title>\n<meta name=\"robots\" content=\"index, follow, max-snippet:-1, max-image-preview:large, max-video-preview:-1\" \/>\n<link rel=\"canonical\" href=\"https:\/\/www.rri.ro\/en\/news-and-current-affairs\/today-in-the-news\/big-cities-in-the-red-scenario-id90865.html\" \/>\n<meta property=\"og:locale\" content=\"en_US\" \/>\n<meta property=\"og:type\" content=\"article\" \/>\n<meta property=\"og:title\" content=\"Big cities in the red scenario - Radio Romania International\" \/>\n<meta property=\"og:description\" content=\"More and more areas in Romania are entering the red epidemiological scenario.\" \/>\n<meta property=\"og:url\" content=\"https:\/\/www.rri.ro\/en\/news-and-current-affairs\/today-in-the-news\/big-cities-in-the-red-scenario-id90865.html\" \/>\n<meta property=\"og:site_name\" content=\"Radio Romania International\" \/>\n<meta property=\"article:published_time\" content=\"2022-01-13T11:50:00+00:00\" \/>\n<meta property=\"article:modified_time\" content=\"2024-02-19T07:00:25+00:00\" \/>\n<meta property=\"og:image\" content=\"https:\/\/www.rri.ro\/wp-content\/uploads\/2023\/10\/restrictii-covid-corona-carantina-foto-pixabay-com.png\" \/>\n\t<meta property=\"og:image:width\" content=\"640\" \/>\n\t<meta property=\"og:image:height\" content=\"480\" \/>\n\t<meta property=\"og:image:type\" content=\"image\/png\" \/>\n<meta name=\"author\" content=\"Eugen Coroianu\" \/>\n<meta name=\"twitter:card\" content=\"summary_large_image\" \/>\n<meta name=\"twitter:label1\" content=\"Written by\" \/>\n\t<meta name=\"twitter:data1\" content=\"Eugen Coroianu\" \/>\n\t<meta name=\"twitter:label2\" content=\"Est. reading time\" \/>\n\t<meta name=\"twitter:data2\" content=\"2 minutes\" \/>\n<script type=\"application\/ld+json\" class=\"yoast-schema-graph\">{\"@context\":\"https:\\\/\\\/schema.org\",\"@graph\":[{\"@type\":\"Article\",\"@id\":\"https:\\\/\\\/www.rri.ro\\\/en\\\/news-and-current-affairs\\\/today-in-the-news\\\/big-cities-in-the-red-scenario-id90865.html#article\",\"isPartOf\":{\"@id\":\"https:\\\/\\\/www.rri.ro\\\/en\\\/news-and-current-affairs\\\/today-in-the-news\\\/big-cities-in-the-red-scenario-id90865.html\"},\"author\":{\"name\":\"Eugen Coroianu\",\"@id\":\"https:\\\/\\\/www.rri.ro\\\/#\\\/schema\\\/person\\\/5d5d5bd8eec0e962a50aaf3b0f6919c4\"},\"headline\":\"Big cities in the red scenario\",\"datePublished\":\"2022-01-13T11:50:00+00:00\",\"dateModified\":\"2024-02-19T07:00:25+00:00\",\"mainEntityOfPage\":{\"@id\":\"https:\\\/\\\/www.rri.ro\\\/en\\\/news-and-current-affairs\\\/today-in-the-news\\\/big-cities-in-the-red-scenario-id90865.html\"},\"wordCount\":456,\"image\":{\"@id\":\"https:\\\/\\\/www.rri.ro\\\/en\\\/news-and-current-affairs\\\/today-in-the-news\\\/big-cities-in-the-red-scenario-id90865.html#primaryimage\"},\"thumbnailUrl\":\"https:\\\/\\\/www.rri.ro\\\/wp-content\\\/uploads\\\/2023\\\/10\\\/restrictii-covid-corona-carantina-foto-pixabay-com.png\",\"keywords\":[\"Bucharest\",\"community spread\",\"Omicron\",\"Prahova Valley\",\"red scenario\"],\"articleSection\":[\"Today in the News\"],\"inLanguage\":\"en-US\"},{\"@type\":\"WebPage\",\"@id\":\"https:\\\/\\\/www.rri.ro\\\/en\\\/news-and-current-affairs\\\/today-in-the-news\\\/big-cities-in-the-red-scenario-id90865.html\",\"url\":\"https:\\\/\\\/www.rri.ro\\\/en\\\/news-and-current-affairs\\\/today-in-the-news\\\/big-cities-in-the-red-scenario-id90865.html\",\"name\":\"Big cities in the red scenario - Radio Romania International\",\"isPartOf\":{\"@id\":\"https:\\\/\\\/www.rri.ro\\\/#website\"},\"primaryImageOfPage\":{\"@id\":\"https:\\\/\\\/www.rri.ro\\\/en\\\/news-and-current-affairs\\\/today-in-the-news\\\/big-cities-in-the-red-scenario-id90865.html#primaryimage\"},\"image\":{\"@id\":\"https:\\\/\\\/www.rri.ro\\\/en\\\/news-and-current-affairs\\\/today-in-the-news\\\/big-cities-in-the-red-scenario-id90865.html#primaryimage\"},\"thumbnailUrl\":\"https:\\\/\\\/www.rri.ro\\\/wp-content\\\/uploads\\\/2023\\\/10\\\/restrictii-covid-corona-carantina-foto-pixabay-com.png\",\"datePublished\":\"2022-01-13T11:50:00+00:00\",\"dateModified\":\"2024-02-19T07:00:25+00:00\",\"author\":{\"@id\":\"https:\\\/\\\/www.rri.ro\\\/#\\\/schema\\\/person\\\/5d5d5bd8eec0e962a50aaf3b0f6919c4\"},\"breadcrumb\":{\"@id\":\"https:\\\/\\\/www.rri.ro\\\/en\\\/news-and-current-affairs\\\/today-in-the-news\\\/big-cities-in-the-red-scenario-id90865.html#breadcrumb\"},\"inLanguage\":\"en-US\",\"potentialAction\":[{\"@type\":\"ReadAction\",\"target\":[\"https:\\\/\\\/www.rri.ro\\\/en\\\/news-and-current-affairs\\\/today-in-the-news\\\/big-cities-in-the-red-scenario-id90865.html\"]}]},{\"@type\":\"ImageObject\",\"inLanguage\":\"en-US\",\"@id\":\"https:\\\/\\\/www.rri.ro\\\/en\\\/news-and-current-affairs\\\/today-in-the-news\\\/big-cities-in-the-red-scenario-id90865.html#primaryimage\",\"url\":\"https:\\\/\\\/www.rri.ro\\\/wp-content\\\/uploads\\\/2023\\\/10\\\/restrictii-covid-corona-carantina-foto-pixabay-com.png\",\"contentUrl\":\"https:\\\/\\\/www.rri.ro\\\/wp-content\\\/uploads\\\/2023\\\/10\\\/restrictii-covid-corona-carantina-foto-pixabay-com.png\",\"width\":640,\"height\":480},{\"@type\":\"BreadcrumbList\",\"@id\":\"https:\\\/\\\/www.rri.ro\\\/en\\\/news-and-current-affairs\\\/today-in-the-news\\\/big-cities-in-the-red-scenario-id90865.html#breadcrumb\",\"itemListElement\":[{\"@type\":\"ListItem\",\"position\":1,\"name\":\"Homepage\",\"item\":\"https:\\\/\\\/www.rri.ro\\\/en\"},{\"@type\":\"ListItem\",\"position\":2,\"name\":\"News and Current Affairs\",\"item\":\"https:\\\/\\\/www.rri.ro\\\/en\\\/news-and-current-affairs\"},{\"@type\":\"ListItem\",\"position\":3,\"name\":\"Today in the News\",\"item\":\"https:\\\/\\\/www.rri.ro\\\/en\\\/news-and-current-affairs\\\/today-in-the-news\"},{\"@type\":\"ListItem\",\"position\":4,\"name\":\"Big cities in the red scenario\"}]},{\"@type\":\"WebSite\",\"@id\":\"https:\\\/\\\/www.rri.ro\\\/#website\",\"url\":\"https:\\\/\\\/www.rri.ro\\\/\",\"name\":\"Radio Romania International\",\"description\":\"Totul despre Rom\u00e2nia \u015fi rom\u00e2ni, \u00een 13 limbi\\\/dialecte!\",\"inLanguage\":\"en-US\"},{\"@type\":\"Person\",\"@id\":\"https:\\\/\\\/www.rri.ro\\\/#\\\/schema\\\/person\\\/5d5d5bd8eec0e962a50aaf3b0f6919c4\",\"name\":\"Eugen Coroianu\",\"url\":\"https:\\\/\\\/www.rri.ro\\\/en\\\/author\\\/eugen-coroianu\"}]}<\/script>\n<!-- \/ Yoast SEO plugin. -->","yoast_head_json":{"title":"Big cities in the red scenario - Radio Romania International","robots":{"index":"index","follow":"follow","max-snippet":"max-snippet:-1","max-image-preview":"max-image-preview:large","max-video-preview":"max-video-preview:-1"},"canonical":"https:\/\/www.rri.ro\/en\/news-and-current-affairs\/today-in-the-news\/big-cities-in-the-red-scenario-id90865.html","og_locale":"en_US","og_type":"article","og_title":"Big cities in the red scenario - Radio Romania International","og_description":"More and more areas in Romania are entering the red epidemiological scenario.","og_url":"https:\/\/www.rri.ro\/en\/news-and-current-affairs\/today-in-the-news\/big-cities-in-the-red-scenario-id90865.html","og_site_name":"Radio Romania International","article_published_time":"2022-01-13T11:50:00+00:00","article_modified_time":"2024-02-19T07:00:25+00:00","og_image":[{"width":640,"height":480,"url":"https:\/\/www.rri.ro\/wp-content\/uploads\/2023\/10\/restrictii-covid-corona-carantina-foto-pixabay-com.png","type":"image\/png"}],"author":"Eugen Coroianu","twitter_card":"summary_large_image","twitter_misc":{"Written by":"Eugen Coroianu","Est. reading time":"2 minutes"},"schema":{"@context":"https:\/\/schema.org","@graph":[{"@type":"Article","@id":"https:\/\/www.rri.ro\/en\/news-and-current-affairs\/today-in-the-news\/big-cities-in-the-red-scenario-id90865.html#article","isPartOf":{"@id":"https:\/\/www.rri.ro\/en\/news-and-current-affairs\/today-in-the-news\/big-cities-in-the-red-scenario-id90865.html"},"author":{"name":"Eugen Coroianu","@id":"https:\/\/www.rri.ro\/#\/schema\/person\/5d5d5bd8eec0e962a50aaf3b0f6919c4"},"headline":"Big cities in the red scenario","datePublished":"2022-01-13T11:50:00+00:00","dateModified":"2024-02-19T07:00:25+00:00","mainEntityOfPage":{"@id":"https:\/\/www.rri.ro\/en\/news-and-current-affairs\/today-in-the-news\/big-cities-in-the-red-scenario-id90865.html"},"wordCount":456,"image":{"@id":"https:\/\/www.rri.ro\/en\/news-and-current-affairs\/today-in-the-news\/big-cities-in-the-red-scenario-id90865.html#primaryimage"},"thumbnailUrl":"https:\/\/www.rri.ro\/wp-content\/uploads\/2023\/10\/restrictii-covid-corona-carantina-foto-pixabay-com.png","keywords":["Bucharest","community spread","Omicron","Prahova Valley","red scenario"],"articleSection":["Today in the News"],"inLanguage":"en-US"},{"@type":"WebPage","@id":"https:\/\/www.rri.ro\/en\/news-and-current-affairs\/today-in-the-news\/big-cities-in-the-red-scenario-id90865.html","url":"https:\/\/www.rri.ro\/en\/news-and-current-affairs\/today-in-the-news\/big-cities-in-the-red-scenario-id90865.html","name":"Big cities in the red scenario - Radio Romania International","isPartOf":{"@id":"https:\/\/www.rri.ro\/#website"},"primaryImageOfPage":{"@id":"https:\/\/www.rri.ro\/en\/news-and-current-affairs\/today-in-the-news\/big-cities-in-the-red-scenario-id90865.html#primaryimage"},"image":{"@id":"https:\/\/www.rri.ro\/en\/news-and-current-affairs\/today-in-the-news\/big-cities-in-the-red-scenario-id90865.html#primaryimage"},"thumbnailUrl":"https:\/\/www.rri.ro\/wp-content\/uploads\/2023\/10\/restrictii-covid-corona-carantina-foto-pixabay-com.png","datePublished":"2022-01-13T11:50:00+00:00","dateModified":"2024-02-19T07:00:25+00:00","author":{"@id":"https:\/\/www.rri.ro\/#\/schema\/person\/5d5d5bd8eec0e962a50aaf3b0f6919c4"},"breadcrumb":{"@id":"https:\/\/www.rri.ro\/en\/news-and-current-affairs\/today-in-the-news\/big-cities-in-the-red-scenario-id90865.html#breadcrumb"},"inLanguage":"en-US","potentialAction":[{"@type":"ReadAction","target":["https:\/\/www.rri.ro\/en\/news-and-current-affairs\/today-in-the-news\/big-cities-in-the-red-scenario-id90865.html"]}]},{"@type":"ImageObject","inLanguage":"en-US","@id":"https:\/\/www.rri.ro\/en\/news-and-current-affairs\/today-in-the-news\/big-cities-in-the-red-scenario-id90865.html#primaryimage","url":"https:\/\/www.rri.ro\/wp-content\/uploads\/2023\/10\/restrictii-covid-corona-carantina-foto-pixabay-com.png","contentUrl":"https:\/\/www.rri.ro\/wp-content\/uploads\/2023\/10\/restrictii-covid-corona-carantina-foto-pixabay-com.png","width":640,"height":480},{"@type":"BreadcrumbList","@id":"https:\/\/www.rri.ro\/en\/news-and-current-affairs\/today-in-the-news\/big-cities-in-the-red-scenario-id90865.html#breadcrumb","itemListElement":[{"@type":"ListItem","position":1,"name":"Homepage","item":"https:\/\/www.rri.ro\/en"},{"@type":"ListItem","position":2,"name":"News and Current Affairs","item":"https:\/\/www.rri.ro\/en\/news-and-current-affairs"},{"@type":"ListItem","position":3,"name":"Today in the News","item":"https:\/\/www.rri.ro\/en\/news-and-current-affairs\/today-in-the-news"},{"@type":"ListItem","position":4,"name":"Big cities in the red scenario"}]},{"@type":"WebSite","@id":"https:\/\/www.rri.ro\/#website","url":"https:\/\/www.rri.ro\/","name":"Radio Romania International","description":"Totul despre Rom\u00e2nia \u015fi rom\u00e2ni, \u00een 13 limbi\/dialecte!","inLanguage":"en-US"},{"@type":"Person","@id":"https:\/\/www.rri.ro\/#\/schema\/person\/5d5d5bd8eec0e962a50aaf3b0f6919c4","name":"Eugen Coroianu","url":"https:\/\/www.rri.ro\/en\/author\/eugen-coroianu"}]}},"_links":{"self":[{"href":"https:\/\/www.rri.ro\/en\/wp-json\/wp\/v2\/posts\/90865","targetHints":{"allow":["GET"]}}],"collection":[{"href":"https:\/\/www.rri.ro\/en\/wp-json\/wp\/v2\/posts"}],"about":[{"href":"https:\/\/www.rri.ro\/en\/wp-json\/wp\/v2\/types\/post"}],"author":[{"embeddable":true,"href":"https:\/\/www.rri.ro\/en\/wp-json\/wp\/v2\/users\/104"}],"replies":[{"embeddable":true,"href":"https:\/\/www.rri.ro\/en\/wp-json\/wp\/v2\/comments?post=90865"}],"version-history":[{"count":0,"href":"https:\/\/www.rri.ro\/en\/wp-json\/wp\/v2\/posts\/90865\/revisions"}],"wp:featuredmedia":[{"embeddable":true,"href":"https:\/\/www.rri.ro\/en\/wp-json\/wp\/v2\/media\/89913"}],"wp:attachment":[{"href":"https:\/\/www.rri.ro\/en\/wp-json\/wp\/v2\/media?parent=90865"}],"wp:term":[{"taxonomy":"category","embeddable":true,"href":"https:\/\/www.rri.ro\/en\/wp-json\/wp\/v2\/categories?post=90865"},{"taxonomy":"post_tag","embeddable":true,"href":"https:\/\/www.rri.ro\/en\/wp-json\/wp\/v2\/tags?post=90865"},{"taxonomy":"author","embeddable":true,"href":"https:\/\/www.rri.ro\/en\/wp-json\/wp\/v2\/coauthors?post=90865"}],"curies":[{"name":"wp","href":"https:\/\/api.w.org\/{rel}","templated":true}]}}