{"id":90976,"date":"2022-01-28T14:00:00","date_gmt":"2022-01-28T12:00:00","guid":{"rendered":"http:\/\/devrri.freshlemon.ro\/news-and-current-affairs\/newsflash\/steep-rise-in-covid-19-cases-90976.html"},"modified":"2024-02-19T09:00:41","modified_gmt":"2024-02-19T07:00:41","slug":"steep-rise-in-covid-19-cases","status":"publish","type":"post","link":"https:\/\/www.rri.ro\/en\/news-and-current-affairs\/today-in-the-news\/steep-rise-in-covid-19-cases-id90976.html","title":{"rendered":"Steep rise in Covid-19 cases"},"content":{"rendered":"<\/p>\n<p>Romania hit a new record this week in terms of new&#13;<br \/>\nCOVID-19 cases in 24 hours-over 34,000, with the number of tests conducted also&#13;<br \/>\ngoing up significantly.<\/p>\n<p><\/p>\n<p>&#13;<br \/>\n&#13;<br \/>\n&#13;<br \/>\n&#13;<\/p>\n<p>We&#13;<br \/>\nhad predicted this development, caused by the higher transmission rate of the Omicron&#13;<br \/>\ncompared to previous variants of the virus. We still have severe cases caused&#13;<br \/>\nby the Delta variant, which still accounts for 20 to 25% of the infections and&#13;<br \/>\nwhich reflects in the number of patients in intensive care, the health&#13;<br \/>\nminister Alexandru Rafila said. <\/p>\n<p><\/p>\n<p>&#13;<br \/>\n&#13;<br \/>\n&#13;<br \/>\n&#13;<\/p>\n<p>In&#13;<br \/>\nfact, he expects the figure to skyrocket next week to over 40,000 daily&#13;<br \/>\ninfection cases. A downward trend in infection might begin only after February&#13;<br \/>\n10, Rafila also said. <\/p>\n<p><\/p>\n<p>&#13;<br \/>\n&#13;<br \/>\n&#13;<br \/>\n&#13;<\/p>\n<p>In&#13;<br \/>\nrecent days, the testing capacity has increased substantially, as over 3,800 family&#13;<br \/>\ndoctors around the country have registered to provide tests, and in the capital&#13;<br \/>\nBucharest 30 test centres have been opened in hospitals. The authorities want this&#13;<br \/>\ntesting procedure extended across the country. <\/p>\n<p><\/p>\n<p>&#13;<br \/>\n&#13;<br \/>\n&#13;<br \/>\n&#13;<\/p>\n<p>The&#13;<br \/>\nlargest number of new cases is reported in Bucharest and in the counties of Timi\u015f&#13;<br \/>\n(south-west), Bihor (west), Ia\u015fi (east) and Cluj (north-west). The number of&#13;<br \/>\npatients in hospitals and in ICUs, as well as the number of related deaths, is&#13;<br \/>\nalso on the rise. Minister Alexandru Rafila warned that in certain counties the&#13;<br \/>\ncapacity of healthcare facilities is stretched to the limits. In Cluj county,&#13;<br \/>\n68% of the hospital places set aside for COVID patients are filled, which is&#13;<br \/>\nthe highest occupancy rate in the country. According to the authorities, when&#13;<br \/>\nthis rate goes over 75%, schools will switch to online teaching. <\/p>\n<p><\/p>\n<p>&#13;<br \/>\n&#13;<\/p>\n<p>After&#13;<br \/>\nthe new record in COVID-19 cases, the health minister says that for the time&#13;<br \/>\nbeing there are no reasons to panic and schools will stay open except for the&#13;<br \/>\nplaces with clusters of at least 3 infections in each class. <\/p>\n<p><\/p>\n<p>&#13;<br \/>\n&#13;<br \/>\n&#13;<br \/>\n&#13;<\/p>\n<p>In&#13;<br \/>\nthis context, the authorities once again emphasise the importance of face&#13;<br \/>\ncovering, of physical distancing and other hygiene measures, as well as of&#13;<br \/>\nvaccination. <\/p>\n<p><\/p>\n<p>&#13;<br \/>\n&#13;<br \/>\n&#13;<br \/>\n&#13;<\/p>\n<p>In&#13;<br \/>\nfact, the National Public Health Institute has announced that over 85% of the&#13;<br \/>\nCOVID-related deaths reported last week in Romania were among unvaccinated&#13;<br \/>\npatients, and over half of the Romanians who tested positive during the same&#13;<br \/>\nperiod had not received the vaccine. Of the vaccinated people who got the virus,&#13;<br \/>\nover half were either infected shortly after vaccination, or more than 6 months&#13;<br \/>\nsince receiving the last dose. <\/p>\n<p><\/p>\n<p>&#13;<br \/>\n&#13;<br \/>\n&#13;<br \/>\n&#13;<\/p>\n<p>Since&#13;<br \/>\nthe start of the vaccine roll-out in Romania, 50% of the adult population have&#13;<br \/>\nreceived at least one vaccine dose, and the vaccination rate for Romania&#8217;s&#13;<br \/>\ntotal population is near 42%. (A.M.P.)<\/p><\/p>\n","protected":false},"excerpt":{"rendered":"<p>The number of new COVID-19 infection cases is on the rise in Romania<\/p>\n","protected":false},"author":46,"featured_media":90835,"comment_status":"closed","ping_status":"closed","sticky":false,"template":"","format":"standard","meta":{"_acf_changed":false,"footnotes":""},"categories":[37738],"tags":[35392,35374,36289,29951,36442,32402],"coauthors":[],"class_list":["post-90976","post","type-post","status-publish","format-standard","has-post-thumbnail","hentry","category-today-in-the-news","tag-cases","tag-covid-19","tag-delta","tag-infection","tag-omicron","tag-vaccine"],"acf":[],"yoast_head":"<!-- This site is optimized with the Yoast SEO plugin v27.3 - https:\/\/yoast.com\/product\/yoast-seo-wordpress\/ -->\n<title>Steep rise in Covid-19 cases - Radio Romania International<\/title>\n<meta name=\"robots\" content=\"index, follow, max-snippet:-1, max-image-preview:large, max-video-preview:-1\" \/>\n<link rel=\"canonical\" href=\"https:\/\/www.rri.ro\/en\/news-and-current-affairs\/today-in-the-news\/steep-rise-in-covid-19-cases-id90976.html\" \/>\n<meta property=\"og:locale\" content=\"en_US\" \/>\n<meta property=\"og:type\" content=\"article\" \/>\n<meta property=\"og:title\" content=\"Steep rise in Covid-19 cases - Radio Romania International\" \/>\n<meta property=\"og:description\" content=\"The number of new COVID-19 infection cases is on the rise in Romania\" \/>\n<meta property=\"og:url\" content=\"https:\/\/www.rri.ro\/en\/news-and-current-affairs\/today-in-the-news\/steep-rise-in-covid-19-cases-id90976.html\" \/>\n<meta property=\"og:site_name\" content=\"Radio Romania International\" \/>\n<meta property=\"article:published_time\" content=\"2022-01-28T12:00:00+00:00\" \/>\n<meta property=\"article:modified_time\" content=\"2024-02-19T07:00:41+00:00\" \/>\n<meta property=\"og:image\" content=\"https:\/\/www.rri.ro\/wp-content\/uploads\/2023\/10\/coronavirus-omicron-foto-pixabay.png\" \/>\n\t<meta property=\"og:image:width\" content=\"640\" \/>\n\t<meta property=\"og:image:height\" content=\"424\" \/>\n\t<meta property=\"og:image:type\" content=\"image\/png\" \/>\n<meta name=\"author\" content=\"Leyla Cheamil\" \/>\n<meta name=\"twitter:card\" content=\"summary_large_image\" \/>\n<meta name=\"twitter:label1\" content=\"Written by\" \/>\n\t<meta name=\"twitter:data1\" content=\"Leyla Cheamil\" \/>\n\t<meta name=\"twitter:label2\" content=\"Est. reading time\" \/>\n\t<meta name=\"twitter:data2\" content=\"2 minutes\" \/>\n<script type=\"application\/ld+json\" class=\"yoast-schema-graph\">{\"@context\":\"https:\\\/\\\/schema.org\",\"@graph\":[{\"@type\":\"Article\",\"@id\":\"https:\\\/\\\/www.rri.ro\\\/en\\\/news-and-current-affairs\\\/today-in-the-news\\\/steep-rise-in-covid-19-cases-id90976.html#article\",\"isPartOf\":{\"@id\":\"https:\\\/\\\/www.rri.ro\\\/en\\\/news-and-current-affairs\\\/today-in-the-news\\\/steep-rise-in-covid-19-cases-id90976.html\"},\"author\":{\"name\":\"Leyla Cheamil\",\"@id\":\"https:\\\/\\\/www.rri.ro\\\/#\\\/schema\\\/person\\\/e6364ed2d4b6af207a82ca66000d07e0\"},\"headline\":\"Steep rise in Covid-19 cases\",\"datePublished\":\"2022-01-28T12:00:00+00:00\",\"dateModified\":\"2024-02-19T07:00:41+00:00\",\"mainEntityOfPage\":{\"@id\":\"https:\\\/\\\/www.rri.ro\\\/en\\\/news-and-current-affairs\\\/today-in-the-news\\\/steep-rise-in-covid-19-cases-id90976.html\"},\"wordCount\":426,\"image\":{\"@id\":\"https:\\\/\\\/www.rri.ro\\\/en\\\/news-and-current-affairs\\\/today-in-the-news\\\/steep-rise-in-covid-19-cases-id90976.html#primaryimage\"},\"thumbnailUrl\":\"https:\\\/\\\/www.rri.ro\\\/wp-content\\\/uploads\\\/2023\\\/10\\\/coronavirus-omicron-foto-pixabay.png\",\"keywords\":[\"cases\",\"Covid-19\",\"Delta\",\"infection\",\"Omicron\",\"Vaccine\"],\"articleSection\":[\"Today in the News\"],\"inLanguage\":\"en-US\"},{\"@type\":\"WebPage\",\"@id\":\"https:\\\/\\\/www.rri.ro\\\/en\\\/news-and-current-affairs\\\/today-in-the-news\\\/steep-rise-in-covid-19-cases-id90976.html\",\"url\":\"https:\\\/\\\/www.rri.ro\\\/en\\\/news-and-current-affairs\\\/today-in-the-news\\\/steep-rise-in-covid-19-cases-id90976.html\",\"name\":\"Steep rise in Covid-19 cases - Radio Romania International\",\"isPartOf\":{\"@id\":\"https:\\\/\\\/www.rri.ro\\\/#website\"},\"primaryImageOfPage\":{\"@id\":\"https:\\\/\\\/www.rri.ro\\\/en\\\/news-and-current-affairs\\\/today-in-the-news\\\/steep-rise-in-covid-19-cases-id90976.html#primaryimage\"},\"image\":{\"@id\":\"https:\\\/\\\/www.rri.ro\\\/en\\\/news-and-current-affairs\\\/today-in-the-news\\\/steep-rise-in-covid-19-cases-id90976.html#primaryimage\"},\"thumbnailUrl\":\"https:\\\/\\\/www.rri.ro\\\/wp-content\\\/uploads\\\/2023\\\/10\\\/coronavirus-omicron-foto-pixabay.png\",\"datePublished\":\"2022-01-28T12:00:00+00:00\",\"dateModified\":\"2024-02-19T07:00:41+00:00\",\"author\":{\"@id\":\"https:\\\/\\\/www.rri.ro\\\/#\\\/schema\\\/person\\\/e6364ed2d4b6af207a82ca66000d07e0\"},\"breadcrumb\":{\"@id\":\"https:\\\/\\\/www.rri.ro\\\/en\\\/news-and-current-affairs\\\/today-in-the-news\\\/steep-rise-in-covid-19-cases-id90976.html#breadcrumb\"},\"inLanguage\":\"en-US\",\"potentialAction\":[{\"@type\":\"ReadAction\",\"target\":[\"https:\\\/\\\/www.rri.ro\\\/en\\\/news-and-current-affairs\\\/today-in-the-news\\\/steep-rise-in-covid-19-cases-id90976.html\"]}]},{\"@type\":\"ImageObject\",\"inLanguage\":\"en-US\",\"@id\":\"https:\\\/\\\/www.rri.ro\\\/en\\\/news-and-current-affairs\\\/today-in-the-news\\\/steep-rise-in-covid-19-cases-id90976.html#primaryimage\",\"url\":\"https:\\\/\\\/www.rri.ro\\\/wp-content\\\/uploads\\\/2023\\\/10\\\/coronavirus-omicron-foto-pixabay.png\",\"contentUrl\":\"https:\\\/\\\/www.rri.ro\\\/wp-content\\\/uploads\\\/2023\\\/10\\\/coronavirus-omicron-foto-pixabay.png\",\"width\":640,\"height\":424},{\"@type\":\"BreadcrumbList\",\"@id\":\"https:\\\/\\\/www.rri.ro\\\/en\\\/news-and-current-affairs\\\/today-in-the-news\\\/steep-rise-in-covid-19-cases-id90976.html#breadcrumb\",\"itemListElement\":[{\"@type\":\"ListItem\",\"position\":1,\"name\":\"Homepage\",\"item\":\"https:\\\/\\\/www.rri.ro\\\/en\"},{\"@type\":\"ListItem\",\"position\":2,\"name\":\"News and Current Affairs\",\"item\":\"https:\\\/\\\/www.rri.ro\\\/en\\\/news-and-current-affairs\"},{\"@type\":\"ListItem\",\"position\":3,\"name\":\"Today in the News\",\"item\":\"https:\\\/\\\/www.rri.ro\\\/en\\\/news-and-current-affairs\\\/today-in-the-news\"},{\"@type\":\"ListItem\",\"position\":4,\"name\":\"Steep rise in Covid-19 cases\"}]},{\"@type\":\"WebSite\",\"@id\":\"https:\\\/\\\/www.rri.ro\\\/#website\",\"url\":\"https:\\\/\\\/www.rri.ro\\\/\",\"name\":\"Radio Romania International\",\"description\":\"Totul despre Rom\u00e2nia \u015fi rom\u00e2ni, \u00een 13 limbi\\\/dialecte!\",\"inLanguage\":\"en-US\"},{\"@type\":\"Person\",\"@id\":\"https:\\\/\\\/www.rri.ro\\\/#\\\/schema\\\/person\\\/e6364ed2d4b6af207a82ca66000d07e0\",\"name\":\"Leyla Cheamil\",\"url\":\"https:\\\/\\\/www.rri.ro\\\/en\\\/author\\\/leyla-cheamil\"}]}<\/script>\n<!-- \/ Yoast SEO plugin. -->","yoast_head_json":{"title":"Steep rise in Covid-19 cases - Radio Romania International","robots":{"index":"index","follow":"follow","max-snippet":"max-snippet:-1","max-image-preview":"max-image-preview:large","max-video-preview":"max-video-preview:-1"},"canonical":"https:\/\/www.rri.ro\/en\/news-and-current-affairs\/today-in-the-news\/steep-rise-in-covid-19-cases-id90976.html","og_locale":"en_US","og_type":"article","og_title":"Steep rise in Covid-19 cases - Radio Romania International","og_description":"The number of new COVID-19 infection cases is on the rise in Romania","og_url":"https:\/\/www.rri.ro\/en\/news-and-current-affairs\/today-in-the-news\/steep-rise-in-covid-19-cases-id90976.html","og_site_name":"Radio Romania International","article_published_time":"2022-01-28T12:00:00+00:00","article_modified_time":"2024-02-19T07:00:41+00:00","og_image":[{"width":640,"height":424,"url":"https:\/\/www.rri.ro\/wp-content\/uploads\/2023\/10\/coronavirus-omicron-foto-pixabay.png","type":"image\/png"}],"author":"Leyla Cheamil","twitter_card":"summary_large_image","twitter_misc":{"Written by":"Leyla Cheamil","Est. reading time":"2 minutes"},"schema":{"@context":"https:\/\/schema.org","@graph":[{"@type":"Article","@id":"https:\/\/www.rri.ro\/en\/news-and-current-affairs\/today-in-the-news\/steep-rise-in-covid-19-cases-id90976.html#article","isPartOf":{"@id":"https:\/\/www.rri.ro\/en\/news-and-current-affairs\/today-in-the-news\/steep-rise-in-covid-19-cases-id90976.html"},"author":{"name":"Leyla Cheamil","@id":"https:\/\/www.rri.ro\/#\/schema\/person\/e6364ed2d4b6af207a82ca66000d07e0"},"headline":"Steep rise in Covid-19 cases","datePublished":"2022-01-28T12:00:00+00:00","dateModified":"2024-02-19T07:00:41+00:00","mainEntityOfPage":{"@id":"https:\/\/www.rri.ro\/en\/news-and-current-affairs\/today-in-the-news\/steep-rise-in-covid-19-cases-id90976.html"},"wordCount":426,"image":{"@id":"https:\/\/www.rri.ro\/en\/news-and-current-affairs\/today-in-the-news\/steep-rise-in-covid-19-cases-id90976.html#primaryimage"},"thumbnailUrl":"https:\/\/www.rri.ro\/wp-content\/uploads\/2023\/10\/coronavirus-omicron-foto-pixabay.png","keywords":["cases","Covid-19","Delta","infection","Omicron","Vaccine"],"articleSection":["Today in the News"],"inLanguage":"en-US"},{"@type":"WebPage","@id":"https:\/\/www.rri.ro\/en\/news-and-current-affairs\/today-in-the-news\/steep-rise-in-covid-19-cases-id90976.html","url":"https:\/\/www.rri.ro\/en\/news-and-current-affairs\/today-in-the-news\/steep-rise-in-covid-19-cases-id90976.html","name":"Steep rise in Covid-19 cases - Radio Romania International","isPartOf":{"@id":"https:\/\/www.rri.ro\/#website"},"primaryImageOfPage":{"@id":"https:\/\/www.rri.ro\/en\/news-and-current-affairs\/today-in-the-news\/steep-rise-in-covid-19-cases-id90976.html#primaryimage"},"image":{"@id":"https:\/\/www.rri.ro\/en\/news-and-current-affairs\/today-in-the-news\/steep-rise-in-covid-19-cases-id90976.html#primaryimage"},"thumbnailUrl":"https:\/\/www.rri.ro\/wp-content\/uploads\/2023\/10\/coronavirus-omicron-foto-pixabay.png","datePublished":"2022-01-28T12:00:00+00:00","dateModified":"2024-02-19T07:00:41+00:00","author":{"@id":"https:\/\/www.rri.ro\/#\/schema\/person\/e6364ed2d4b6af207a82ca66000d07e0"},"breadcrumb":{"@id":"https:\/\/www.rri.ro\/en\/news-and-current-affairs\/today-in-the-news\/steep-rise-in-covid-19-cases-id90976.html#breadcrumb"},"inLanguage":"en-US","potentialAction":[{"@type":"ReadAction","target":["https:\/\/www.rri.ro\/en\/news-and-current-affairs\/today-in-the-news\/steep-rise-in-covid-19-cases-id90976.html"]}]},{"@type":"ImageObject","inLanguage":"en-US","@id":"https:\/\/www.rri.ro\/en\/news-and-current-affairs\/today-in-the-news\/steep-rise-in-covid-19-cases-id90976.html#primaryimage","url":"https:\/\/www.rri.ro\/wp-content\/uploads\/2023\/10\/coronavirus-omicron-foto-pixabay.png","contentUrl":"https:\/\/www.rri.ro\/wp-content\/uploads\/2023\/10\/coronavirus-omicron-foto-pixabay.png","width":640,"height":424},{"@type":"BreadcrumbList","@id":"https:\/\/www.rri.ro\/en\/news-and-current-affairs\/today-in-the-news\/steep-rise-in-covid-19-cases-id90976.html#breadcrumb","itemListElement":[{"@type":"ListItem","position":1,"name":"Homepage","item":"https:\/\/www.rri.ro\/en"},{"@type":"ListItem","position":2,"name":"News and Current Affairs","item":"https:\/\/www.rri.ro\/en\/news-and-current-affairs"},{"@type":"ListItem","position":3,"name":"Today in the News","item":"https:\/\/www.rri.ro\/en\/news-and-current-affairs\/today-in-the-news"},{"@type":"ListItem","position":4,"name":"Steep rise in Covid-19 cases"}]},{"@type":"WebSite","@id":"https:\/\/www.rri.ro\/#website","url":"https:\/\/www.rri.ro\/","name":"Radio Romania International","description":"Totul despre Rom\u00e2nia \u015fi rom\u00e2ni, \u00een 13 limbi\/dialecte!","inLanguage":"en-US"},{"@type":"Person","@id":"https:\/\/www.rri.ro\/#\/schema\/person\/e6364ed2d4b6af207a82ca66000d07e0","name":"Leyla Cheamil","url":"https:\/\/www.rri.ro\/en\/author\/leyla-cheamil"}]}},"_links":{"self":[{"href":"https:\/\/www.rri.ro\/en\/wp-json\/wp\/v2\/posts\/90976","targetHints":{"allow":["GET"]}}],"collection":[{"href":"https:\/\/www.rri.ro\/en\/wp-json\/wp\/v2\/posts"}],"about":[{"href":"https:\/\/www.rri.ro\/en\/wp-json\/wp\/v2\/types\/post"}],"author":[{"embeddable":true,"href":"https:\/\/www.rri.ro\/en\/wp-json\/wp\/v2\/users\/46"}],"replies":[{"embeddable":true,"href":"https:\/\/www.rri.ro\/en\/wp-json\/wp\/v2\/comments?post=90976"}],"version-history":[{"count":0,"href":"https:\/\/www.rri.ro\/en\/wp-json\/wp\/v2\/posts\/90976\/revisions"}],"wp:featuredmedia":[{"embeddable":true,"href":"https:\/\/www.rri.ro\/en\/wp-json\/wp\/v2\/media\/90835"}],"wp:attachment":[{"href":"https:\/\/www.rri.ro\/en\/wp-json\/wp\/v2\/media?parent=90976"}],"wp:term":[{"taxonomy":"category","embeddable":true,"href":"https:\/\/www.rri.ro\/en\/wp-json\/wp\/v2\/categories?post=90976"},{"taxonomy":"post_tag","embeddable":true,"href":"https:\/\/www.rri.ro\/en\/wp-json\/wp\/v2\/tags?post=90976"},{"taxonomy":"author","embeddable":true,"href":"https:\/\/www.rri.ro\/en\/wp-json\/wp\/v2\/coauthors?post=90976"}],"curies":[{"name":"wp","href":"https:\/\/api.w.org\/{rel}","templated":true}]}}