{"id":91209,"date":"2022-02-24T13:50:00","date_gmt":"2022-02-24T11:50:00","guid":{"rendered":"http:\/\/devrri.freshlemon.ro\/news-and-current-affairs\/newsflash\/investments-in-transport-91209.html"},"modified":"2024-02-19T09:01:15","modified_gmt":"2024-02-19T07:01:15","slug":"investments-in-transport","status":"publish","type":"post","link":"https:\/\/www.rri.ro\/en\/news-and-current-affairs\/today-in-the-news\/investments-in-transport-id91209.html","title":{"rendered":"Investments in transport"},"content":{"rendered":"<\/p>\n<p>The reforms and&#13;<br \/>\ninvestments laid down in Romania&#8217;s national recovery and resilience plan and&#13;<br \/>\nthe 2021-2027 cohesion policy in the field of transport were analysed on&#13;<br \/>\nWednesday in Brussels by the Romanian minister for investment and European&#13;<br \/>\nprojects Dan V\u00eelceanu and European transport commissioner Adina V\u0103lean. <\/p>\n<p><\/p>\n<p>&#13;<br \/>\n&#13;<br \/>\n&#13;<br \/>\n&#13;<\/p>\n<p>Talks focused on&#13;<br \/>\nthe railway strategy, the strategy for road safety and the stage of public&#13;<br \/>\nprocurement procedures for the main investments in the field of transports. With&#13;<br \/>\nrespect to the former, the Romanian minister said the implementation of the investment&#13;<br \/>\nplan and the action plan in the field would be monitored, and that the Romanian&#13;<br \/>\nauthorities were counting on the support of the operative group of the Directorate-General&#13;<br \/>\nfor Mobility and Transport. He underlined that it was essential for the&#13;<br \/>\nRomanian authorities to have a clear overall picture and a clear roadmap of&#13;<br \/>\nactions in the field, which is why they are also waiting for an opinion from&#13;<br \/>\ntheir European partners. As for the public procurement with respect to the main&#13;<br \/>\ninvestments in the field of EU funded transports, Dan V\u00eelceanu said most&#13;<br \/>\ntenders were already launched. <\/p>\n<p><\/p>\n<p>&#13;<br \/>\n&#13;<br \/>\n&#13;<br \/>\n&#13;<\/p>\n<p>The proposed&#13;<br \/>\nallocation for Romania under the 2021-2027 cohesion policy&#8217;s Operational Programme&#13;<br \/>\nTransport is some 4.4 billion euros, out of the 373 billion euros for all&#13;<br \/>\nmember states. Romanian transport is also to receive 7.6 billion euros under&#13;<br \/>\nthe national recovery and resilience plan. The programme allows for&#13;<br \/>\nadvantageous loans to fund large-scale projects, such as building hundreds of km&#13;<br \/>\nof motorway, linking tens of thousands of homes to water and sewerage networks,&#13;<br \/>\nfacilities for the digitalisation of thousands of SMEs and the reforestation of&#13;<br \/>\ntens of thousands of hectares of land, said minister V\u00eelceanu. <\/p>\n<p><\/p>\n<p>&#13;<br \/>\n&#13;<br \/>\n&#13;<br \/>\n&#13;<\/p>\n<p>Last autumn, the&#13;<br \/>\nEuropean Commission approved Romania&#8217;s national recovery and resilience plan&#13;<br \/>\nworth over 29 billion euros divided almost equally between grants and loans. The&#13;<br \/>\nmoney is paid out in tranches, depending on the fulfilment of certain&#13;<br \/>\nobjectives. There are some 500 such objectives that have to be met by 31st&#13;<br \/>\nAugust 2026. The national recovery and resilience plan is based on the six&#13;<br \/>\npillars provided for under the Recovery and Resilience Mechanism and is divided&#13;<br \/>\ninto 15 components so that it covers Romania&#8217;s needs and at same time follows&#13;<br \/>\nthe priorities of the European Commission. The six pillars are: green transition,&#13;<br \/>\ndigital transformation, intelligent growth, social and territorial cohesion, health&#13;<br \/>\nand economic, social and institutional resilience and policies for the next generation,&#13;<br \/>\nchildren and youth. (CM)<\/p>\n<p><\/p>\n","protected":false},"excerpt":{"rendered":"<p>Romanian minister for investment and European projects Dan V\u00eelceanu had talks in Brussels with European transport commissioner Adina V\u0103lean.<\/p>\n","protected":false},"author":106,"featured_media":91210,"comment_status":"closed","ping_status":"closed","sticky":false,"template":"","format":"standard","meta":{"_acf_changed":false,"footnotes":""},"categories":[37738],"tags":[30843],"coauthors":[],"class_list":["post-91209","post","type-post","status-publish","format-standard","has-post-thumbnail","hentry","category-today-in-the-news","tag-transport"],"acf":[],"yoast_head":"<!-- This site is optimized with the Yoast SEO plugin v27.3 - https:\/\/yoast.com\/product\/yoast-seo-wordpress\/ -->\n<title>Investments in transport - Radio Romania International<\/title>\n<meta name=\"robots\" content=\"index, follow, max-snippet:-1, max-image-preview:large, max-video-preview:-1\" \/>\n<link rel=\"canonical\" href=\"https:\/\/www.rri.ro\/en\/news-and-current-affairs\/today-in-the-news\/investments-in-transport-id91209.html\" \/>\n<meta property=\"og:locale\" content=\"en_US\" \/>\n<meta property=\"og:type\" content=\"article\" \/>\n<meta property=\"og:title\" content=\"Investments in transport - Radio Romania International\" \/>\n<meta property=\"og:description\" content=\"Romanian minister for investment and European projects Dan V\u00eelceanu had talks in Brussels with European transport commissioner Adina V\u0103lean.\" \/>\n<meta property=\"og:url\" content=\"https:\/\/www.rri.ro\/en\/news-and-current-affairs\/today-in-the-news\/investments-in-transport-id91209.html\" \/>\n<meta property=\"og:site_name\" content=\"Radio Romania International\" \/>\n<meta property=\"article:published_time\" content=\"2022-02-24T11:50:00+00:00\" \/>\n<meta property=\"article:modified_time\" content=\"2024-02-19T07:01:15+00:00\" \/>\n<meta property=\"og:image\" content=\"https:\/\/www.rri.ro\/wp-content\/uploads\/2023\/10\/danvileanu-adinavalean-foto-fbvilceanu.png\" \/>\n\t<meta property=\"og:image:width\" content=\"640\" \/>\n\t<meta property=\"og:image:height\" content=\"426\" \/>\n\t<meta property=\"og:image:type\" content=\"image\/png\" \/>\n<meta name=\"author\" content=\"Mihai Pelin\" \/>\n<meta name=\"twitter:card\" content=\"summary_large_image\" \/>\n<meta name=\"twitter:label1\" content=\"Written by\" \/>\n\t<meta name=\"twitter:data1\" content=\"Mihai Pelin\" \/>\n\t<meta name=\"twitter:label2\" content=\"Est. reading time\" \/>\n\t<meta name=\"twitter:data2\" content=\"2 minutes\" \/>\n<script type=\"application\/ld+json\" class=\"yoast-schema-graph\">{\"@context\":\"https:\\\/\\\/schema.org\",\"@graph\":[{\"@type\":\"Article\",\"@id\":\"https:\\\/\\\/www.rri.ro\\\/en\\\/news-and-current-affairs\\\/today-in-the-news\\\/investments-in-transport-id91209.html#article\",\"isPartOf\":{\"@id\":\"https:\\\/\\\/www.rri.ro\\\/en\\\/news-and-current-affairs\\\/today-in-the-news\\\/investments-in-transport-id91209.html\"},\"author\":{\"name\":\"Mihai Pelin\",\"@id\":\"https:\\\/\\\/www.rri.ro\\\/#\\\/schema\\\/person\\\/c6036c822534c855dc3aad41a484f05d\"},\"headline\":\"Investments in transport\",\"datePublished\":\"2022-02-24T11:50:00+00:00\",\"dateModified\":\"2024-02-19T07:01:15+00:00\",\"mainEntityOfPage\":{\"@id\":\"https:\\\/\\\/www.rri.ro\\\/en\\\/news-and-current-affairs\\\/today-in-the-news\\\/investments-in-transport-id91209.html\"},\"wordCount\":410,\"image\":{\"@id\":\"https:\\\/\\\/www.rri.ro\\\/en\\\/news-and-current-affairs\\\/today-in-the-news\\\/investments-in-transport-id91209.html#primaryimage\"},\"thumbnailUrl\":\"https:\\\/\\\/www.rri.ro\\\/wp-content\\\/uploads\\\/2023\\\/10\\\/danvileanu-adinavalean-foto-fbvilceanu.png\",\"keywords\":[\"transport\"],\"articleSection\":[\"Today in the News\"],\"inLanguage\":\"en-US\"},{\"@type\":\"WebPage\",\"@id\":\"https:\\\/\\\/www.rri.ro\\\/en\\\/news-and-current-affairs\\\/today-in-the-news\\\/investments-in-transport-id91209.html\",\"url\":\"https:\\\/\\\/www.rri.ro\\\/en\\\/news-and-current-affairs\\\/today-in-the-news\\\/investments-in-transport-id91209.html\",\"name\":\"Investments in transport - Radio Romania International\",\"isPartOf\":{\"@id\":\"https:\\\/\\\/www.rri.ro\\\/#website\"},\"primaryImageOfPage\":{\"@id\":\"https:\\\/\\\/www.rri.ro\\\/en\\\/news-and-current-affairs\\\/today-in-the-news\\\/investments-in-transport-id91209.html#primaryimage\"},\"image\":{\"@id\":\"https:\\\/\\\/www.rri.ro\\\/en\\\/news-and-current-affairs\\\/today-in-the-news\\\/investments-in-transport-id91209.html#primaryimage\"},\"thumbnailUrl\":\"https:\\\/\\\/www.rri.ro\\\/wp-content\\\/uploads\\\/2023\\\/10\\\/danvileanu-adinavalean-foto-fbvilceanu.png\",\"datePublished\":\"2022-02-24T11:50:00+00:00\",\"dateModified\":\"2024-02-19T07:01:15+00:00\",\"author\":{\"@id\":\"https:\\\/\\\/www.rri.ro\\\/#\\\/schema\\\/person\\\/c6036c822534c855dc3aad41a484f05d\"},\"breadcrumb\":{\"@id\":\"https:\\\/\\\/www.rri.ro\\\/en\\\/news-and-current-affairs\\\/today-in-the-news\\\/investments-in-transport-id91209.html#breadcrumb\"},\"inLanguage\":\"en-US\",\"potentialAction\":[{\"@type\":\"ReadAction\",\"target\":[\"https:\\\/\\\/www.rri.ro\\\/en\\\/news-and-current-affairs\\\/today-in-the-news\\\/investments-in-transport-id91209.html\"]}]},{\"@type\":\"ImageObject\",\"inLanguage\":\"en-US\",\"@id\":\"https:\\\/\\\/www.rri.ro\\\/en\\\/news-and-current-affairs\\\/today-in-the-news\\\/investments-in-transport-id91209.html#primaryimage\",\"url\":\"https:\\\/\\\/www.rri.ro\\\/wp-content\\\/uploads\\\/2023\\\/10\\\/danvileanu-adinavalean-foto-fbvilceanu.png\",\"contentUrl\":\"https:\\\/\\\/www.rri.ro\\\/wp-content\\\/uploads\\\/2023\\\/10\\\/danvileanu-adinavalean-foto-fbvilceanu.png\",\"width\":640,\"height\":426},{\"@type\":\"BreadcrumbList\",\"@id\":\"https:\\\/\\\/www.rri.ro\\\/en\\\/news-and-current-affairs\\\/today-in-the-news\\\/investments-in-transport-id91209.html#breadcrumb\",\"itemListElement\":[{\"@type\":\"ListItem\",\"position\":1,\"name\":\"Homepage\",\"item\":\"https:\\\/\\\/www.rri.ro\\\/en\"},{\"@type\":\"ListItem\",\"position\":2,\"name\":\"News and Current Affairs\",\"item\":\"https:\\\/\\\/www.rri.ro\\\/en\\\/news-and-current-affairs\"},{\"@type\":\"ListItem\",\"position\":3,\"name\":\"Today in the News\",\"item\":\"https:\\\/\\\/www.rri.ro\\\/en\\\/news-and-current-affairs\\\/today-in-the-news\"},{\"@type\":\"ListItem\",\"position\":4,\"name\":\"Investments in transport\"}]},{\"@type\":\"WebSite\",\"@id\":\"https:\\\/\\\/www.rri.ro\\\/#website\",\"url\":\"https:\\\/\\\/www.rri.ro\\\/\",\"name\":\"Radio Romania International\",\"description\":\"Totul despre Rom\u00e2nia \u015fi rom\u00e2ni, \u00een 13 limbi\\\/dialecte!\",\"inLanguage\":\"en-US\"},{\"@type\":\"Person\",\"@id\":\"https:\\\/\\\/www.rri.ro\\\/#\\\/schema\\\/person\\\/c6036c822534c855dc3aad41a484f05d\",\"name\":\"Mihai Pelin\",\"url\":\"https:\\\/\\\/www.rri.ro\\\/en\\\/author\\\/mihai-pelin\"}]}<\/script>\n<!-- \/ Yoast SEO plugin. -->","yoast_head_json":{"title":"Investments in transport - Radio Romania International","robots":{"index":"index","follow":"follow","max-snippet":"max-snippet:-1","max-image-preview":"max-image-preview:large","max-video-preview":"max-video-preview:-1"},"canonical":"https:\/\/www.rri.ro\/en\/news-and-current-affairs\/today-in-the-news\/investments-in-transport-id91209.html","og_locale":"en_US","og_type":"article","og_title":"Investments in transport - Radio Romania International","og_description":"Romanian minister for investment and European projects Dan V\u00eelceanu had talks in Brussels with European transport commissioner Adina V\u0103lean.","og_url":"https:\/\/www.rri.ro\/en\/news-and-current-affairs\/today-in-the-news\/investments-in-transport-id91209.html","og_site_name":"Radio Romania International","article_published_time":"2022-02-24T11:50:00+00:00","article_modified_time":"2024-02-19T07:01:15+00:00","og_image":[{"width":640,"height":426,"url":"https:\/\/www.rri.ro\/wp-content\/uploads\/2023\/10\/danvileanu-adinavalean-foto-fbvilceanu.png","type":"image\/png"}],"author":"Mihai Pelin","twitter_card":"summary_large_image","twitter_misc":{"Written by":"Mihai Pelin","Est. reading time":"2 minutes"},"schema":{"@context":"https:\/\/schema.org","@graph":[{"@type":"Article","@id":"https:\/\/www.rri.ro\/en\/news-and-current-affairs\/today-in-the-news\/investments-in-transport-id91209.html#article","isPartOf":{"@id":"https:\/\/www.rri.ro\/en\/news-and-current-affairs\/today-in-the-news\/investments-in-transport-id91209.html"},"author":{"name":"Mihai Pelin","@id":"https:\/\/www.rri.ro\/#\/schema\/person\/c6036c822534c855dc3aad41a484f05d"},"headline":"Investments in transport","datePublished":"2022-02-24T11:50:00+00:00","dateModified":"2024-02-19T07:01:15+00:00","mainEntityOfPage":{"@id":"https:\/\/www.rri.ro\/en\/news-and-current-affairs\/today-in-the-news\/investments-in-transport-id91209.html"},"wordCount":410,"image":{"@id":"https:\/\/www.rri.ro\/en\/news-and-current-affairs\/today-in-the-news\/investments-in-transport-id91209.html#primaryimage"},"thumbnailUrl":"https:\/\/www.rri.ro\/wp-content\/uploads\/2023\/10\/danvileanu-adinavalean-foto-fbvilceanu.png","keywords":["transport"],"articleSection":["Today in the News"],"inLanguage":"en-US"},{"@type":"WebPage","@id":"https:\/\/www.rri.ro\/en\/news-and-current-affairs\/today-in-the-news\/investments-in-transport-id91209.html","url":"https:\/\/www.rri.ro\/en\/news-and-current-affairs\/today-in-the-news\/investments-in-transport-id91209.html","name":"Investments in transport - Radio Romania International","isPartOf":{"@id":"https:\/\/www.rri.ro\/#website"},"primaryImageOfPage":{"@id":"https:\/\/www.rri.ro\/en\/news-and-current-affairs\/today-in-the-news\/investments-in-transport-id91209.html#primaryimage"},"image":{"@id":"https:\/\/www.rri.ro\/en\/news-and-current-affairs\/today-in-the-news\/investments-in-transport-id91209.html#primaryimage"},"thumbnailUrl":"https:\/\/www.rri.ro\/wp-content\/uploads\/2023\/10\/danvileanu-adinavalean-foto-fbvilceanu.png","datePublished":"2022-02-24T11:50:00+00:00","dateModified":"2024-02-19T07:01:15+00:00","author":{"@id":"https:\/\/www.rri.ro\/#\/schema\/person\/c6036c822534c855dc3aad41a484f05d"},"breadcrumb":{"@id":"https:\/\/www.rri.ro\/en\/news-and-current-affairs\/today-in-the-news\/investments-in-transport-id91209.html#breadcrumb"},"inLanguage":"en-US","potentialAction":[{"@type":"ReadAction","target":["https:\/\/www.rri.ro\/en\/news-and-current-affairs\/today-in-the-news\/investments-in-transport-id91209.html"]}]},{"@type":"ImageObject","inLanguage":"en-US","@id":"https:\/\/www.rri.ro\/en\/news-and-current-affairs\/today-in-the-news\/investments-in-transport-id91209.html#primaryimage","url":"https:\/\/www.rri.ro\/wp-content\/uploads\/2023\/10\/danvileanu-adinavalean-foto-fbvilceanu.png","contentUrl":"https:\/\/www.rri.ro\/wp-content\/uploads\/2023\/10\/danvileanu-adinavalean-foto-fbvilceanu.png","width":640,"height":426},{"@type":"BreadcrumbList","@id":"https:\/\/www.rri.ro\/en\/news-and-current-affairs\/today-in-the-news\/investments-in-transport-id91209.html#breadcrumb","itemListElement":[{"@type":"ListItem","position":1,"name":"Homepage","item":"https:\/\/www.rri.ro\/en"},{"@type":"ListItem","position":2,"name":"News and Current Affairs","item":"https:\/\/www.rri.ro\/en\/news-and-current-affairs"},{"@type":"ListItem","position":3,"name":"Today in the News","item":"https:\/\/www.rri.ro\/en\/news-and-current-affairs\/today-in-the-news"},{"@type":"ListItem","position":4,"name":"Investments in transport"}]},{"@type":"WebSite","@id":"https:\/\/www.rri.ro\/#website","url":"https:\/\/www.rri.ro\/","name":"Radio Romania International","description":"Totul despre Rom\u00e2nia \u015fi rom\u00e2ni, \u00een 13 limbi\/dialecte!","inLanguage":"en-US"},{"@type":"Person","@id":"https:\/\/www.rri.ro\/#\/schema\/person\/c6036c822534c855dc3aad41a484f05d","name":"Mihai Pelin","url":"https:\/\/www.rri.ro\/en\/author\/mihai-pelin"}]}},"_links":{"self":[{"href":"https:\/\/www.rri.ro\/en\/wp-json\/wp\/v2\/posts\/91209","targetHints":{"allow":["GET"]}}],"collection":[{"href":"https:\/\/www.rri.ro\/en\/wp-json\/wp\/v2\/posts"}],"about":[{"href":"https:\/\/www.rri.ro\/en\/wp-json\/wp\/v2\/types\/post"}],"author":[{"embeddable":true,"href":"https:\/\/www.rri.ro\/en\/wp-json\/wp\/v2\/users\/106"}],"replies":[{"embeddable":true,"href":"https:\/\/www.rri.ro\/en\/wp-json\/wp\/v2\/comments?post=91209"}],"version-history":[{"count":0,"href":"https:\/\/www.rri.ro\/en\/wp-json\/wp\/v2\/posts\/91209\/revisions"}],"wp:featuredmedia":[{"embeddable":true,"href":"https:\/\/www.rri.ro\/en\/wp-json\/wp\/v2\/media\/91210"}],"wp:attachment":[{"href":"https:\/\/www.rri.ro\/en\/wp-json\/wp\/v2\/media?parent=91209"}],"wp:term":[{"taxonomy":"category","embeddable":true,"href":"https:\/\/www.rri.ro\/en\/wp-json\/wp\/v2\/categories?post=91209"},{"taxonomy":"post_tag","embeddable":true,"href":"https:\/\/www.rri.ro\/en\/wp-json\/wp\/v2\/tags?post=91209"},{"taxonomy":"author","embeddable":true,"href":"https:\/\/www.rri.ro\/en\/wp-json\/wp\/v2\/coauthors?post=91209"}],"curies":[{"name":"wp","href":"https:\/\/api.w.org\/{rel}","templated":true}]}}