{"id":919812,"date":"2025-08-22T14:00:58","date_gmt":"2025-08-22T11:00:58","guid":{"rendered":"https:\/\/www.rri.ro\/?p=919812"},"modified":"2025-08-22T11:23:45","modified_gmt":"2025-08-22T08:23:45","slug":"2025-george-enescu-international-festival-begins","status":"publish","type":"post","link":"https:\/\/www.rri.ro\/en\/news-and-current-affairs\/today-in-the-news\/2025-george-enescu-international-festival-begins-id919812.html","title":{"rendered":"2025 \u201cGeorge Enescu\u201d International Festival begins"},"content":{"rendered":"<p>It\u2019s been 70 years since the death of the great composer George Enescu, and this year&#8217;s edition of the international festival named after him will be an opportunity to bring to the fore both his artistic legacy and his profound impact on universal classical music. Over 4,000 artists from Romania and around the world will be present in Bucharest to take part in the 27<sup>th<\/sup> edition of the \u201cGeorge Enescu\u201d International Festival between August 24 and September 21.<\/p>\n<p>&nbsp;<\/p>\n<p>During the 29 days of celebration of classical music, over 95 concerts and performances will take place, for all categories of audience. The most important guest artists include the conductors Keri-Lynn Wilson, Ustina Dubitsky, Daniele Gatti, Sir Andras Schiff, Ivan Fischer and Cristian Mandeal, the pianists Rudolf Buchbinder, Martha Argerich and Lucas &amp; Arthur Jussen, the cellists Kian Soltani, Sol Gabetta and Andrei Ioni\u0163\u0103.<\/p>\n<p>&nbsp;<\/p>\n<p>The &#8216;George Enescu&#8217; Festival will include over 45 performances of George Enescu&#8217;s works, including the opera &#8216;Oedipus&#8217; produced by the Bucharest National Opera and directed by Stefano Poda. Enescu\u2019s symphonies, Romanian rhapsodies, suites for orchestra, Symphony Concertante for Cello and Orchestra, Ballade for violin and orchestra and many other chamber, choral and solo works will also be performed by some of the most important orchestras in the world.<\/p>\n<p>&nbsp;<\/p>\n<p>This year&#8217;s edition boasts great artistic diversity, with over 80 ensembles from 28 countries, including symphony orchestras, choirs and chamber groups, performing both in Bucharest and across the country, as well as related events such as exhibitions devoted to George Enescu and innovative VR projects.<\/p>\n<p>&nbsp;<\/p>\n<p>On the other hand, the festival extends beyond traditional concert halls. Control nightclub in Romania\u2019s capital city will host events where international artists and top Romanian ensembles come up with a different kind of musical experience\u2014free, experimental music in a dialogue with jazz, electronica and contemporary percussion. The &#8216;Enescu in Control&#8217; project is a novelty in the festival: an opening towards a cultural space that, in the last 17 years, has become a landmark for alternative music in Romania.<\/p>\n<p>&nbsp;<\/p>\n<p>Since the festival\u2019s first edition in 1958, without interruption, Radio Romania has been close to the Enescu Festival, as a co-producer. Radio Romania Music, the only radio station in the country devoted to classical music, acclaimed nationally and internationally, airs 63 of the concerts taking place in Bucharest. Thanks to the involvement of Radio Romania Music, 11 of the Enescu Festival concerts are also included in the European Broadcasting Union (EBU) Summer Season, which brings together recordings and live broadcasts of the most important European festivals, such as the BBC Proms, Richard Wagner at Bayreuth or the Salzburg Festival. Radio Romania orchestras and choirs will also perform at the festival. (AMP)<\/p>\n","protected":false},"excerpt":{"rendered":"<p>It\u2019s been 70 years since the death of the great composer George Enescu, and this year&#8217;s edition of the international festival named after him will be an opportunity to bring to the fore both his artistic legacy and his profound impact on universal classical music. Over 4,000 artists from Romania and around the world will [&hellip;]<\/p>\n","protected":false},"author":110,"featured_media":902859,"comment_status":"closed","ping_status":"closed","sticky":false,"template":"","format":"standard","meta":{"_acf_changed":false,"footnotes":""},"categories":[37738],"tags":[30692,153701,36111,29213],"coauthors":[113257],"class_list":["post-919812","post","type-post","status-publish","format-standard","has-post-thumbnail","hentry","category-today-in-the-news","tag-festival","tag-george-enescu-en","tag-international","tag-music"],"acf":[],"yoast_head":"<!-- This site is optimized with the Yoast SEO plugin v27.3 - https:\/\/yoast.com\/product\/yoast-seo-wordpress\/ -->\n<title>2025 \u201cGeorge Enescu\u201d International Festival begins - Radio Romania International<\/title>\n<meta name=\"robots\" content=\"index, follow, max-snippet:-1, max-image-preview:large, max-video-preview:-1\" \/>\n<link rel=\"canonical\" href=\"https:\/\/www.rri.ro\/en\/news-and-current-affairs\/today-in-the-news\/2025-george-enescu-international-festival-begins-id919812.html\" \/>\n<meta property=\"og:locale\" content=\"en_US\" \/>\n<meta property=\"og:type\" content=\"article\" \/>\n<meta property=\"og:title\" content=\"2025 \u201cGeorge Enescu\u201d International Festival begins - Radio Romania International\" \/>\n<meta property=\"og:description\" content=\"It\u2019s been 70 years since the death of the great composer George Enescu, and this year&#8217;s edition of the international festival named after him will be an opportunity to bring to the fore both his artistic legacy and his profound impact on universal classical music. Over 4,000 artists from Romania and around the world will [&hellip;]\" \/>\n<meta property=\"og:url\" content=\"https:\/\/www.rri.ro\/en\/news-and-current-affairs\/today-in-the-news\/2025-george-enescu-international-festival-begins-id919812.html\" \/>\n<meta property=\"og:site_name\" content=\"Radio Romania International\" \/>\n<meta property=\"article:published_time\" content=\"2025-08-22T11:00:58+00:00\" \/>\n<meta property=\"og:image\" content=\"https:\/\/www.rri.ro\/wp-content\/uploads\/2025\/06\/Festivalul-International-George-Enescu-2025.jpg\" \/>\n\t<meta property=\"og:image:width\" content=\"960\" \/>\n\t<meta property=\"og:image:height\" content=\"542\" \/>\n\t<meta property=\"og:image:type\" content=\"image\/jpeg\" \/>\n<meta name=\"author\" content=\"\u015etefan Stoica\" \/>\n<meta name=\"twitter:card\" content=\"summary_large_image\" \/>\n<meta name=\"twitter:label1\" content=\"Written by\" \/>\n\t<meta name=\"twitter:data1\" content=\"\u015etefan Stoica\" \/>\n\t<meta name=\"twitter:label2\" content=\"Est. reading time\" \/>\n\t<meta name=\"twitter:data2\" content=\"2 minutes\" \/>\n<script type=\"application\/ld+json\" class=\"yoast-schema-graph\">{\"@context\":\"https:\\\/\\\/schema.org\",\"@graph\":[{\"@type\":\"Article\",\"@id\":\"https:\\\/\\\/www.rri.ro\\\/en\\\/news-and-current-affairs\\\/today-in-the-news\\\/2025-george-enescu-international-festival-begins-id919812.html#article\",\"isPartOf\":{\"@id\":\"https:\\\/\\\/www.rri.ro\\\/en\\\/news-and-current-affairs\\\/today-in-the-news\\\/2025-george-enescu-international-festival-begins-id919812.html\"},\"author\":{\"name\":\"\u015etefan Stoica\",\"@id\":\"https:\\\/\\\/www.rri.ro\\\/#\\\/schema\\\/person\\\/2d81d5dc94d44190d13245f64551d334\"},\"headline\":\"2025 \u201cGeorge Enescu\u201d International Festival begins\",\"datePublished\":\"2025-08-22T11:00:58+00:00\",\"mainEntityOfPage\":{\"@id\":\"https:\\\/\\\/www.rri.ro\\\/en\\\/news-and-current-affairs\\\/today-in-the-news\\\/2025-george-enescu-international-festival-begins-id919812.html\"},\"wordCount\":450,\"image\":{\"@id\":\"https:\\\/\\\/www.rri.ro\\\/en\\\/news-and-current-affairs\\\/today-in-the-news\\\/2025-george-enescu-international-festival-begins-id919812.html#primaryimage\"},\"thumbnailUrl\":\"https:\\\/\\\/www.rri.ro\\\/wp-content\\\/uploads\\\/2025\\\/06\\\/Festivalul-International-George-Enescu-2025.jpg\",\"keywords\":[\"festival\",\"George Enescu,\",\"international\",\"music\"],\"articleSection\":[\"Today in the News\"],\"inLanguage\":\"en-US\"},{\"@type\":\"WebPage\",\"@id\":\"https:\\\/\\\/www.rri.ro\\\/en\\\/news-and-current-affairs\\\/today-in-the-news\\\/2025-george-enescu-international-festival-begins-id919812.html\",\"url\":\"https:\\\/\\\/www.rri.ro\\\/en\\\/news-and-current-affairs\\\/today-in-the-news\\\/2025-george-enescu-international-festival-begins-id919812.html\",\"name\":\"2025 \u201cGeorge Enescu\u201d International Festival begins - Radio Romania International\",\"isPartOf\":{\"@id\":\"https:\\\/\\\/www.rri.ro\\\/#website\"},\"primaryImageOfPage\":{\"@id\":\"https:\\\/\\\/www.rri.ro\\\/en\\\/news-and-current-affairs\\\/today-in-the-news\\\/2025-george-enescu-international-festival-begins-id919812.html#primaryimage\"},\"image\":{\"@id\":\"https:\\\/\\\/www.rri.ro\\\/en\\\/news-and-current-affairs\\\/today-in-the-news\\\/2025-george-enescu-international-festival-begins-id919812.html#primaryimage\"},\"thumbnailUrl\":\"https:\\\/\\\/www.rri.ro\\\/wp-content\\\/uploads\\\/2025\\\/06\\\/Festivalul-International-George-Enescu-2025.jpg\",\"datePublished\":\"2025-08-22T11:00:58+00:00\",\"author\":{\"@id\":\"https:\\\/\\\/www.rri.ro\\\/#\\\/schema\\\/person\\\/2d81d5dc94d44190d13245f64551d334\"},\"breadcrumb\":{\"@id\":\"https:\\\/\\\/www.rri.ro\\\/en\\\/news-and-current-affairs\\\/today-in-the-news\\\/2025-george-enescu-international-festival-begins-id919812.html#breadcrumb\"},\"inLanguage\":\"en-US\",\"potentialAction\":[{\"@type\":\"ReadAction\",\"target\":[\"https:\\\/\\\/www.rri.ro\\\/en\\\/news-and-current-affairs\\\/today-in-the-news\\\/2025-george-enescu-international-festival-begins-id919812.html\"]}]},{\"@type\":\"ImageObject\",\"inLanguage\":\"en-US\",\"@id\":\"https:\\\/\\\/www.rri.ro\\\/en\\\/news-and-current-affairs\\\/today-in-the-news\\\/2025-george-enescu-international-festival-begins-id919812.html#primaryimage\",\"url\":\"https:\\\/\\\/www.rri.ro\\\/wp-content\\\/uploads\\\/2025\\\/06\\\/Festivalul-International-George-Enescu-2025.jpg\",\"contentUrl\":\"https:\\\/\\\/www.rri.ro\\\/wp-content\\\/uploads\\\/2025\\\/06\\\/Festivalul-International-George-Enescu-2025.jpg\",\"width\":960,\"height\":542,\"caption\":\"2025 George Enescu International Festival\"},{\"@type\":\"BreadcrumbList\",\"@id\":\"https:\\\/\\\/www.rri.ro\\\/en\\\/news-and-current-affairs\\\/today-in-the-news\\\/2025-george-enescu-international-festival-begins-id919812.html#breadcrumb\",\"itemListElement\":[{\"@type\":\"ListItem\",\"position\":1,\"name\":\"Homepage\",\"item\":\"https:\\\/\\\/www.rri.ro\\\/en\"},{\"@type\":\"ListItem\",\"position\":2,\"name\":\"Actualitate\",\"item\":\"https:\\\/\\\/www.rri.ro\\\/actualitate\"},{\"@type\":\"ListItem\",\"position\":3,\"name\":\"Today in the News\",\"item\":\"https:\\\/\\\/www.rri.ro\\\/en\\\/news-and-current-affairs\\\/today-in-the-news\"},{\"@type\":\"ListItem\",\"position\":4,\"name\":\"2025 \u201cGeorge Enescu\u201d International Festival begins\"}]},{\"@type\":\"WebSite\",\"@id\":\"https:\\\/\\\/www.rri.ro\\\/#website\",\"url\":\"https:\\\/\\\/www.rri.ro\\\/\",\"name\":\"Radio Romania International\",\"description\":\"Totul despre Rom\u00e2nia \u015fi rom\u00e2ni, \u00een 13 limbi\\\/dialecte!\",\"inLanguage\":\"en-US\"},{\"@type\":\"Person\",\"@id\":\"https:\\\/\\\/www.rri.ro\\\/#\\\/schema\\\/person\\\/2d81d5dc94d44190d13245f64551d334\",\"name\":\"\u015etefan Stoica\",\"url\":\"https:\\\/\\\/www.rri.ro\\\/en\\\/author\\\/stefan-stoica\"}]}<\/script>\n<!-- \/ Yoast SEO plugin. -->","yoast_head_json":{"title":"2025 \u201cGeorge Enescu\u201d International Festival begins - Radio Romania International","robots":{"index":"index","follow":"follow","max-snippet":"max-snippet:-1","max-image-preview":"max-image-preview:large","max-video-preview":"max-video-preview:-1"},"canonical":"https:\/\/www.rri.ro\/en\/news-and-current-affairs\/today-in-the-news\/2025-george-enescu-international-festival-begins-id919812.html","og_locale":"en_US","og_type":"article","og_title":"2025 \u201cGeorge Enescu\u201d International Festival begins - Radio Romania International","og_description":"It\u2019s been 70 years since the death of the great composer George Enescu, and this year&#8217;s edition of the international festival named after him will be an opportunity to bring to the fore both his artistic legacy and his profound impact on universal classical music. Over 4,000 artists from Romania and around the world will [&hellip;]","og_url":"https:\/\/www.rri.ro\/en\/news-and-current-affairs\/today-in-the-news\/2025-george-enescu-international-festival-begins-id919812.html","og_site_name":"Radio Romania International","article_published_time":"2025-08-22T11:00:58+00:00","og_image":[{"width":960,"height":542,"url":"https:\/\/www.rri.ro\/wp-content\/uploads\/2025\/06\/Festivalul-International-George-Enescu-2025.jpg","type":"image\/jpeg"}],"author":"\u015etefan Stoica","twitter_card":"summary_large_image","twitter_misc":{"Written by":"\u015etefan Stoica","Est. reading time":"2 minutes"},"schema":{"@context":"https:\/\/schema.org","@graph":[{"@type":"Article","@id":"https:\/\/www.rri.ro\/en\/news-and-current-affairs\/today-in-the-news\/2025-george-enescu-international-festival-begins-id919812.html#article","isPartOf":{"@id":"https:\/\/www.rri.ro\/en\/news-and-current-affairs\/today-in-the-news\/2025-george-enescu-international-festival-begins-id919812.html"},"author":{"name":"\u015etefan Stoica","@id":"https:\/\/www.rri.ro\/#\/schema\/person\/2d81d5dc94d44190d13245f64551d334"},"headline":"2025 \u201cGeorge Enescu\u201d International Festival begins","datePublished":"2025-08-22T11:00:58+00:00","mainEntityOfPage":{"@id":"https:\/\/www.rri.ro\/en\/news-and-current-affairs\/today-in-the-news\/2025-george-enescu-international-festival-begins-id919812.html"},"wordCount":450,"image":{"@id":"https:\/\/www.rri.ro\/en\/news-and-current-affairs\/today-in-the-news\/2025-george-enescu-international-festival-begins-id919812.html#primaryimage"},"thumbnailUrl":"https:\/\/www.rri.ro\/wp-content\/uploads\/2025\/06\/Festivalul-International-George-Enescu-2025.jpg","keywords":["festival","George Enescu,","international","music"],"articleSection":["Today in the News"],"inLanguage":"en-US"},{"@type":"WebPage","@id":"https:\/\/www.rri.ro\/en\/news-and-current-affairs\/today-in-the-news\/2025-george-enescu-international-festival-begins-id919812.html","url":"https:\/\/www.rri.ro\/en\/news-and-current-affairs\/today-in-the-news\/2025-george-enescu-international-festival-begins-id919812.html","name":"2025 \u201cGeorge Enescu\u201d International Festival begins - Radio Romania International","isPartOf":{"@id":"https:\/\/www.rri.ro\/#website"},"primaryImageOfPage":{"@id":"https:\/\/www.rri.ro\/en\/news-and-current-affairs\/today-in-the-news\/2025-george-enescu-international-festival-begins-id919812.html#primaryimage"},"image":{"@id":"https:\/\/www.rri.ro\/en\/news-and-current-affairs\/today-in-the-news\/2025-george-enescu-international-festival-begins-id919812.html#primaryimage"},"thumbnailUrl":"https:\/\/www.rri.ro\/wp-content\/uploads\/2025\/06\/Festivalul-International-George-Enescu-2025.jpg","datePublished":"2025-08-22T11:00:58+00:00","author":{"@id":"https:\/\/www.rri.ro\/#\/schema\/person\/2d81d5dc94d44190d13245f64551d334"},"breadcrumb":{"@id":"https:\/\/www.rri.ro\/en\/news-and-current-affairs\/today-in-the-news\/2025-george-enescu-international-festival-begins-id919812.html#breadcrumb"},"inLanguage":"en-US","potentialAction":[{"@type":"ReadAction","target":["https:\/\/www.rri.ro\/en\/news-and-current-affairs\/today-in-the-news\/2025-george-enescu-international-festival-begins-id919812.html"]}]},{"@type":"ImageObject","inLanguage":"en-US","@id":"https:\/\/www.rri.ro\/en\/news-and-current-affairs\/today-in-the-news\/2025-george-enescu-international-festival-begins-id919812.html#primaryimage","url":"https:\/\/www.rri.ro\/wp-content\/uploads\/2025\/06\/Festivalul-International-George-Enescu-2025.jpg","contentUrl":"https:\/\/www.rri.ro\/wp-content\/uploads\/2025\/06\/Festivalul-International-George-Enescu-2025.jpg","width":960,"height":542,"caption":"2025 George Enescu International Festival"},{"@type":"BreadcrumbList","@id":"https:\/\/www.rri.ro\/en\/news-and-current-affairs\/today-in-the-news\/2025-george-enescu-international-festival-begins-id919812.html#breadcrumb","itemListElement":[{"@type":"ListItem","position":1,"name":"Homepage","item":"https:\/\/www.rri.ro\/en"},{"@type":"ListItem","position":2,"name":"Actualitate","item":"https:\/\/www.rri.ro\/actualitate"},{"@type":"ListItem","position":3,"name":"Today in the News","item":"https:\/\/www.rri.ro\/en\/news-and-current-affairs\/today-in-the-news"},{"@type":"ListItem","position":4,"name":"2025 \u201cGeorge Enescu\u201d International Festival begins"}]},{"@type":"WebSite","@id":"https:\/\/www.rri.ro\/#website","url":"https:\/\/www.rri.ro\/","name":"Radio Romania International","description":"Totul despre Rom\u00e2nia \u015fi rom\u00e2ni, \u00een 13 limbi\/dialecte!","inLanguage":"en-US"},{"@type":"Person","@id":"https:\/\/www.rri.ro\/#\/schema\/person\/2d81d5dc94d44190d13245f64551d334","name":"\u015etefan Stoica","url":"https:\/\/www.rri.ro\/en\/author\/stefan-stoica"}]}},"_links":{"self":[{"href":"https:\/\/www.rri.ro\/en\/wp-json\/wp\/v2\/posts\/919812","targetHints":{"allow":["GET"]}}],"collection":[{"href":"https:\/\/www.rri.ro\/en\/wp-json\/wp\/v2\/posts"}],"about":[{"href":"https:\/\/www.rri.ro\/en\/wp-json\/wp\/v2\/types\/post"}],"author":[{"embeddable":true,"href":"https:\/\/www.rri.ro\/en\/wp-json\/wp\/v2\/users\/110"}],"replies":[{"embeddable":true,"href":"https:\/\/www.rri.ro\/en\/wp-json\/wp\/v2\/comments?post=919812"}],"version-history":[{"count":0,"href":"https:\/\/www.rri.ro\/en\/wp-json\/wp\/v2\/posts\/919812\/revisions"}],"wp:featuredmedia":[{"embeddable":true,"href":"https:\/\/www.rri.ro\/en\/wp-json\/wp\/v2\/media\/902859"}],"wp:attachment":[{"href":"https:\/\/www.rri.ro\/en\/wp-json\/wp\/v2\/media?parent=919812"}],"wp:term":[{"taxonomy":"category","embeddable":true,"href":"https:\/\/www.rri.ro\/en\/wp-json\/wp\/v2\/categories?post=919812"},{"taxonomy":"post_tag","embeddable":true,"href":"https:\/\/www.rri.ro\/en\/wp-json\/wp\/v2\/tags?post=919812"},{"taxonomy":"author","embeddable":true,"href":"https:\/\/www.rri.ro\/en\/wp-json\/wp\/v2\/coauthors?post=919812"}],"curies":[{"name":"wp","href":"https:\/\/api.w.org\/{rel}","templated":true}]}}