{"id":920654,"date":"2025-08-25T14:00:47","date_gmt":"2025-08-25T11:00:47","guid":{"rendered":"https:\/\/www.rri.ro\/?p=920654"},"modified":"2025-08-25T11:48:41","modified_gmt":"2025-08-25T08:48:41","slug":"romania-supports-moldova-and-ukraine","status":"publish","type":"post","link":"https:\/\/www.rri.ro\/en\/news-and-current-affairs\/today-in-the-news\/romania-supports-moldova-and-ukraine-id920654.html","title":{"rendered":"Romania supports Moldova and Ukraine"},"content":{"rendered":"<p>&nbsp;<\/p>\n<p>Romania supports in every way the Republic of Moldova&#8217;s path to EU accession, Romania\u2019s PM Ilie Bolojan said during a working visit to Chisinau on Saturday. After a meeting with the head of the pro-Western government in Chisinau, Dorin Recean, the Romanian PM mentioned that, in recent years, Moldova had to face unprecedented pressures, but managed to preserve its sovereignty and independence, and became an example of courage as it withstood Russia\u2019s energy blackmail, propaganda and hybrid aggression.<\/p>\n<p>&nbsp;<\/p>\n<p>According to Radio Romania correspondents in Chisinau, the two prime ministers analysed the bilateral economic cooperation, major infrastructure projects, such as power lines and bridges over the River Prut border, and ways to facilitate border crossings. Dorin Recean thanked Romania for helping Moldova secure its energy independence. He explained that at present 50% of Moldova\u2019s electricity needs are covered by Romanian supplies at favourable prices. Moreover, Recean added, Romania is today one of the main markets for Moldovan products, such as electrical conductors, wines and furniture.<\/p>\n<p>&nbsp;<\/p>\n<p>Moldova and Romania support each other and are building a secure and thriving European future, president Maia Sandu said in turn, after a meeting with PM Bolojan. \u201cEverything we achieve together, from energy and infrastructure to investments and jobs, means more stability, more opportunities, and, for the Republic of Moldova, concrete steps towards EU membership,\u201d the Moldovan official said.<\/p>\n<p>&nbsp;<\/p>\n<p>For the Republic of Moldova, parliamentary elections are coming up on September 28. They are decisive not only from a political, but also from a geopolitical point of view. After a government term with mixed results, the popularity of the current administration has declined considerably. And the emerging alternative, represented by political blocs that are openly pro-Moscow, could undo years of efforts towards the country\u2019s EU membership.<\/p>\n<p>&nbsp;<\/p>\n<p>On Sunday, president Nicu\u015for Dan sent a message in which he also reiterated Romania&#8217;s support for what he called Ukraine&#8217;s legitimate effort to defend itself from the Russian invaders. On the 34<sup>th<\/sup> anniversary of Ukraine&#8217;s declaration of independence from the Soviet Union and three and a half years since Russia\u2019s full-scale invasion, president Dan announced that Romania will also support the reconstruction and European integration efforts of its neighbouring state.<\/p>\n<p>&nbsp;<\/p>\n<p>He praised the Ukrainians&#8217; determination to defend their country as \u201ca powerful example of the fight for freedom and democracy against an autocratic enemy.\u201d \u201cOn this special day, I wish our Ukrainian friends renewed strength and unwavering hope for a better future,\u201d the Romanian head of state concluded. (AMP)<\/p>\n","protected":false},"excerpt":{"rendered":"<p>&nbsp; Romania supports in every way the Republic of Moldova&#8217;s path to EU accession, Romania\u2019s PM Ilie Bolojan said during a working visit to Chisinau on Saturday. After a meeting with the head of the pro-Western government in Chisinau, Dorin Recean, the Romanian PM mentioned that, in recent years, Moldova had to face unprecedented pressures, [&hellip;]<\/p>\n","protected":false},"author":105,"featured_media":920634,"comment_status":"closed","ping_status":"closed","sticky":false,"template":"","format":"standard","meta":{"_acf_changed":false,"footnotes":""},"categories":[37738],"tags":[32644,29130,29310,32594,28905],"coauthors":[113297],"class_list":["post-920654","post","type-post","status-publish","format-standard","has-post-thumbnail","hentry","category-today-in-the-news","tag-independence","tag-moldova","tag-russia","tag-support","tag-ukraine"],"acf":[],"yoast_head":"<!-- This site is optimized with the Yoast SEO plugin v27.3 - https:\/\/yoast.com\/product\/yoast-seo-wordpress\/ -->\n<title>Romania supports Moldova and Ukraine - Radio Romania International<\/title>\n<meta name=\"robots\" content=\"index, follow, max-snippet:-1, max-image-preview:large, max-video-preview:-1\" \/>\n<link rel=\"canonical\" href=\"https:\/\/www.rri.ro\/en\/news-and-current-affairs\/today-in-the-news\/romania-supports-moldova-and-ukraine-id920654.html\" \/>\n<meta property=\"og:locale\" content=\"en_US\" \/>\n<meta property=\"og:type\" content=\"article\" \/>\n<meta property=\"og:title\" content=\"Romania supports Moldova and Ukraine - Radio Romania International\" \/>\n<meta property=\"og:description\" content=\"&nbsp; Romania supports in every way the Republic of Moldova&#8217;s path to EU accession, Romania\u2019s PM Ilie Bolojan said during a working visit to Chisinau on Saturday. After a meeting with the head of the pro-Western government in Chisinau, Dorin Recean, the Romanian PM mentioned that, in recent years, Moldova had to face unprecedented pressures, [&hellip;]\" \/>\n<meta property=\"og:url\" content=\"https:\/\/www.rri.ro\/en\/news-and-current-affairs\/today-in-the-news\/romania-supports-moldova-and-ukraine-id920654.html\" \/>\n<meta property=\"og:site_name\" content=\"Radio Romania International\" \/>\n<meta property=\"article:published_time\" content=\"2025-08-25T11:00:47+00:00\" \/>\n<meta property=\"og:image\" content=\"https:\/\/www.rri.ro\/wp-content\/uploads\/2025\/08\/Ilie-Bolojan-Dorin-Recean-foto-facebook-recean-md.jpg\" \/>\n\t<meta property=\"og:image:width\" content=\"900\" \/>\n\t<meta property=\"og:image:height\" content=\"600\" \/>\n\t<meta property=\"og:image:type\" content=\"image\/jpeg\" \/>\n<meta name=\"author\" content=\"Bogdan Matei\" \/>\n<meta name=\"twitter:card\" content=\"summary_large_image\" \/>\n<meta name=\"twitter:label1\" content=\"Written by\" \/>\n\t<meta name=\"twitter:data1\" content=\"Bogdan Matei\" \/>\n\t<meta name=\"twitter:label2\" content=\"Est. reading time\" \/>\n\t<meta name=\"twitter:data2\" content=\"2 minutes\" \/>\n<script type=\"application\/ld+json\" class=\"yoast-schema-graph\">{\"@context\":\"https:\\\/\\\/schema.org\",\"@graph\":[{\"@type\":\"Article\",\"@id\":\"https:\\\/\\\/www.rri.ro\\\/en\\\/news-and-current-affairs\\\/today-in-the-news\\\/romania-supports-moldova-and-ukraine-id920654.html#article\",\"isPartOf\":{\"@id\":\"https:\\\/\\\/www.rri.ro\\\/en\\\/news-and-current-affairs\\\/today-in-the-news\\\/romania-supports-moldova-and-ukraine-id920654.html\"},\"author\":{\"name\":\"Bogdan Matei\",\"@id\":\"https:\\\/\\\/www.rri.ro\\\/#\\\/schema\\\/person\\\/0ed327d40678578e6dbb840527e3ba32\"},\"headline\":\"Romania supports Moldova and Ukraine\",\"datePublished\":\"2025-08-25T11:00:47+00:00\",\"mainEntityOfPage\":{\"@id\":\"https:\\\/\\\/www.rri.ro\\\/en\\\/news-and-current-affairs\\\/today-in-the-news\\\/romania-supports-moldova-and-ukraine-id920654.html\"},\"wordCount\":428,\"image\":{\"@id\":\"https:\\\/\\\/www.rri.ro\\\/en\\\/news-and-current-affairs\\\/today-in-the-news\\\/romania-supports-moldova-and-ukraine-id920654.html#primaryimage\"},\"thumbnailUrl\":\"https:\\\/\\\/www.rri.ro\\\/wp-content\\\/uploads\\\/2025\\\/08\\\/Ilie-Bolojan-Dorin-Recean-foto-facebook-recean-md.jpg\",\"keywords\":[\"independence\",\"Moldova\",\"Russia\",\"support\",\"Ukraine\"],\"articleSection\":[\"Today in the News\"],\"inLanguage\":\"en-US\"},{\"@type\":\"WebPage\",\"@id\":\"https:\\\/\\\/www.rri.ro\\\/en\\\/news-and-current-affairs\\\/today-in-the-news\\\/romania-supports-moldova-and-ukraine-id920654.html\",\"url\":\"https:\\\/\\\/www.rri.ro\\\/en\\\/news-and-current-affairs\\\/today-in-the-news\\\/romania-supports-moldova-and-ukraine-id920654.html\",\"name\":\"Romania supports Moldova and Ukraine - Radio Romania International\",\"isPartOf\":{\"@id\":\"https:\\\/\\\/www.rri.ro\\\/#website\"},\"primaryImageOfPage\":{\"@id\":\"https:\\\/\\\/www.rri.ro\\\/en\\\/news-and-current-affairs\\\/today-in-the-news\\\/romania-supports-moldova-and-ukraine-id920654.html#primaryimage\"},\"image\":{\"@id\":\"https:\\\/\\\/www.rri.ro\\\/en\\\/news-and-current-affairs\\\/today-in-the-news\\\/romania-supports-moldova-and-ukraine-id920654.html#primaryimage\"},\"thumbnailUrl\":\"https:\\\/\\\/www.rri.ro\\\/wp-content\\\/uploads\\\/2025\\\/08\\\/Ilie-Bolojan-Dorin-Recean-foto-facebook-recean-md.jpg\",\"datePublished\":\"2025-08-25T11:00:47+00:00\",\"author\":{\"@id\":\"https:\\\/\\\/www.rri.ro\\\/#\\\/schema\\\/person\\\/0ed327d40678578e6dbb840527e3ba32\"},\"breadcrumb\":{\"@id\":\"https:\\\/\\\/www.rri.ro\\\/en\\\/news-and-current-affairs\\\/today-in-the-news\\\/romania-supports-moldova-and-ukraine-id920654.html#breadcrumb\"},\"inLanguage\":\"en-US\",\"potentialAction\":[{\"@type\":\"ReadAction\",\"target\":[\"https:\\\/\\\/www.rri.ro\\\/en\\\/news-and-current-affairs\\\/today-in-the-news\\\/romania-supports-moldova-and-ukraine-id920654.html\"]}]},{\"@type\":\"ImageObject\",\"inLanguage\":\"en-US\",\"@id\":\"https:\\\/\\\/www.rri.ro\\\/en\\\/news-and-current-affairs\\\/today-in-the-news\\\/romania-supports-moldova-and-ukraine-id920654.html#primaryimage\",\"url\":\"https:\\\/\\\/www.rri.ro\\\/wp-content\\\/uploads\\\/2025\\\/08\\\/Ilie-Bolojan-Dorin-Recean-foto-facebook-recean-md.jpg\",\"contentUrl\":\"https:\\\/\\\/www.rri.ro\\\/wp-content\\\/uploads\\\/2025\\\/08\\\/Ilie-Bolojan-Dorin-Recean-foto-facebook-recean-md.jpg\",\"width\":900,\"height\":600,\"caption\":\"Ilie Bolojan \u0219i\"},{\"@type\":\"BreadcrumbList\",\"@id\":\"https:\\\/\\\/www.rri.ro\\\/en\\\/news-and-current-affairs\\\/today-in-the-news\\\/romania-supports-moldova-and-ukraine-id920654.html#breadcrumb\",\"itemListElement\":[{\"@type\":\"ListItem\",\"position\":1,\"name\":\"Homepage\",\"item\":\"https:\\\/\\\/www.rri.ro\\\/en\"},{\"@type\":\"ListItem\",\"position\":2,\"name\":\"Actualitate\",\"item\":\"https:\\\/\\\/www.rri.ro\\\/actualitate\"},{\"@type\":\"ListItem\",\"position\":3,\"name\":\"Today in the News\",\"item\":\"https:\\\/\\\/www.rri.ro\\\/en\\\/news-and-current-affairs\\\/today-in-the-news\"},{\"@type\":\"ListItem\",\"position\":4,\"name\":\"Romania supports Moldova and Ukraine\"}]},{\"@type\":\"WebSite\",\"@id\":\"https:\\\/\\\/www.rri.ro\\\/#website\",\"url\":\"https:\\\/\\\/www.rri.ro\\\/\",\"name\":\"Radio Romania International\",\"description\":\"Totul despre Rom\u00e2nia \u015fi rom\u00e2ni, \u00een 13 limbi\\\/dialecte!\",\"inLanguage\":\"en-US\"},{\"@type\":\"Person\",\"@id\":\"https:\\\/\\\/www.rri.ro\\\/#\\\/schema\\\/person\\\/0ed327d40678578e6dbb840527e3ba32\",\"name\":\"Bogdan Matei\",\"url\":\"https:\\\/\\\/www.rri.ro\\\/en\\\/author\\\/bogdan-matei\"}]}<\/script>\n<!-- \/ Yoast SEO plugin. -->","yoast_head_json":{"title":"Romania supports Moldova and Ukraine - Radio Romania International","robots":{"index":"index","follow":"follow","max-snippet":"max-snippet:-1","max-image-preview":"max-image-preview:large","max-video-preview":"max-video-preview:-1"},"canonical":"https:\/\/www.rri.ro\/en\/news-and-current-affairs\/today-in-the-news\/romania-supports-moldova-and-ukraine-id920654.html","og_locale":"en_US","og_type":"article","og_title":"Romania supports Moldova and Ukraine - Radio Romania International","og_description":"&nbsp; Romania supports in every way the Republic of Moldova&#8217;s path to EU accession, Romania\u2019s PM Ilie Bolojan said during a working visit to Chisinau on Saturday. After a meeting with the head of the pro-Western government in Chisinau, Dorin Recean, the Romanian PM mentioned that, in recent years, Moldova had to face unprecedented pressures, [&hellip;]","og_url":"https:\/\/www.rri.ro\/en\/news-and-current-affairs\/today-in-the-news\/romania-supports-moldova-and-ukraine-id920654.html","og_site_name":"Radio Romania International","article_published_time":"2025-08-25T11:00:47+00:00","og_image":[{"width":900,"height":600,"url":"https:\/\/www.rri.ro\/wp-content\/uploads\/2025\/08\/Ilie-Bolojan-Dorin-Recean-foto-facebook-recean-md.jpg","type":"image\/jpeg"}],"author":"Bogdan Matei","twitter_card":"summary_large_image","twitter_misc":{"Written by":"Bogdan Matei","Est. reading time":"2 minutes"},"schema":{"@context":"https:\/\/schema.org","@graph":[{"@type":"Article","@id":"https:\/\/www.rri.ro\/en\/news-and-current-affairs\/today-in-the-news\/romania-supports-moldova-and-ukraine-id920654.html#article","isPartOf":{"@id":"https:\/\/www.rri.ro\/en\/news-and-current-affairs\/today-in-the-news\/romania-supports-moldova-and-ukraine-id920654.html"},"author":{"name":"Bogdan Matei","@id":"https:\/\/www.rri.ro\/#\/schema\/person\/0ed327d40678578e6dbb840527e3ba32"},"headline":"Romania supports Moldova and Ukraine","datePublished":"2025-08-25T11:00:47+00:00","mainEntityOfPage":{"@id":"https:\/\/www.rri.ro\/en\/news-and-current-affairs\/today-in-the-news\/romania-supports-moldova-and-ukraine-id920654.html"},"wordCount":428,"image":{"@id":"https:\/\/www.rri.ro\/en\/news-and-current-affairs\/today-in-the-news\/romania-supports-moldova-and-ukraine-id920654.html#primaryimage"},"thumbnailUrl":"https:\/\/www.rri.ro\/wp-content\/uploads\/2025\/08\/Ilie-Bolojan-Dorin-Recean-foto-facebook-recean-md.jpg","keywords":["independence","Moldova","Russia","support","Ukraine"],"articleSection":["Today in the News"],"inLanguage":"en-US"},{"@type":"WebPage","@id":"https:\/\/www.rri.ro\/en\/news-and-current-affairs\/today-in-the-news\/romania-supports-moldova-and-ukraine-id920654.html","url":"https:\/\/www.rri.ro\/en\/news-and-current-affairs\/today-in-the-news\/romania-supports-moldova-and-ukraine-id920654.html","name":"Romania supports Moldova and Ukraine - Radio Romania International","isPartOf":{"@id":"https:\/\/www.rri.ro\/#website"},"primaryImageOfPage":{"@id":"https:\/\/www.rri.ro\/en\/news-and-current-affairs\/today-in-the-news\/romania-supports-moldova-and-ukraine-id920654.html#primaryimage"},"image":{"@id":"https:\/\/www.rri.ro\/en\/news-and-current-affairs\/today-in-the-news\/romania-supports-moldova-and-ukraine-id920654.html#primaryimage"},"thumbnailUrl":"https:\/\/www.rri.ro\/wp-content\/uploads\/2025\/08\/Ilie-Bolojan-Dorin-Recean-foto-facebook-recean-md.jpg","datePublished":"2025-08-25T11:00:47+00:00","author":{"@id":"https:\/\/www.rri.ro\/#\/schema\/person\/0ed327d40678578e6dbb840527e3ba32"},"breadcrumb":{"@id":"https:\/\/www.rri.ro\/en\/news-and-current-affairs\/today-in-the-news\/romania-supports-moldova-and-ukraine-id920654.html#breadcrumb"},"inLanguage":"en-US","potentialAction":[{"@type":"ReadAction","target":["https:\/\/www.rri.ro\/en\/news-and-current-affairs\/today-in-the-news\/romania-supports-moldova-and-ukraine-id920654.html"]}]},{"@type":"ImageObject","inLanguage":"en-US","@id":"https:\/\/www.rri.ro\/en\/news-and-current-affairs\/today-in-the-news\/romania-supports-moldova-and-ukraine-id920654.html#primaryimage","url":"https:\/\/www.rri.ro\/wp-content\/uploads\/2025\/08\/Ilie-Bolojan-Dorin-Recean-foto-facebook-recean-md.jpg","contentUrl":"https:\/\/www.rri.ro\/wp-content\/uploads\/2025\/08\/Ilie-Bolojan-Dorin-Recean-foto-facebook-recean-md.jpg","width":900,"height":600,"caption":"Ilie Bolojan \u0219i"},{"@type":"BreadcrumbList","@id":"https:\/\/www.rri.ro\/en\/news-and-current-affairs\/today-in-the-news\/romania-supports-moldova-and-ukraine-id920654.html#breadcrumb","itemListElement":[{"@type":"ListItem","position":1,"name":"Homepage","item":"https:\/\/www.rri.ro\/en"},{"@type":"ListItem","position":2,"name":"Actualitate","item":"https:\/\/www.rri.ro\/actualitate"},{"@type":"ListItem","position":3,"name":"Today in the News","item":"https:\/\/www.rri.ro\/en\/news-and-current-affairs\/today-in-the-news"},{"@type":"ListItem","position":4,"name":"Romania supports Moldova and Ukraine"}]},{"@type":"WebSite","@id":"https:\/\/www.rri.ro\/#website","url":"https:\/\/www.rri.ro\/","name":"Radio Romania International","description":"Totul despre Rom\u00e2nia \u015fi rom\u00e2ni, \u00een 13 limbi\/dialecte!","inLanguage":"en-US"},{"@type":"Person","@id":"https:\/\/www.rri.ro\/#\/schema\/person\/0ed327d40678578e6dbb840527e3ba32","name":"Bogdan Matei","url":"https:\/\/www.rri.ro\/en\/author\/bogdan-matei"}]}},"_links":{"self":[{"href":"https:\/\/www.rri.ro\/en\/wp-json\/wp\/v2\/posts\/920654","targetHints":{"allow":["GET"]}}],"collection":[{"href":"https:\/\/www.rri.ro\/en\/wp-json\/wp\/v2\/posts"}],"about":[{"href":"https:\/\/www.rri.ro\/en\/wp-json\/wp\/v2\/types\/post"}],"author":[{"embeddable":true,"href":"https:\/\/www.rri.ro\/en\/wp-json\/wp\/v2\/users\/105"}],"replies":[{"embeddable":true,"href":"https:\/\/www.rri.ro\/en\/wp-json\/wp\/v2\/comments?post=920654"}],"version-history":[{"count":0,"href":"https:\/\/www.rri.ro\/en\/wp-json\/wp\/v2\/posts\/920654\/revisions"}],"wp:featuredmedia":[{"embeddable":true,"href":"https:\/\/www.rri.ro\/en\/wp-json\/wp\/v2\/media\/920634"}],"wp:attachment":[{"href":"https:\/\/www.rri.ro\/en\/wp-json\/wp\/v2\/media?parent=920654"}],"wp:term":[{"taxonomy":"category","embeddable":true,"href":"https:\/\/www.rri.ro\/en\/wp-json\/wp\/v2\/categories?post=920654"},{"taxonomy":"post_tag","embeddable":true,"href":"https:\/\/www.rri.ro\/en\/wp-json\/wp\/v2\/tags?post=920654"},{"taxonomy":"author","embeddable":true,"href":"https:\/\/www.rri.ro\/en\/wp-json\/wp\/v2\/coauthors?post=920654"}],"curies":[{"name":"wp","href":"https:\/\/api.w.org\/{rel}","templated":true}]}}