{"id":921527,"date":"2025-08-27T17:36:16","date_gmt":"2025-08-27T14:36:16","guid":{"rendered":"https:\/\/www.rri.ro\/?p=921527"},"modified":"2025-08-27T18:30:25","modified_gmt":"2025-08-27T15:30:25","slug":"august-27-2025-update-1","status":"publish","type":"post","link":"https:\/\/www.rri.ro\/en\/news-and-current-affairs\/newsflash\/august-27-2025-update-1-id921527.html","title":{"rendered":"August 27, 2025 UPDATE (1)"},"content":{"rendered":"<p><strong>COMMEMORATION<\/strong> \u2013 Romania will remain a steadfast supporter of the ideals of the Republic of Moldova and of Romanians across the Prut, Prime Minister Ilie Bolojan said on Wednesday, in a message marking the 34<sup>th<\/sup> anniversary of the proclamation of Moldova\u2019s independence. \u201cThe unique bond of language, culture, history and traditions has fueled into a friendship and solidarity between our states. Romania&#8217;s firm, concrete and multidimensional support for the European path of the Republic of Moldova is, therefore, a natural step in our fraternal relationship\u201d, the Prime Minister added. In order to reassert support offered by Brussels to the Republic of Moldova, French President Emmanuel Macron, German Chancellor Friedrich Merz and Polish Prime Minister Donald Tusk arrived in Chi\u0219in\u0103u on Wednesday. The visit confirms yet again that Moldova remains on the agenda of European states, political analysts say. The ceremonies started in the morning with floral tributes at the monument to ruler Stephen the Great in the center of the Moldovan capital, the place where, in the late 1980s, Bessarabians gathered to reclaim their national and political rights. Among those who paid tribute to those who fell in the 1992 Dniester War against Transnistrian separatists and Russian troops was the president of Moldova, Maia Sandu. She recalled the challenges that the Republic of Moldova is currently facing, especially external interference in democratic processes, given that, on the left bank of the Prut, parliamentary elections are scheduled for September 28.<\/p>\n<p>&nbsp;<\/p>\n<p><strong>RATING<\/strong> &#8211; A delegation of Moody&#8217;s Rating Agency is in Bucharest, where it met with Romanian Prime Minister Ilie Bolojan. Romania is experiencing a budget crisis that can be overcome through a coherent set of package of measures, the Romanian official told the agency&#8217;s representatives. The measures aim to reduce state spending, increase budget revenues, and prioritize public investments, the Prime Minister explained. Other reforms will follow aimed at ensuring better financing of investments, as well as correcting existing inequities, Ilie Bolojan said. According to the calendar published on the Moody&#8217;s website, the Agency is expected to make a new assessment of Romania\u2019s rating in September. Currently, our country is rated Baa3 with a negative outlook, the lowest level in the category of ratings considered safe for investments. (VP)<\/p>\n","protected":false},"excerpt":{"rendered":"<p>COMMEMORATION \u2013 Romania will remain a steadfast supporter of the ideals of the Republic of Moldova and of Romanians across the Prut, Prime Minister Ilie Bolojan said on Wednesday, in a message marking the 34th anniversary of the proclamation of Moldova\u2019s independence. \u201cThe unique bond of language, culture, history and traditions has fueled into a [&hellip;]<\/p>\n","protected":false},"author":113,"featured_media":884000,"comment_status":"closed","ping_status":"closed","sticky":false,"template":"","format":"standard","meta":{"_acf_changed":false,"footnotes":""},"categories":[22],"tags":[158915,37532,29635,29639,33104],"coauthors":[116091],"class_list":["post-921527","post","type-post","status-publish","format-standard","has-post-thumbnail","hentry","category-newsflash","tag-ilie-bolojan","tag-moldovas-eu-accession","tag-moodys","tag-rating","tag-romania-moldova-relations"],"acf":[],"yoast_head":"<!-- This site is optimized with the Yoast SEO plugin v27.3 - https:\/\/yoast.com\/product\/yoast-seo-wordpress\/ -->\n<title>August 27, 2025 UPDATE (1) - Radio Romania International<\/title>\n<meta name=\"robots\" content=\"index, follow, max-snippet:-1, max-image-preview:large, max-video-preview:-1\" \/>\n<link rel=\"canonical\" href=\"https:\/\/www.rri.ro\/en\/news-and-current-affairs\/newsflash\/august-27-2025-update-1-id921527.html\" \/>\n<meta property=\"og:locale\" content=\"en_US\" \/>\n<meta property=\"og:type\" content=\"article\" \/>\n<meta property=\"og:title\" content=\"August 27, 2025 UPDATE (1) - Radio Romania International\" \/>\n<meta property=\"og:description\" content=\"COMMEMORATION \u2013 Romania will remain a steadfast supporter of the ideals of the Republic of Moldova and of Romanians across the Prut, Prime Minister Ilie Bolojan said on Wednesday, in a message marking the 34th anniversary of the proclamation of Moldova\u2019s independence. \u201cThe unique bond of language, culture, history and traditions has fueled into a [&hellip;]\" \/>\n<meta property=\"og:url\" content=\"https:\/\/www.rri.ro\/en\/news-and-current-affairs\/newsflash\/august-27-2025-update-1-id921527.html\" \/>\n<meta property=\"og:site_name\" content=\"Radio Romania International\" \/>\n<meta property=\"article:published_time\" content=\"2025-08-27T14:36:16+00:00\" \/>\n<meta property=\"article:modified_time\" content=\"2025-08-27T15:30:25+00:00\" \/>\n<meta property=\"og:image\" content=\"https:\/\/www.rri.ro\/wp-content\/uploads\/2025\/05\/Newsflash-stiri-alb-960x540-1.jpg\" \/>\n\t<meta property=\"og:image:width\" content=\"960\" \/>\n\t<meta property=\"og:image:height\" content=\"540\" \/>\n\t<meta property=\"og:image:type\" content=\"image\/jpeg\" \/>\n<meta name=\"author\" content=\"Newsroom\" \/>\n<meta name=\"twitter:card\" content=\"summary_large_image\" \/>\n<meta name=\"twitter:label1\" content=\"Written by\" \/>\n\t<meta name=\"twitter:data1\" content=\"Newsroom\" \/>\n\t<meta name=\"twitter:label2\" content=\"Est. reading time\" \/>\n\t<meta name=\"twitter:data2\" content=\"2 minutes\" \/>\n<script type=\"application\/ld+json\" class=\"yoast-schema-graph\">{\"@context\":\"https:\\\/\\\/schema.org\",\"@graph\":[{\"@type\":\"Article\",\"@id\":\"https:\\\/\\\/www.rri.ro\\\/en\\\/news-and-current-affairs\\\/newsflash\\\/august-27-2025-update-1-id921527.html#article\",\"isPartOf\":{\"@id\":\"https:\\\/\\\/www.rri.ro\\\/en\\\/news-and-current-affairs\\\/newsflash\\\/august-27-2025-update-1-id921527.html\"},\"author\":{\"name\":\"Newsroom\",\"@id\":\"https:\\\/\\\/www.rri.ro\\\/#\\\/schema\\\/person\\\/4a479940371b9fdefd194f561e8a7f88\"},\"headline\":\"August 27, 2025 UPDATE (1)\",\"datePublished\":\"2025-08-27T14:36:16+00:00\",\"dateModified\":\"2025-08-27T15:30:25+00:00\",\"mainEntityOfPage\":{\"@id\":\"https:\\\/\\\/www.rri.ro\\\/en\\\/news-and-current-affairs\\\/newsflash\\\/august-27-2025-update-1-id921527.html\"},\"wordCount\":376,\"image\":{\"@id\":\"https:\\\/\\\/www.rri.ro\\\/en\\\/news-and-current-affairs\\\/newsflash\\\/august-27-2025-update-1-id921527.html#primaryimage\"},\"thumbnailUrl\":\"https:\\\/\\\/www.rri.ro\\\/wp-content\\\/uploads\\\/2025\\\/05\\\/Newsflash-stiri-alb-960x540-1.jpg\",\"keywords\":[\"Ilie Bolojan\",\"Moldova's EU accession\",\"Moody's\",\"rating\",\"Romania-Moldova relations\"],\"articleSection\":[\"Newsflash\"],\"inLanguage\":\"en-US\"},{\"@type\":\"WebPage\",\"@id\":\"https:\\\/\\\/www.rri.ro\\\/en\\\/news-and-current-affairs\\\/newsflash\\\/august-27-2025-update-1-id921527.html\",\"url\":\"https:\\\/\\\/www.rri.ro\\\/en\\\/news-and-current-affairs\\\/newsflash\\\/august-27-2025-update-1-id921527.html\",\"name\":\"August 27, 2025 UPDATE (1) - Radio Romania International\",\"isPartOf\":{\"@id\":\"https:\\\/\\\/www.rri.ro\\\/#website\"},\"primaryImageOfPage\":{\"@id\":\"https:\\\/\\\/www.rri.ro\\\/en\\\/news-and-current-affairs\\\/newsflash\\\/august-27-2025-update-1-id921527.html#primaryimage\"},\"image\":{\"@id\":\"https:\\\/\\\/www.rri.ro\\\/en\\\/news-and-current-affairs\\\/newsflash\\\/august-27-2025-update-1-id921527.html#primaryimage\"},\"thumbnailUrl\":\"https:\\\/\\\/www.rri.ro\\\/wp-content\\\/uploads\\\/2025\\\/05\\\/Newsflash-stiri-alb-960x540-1.jpg\",\"datePublished\":\"2025-08-27T14:36:16+00:00\",\"dateModified\":\"2025-08-27T15:30:25+00:00\",\"author\":{\"@id\":\"https:\\\/\\\/www.rri.ro\\\/#\\\/schema\\\/person\\\/4a479940371b9fdefd194f561e8a7f88\"},\"breadcrumb\":{\"@id\":\"https:\\\/\\\/www.rri.ro\\\/en\\\/news-and-current-affairs\\\/newsflash\\\/august-27-2025-update-1-id921527.html#breadcrumb\"},\"inLanguage\":\"en-US\",\"potentialAction\":[{\"@type\":\"ReadAction\",\"target\":[\"https:\\\/\\\/www.rri.ro\\\/en\\\/news-and-current-affairs\\\/newsflash\\\/august-27-2025-update-1-id921527.html\"]}]},{\"@type\":\"ImageObject\",\"inLanguage\":\"en-US\",\"@id\":\"https:\\\/\\\/www.rri.ro\\\/en\\\/news-and-current-affairs\\\/newsflash\\\/august-27-2025-update-1-id921527.html#primaryimage\",\"url\":\"https:\\\/\\\/www.rri.ro\\\/wp-content\\\/uploads\\\/2025\\\/05\\\/Newsflash-stiri-alb-960x540-1.jpg\",\"contentUrl\":\"https:\\\/\\\/www.rri.ro\\\/wp-content\\\/uploads\\\/2025\\\/05\\\/Newsflash-stiri-alb-960x540-1.jpg\",\"width\":960,\"height\":540},{\"@type\":\"BreadcrumbList\",\"@id\":\"https:\\\/\\\/www.rri.ro\\\/en\\\/news-and-current-affairs\\\/newsflash\\\/august-27-2025-update-1-id921527.html#breadcrumb\",\"itemListElement\":[{\"@type\":\"ListItem\",\"position\":1,\"name\":\"Homepage\",\"item\":\"https:\\\/\\\/www.rri.ro\\\/en\"},{\"@type\":\"ListItem\",\"position\":2,\"name\":\"News and Current Affairs\",\"item\":\"https:\\\/\\\/www.rri.ro\\\/en\\\/news-and-current-affairs\"},{\"@type\":\"ListItem\",\"position\":3,\"name\":\"Newsflash\",\"item\":\"https:\\\/\\\/www.rri.ro\\\/en\\\/news-and-current-affairs\\\/newsflash\"},{\"@type\":\"ListItem\",\"position\":4,\"name\":\"August 27, 2025 UPDATE (1)\"}]},{\"@type\":\"WebSite\",\"@id\":\"https:\\\/\\\/www.rri.ro\\\/#website\",\"url\":\"https:\\\/\\\/www.rri.ro\\\/\",\"name\":\"Radio Romania International\",\"description\":\"Totul despre Rom\u00e2nia \u015fi rom\u00e2ni, \u00een 13 limbi\\\/dialecte!\",\"inLanguage\":\"en-US\"},{\"@type\":\"Person\",\"@id\":\"https:\\\/\\\/www.rri.ro\\\/#\\\/schema\\\/person\\\/4a479940371b9fdefd194f561e8a7f88\",\"name\":\"Newsroom\",\"url\":\"https:\\\/\\\/www.rri.ro\\\/en\\\/author\\\/newsroom\"}]}<\/script>\n<!-- \/ Yoast SEO plugin. -->","yoast_head_json":{"title":"August 27, 2025 UPDATE (1) - Radio Romania International","robots":{"index":"index","follow":"follow","max-snippet":"max-snippet:-1","max-image-preview":"max-image-preview:large","max-video-preview":"max-video-preview:-1"},"canonical":"https:\/\/www.rri.ro\/en\/news-and-current-affairs\/newsflash\/august-27-2025-update-1-id921527.html","og_locale":"en_US","og_type":"article","og_title":"August 27, 2025 UPDATE (1) - Radio Romania International","og_description":"COMMEMORATION \u2013 Romania will remain a steadfast supporter of the ideals of the Republic of Moldova and of Romanians across the Prut, Prime Minister Ilie Bolojan said on Wednesday, in a message marking the 34th anniversary of the proclamation of Moldova\u2019s independence. \u201cThe unique bond of language, culture, history and traditions has fueled into a [&hellip;]","og_url":"https:\/\/www.rri.ro\/en\/news-and-current-affairs\/newsflash\/august-27-2025-update-1-id921527.html","og_site_name":"Radio Romania International","article_published_time":"2025-08-27T14:36:16+00:00","article_modified_time":"2025-08-27T15:30:25+00:00","og_image":[{"width":960,"height":540,"url":"https:\/\/www.rri.ro\/wp-content\/uploads\/2025\/05\/Newsflash-stiri-alb-960x540-1.jpg","type":"image\/jpeg"}],"author":"Newsroom","twitter_card":"summary_large_image","twitter_misc":{"Written by":"Newsroom","Est. reading time":"2 minutes"},"schema":{"@context":"https:\/\/schema.org","@graph":[{"@type":"Article","@id":"https:\/\/www.rri.ro\/en\/news-and-current-affairs\/newsflash\/august-27-2025-update-1-id921527.html#article","isPartOf":{"@id":"https:\/\/www.rri.ro\/en\/news-and-current-affairs\/newsflash\/august-27-2025-update-1-id921527.html"},"author":{"name":"Newsroom","@id":"https:\/\/www.rri.ro\/#\/schema\/person\/4a479940371b9fdefd194f561e8a7f88"},"headline":"August 27, 2025 UPDATE (1)","datePublished":"2025-08-27T14:36:16+00:00","dateModified":"2025-08-27T15:30:25+00:00","mainEntityOfPage":{"@id":"https:\/\/www.rri.ro\/en\/news-and-current-affairs\/newsflash\/august-27-2025-update-1-id921527.html"},"wordCount":376,"image":{"@id":"https:\/\/www.rri.ro\/en\/news-and-current-affairs\/newsflash\/august-27-2025-update-1-id921527.html#primaryimage"},"thumbnailUrl":"https:\/\/www.rri.ro\/wp-content\/uploads\/2025\/05\/Newsflash-stiri-alb-960x540-1.jpg","keywords":["Ilie Bolojan","Moldova's EU accession","Moody's","rating","Romania-Moldova relations"],"articleSection":["Newsflash"],"inLanguage":"en-US"},{"@type":"WebPage","@id":"https:\/\/www.rri.ro\/en\/news-and-current-affairs\/newsflash\/august-27-2025-update-1-id921527.html","url":"https:\/\/www.rri.ro\/en\/news-and-current-affairs\/newsflash\/august-27-2025-update-1-id921527.html","name":"August 27, 2025 UPDATE (1) - Radio Romania International","isPartOf":{"@id":"https:\/\/www.rri.ro\/#website"},"primaryImageOfPage":{"@id":"https:\/\/www.rri.ro\/en\/news-and-current-affairs\/newsflash\/august-27-2025-update-1-id921527.html#primaryimage"},"image":{"@id":"https:\/\/www.rri.ro\/en\/news-and-current-affairs\/newsflash\/august-27-2025-update-1-id921527.html#primaryimage"},"thumbnailUrl":"https:\/\/www.rri.ro\/wp-content\/uploads\/2025\/05\/Newsflash-stiri-alb-960x540-1.jpg","datePublished":"2025-08-27T14:36:16+00:00","dateModified":"2025-08-27T15:30:25+00:00","author":{"@id":"https:\/\/www.rri.ro\/#\/schema\/person\/4a479940371b9fdefd194f561e8a7f88"},"breadcrumb":{"@id":"https:\/\/www.rri.ro\/en\/news-and-current-affairs\/newsflash\/august-27-2025-update-1-id921527.html#breadcrumb"},"inLanguage":"en-US","potentialAction":[{"@type":"ReadAction","target":["https:\/\/www.rri.ro\/en\/news-and-current-affairs\/newsflash\/august-27-2025-update-1-id921527.html"]}]},{"@type":"ImageObject","inLanguage":"en-US","@id":"https:\/\/www.rri.ro\/en\/news-and-current-affairs\/newsflash\/august-27-2025-update-1-id921527.html#primaryimage","url":"https:\/\/www.rri.ro\/wp-content\/uploads\/2025\/05\/Newsflash-stiri-alb-960x540-1.jpg","contentUrl":"https:\/\/www.rri.ro\/wp-content\/uploads\/2025\/05\/Newsflash-stiri-alb-960x540-1.jpg","width":960,"height":540},{"@type":"BreadcrumbList","@id":"https:\/\/www.rri.ro\/en\/news-and-current-affairs\/newsflash\/august-27-2025-update-1-id921527.html#breadcrumb","itemListElement":[{"@type":"ListItem","position":1,"name":"Homepage","item":"https:\/\/www.rri.ro\/en"},{"@type":"ListItem","position":2,"name":"News and Current Affairs","item":"https:\/\/www.rri.ro\/en\/news-and-current-affairs"},{"@type":"ListItem","position":3,"name":"Newsflash","item":"https:\/\/www.rri.ro\/en\/news-and-current-affairs\/newsflash"},{"@type":"ListItem","position":4,"name":"August 27, 2025 UPDATE (1)"}]},{"@type":"WebSite","@id":"https:\/\/www.rri.ro\/#website","url":"https:\/\/www.rri.ro\/","name":"Radio Romania International","description":"Totul despre Rom\u00e2nia \u015fi rom\u00e2ni, \u00een 13 limbi\/dialecte!","inLanguage":"en-US"},{"@type":"Person","@id":"https:\/\/www.rri.ro\/#\/schema\/person\/4a479940371b9fdefd194f561e8a7f88","name":"Newsroom","url":"https:\/\/www.rri.ro\/en\/author\/newsroom"}]}},"_links":{"self":[{"href":"https:\/\/www.rri.ro\/en\/wp-json\/wp\/v2\/posts\/921527","targetHints":{"allow":["GET"]}}],"collection":[{"href":"https:\/\/www.rri.ro\/en\/wp-json\/wp\/v2\/posts"}],"about":[{"href":"https:\/\/www.rri.ro\/en\/wp-json\/wp\/v2\/types\/post"}],"author":[{"embeddable":true,"href":"https:\/\/www.rri.ro\/en\/wp-json\/wp\/v2\/users\/113"}],"replies":[{"embeddable":true,"href":"https:\/\/www.rri.ro\/en\/wp-json\/wp\/v2\/comments?post=921527"}],"version-history":[{"count":0,"href":"https:\/\/www.rri.ro\/en\/wp-json\/wp\/v2\/posts\/921527\/revisions"}],"wp:featuredmedia":[{"embeddable":true,"href":"https:\/\/www.rri.ro\/en\/wp-json\/wp\/v2\/media\/884000"}],"wp:attachment":[{"href":"https:\/\/www.rri.ro\/en\/wp-json\/wp\/v2\/media?parent=921527"}],"wp:term":[{"taxonomy":"category","embeddable":true,"href":"https:\/\/www.rri.ro\/en\/wp-json\/wp\/v2\/categories?post=921527"},{"taxonomy":"post_tag","embeddable":true,"href":"https:\/\/www.rri.ro\/en\/wp-json\/wp\/v2\/tags?post=921527"},{"taxonomy":"author","embeddable":true,"href":"https:\/\/www.rri.ro\/en\/wp-json\/wp\/v2\/coauthors?post=921527"}],"curies":[{"name":"wp","href":"https:\/\/api.w.org\/{rel}","templated":true}]}}