{"id":926325,"date":"2025-09-10T13:50:37","date_gmt":"2025-09-10T10:50:37","guid":{"rendered":"https:\/\/www.rri.ro\/?p=926325"},"modified":"2025-09-10T10:43:48","modified_gmt":"2025-09-10T07:43:48","slug":"maia-sandu-addresses-the-european-parliament","status":"publish","type":"post","link":"https:\/\/www.rri.ro\/en\/news-and-current-affairs\/today-in-the-news\/maia-sandu-addresses-the-european-parliament-id926325.html","title":{"rendered":"Maia Sandu addresses the European Parliament"},"content":{"rendered":"<p>The speech of Moldova\u2019s president, Maia Sandu, was the highlight of Tuesday\u2019s session of the European Parliament, also because it came at a crucial moment for the future of the Republic of Moldova. &#8220;On 28 of September 2025, Moldova will hold the most consequential election in its history. Its outcome will decide whether we consolidate as a stable democracy on the path to EU membership \u2014 a safe neighbour to Ukraine and a security provider to the Union \u2014 or whether Russia destabilizes us, pulls us away from Europe, and turns us into a threat on Ukraine\u2019s southwestern border and Europe\u2019s eastern frontier\u201d, Maia Sandu said. According to the Moldovan president, the stability of Moldova is the stability of Europe, and the peace of Moldova is also the peace of Europe. The Moldovan head of state said the Republic of Moldova and Ukraine are ready to advance their EU accession negotiations, in a merit-based process that reflects the progress of each country. In her opinion, the European Union has never been about perfection, but about protecting fragile democracies until they are consolidated. The European Union, Maia Sandu pointed out, is a steadfast partner of Moldova, which it has helped to reform, modernize and build institutions capable of withstanding pressure.<\/p>\n<p>&nbsp;<\/p>\n<p>Maia Sandu paid tribute to Ukraine and its citizens, who are fighting to defend their country and freedom, thus protecting Moldova as well. \u201cWe owe them our peace. But their sacrifice is also a reminder: peace is never guaranteed. That is why our European path is not just a matter of values \u2014 it is a matter of survival. And precisely because we have advanced greatly on this path, Russia has unleashed its full arsenal of hybrid attacks against us. The battlefield is our elections\u201d, the president warned.<\/p>\n<p>&nbsp;<\/p>\n<p>At the end of her speech, Maia Sandu addressed Moldovan citizens in Romanian, telling them that they should be proud they have built a living democracy and preserved it for three decades, even when some have tried to silence or destroy it. \u201cToday, however, our independence and peace are once again being put to the test: interference in our elections, illegal funding from abroad, disinformation campaigns, cyber-attacks, paid protests, tactics to sow hatred between people. These are the methods by means of which Moldova is being tested to stop its European path. Now we must take the decisive step: to elect a parliament that will lead Moldova into the European Union. This is our responsibility. The future of Moldova depends on the courage and unity with which we will vote\u201d, the president went on to say. Towards the end of the Moldovan president\u2019s speech, the unaffiliated MEP Diana \u015eo\u015foac\u0103, the representative of the sovereignist, ultranationalist movement in Romania, shouted \u201cMoldova is Romania, Maia Sandu!\u201d Her intervention was received with boos from the majority of MEPs in attendance. (VP)<\/p>\n","protected":false},"excerpt":{"rendered":"<p>The speech of Moldova\u2019s president, Maia Sandu, was the highlight of Tuesday\u2019s session of the European Parliament, also because it came at a crucial moment for the future of the Republic of Moldova. &#8220;On 28 of September 2025, Moldova will hold the most consequential election in its history. Its outcome will decide whether we consolidate [&hellip;]<\/p>\n","protected":false},"author":110,"featured_media":926316,"comment_status":"closed","ping_status":"closed","sticky":false,"template":"","format":"standard","meta":{"_acf_changed":false,"footnotes":""},"categories":[37738],"tags":[31174,37369,37532],"coauthors":[113257],"class_list":["post-926325","post","type-post","status-publish","format-standard","has-post-thumbnail","hentry","category-today-in-the-news","tag-maia-sandu","tag-moldova-eu-relations","tag-moldovas-eu-accession"],"acf":[],"yoast_head":"<!-- This site is optimized with the Yoast SEO plugin v27.3 - https:\/\/yoast.com\/product\/yoast-seo-wordpress\/ -->\n<title>Maia Sandu addresses the European Parliament - Radio Romania International<\/title>\n<meta name=\"robots\" content=\"index, follow, max-snippet:-1, max-image-preview:large, max-video-preview:-1\" \/>\n<link rel=\"canonical\" href=\"https:\/\/www.rri.ro\/en\/news-and-current-affairs\/today-in-the-news\/maia-sandu-addresses-the-european-parliament-id926325.html\" \/>\n<meta property=\"og:locale\" content=\"en_US\" \/>\n<meta property=\"og:type\" content=\"article\" \/>\n<meta property=\"og:title\" content=\"Maia Sandu addresses the European Parliament - Radio Romania International\" \/>\n<meta property=\"og:description\" content=\"The speech of Moldova\u2019s president, Maia Sandu, was the highlight of Tuesday\u2019s session of the European Parliament, also because it came at a crucial moment for the future of the Republic of Moldova. &#8220;On 28 of September 2025, Moldova will hold the most consequential election in its history. Its outcome will decide whether we consolidate [&hellip;]\" \/>\n<meta property=\"og:url\" content=\"https:\/\/www.rri.ro\/en\/news-and-current-affairs\/today-in-the-news\/maia-sandu-addresses-the-european-parliament-id926325.html\" \/>\n<meta property=\"og:site_name\" content=\"Radio Romania International\" \/>\n<meta property=\"article:published_time\" content=\"2025-09-10T10:50:37+00:00\" \/>\n<meta property=\"og:image\" content=\"https:\/\/www.rri.ro\/wp-content\/uploads\/2025\/09\/Maia-Sandu-sursa-foto-facebookpresedintemd.jpg\" \/>\n\t<meta property=\"og:image:width\" content=\"1280\" \/>\n\t<meta property=\"og:image:height\" content=\"721\" \/>\n\t<meta property=\"og:image:type\" content=\"image\/jpeg\" \/>\n<meta name=\"author\" content=\"\u015etefan Stoica\" \/>\n<meta name=\"twitter:card\" content=\"summary_large_image\" \/>\n<meta name=\"twitter:label1\" content=\"Written by\" \/>\n\t<meta name=\"twitter:data1\" content=\"\u015etefan Stoica\" \/>\n\t<meta name=\"twitter:label2\" content=\"Est. reading time\" \/>\n\t<meta name=\"twitter:data2\" content=\"2 minutes\" \/>\n<script type=\"application\/ld+json\" class=\"yoast-schema-graph\">{\"@context\":\"https:\\\/\\\/schema.org\",\"@graph\":[{\"@type\":\"Article\",\"@id\":\"https:\\\/\\\/www.rri.ro\\\/en\\\/news-and-current-affairs\\\/today-in-the-news\\\/maia-sandu-addresses-the-european-parliament-id926325.html#article\",\"isPartOf\":{\"@id\":\"https:\\\/\\\/www.rri.ro\\\/en\\\/news-and-current-affairs\\\/today-in-the-news\\\/maia-sandu-addresses-the-european-parliament-id926325.html\"},\"author\":{\"name\":\"\u015etefan Stoica\",\"@id\":\"https:\\\/\\\/www.rri.ro\\\/#\\\/schema\\\/person\\\/2d81d5dc94d44190d13245f64551d334\"},\"headline\":\"Maia Sandu addresses the European Parliament\",\"datePublished\":\"2025-09-10T10:50:37+00:00\",\"mainEntityOfPage\":{\"@id\":\"https:\\\/\\\/www.rri.ro\\\/en\\\/news-and-current-affairs\\\/today-in-the-news\\\/maia-sandu-addresses-the-european-parliament-id926325.html\"},\"wordCount\":484,\"image\":{\"@id\":\"https:\\\/\\\/www.rri.ro\\\/en\\\/news-and-current-affairs\\\/today-in-the-news\\\/maia-sandu-addresses-the-european-parliament-id926325.html#primaryimage\"},\"thumbnailUrl\":\"https:\\\/\\\/www.rri.ro\\\/wp-content\\\/uploads\\\/2025\\\/09\\\/Maia-Sandu-sursa-foto-facebookpresedintemd.jpg\",\"keywords\":[\"Maia Sandu\",\"Moldova-EU relations\",\"Moldova's EU accession\"],\"articleSection\":[\"Today in the News\"],\"inLanguage\":\"en-US\"},{\"@type\":\"WebPage\",\"@id\":\"https:\\\/\\\/www.rri.ro\\\/en\\\/news-and-current-affairs\\\/today-in-the-news\\\/maia-sandu-addresses-the-european-parliament-id926325.html\",\"url\":\"https:\\\/\\\/www.rri.ro\\\/en\\\/news-and-current-affairs\\\/today-in-the-news\\\/maia-sandu-addresses-the-european-parliament-id926325.html\",\"name\":\"Maia Sandu addresses the European Parliament - Radio Romania International\",\"isPartOf\":{\"@id\":\"https:\\\/\\\/www.rri.ro\\\/#website\"},\"primaryImageOfPage\":{\"@id\":\"https:\\\/\\\/www.rri.ro\\\/en\\\/news-and-current-affairs\\\/today-in-the-news\\\/maia-sandu-addresses-the-european-parliament-id926325.html#primaryimage\"},\"image\":{\"@id\":\"https:\\\/\\\/www.rri.ro\\\/en\\\/news-and-current-affairs\\\/today-in-the-news\\\/maia-sandu-addresses-the-european-parliament-id926325.html#primaryimage\"},\"thumbnailUrl\":\"https:\\\/\\\/www.rri.ro\\\/wp-content\\\/uploads\\\/2025\\\/09\\\/Maia-Sandu-sursa-foto-facebookpresedintemd.jpg\",\"datePublished\":\"2025-09-10T10:50:37+00:00\",\"author\":{\"@id\":\"https:\\\/\\\/www.rri.ro\\\/#\\\/schema\\\/person\\\/2d81d5dc94d44190d13245f64551d334\"},\"breadcrumb\":{\"@id\":\"https:\\\/\\\/www.rri.ro\\\/en\\\/news-and-current-affairs\\\/today-in-the-news\\\/maia-sandu-addresses-the-european-parliament-id926325.html#breadcrumb\"},\"inLanguage\":\"en-US\",\"potentialAction\":[{\"@type\":\"ReadAction\",\"target\":[\"https:\\\/\\\/www.rri.ro\\\/en\\\/news-and-current-affairs\\\/today-in-the-news\\\/maia-sandu-addresses-the-european-parliament-id926325.html\"]}]},{\"@type\":\"ImageObject\",\"inLanguage\":\"en-US\",\"@id\":\"https:\\\/\\\/www.rri.ro\\\/en\\\/news-and-current-affairs\\\/today-in-the-news\\\/maia-sandu-addresses-the-european-parliament-id926325.html#primaryimage\",\"url\":\"https:\\\/\\\/www.rri.ro\\\/wp-content\\\/uploads\\\/2025\\\/09\\\/Maia-Sandu-sursa-foto-facebookpresedintemd.jpg\",\"contentUrl\":\"https:\\\/\\\/www.rri.ro\\\/wp-content\\\/uploads\\\/2025\\\/09\\\/Maia-Sandu-sursa-foto-facebookpresedintemd.jpg\",\"width\":1280,\"height\":721,\"caption\":\"Maia Sandu (surs\u0103 foto: acebook.com\\\/presedinte.md\\\/\"},{\"@type\":\"BreadcrumbList\",\"@id\":\"https:\\\/\\\/www.rri.ro\\\/en\\\/news-and-current-affairs\\\/today-in-the-news\\\/maia-sandu-addresses-the-european-parliament-id926325.html#breadcrumb\",\"itemListElement\":[{\"@type\":\"ListItem\",\"position\":1,\"name\":\"Homepage\",\"item\":\"https:\\\/\\\/www.rri.ro\\\/en\"},{\"@type\":\"ListItem\",\"position\":2,\"name\":\"Actualitate\",\"item\":\"https:\\\/\\\/www.rri.ro\\\/actualitate\"},{\"@type\":\"ListItem\",\"position\":3,\"name\":\"Today in the News\",\"item\":\"https:\\\/\\\/www.rri.ro\\\/en\\\/news-and-current-affairs\\\/today-in-the-news\"},{\"@type\":\"ListItem\",\"position\":4,\"name\":\"Maia Sandu addresses the European Parliament\"}]},{\"@type\":\"WebSite\",\"@id\":\"https:\\\/\\\/www.rri.ro\\\/#website\",\"url\":\"https:\\\/\\\/www.rri.ro\\\/\",\"name\":\"Radio Romania International\",\"description\":\"Totul despre Rom\u00e2nia \u015fi rom\u00e2ni, \u00een 13 limbi\\\/dialecte!\",\"inLanguage\":\"en-US\"},{\"@type\":\"Person\",\"@id\":\"https:\\\/\\\/www.rri.ro\\\/#\\\/schema\\\/person\\\/2d81d5dc94d44190d13245f64551d334\",\"name\":\"\u015etefan Stoica\",\"url\":\"https:\\\/\\\/www.rri.ro\\\/en\\\/author\\\/stefan-stoica\"}]}<\/script>\n<!-- \/ Yoast SEO plugin. -->","yoast_head_json":{"title":"Maia Sandu addresses the European Parliament - Radio Romania International","robots":{"index":"index","follow":"follow","max-snippet":"max-snippet:-1","max-image-preview":"max-image-preview:large","max-video-preview":"max-video-preview:-1"},"canonical":"https:\/\/www.rri.ro\/en\/news-and-current-affairs\/today-in-the-news\/maia-sandu-addresses-the-european-parliament-id926325.html","og_locale":"en_US","og_type":"article","og_title":"Maia Sandu addresses the European Parliament - Radio Romania International","og_description":"The speech of Moldova\u2019s president, Maia Sandu, was the highlight of Tuesday\u2019s session of the European Parliament, also because it came at a crucial moment for the future of the Republic of Moldova. &#8220;On 28 of September 2025, Moldova will hold the most consequential election in its history. Its outcome will decide whether we consolidate [&hellip;]","og_url":"https:\/\/www.rri.ro\/en\/news-and-current-affairs\/today-in-the-news\/maia-sandu-addresses-the-european-parliament-id926325.html","og_site_name":"Radio Romania International","article_published_time":"2025-09-10T10:50:37+00:00","og_image":[{"width":1280,"height":721,"url":"https:\/\/www.rri.ro\/wp-content\/uploads\/2025\/09\/Maia-Sandu-sursa-foto-facebookpresedintemd.jpg","type":"image\/jpeg"}],"author":"\u015etefan Stoica","twitter_card":"summary_large_image","twitter_misc":{"Written by":"\u015etefan Stoica","Est. reading time":"2 minutes"},"schema":{"@context":"https:\/\/schema.org","@graph":[{"@type":"Article","@id":"https:\/\/www.rri.ro\/en\/news-and-current-affairs\/today-in-the-news\/maia-sandu-addresses-the-european-parliament-id926325.html#article","isPartOf":{"@id":"https:\/\/www.rri.ro\/en\/news-and-current-affairs\/today-in-the-news\/maia-sandu-addresses-the-european-parliament-id926325.html"},"author":{"name":"\u015etefan Stoica","@id":"https:\/\/www.rri.ro\/#\/schema\/person\/2d81d5dc94d44190d13245f64551d334"},"headline":"Maia Sandu addresses the European Parliament","datePublished":"2025-09-10T10:50:37+00:00","mainEntityOfPage":{"@id":"https:\/\/www.rri.ro\/en\/news-and-current-affairs\/today-in-the-news\/maia-sandu-addresses-the-european-parliament-id926325.html"},"wordCount":484,"image":{"@id":"https:\/\/www.rri.ro\/en\/news-and-current-affairs\/today-in-the-news\/maia-sandu-addresses-the-european-parliament-id926325.html#primaryimage"},"thumbnailUrl":"https:\/\/www.rri.ro\/wp-content\/uploads\/2025\/09\/Maia-Sandu-sursa-foto-facebookpresedintemd.jpg","keywords":["Maia Sandu","Moldova-EU relations","Moldova's EU accession"],"articleSection":["Today in the News"],"inLanguage":"en-US"},{"@type":"WebPage","@id":"https:\/\/www.rri.ro\/en\/news-and-current-affairs\/today-in-the-news\/maia-sandu-addresses-the-european-parliament-id926325.html","url":"https:\/\/www.rri.ro\/en\/news-and-current-affairs\/today-in-the-news\/maia-sandu-addresses-the-european-parliament-id926325.html","name":"Maia Sandu addresses the European Parliament - Radio Romania International","isPartOf":{"@id":"https:\/\/www.rri.ro\/#website"},"primaryImageOfPage":{"@id":"https:\/\/www.rri.ro\/en\/news-and-current-affairs\/today-in-the-news\/maia-sandu-addresses-the-european-parliament-id926325.html#primaryimage"},"image":{"@id":"https:\/\/www.rri.ro\/en\/news-and-current-affairs\/today-in-the-news\/maia-sandu-addresses-the-european-parliament-id926325.html#primaryimage"},"thumbnailUrl":"https:\/\/www.rri.ro\/wp-content\/uploads\/2025\/09\/Maia-Sandu-sursa-foto-facebookpresedintemd.jpg","datePublished":"2025-09-10T10:50:37+00:00","author":{"@id":"https:\/\/www.rri.ro\/#\/schema\/person\/2d81d5dc94d44190d13245f64551d334"},"breadcrumb":{"@id":"https:\/\/www.rri.ro\/en\/news-and-current-affairs\/today-in-the-news\/maia-sandu-addresses-the-european-parliament-id926325.html#breadcrumb"},"inLanguage":"en-US","potentialAction":[{"@type":"ReadAction","target":["https:\/\/www.rri.ro\/en\/news-and-current-affairs\/today-in-the-news\/maia-sandu-addresses-the-european-parliament-id926325.html"]}]},{"@type":"ImageObject","inLanguage":"en-US","@id":"https:\/\/www.rri.ro\/en\/news-and-current-affairs\/today-in-the-news\/maia-sandu-addresses-the-european-parliament-id926325.html#primaryimage","url":"https:\/\/www.rri.ro\/wp-content\/uploads\/2025\/09\/Maia-Sandu-sursa-foto-facebookpresedintemd.jpg","contentUrl":"https:\/\/www.rri.ro\/wp-content\/uploads\/2025\/09\/Maia-Sandu-sursa-foto-facebookpresedintemd.jpg","width":1280,"height":721,"caption":"Maia Sandu (surs\u0103 foto: acebook.com\/presedinte.md\/"},{"@type":"BreadcrumbList","@id":"https:\/\/www.rri.ro\/en\/news-and-current-affairs\/today-in-the-news\/maia-sandu-addresses-the-european-parliament-id926325.html#breadcrumb","itemListElement":[{"@type":"ListItem","position":1,"name":"Homepage","item":"https:\/\/www.rri.ro\/en"},{"@type":"ListItem","position":2,"name":"Actualitate","item":"https:\/\/www.rri.ro\/actualitate"},{"@type":"ListItem","position":3,"name":"Today in the News","item":"https:\/\/www.rri.ro\/en\/news-and-current-affairs\/today-in-the-news"},{"@type":"ListItem","position":4,"name":"Maia Sandu addresses the European Parliament"}]},{"@type":"WebSite","@id":"https:\/\/www.rri.ro\/#website","url":"https:\/\/www.rri.ro\/","name":"Radio Romania International","description":"Totul despre Rom\u00e2nia \u015fi rom\u00e2ni, \u00een 13 limbi\/dialecte!","inLanguage":"en-US"},{"@type":"Person","@id":"https:\/\/www.rri.ro\/#\/schema\/person\/2d81d5dc94d44190d13245f64551d334","name":"\u015etefan Stoica","url":"https:\/\/www.rri.ro\/en\/author\/stefan-stoica"}]}},"_links":{"self":[{"href":"https:\/\/www.rri.ro\/en\/wp-json\/wp\/v2\/posts\/926325","targetHints":{"allow":["GET"]}}],"collection":[{"href":"https:\/\/www.rri.ro\/en\/wp-json\/wp\/v2\/posts"}],"about":[{"href":"https:\/\/www.rri.ro\/en\/wp-json\/wp\/v2\/types\/post"}],"author":[{"embeddable":true,"href":"https:\/\/www.rri.ro\/en\/wp-json\/wp\/v2\/users\/110"}],"replies":[{"embeddable":true,"href":"https:\/\/www.rri.ro\/en\/wp-json\/wp\/v2\/comments?post=926325"}],"version-history":[{"count":0,"href":"https:\/\/www.rri.ro\/en\/wp-json\/wp\/v2\/posts\/926325\/revisions"}],"wp:featuredmedia":[{"embeddable":true,"href":"https:\/\/www.rri.ro\/en\/wp-json\/wp\/v2\/media\/926316"}],"wp:attachment":[{"href":"https:\/\/www.rri.ro\/en\/wp-json\/wp\/v2\/media?parent=926325"}],"wp:term":[{"taxonomy":"category","embeddable":true,"href":"https:\/\/www.rri.ro\/en\/wp-json\/wp\/v2\/categories?post=926325"},{"taxonomy":"post_tag","embeddable":true,"href":"https:\/\/www.rri.ro\/en\/wp-json\/wp\/v2\/tags?post=926325"},{"taxonomy":"author","embeddable":true,"href":"https:\/\/www.rri.ro\/en\/wp-json\/wp\/v2\/coauthors?post=926325"}],"curies":[{"name":"wp","href":"https:\/\/api.w.org\/{rel}","templated":true}]}}