{"id":93065,"date":"2022-09-06T14:00:00","date_gmt":"2022-09-06T11:00:00","guid":{"rendered":"http:\/\/devrri.freshlemon.ro\/news-and-current-affairs\/newsflash\/official-statements-on-the-first-day-of-school-93065.html"},"modified":"2024-02-19T09:08:51","modified_gmt":"2024-02-19T07:08:51","slug":"official-statements-on-the-first-day-of-school","status":"publish","type":"post","link":"https:\/\/www.rri.ro\/en\/news-and-current-affairs\/today-in-the-news\/official-statements-on-the-first-day-of-school-id93065.html","title":{"rendered":"Official statements on the first day of school"},"content":{"rendered":"<\/p>\n<p>&#13;<br \/>\n&#13;<\/p>\n<p>After two years of pandemic, the new school year started in Romania with opening festivities in which parents, grandparents, and politicians participated alongside the pupils. On Monday, on the first day of school, almost three million pupils and preschoolers were present in the 17,800 educational units across the country. The new school year comes with many changes and challenges. Classes resumed earlier this year, new rules were introduced and others disappeared.<\/p>\n<p>&#13;<br \/>\n&#13;<\/p>\n<p>&#13;<br \/>\n&#13;<\/p>\n<p>As a first, 5th grade pupils will be granted both welfare aid and scholarships from the beginning of the school year, and the grades obtained in secondary school will no longer count for the National Assessment. Instead of the two semesters so far, there will be five learning modules. Theses will no longer be mandatory, and instead of semester averages, there will be only one annual average for each subject. The Minister of Education, Sorin C\u00eempeanu, presented the news of the school year on Radio Romania. Sorin C\u00eempeanu:<\/p>\n<p>&#13;<br \/>\n&#13;<\/p>\n<p>&#13;<br \/>\n&#13;<\/p>\n<p>&#8220;There will be five learning periods, which will alternate with rest periods. Another change will be the Green Week, introduced for the first time in the structure of the school year. Also, only one annual average grade is needed. We are interested in a rhythmic evaluation along the way, we are interested in an evaluation of the students skills, and not necessarily of their ability to memorize. Also, the awards were substantially increased for Romanian pupils who achieve outstanding performances at international Olympiads&#8221;.<\/p>\n<p>&#13;<br \/>\n&#13;<\/p>\n<p>&#13;<br \/>\n&#13;<\/p>\n<p>President Klaus Iohannis participated in the festivities occasioned by the start the new school year at a college in Bucharest, where he stressed that education must be centered on pupils and students interests and skills, on their individual potential, which must be supported. President Klaus Iohannis:<\/p>\n<p>&#13;<br \/>\n&#13;<\/p>\n<p>&#13;<br \/>\n&#13;<\/p>\n<p>&#8220;Assessments are important as long as they correctly reflect the pupils and students competences, giving them the opportunity to improve their performance. The chance for adequate professional development must be offered to everyone. The difference in status between the theoretical and the vocational route is no longer justified, as it discourages students, parents and teachers alike&#8221;<\/p>\n<p>&#13;<br \/>\n&#13;<\/p>\n<p>&#13;<br \/>\n&#13;<\/p>\n<p>Prime Minister Nicolae Ciuc\u0103 chose to mark the start of the new school year at a military college in Craiova (south), where he stated that the young generation has a huge potential, and the Government is coming up with solutions to make sure each and every child can benefit from a good education.  Nicolae Ciuc\u0103:<\/p>\n<p>&#13;<br \/>\n&#13;<\/p>\n<p>&#13;<br \/>\n&#13;<\/p>\n<p>&#8220;We know that there is a need for modern nurseries, kindergartens, schools, high schools and universities. That is precisely why we allocate resources for the construction of new such school units or for the modernization and enlargement of existing ones. To make sure that no pupil is left behind, we have developed programs aimed at reducing school dropout and supporting children from disadvantaged backgrounds&#8221;.<\/p>\n<p>&#13;<br \/>\n&#13;<\/p>\n<p>&#13;<br \/>\n&#13;<\/p>\n<p>The Prime Minister has also stressed that education will remain on the Governments priority list and that the new laws in the field will bring Romanian education back to the top. (MI)<\/p>\n<p>&#13;<br \/>\n&#13;<\/p>\n<p>&#13;<\/p>\n","protected":false},"excerpt":{"rendered":"<p>The new school year started in Romania marked by changes and challenges<\/p>\n","protected":false},"author":107,"featured_media":92860,"comment_status":"closed","ping_status":"closed","sticky":false,"template":"","format":"standard","meta":{"_acf_changed":false,"footnotes":""},"categories":[37738],"tags":[28945,33029,30883,29451],"coauthors":[],"class_list":["post-93065","post","type-post","status-publish","format-standard","has-post-thumbnail","hentry","category-today-in-the-news","tag-klaus-iohannis","tag-nicolae-ciuca","tag-school-year","tag-sorin-cimpeanu"],"acf":[],"yoast_head":"<!-- This site is optimized with the Yoast SEO plugin v27.3 - https:\/\/yoast.com\/product\/yoast-seo-wordpress\/ -->\n<title>Official statements on the first day of school - Radio Romania International<\/title>\n<meta name=\"robots\" content=\"index, follow, max-snippet:-1, max-image-preview:large, max-video-preview:-1\" \/>\n<link rel=\"canonical\" href=\"https:\/\/www.rri.ro\/en\/news-and-current-affairs\/today-in-the-news\/official-statements-on-the-first-day-of-school-id93065.html\" \/>\n<meta property=\"og:locale\" content=\"en_US\" \/>\n<meta property=\"og:type\" content=\"article\" \/>\n<meta property=\"og:title\" content=\"Official statements on the first day of school - Radio Romania International\" \/>\n<meta property=\"og:description\" content=\"The new school year started in Romania marked by changes and challenges\" \/>\n<meta property=\"og:url\" content=\"https:\/\/www.rri.ro\/en\/news-and-current-affairs\/today-in-the-news\/official-statements-on-the-first-day-of-school-id93065.html\" \/>\n<meta property=\"og:site_name\" content=\"Radio Romania International\" \/>\n<meta property=\"article:published_time\" content=\"2022-09-06T11:00:00+00:00\" \/>\n<meta property=\"article:modified_time\" content=\"2024-02-19T07:08:51+00:00\" \/>\n<meta property=\"og:image\" content=\"https:\/\/www.rri.ro\/wp-content\/uploads\/2023\/10\/sorin-cimpeanu-educatie-foto-gov.png\" \/>\n\t<meta property=\"og:image:width\" content=\"640\" \/>\n\t<meta property=\"og:image:height\" content=\"480\" \/>\n\t<meta property=\"og:image:type\" content=\"image\/png\" \/>\n<meta name=\"author\" content=\"Daniela Budu\" \/>\n<meta name=\"twitter:card\" content=\"summary_large_image\" \/>\n<meta name=\"twitter:label1\" content=\"Written by\" \/>\n\t<meta name=\"twitter:data1\" content=\"Daniela Budu\" \/>\n\t<meta name=\"twitter:label2\" content=\"Est. reading time\" \/>\n\t<meta name=\"twitter:data2\" content=\"2 minutes\" \/>\n<script type=\"application\/ld+json\" class=\"yoast-schema-graph\">{\"@context\":\"https:\\\/\\\/schema.org\",\"@graph\":[{\"@type\":\"Article\",\"@id\":\"https:\\\/\\\/www.rri.ro\\\/en\\\/news-and-current-affairs\\\/today-in-the-news\\\/official-statements-on-the-first-day-of-school-id93065.html#article\",\"isPartOf\":{\"@id\":\"https:\\\/\\\/www.rri.ro\\\/en\\\/news-and-current-affairs\\\/today-in-the-news\\\/official-statements-on-the-first-day-of-school-id93065.html\"},\"author\":{\"name\":\"Daniela Budu\",\"@id\":\"https:\\\/\\\/www.rri.ro\\\/#\\\/schema\\\/person\\\/b46b8f80d7d6e4b5ac9f14f0acbad0c4\"},\"headline\":\"Official statements on the first day of school\",\"datePublished\":\"2022-09-06T11:00:00+00:00\",\"dateModified\":\"2024-02-19T07:08:51+00:00\",\"mainEntityOfPage\":{\"@id\":\"https:\\\/\\\/www.rri.ro\\\/en\\\/news-and-current-affairs\\\/today-in-the-news\\\/official-statements-on-the-first-day-of-school-id93065.html\"},\"wordCount\":504,\"image\":{\"@id\":\"https:\\\/\\\/www.rri.ro\\\/en\\\/news-and-current-affairs\\\/today-in-the-news\\\/official-statements-on-the-first-day-of-school-id93065.html#primaryimage\"},\"thumbnailUrl\":\"https:\\\/\\\/www.rri.ro\\\/wp-content\\\/uploads\\\/2023\\\/10\\\/sorin-cimpeanu-educatie-foto-gov.png\",\"keywords\":[\"Klaus Iohannis\",\"Nicolae Ciuca\",\"school year\",\"Sorin Cimpeanu\"],\"articleSection\":[\"Today in the News\"],\"inLanguage\":\"en-US\"},{\"@type\":\"WebPage\",\"@id\":\"https:\\\/\\\/www.rri.ro\\\/en\\\/news-and-current-affairs\\\/today-in-the-news\\\/official-statements-on-the-first-day-of-school-id93065.html\",\"url\":\"https:\\\/\\\/www.rri.ro\\\/en\\\/news-and-current-affairs\\\/today-in-the-news\\\/official-statements-on-the-first-day-of-school-id93065.html\",\"name\":\"Official statements on the first day of school - Radio Romania International\",\"isPartOf\":{\"@id\":\"https:\\\/\\\/www.rri.ro\\\/#website\"},\"primaryImageOfPage\":{\"@id\":\"https:\\\/\\\/www.rri.ro\\\/en\\\/news-and-current-affairs\\\/today-in-the-news\\\/official-statements-on-the-first-day-of-school-id93065.html#primaryimage\"},\"image\":{\"@id\":\"https:\\\/\\\/www.rri.ro\\\/en\\\/news-and-current-affairs\\\/today-in-the-news\\\/official-statements-on-the-first-day-of-school-id93065.html#primaryimage\"},\"thumbnailUrl\":\"https:\\\/\\\/www.rri.ro\\\/wp-content\\\/uploads\\\/2023\\\/10\\\/sorin-cimpeanu-educatie-foto-gov.png\",\"datePublished\":\"2022-09-06T11:00:00+00:00\",\"dateModified\":\"2024-02-19T07:08:51+00:00\",\"author\":{\"@id\":\"https:\\\/\\\/www.rri.ro\\\/#\\\/schema\\\/person\\\/b46b8f80d7d6e4b5ac9f14f0acbad0c4\"},\"breadcrumb\":{\"@id\":\"https:\\\/\\\/www.rri.ro\\\/en\\\/news-and-current-affairs\\\/today-in-the-news\\\/official-statements-on-the-first-day-of-school-id93065.html#breadcrumb\"},\"inLanguage\":\"en-US\",\"potentialAction\":[{\"@type\":\"ReadAction\",\"target\":[\"https:\\\/\\\/www.rri.ro\\\/en\\\/news-and-current-affairs\\\/today-in-the-news\\\/official-statements-on-the-first-day-of-school-id93065.html\"]}]},{\"@type\":\"ImageObject\",\"inLanguage\":\"en-US\",\"@id\":\"https:\\\/\\\/www.rri.ro\\\/en\\\/news-and-current-affairs\\\/today-in-the-news\\\/official-statements-on-the-first-day-of-school-id93065.html#primaryimage\",\"url\":\"https:\\\/\\\/www.rri.ro\\\/wp-content\\\/uploads\\\/2023\\\/10\\\/sorin-cimpeanu-educatie-foto-gov.png\",\"contentUrl\":\"https:\\\/\\\/www.rri.ro\\\/wp-content\\\/uploads\\\/2023\\\/10\\\/sorin-cimpeanu-educatie-foto-gov.png\",\"width\":640,\"height\":480},{\"@type\":\"BreadcrumbList\",\"@id\":\"https:\\\/\\\/www.rri.ro\\\/en\\\/news-and-current-affairs\\\/today-in-the-news\\\/official-statements-on-the-first-day-of-school-id93065.html#breadcrumb\",\"itemListElement\":[{\"@type\":\"ListItem\",\"position\":1,\"name\":\"Homepage\",\"item\":\"https:\\\/\\\/www.rri.ro\\\/en\"},{\"@type\":\"ListItem\",\"position\":2,\"name\":\"News and Current Affairs\",\"item\":\"https:\\\/\\\/www.rri.ro\\\/en\\\/news-and-current-affairs\"},{\"@type\":\"ListItem\",\"position\":3,\"name\":\"Today in the News\",\"item\":\"https:\\\/\\\/www.rri.ro\\\/en\\\/news-and-current-affairs\\\/today-in-the-news\"},{\"@type\":\"ListItem\",\"position\":4,\"name\":\"Official statements on the first day of school\"}]},{\"@type\":\"WebSite\",\"@id\":\"https:\\\/\\\/www.rri.ro\\\/#website\",\"url\":\"https:\\\/\\\/www.rri.ro\\\/\",\"name\":\"Radio Romania International\",\"description\":\"Totul despre Rom\u00e2nia \u015fi rom\u00e2ni, \u00een 13 limbi\\\/dialecte!\",\"inLanguage\":\"en-US\"},{\"@type\":\"Person\",\"@id\":\"https:\\\/\\\/www.rri.ro\\\/#\\\/schema\\\/person\\\/b46b8f80d7d6e4b5ac9f14f0acbad0c4\",\"name\":\"Daniela Budu\",\"url\":\"https:\\\/\\\/www.rri.ro\\\/en\\\/author\\\/daniela-budu\"}]}<\/script>\n<!-- \/ Yoast SEO plugin. -->","yoast_head_json":{"title":"Official statements on the first day of school - Radio Romania International","robots":{"index":"index","follow":"follow","max-snippet":"max-snippet:-1","max-image-preview":"max-image-preview:large","max-video-preview":"max-video-preview:-1"},"canonical":"https:\/\/www.rri.ro\/en\/news-and-current-affairs\/today-in-the-news\/official-statements-on-the-first-day-of-school-id93065.html","og_locale":"en_US","og_type":"article","og_title":"Official statements on the first day of school - Radio Romania International","og_description":"The new school year started in Romania marked by changes and challenges","og_url":"https:\/\/www.rri.ro\/en\/news-and-current-affairs\/today-in-the-news\/official-statements-on-the-first-day-of-school-id93065.html","og_site_name":"Radio Romania International","article_published_time":"2022-09-06T11:00:00+00:00","article_modified_time":"2024-02-19T07:08:51+00:00","og_image":[{"width":640,"height":480,"url":"https:\/\/www.rri.ro\/wp-content\/uploads\/2023\/10\/sorin-cimpeanu-educatie-foto-gov.png","type":"image\/png"}],"author":"Daniela Budu","twitter_card":"summary_large_image","twitter_misc":{"Written by":"Daniela Budu","Est. reading time":"2 minutes"},"schema":{"@context":"https:\/\/schema.org","@graph":[{"@type":"Article","@id":"https:\/\/www.rri.ro\/en\/news-and-current-affairs\/today-in-the-news\/official-statements-on-the-first-day-of-school-id93065.html#article","isPartOf":{"@id":"https:\/\/www.rri.ro\/en\/news-and-current-affairs\/today-in-the-news\/official-statements-on-the-first-day-of-school-id93065.html"},"author":{"name":"Daniela Budu","@id":"https:\/\/www.rri.ro\/#\/schema\/person\/b46b8f80d7d6e4b5ac9f14f0acbad0c4"},"headline":"Official statements on the first day of school","datePublished":"2022-09-06T11:00:00+00:00","dateModified":"2024-02-19T07:08:51+00:00","mainEntityOfPage":{"@id":"https:\/\/www.rri.ro\/en\/news-and-current-affairs\/today-in-the-news\/official-statements-on-the-first-day-of-school-id93065.html"},"wordCount":504,"image":{"@id":"https:\/\/www.rri.ro\/en\/news-and-current-affairs\/today-in-the-news\/official-statements-on-the-first-day-of-school-id93065.html#primaryimage"},"thumbnailUrl":"https:\/\/www.rri.ro\/wp-content\/uploads\/2023\/10\/sorin-cimpeanu-educatie-foto-gov.png","keywords":["Klaus Iohannis","Nicolae Ciuca","school year","Sorin Cimpeanu"],"articleSection":["Today in the News"],"inLanguage":"en-US"},{"@type":"WebPage","@id":"https:\/\/www.rri.ro\/en\/news-and-current-affairs\/today-in-the-news\/official-statements-on-the-first-day-of-school-id93065.html","url":"https:\/\/www.rri.ro\/en\/news-and-current-affairs\/today-in-the-news\/official-statements-on-the-first-day-of-school-id93065.html","name":"Official statements on the first day of school - Radio Romania International","isPartOf":{"@id":"https:\/\/www.rri.ro\/#website"},"primaryImageOfPage":{"@id":"https:\/\/www.rri.ro\/en\/news-and-current-affairs\/today-in-the-news\/official-statements-on-the-first-day-of-school-id93065.html#primaryimage"},"image":{"@id":"https:\/\/www.rri.ro\/en\/news-and-current-affairs\/today-in-the-news\/official-statements-on-the-first-day-of-school-id93065.html#primaryimage"},"thumbnailUrl":"https:\/\/www.rri.ro\/wp-content\/uploads\/2023\/10\/sorin-cimpeanu-educatie-foto-gov.png","datePublished":"2022-09-06T11:00:00+00:00","dateModified":"2024-02-19T07:08:51+00:00","author":{"@id":"https:\/\/www.rri.ro\/#\/schema\/person\/b46b8f80d7d6e4b5ac9f14f0acbad0c4"},"breadcrumb":{"@id":"https:\/\/www.rri.ro\/en\/news-and-current-affairs\/today-in-the-news\/official-statements-on-the-first-day-of-school-id93065.html#breadcrumb"},"inLanguage":"en-US","potentialAction":[{"@type":"ReadAction","target":["https:\/\/www.rri.ro\/en\/news-and-current-affairs\/today-in-the-news\/official-statements-on-the-first-day-of-school-id93065.html"]}]},{"@type":"ImageObject","inLanguage":"en-US","@id":"https:\/\/www.rri.ro\/en\/news-and-current-affairs\/today-in-the-news\/official-statements-on-the-first-day-of-school-id93065.html#primaryimage","url":"https:\/\/www.rri.ro\/wp-content\/uploads\/2023\/10\/sorin-cimpeanu-educatie-foto-gov.png","contentUrl":"https:\/\/www.rri.ro\/wp-content\/uploads\/2023\/10\/sorin-cimpeanu-educatie-foto-gov.png","width":640,"height":480},{"@type":"BreadcrumbList","@id":"https:\/\/www.rri.ro\/en\/news-and-current-affairs\/today-in-the-news\/official-statements-on-the-first-day-of-school-id93065.html#breadcrumb","itemListElement":[{"@type":"ListItem","position":1,"name":"Homepage","item":"https:\/\/www.rri.ro\/en"},{"@type":"ListItem","position":2,"name":"News and Current Affairs","item":"https:\/\/www.rri.ro\/en\/news-and-current-affairs"},{"@type":"ListItem","position":3,"name":"Today in the News","item":"https:\/\/www.rri.ro\/en\/news-and-current-affairs\/today-in-the-news"},{"@type":"ListItem","position":4,"name":"Official statements on the first day of school"}]},{"@type":"WebSite","@id":"https:\/\/www.rri.ro\/#website","url":"https:\/\/www.rri.ro\/","name":"Radio Romania International","description":"Totul despre Rom\u00e2nia \u015fi rom\u00e2ni, \u00een 13 limbi\/dialecte!","inLanguage":"en-US"},{"@type":"Person","@id":"https:\/\/www.rri.ro\/#\/schema\/person\/b46b8f80d7d6e4b5ac9f14f0acbad0c4","name":"Daniela Budu","url":"https:\/\/www.rri.ro\/en\/author\/daniela-budu"}]}},"_links":{"self":[{"href":"https:\/\/www.rri.ro\/en\/wp-json\/wp\/v2\/posts\/93065","targetHints":{"allow":["GET"]}}],"collection":[{"href":"https:\/\/www.rri.ro\/en\/wp-json\/wp\/v2\/posts"}],"about":[{"href":"https:\/\/www.rri.ro\/en\/wp-json\/wp\/v2\/types\/post"}],"author":[{"embeddable":true,"href":"https:\/\/www.rri.ro\/en\/wp-json\/wp\/v2\/users\/107"}],"replies":[{"embeddable":true,"href":"https:\/\/www.rri.ro\/en\/wp-json\/wp\/v2\/comments?post=93065"}],"version-history":[{"count":0,"href":"https:\/\/www.rri.ro\/en\/wp-json\/wp\/v2\/posts\/93065\/revisions"}],"wp:featuredmedia":[{"embeddable":true,"href":"https:\/\/www.rri.ro\/en\/wp-json\/wp\/v2\/media\/92860"}],"wp:attachment":[{"href":"https:\/\/www.rri.ro\/en\/wp-json\/wp\/v2\/media?parent=93065"}],"wp:term":[{"taxonomy":"category","embeddable":true,"href":"https:\/\/www.rri.ro\/en\/wp-json\/wp\/v2\/categories?post=93065"},{"taxonomy":"post_tag","embeddable":true,"href":"https:\/\/www.rri.ro\/en\/wp-json\/wp\/v2\/tags?post=93065"},{"taxonomy":"author","embeddable":true,"href":"https:\/\/www.rri.ro\/en\/wp-json\/wp\/v2\/coauthors?post=93065"}],"curies":[{"name":"wp","href":"https:\/\/api.w.org\/{rel}","templated":true}]}}