{"id":93241,"date":"2022-09-22T02:00:00","date_gmt":"2022-09-21T23:00:00","guid":{"rendered":"http:\/\/devrri.freshlemon.ro\/news-and-current-affairs\/newsflash\/energy-prices-trigger-more-discontent-93241.html"},"modified":"2024-02-19T09:09:08","modified_gmt":"2024-02-19T07:09:08","slug":"energy-prices-trigger-more-discontent","status":"publish","type":"post","link":"https:\/\/www.rri.ro\/en\/news-and-current-affairs\/today-in-the-news\/energy-prices-trigger-more-discontent-id93241.html","title":{"rendered":"Energy prices trigger more discontent"},"content":{"rendered":"<\/p>\n<p>After they have been&#13;<br \/>\nadvised to save energy in order to pay lower bills, many Romanians have recently&#13;<br \/>\nlearnt that something doesn&#8217;t actually add up. And that&#8217;s because the capping&#13;<br \/>\ndecided by the government through its latest Emergency Ordinance is not based&#13;<br \/>\non the last month&#8217;s consumption but on the average monthly consumption they had&#13;<br \/>\nlast year. <\/p>\n<p>&#13;<br \/>\n&#13;<br \/>\n&#13;<br \/>\n&#13;<\/p>\n<p>Things are very&#13;<br \/>\nclear on paper: for 100 kilowatts one must pay 0.68 RON. Between 101 and 255&#13;<br \/>\nkilowatts, the price is 0.80 RON and consumptions over 255 kilowatts will be charged&#13;<br \/>\nheavily under the contracts consumers have signed with energy providers. So, in&#13;<br \/>\norder to see if they can benefit the latest measures on capped electricity prices,&#13;<br \/>\nthe Romanians must check the bills they paid last year and assess their average&#13;<br \/>\nconsumption on the year that passed. <\/p>\n<p>&#13;<br \/>\n&#13;<br \/>\n&#13;<br \/>\n&#13;<\/p>\n<p>But because no one&#13;<br \/>\npublicly explained how calculations are made, some people have had the&#13;<br \/>\nunpleasant surprise of receiving huge electricity bills without understanding&#13;<br \/>\nwhy. According to data published by the National Authority for Energy&#13;<br \/>\nRegulations (ANRE), Romania has so far had 4.9 million households in the 100&#13;<br \/>\nkilowatts bracket. A little over 3.5 million households are in the second&#13;<br \/>\ncategory while between 100 and 200 thousand households do not benefit any&#13;<br \/>\ncapping regulations. <\/p>\n<p>&#13;<br \/>\n&#13;<br \/>\n&#13;<br \/>\n&#13;<\/p>\n<p>Recently submitted&#13;<br \/>\nto Parliament, the new capping scheme stipulated by the Emergency Ordinance is&#13;<br \/>\nexpected to get some new amendments. <\/p>\n<p>&#13;<br \/>\n&#13;<br \/>\n&#13;<br \/>\n&#13;<\/p>\n<p>Both the ruling and&#13;<br \/>\nopposition parties have come up with a series of amendments to the law. For&#13;<br \/>\ninstance, the co-ruling PSD and opposition USR have been pleading for changing&#13;<br \/>\nthe way in which the consumption is charged, so that it may not be based on the&#13;<br \/>\nlast year&#8217;s average consumption, but strictly on the consumption they&#13;<br \/>\nregistered this year. However, ANRE says this solution is difficult to implement&#13;<br \/>\ntechnically and the agency endorses the older method based on the past&#13;<br \/>\nconsumption. <\/p>\n<p>&#13;<br \/>\n&#13;<br \/>\n&#13;<br \/>\n&#13;<\/p>\n<p>The co-ruling PNL comes&#13;<br \/>\nup with a method based on the average consumption of the last three years. Amid&#13;<br \/>\npublic discontent triggered by the huge energy bills, Energy Minister Virgil&#13;<br \/>\nPopescu has this week called on ANRE to do their job and closely monitor the&#13;<br \/>\nenergy market while the Consumer Protection Office has been asked to sanction&#13;<br \/>\nthe providers failing to comply with the regulations. ANRE has already kicked&#13;<br \/>\noff a series of unexpected controls at six energy distributors and in turn, the&#13;<br \/>\nNational Authority for Consumer Protection has started controls at electricity&#13;<br \/>\nproviders across the country in order to see how electricity bills are being&#13;<br \/>\ncalculated. <\/p>\n<p>&#13;<br \/>\n&#13;<\/p>\n<p> (bill)<\/p><\/p>\n","protected":false},"excerpt":{"rendered":"<p>The Legislature in Bucharest is to amend shortly an emergency ordinance on capping energy prices and subsidies<\/p>\n","protected":false},"author":109,"featured_media":93242,"comment_status":"closed","ping_status":"closed","sticky":false,"template":"","format":"standard","meta":{"_acf_changed":false,"footnotes":""},"categories":[37738],"tags":[31522,33182,29820,28918,34843,30256],"coauthors":[],"class_list":["post-93241","post","type-post","status-publish","format-standard","has-post-thumbnail","hentry","category-today-in-the-news","tag-anre","tag-cap","tag-electricity","tag-energy","tag-popescu","tag-prices"],"acf":[],"yoast_head":"<!-- This site is optimized with the Yoast SEO plugin v27.5 - https:\/\/yoast.com\/product\/yoast-seo-wordpress\/ -->\n<title>Energy prices trigger more discontent - Radio Romania International<\/title>\n<meta name=\"robots\" content=\"index, follow, max-snippet:-1, max-image-preview:large, max-video-preview:-1\" \/>\n<link rel=\"canonical\" href=\"https:\/\/www.rri.ro\/en\/news-and-current-affairs\/today-in-the-news\/energy-prices-trigger-more-discontent-id93241.html\" \/>\n<meta property=\"og:locale\" content=\"en_US\" \/>\n<meta property=\"og:type\" content=\"article\" \/>\n<meta property=\"og:title\" content=\"Energy prices trigger more discontent - Radio Romania International\" \/>\n<meta property=\"og:description\" content=\"The Legislature in Bucharest is to amend shortly an emergency ordinance on capping energy prices and subsidies\" \/>\n<meta property=\"og:url\" content=\"https:\/\/www.rri.ro\/en\/news-and-current-affairs\/today-in-the-news\/energy-prices-trigger-more-discontent-id93241.html\" \/>\n<meta property=\"og:site_name\" content=\"Radio Romania International\" \/>\n<meta property=\"article:published_time\" content=\"2022-09-21T23:00:00+00:00\" \/>\n<meta property=\"article:modified_time\" content=\"2024-02-19T07:09:08+00:00\" \/>\n<meta property=\"og:image\" content=\"https:\/\/www.rri.ro\/wp-content\/uploads\/2023\/10\/economie-probleme-finante-statistici-foto-pe-poza-sursa-pixabay-2.png\" \/>\n\t<meta property=\"og:image:width\" content=\"640\" \/>\n\t<meta property=\"og:image:height\" content=\"426\" \/>\n\t<meta property=\"og:image:type\" content=\"image\/png\" \/>\n<meta name=\"author\" content=\"Roxana Vasile\" \/>\n<meta name=\"twitter:card\" content=\"summary_large_image\" \/>\n<meta name=\"twitter:label1\" content=\"Written by\" \/>\n\t<meta name=\"twitter:data1\" content=\"Roxana Vasile\" \/>\n\t<meta name=\"twitter:label2\" content=\"Est. reading time\" \/>\n\t<meta name=\"twitter:data2\" content=\"2 minutes\" \/>\n<script type=\"application\/ld+json\" class=\"yoast-schema-graph\">{\"@context\":\"https:\\\/\\\/schema.org\",\"@graph\":[{\"@type\":\"Article\",\"@id\":\"https:\\\/\\\/www.rri.ro\\\/en\\\/news-and-current-affairs\\\/today-in-the-news\\\/energy-prices-trigger-more-discontent-id93241.html#article\",\"isPartOf\":{\"@id\":\"https:\\\/\\\/www.rri.ro\\\/en\\\/news-and-current-affairs\\\/today-in-the-news\\\/energy-prices-trigger-more-discontent-id93241.html\"},\"author\":{\"name\":\"Roxana Vasile\",\"@id\":\"https:\\\/\\\/www.rri.ro\\\/#\\\/schema\\\/person\\\/0745b519f2d1287783422f162c4112af\"},\"headline\":\"Energy prices trigger more discontent\",\"datePublished\":\"2022-09-21T23:00:00+00:00\",\"dateModified\":\"2024-02-19T07:09:08+00:00\",\"mainEntityOfPage\":{\"@id\":\"https:\\\/\\\/www.rri.ro\\\/en\\\/news-and-current-affairs\\\/today-in-the-news\\\/energy-prices-trigger-more-discontent-id93241.html\"},\"wordCount\":417,\"image\":{\"@id\":\"https:\\\/\\\/www.rri.ro\\\/en\\\/news-and-current-affairs\\\/today-in-the-news\\\/energy-prices-trigger-more-discontent-id93241.html#primaryimage\"},\"thumbnailUrl\":\"https:\\\/\\\/www.rri.ro\\\/wp-content\\\/uploads\\\/2023\\\/10\\\/economie-probleme-finante-statistici-foto-pe-poza-sursa-pixabay-2.png\",\"keywords\":[\"ANRE\",\"CAP\",\"electricity\",\"energy\",\"Popescu\",\"prices\"],\"articleSection\":[\"Today in the News\"],\"inLanguage\":\"en-US\"},{\"@type\":\"WebPage\",\"@id\":\"https:\\\/\\\/www.rri.ro\\\/en\\\/news-and-current-affairs\\\/today-in-the-news\\\/energy-prices-trigger-more-discontent-id93241.html\",\"url\":\"https:\\\/\\\/www.rri.ro\\\/en\\\/news-and-current-affairs\\\/today-in-the-news\\\/energy-prices-trigger-more-discontent-id93241.html\",\"name\":\"Energy prices trigger more discontent - Radio Romania International\",\"isPartOf\":{\"@id\":\"https:\\\/\\\/www.rri.ro\\\/#website\"},\"primaryImageOfPage\":{\"@id\":\"https:\\\/\\\/www.rri.ro\\\/en\\\/news-and-current-affairs\\\/today-in-the-news\\\/energy-prices-trigger-more-discontent-id93241.html#primaryimage\"},\"image\":{\"@id\":\"https:\\\/\\\/www.rri.ro\\\/en\\\/news-and-current-affairs\\\/today-in-the-news\\\/energy-prices-trigger-more-discontent-id93241.html#primaryimage\"},\"thumbnailUrl\":\"https:\\\/\\\/www.rri.ro\\\/wp-content\\\/uploads\\\/2023\\\/10\\\/economie-probleme-finante-statistici-foto-pe-poza-sursa-pixabay-2.png\",\"datePublished\":\"2022-09-21T23:00:00+00:00\",\"dateModified\":\"2024-02-19T07:09:08+00:00\",\"author\":{\"@id\":\"https:\\\/\\\/www.rri.ro\\\/#\\\/schema\\\/person\\\/0745b519f2d1287783422f162c4112af\"},\"breadcrumb\":{\"@id\":\"https:\\\/\\\/www.rri.ro\\\/en\\\/news-and-current-affairs\\\/today-in-the-news\\\/energy-prices-trigger-more-discontent-id93241.html#breadcrumb\"},\"inLanguage\":\"en-US\",\"potentialAction\":[{\"@type\":\"ReadAction\",\"target\":[\"https:\\\/\\\/www.rri.ro\\\/en\\\/news-and-current-affairs\\\/today-in-the-news\\\/energy-prices-trigger-more-discontent-id93241.html\"]}]},{\"@type\":\"ImageObject\",\"inLanguage\":\"en-US\",\"@id\":\"https:\\\/\\\/www.rri.ro\\\/en\\\/news-and-current-affairs\\\/today-in-the-news\\\/energy-prices-trigger-more-discontent-id93241.html#primaryimage\",\"url\":\"https:\\\/\\\/www.rri.ro\\\/wp-content\\\/uploads\\\/2023\\\/10\\\/economie-probleme-finante-statistici-foto-pe-poza-sursa-pixabay-2.png\",\"contentUrl\":\"https:\\\/\\\/www.rri.ro\\\/wp-content\\\/uploads\\\/2023\\\/10\\\/economie-probleme-finante-statistici-foto-pe-poza-sursa-pixabay-2.png\",\"width\":640,\"height\":426},{\"@type\":\"BreadcrumbList\",\"@id\":\"https:\\\/\\\/www.rri.ro\\\/en\\\/news-and-current-affairs\\\/today-in-the-news\\\/energy-prices-trigger-more-discontent-id93241.html#breadcrumb\",\"itemListElement\":[{\"@type\":\"ListItem\",\"position\":1,\"name\":\"Homepage\",\"item\":\"https:\\\/\\\/www.rri.ro\\\/en\"},{\"@type\":\"ListItem\",\"position\":2,\"name\":\"News and Current Affairs\",\"item\":\"https:\\\/\\\/www.rri.ro\\\/en\\\/news-and-current-affairs\"},{\"@type\":\"ListItem\",\"position\":3,\"name\":\"Today in the News\",\"item\":\"https:\\\/\\\/www.rri.ro\\\/en\\\/news-and-current-affairs\\\/today-in-the-news\"},{\"@type\":\"ListItem\",\"position\":4,\"name\":\"Energy prices trigger more discontent\"}]},{\"@type\":\"WebSite\",\"@id\":\"https:\\\/\\\/www.rri.ro\\\/#website\",\"url\":\"https:\\\/\\\/www.rri.ro\\\/\",\"name\":\"Radio Romania International\",\"description\":\"Totul despre Rom\u00e2nia \u015fi rom\u00e2ni, \u00een 13 limbi\\\/dialecte!\",\"inLanguage\":\"en-US\"},{\"@type\":\"Person\",\"@id\":\"https:\\\/\\\/www.rri.ro\\\/#\\\/schema\\\/person\\\/0745b519f2d1287783422f162c4112af\",\"name\":\"Roxana Vasile\",\"url\":\"https:\\\/\\\/www.rri.ro\\\/en\\\/author\\\/roxana-vasile\"}]}<\/script>\n<!-- \/ Yoast SEO plugin. -->","yoast_head_json":{"title":"Energy prices trigger more discontent - Radio Romania International","robots":{"index":"index","follow":"follow","max-snippet":"max-snippet:-1","max-image-preview":"max-image-preview:large","max-video-preview":"max-video-preview:-1"},"canonical":"https:\/\/www.rri.ro\/en\/news-and-current-affairs\/today-in-the-news\/energy-prices-trigger-more-discontent-id93241.html","og_locale":"en_US","og_type":"article","og_title":"Energy prices trigger more discontent - Radio Romania International","og_description":"The Legislature in Bucharest is to amend shortly an emergency ordinance on capping energy prices and subsidies","og_url":"https:\/\/www.rri.ro\/en\/news-and-current-affairs\/today-in-the-news\/energy-prices-trigger-more-discontent-id93241.html","og_site_name":"Radio Romania International","article_published_time":"2022-09-21T23:00:00+00:00","article_modified_time":"2024-02-19T07:09:08+00:00","og_image":[{"width":640,"height":426,"url":"https:\/\/www.rri.ro\/wp-content\/uploads\/2023\/10\/economie-probleme-finante-statistici-foto-pe-poza-sursa-pixabay-2.png","type":"image\/png"}],"author":"Roxana Vasile","twitter_card":"summary_large_image","twitter_misc":{"Written by":"Roxana Vasile","Est. reading time":"2 minutes"},"schema":{"@context":"https:\/\/schema.org","@graph":[{"@type":"Article","@id":"https:\/\/www.rri.ro\/en\/news-and-current-affairs\/today-in-the-news\/energy-prices-trigger-more-discontent-id93241.html#article","isPartOf":{"@id":"https:\/\/www.rri.ro\/en\/news-and-current-affairs\/today-in-the-news\/energy-prices-trigger-more-discontent-id93241.html"},"author":{"name":"Roxana Vasile","@id":"https:\/\/www.rri.ro\/#\/schema\/person\/0745b519f2d1287783422f162c4112af"},"headline":"Energy prices trigger more discontent","datePublished":"2022-09-21T23:00:00+00:00","dateModified":"2024-02-19T07:09:08+00:00","mainEntityOfPage":{"@id":"https:\/\/www.rri.ro\/en\/news-and-current-affairs\/today-in-the-news\/energy-prices-trigger-more-discontent-id93241.html"},"wordCount":417,"image":{"@id":"https:\/\/www.rri.ro\/en\/news-and-current-affairs\/today-in-the-news\/energy-prices-trigger-more-discontent-id93241.html#primaryimage"},"thumbnailUrl":"https:\/\/www.rri.ro\/wp-content\/uploads\/2023\/10\/economie-probleme-finante-statistici-foto-pe-poza-sursa-pixabay-2.png","keywords":["ANRE","CAP","electricity","energy","Popescu","prices"],"articleSection":["Today in the News"],"inLanguage":"en-US"},{"@type":"WebPage","@id":"https:\/\/www.rri.ro\/en\/news-and-current-affairs\/today-in-the-news\/energy-prices-trigger-more-discontent-id93241.html","url":"https:\/\/www.rri.ro\/en\/news-and-current-affairs\/today-in-the-news\/energy-prices-trigger-more-discontent-id93241.html","name":"Energy prices trigger more discontent - Radio Romania International","isPartOf":{"@id":"https:\/\/www.rri.ro\/#website"},"primaryImageOfPage":{"@id":"https:\/\/www.rri.ro\/en\/news-and-current-affairs\/today-in-the-news\/energy-prices-trigger-more-discontent-id93241.html#primaryimage"},"image":{"@id":"https:\/\/www.rri.ro\/en\/news-and-current-affairs\/today-in-the-news\/energy-prices-trigger-more-discontent-id93241.html#primaryimage"},"thumbnailUrl":"https:\/\/www.rri.ro\/wp-content\/uploads\/2023\/10\/economie-probleme-finante-statistici-foto-pe-poza-sursa-pixabay-2.png","datePublished":"2022-09-21T23:00:00+00:00","dateModified":"2024-02-19T07:09:08+00:00","author":{"@id":"https:\/\/www.rri.ro\/#\/schema\/person\/0745b519f2d1287783422f162c4112af"},"breadcrumb":{"@id":"https:\/\/www.rri.ro\/en\/news-and-current-affairs\/today-in-the-news\/energy-prices-trigger-more-discontent-id93241.html#breadcrumb"},"inLanguage":"en-US","potentialAction":[{"@type":"ReadAction","target":["https:\/\/www.rri.ro\/en\/news-and-current-affairs\/today-in-the-news\/energy-prices-trigger-more-discontent-id93241.html"]}]},{"@type":"ImageObject","inLanguage":"en-US","@id":"https:\/\/www.rri.ro\/en\/news-and-current-affairs\/today-in-the-news\/energy-prices-trigger-more-discontent-id93241.html#primaryimage","url":"https:\/\/www.rri.ro\/wp-content\/uploads\/2023\/10\/economie-probleme-finante-statistici-foto-pe-poza-sursa-pixabay-2.png","contentUrl":"https:\/\/www.rri.ro\/wp-content\/uploads\/2023\/10\/economie-probleme-finante-statistici-foto-pe-poza-sursa-pixabay-2.png","width":640,"height":426},{"@type":"BreadcrumbList","@id":"https:\/\/www.rri.ro\/en\/news-and-current-affairs\/today-in-the-news\/energy-prices-trigger-more-discontent-id93241.html#breadcrumb","itemListElement":[{"@type":"ListItem","position":1,"name":"Homepage","item":"https:\/\/www.rri.ro\/en"},{"@type":"ListItem","position":2,"name":"News and Current Affairs","item":"https:\/\/www.rri.ro\/en\/news-and-current-affairs"},{"@type":"ListItem","position":3,"name":"Today in the News","item":"https:\/\/www.rri.ro\/en\/news-and-current-affairs\/today-in-the-news"},{"@type":"ListItem","position":4,"name":"Energy prices trigger more discontent"}]},{"@type":"WebSite","@id":"https:\/\/www.rri.ro\/#website","url":"https:\/\/www.rri.ro\/","name":"Radio Romania International","description":"Totul despre Rom\u00e2nia \u015fi rom\u00e2ni, \u00een 13 limbi\/dialecte!","inLanguage":"en-US"},{"@type":"Person","@id":"https:\/\/www.rri.ro\/#\/schema\/person\/0745b519f2d1287783422f162c4112af","name":"Roxana Vasile","url":"https:\/\/www.rri.ro\/en\/author\/roxana-vasile"}]}},"_links":{"self":[{"href":"https:\/\/www.rri.ro\/en\/wp-json\/wp\/v2\/posts\/93241","targetHints":{"allow":["GET"]}}],"collection":[{"href":"https:\/\/www.rri.ro\/en\/wp-json\/wp\/v2\/posts"}],"about":[{"href":"https:\/\/www.rri.ro\/en\/wp-json\/wp\/v2\/types\/post"}],"author":[{"embeddable":true,"href":"https:\/\/www.rri.ro\/en\/wp-json\/wp\/v2\/users\/109"}],"replies":[{"embeddable":true,"href":"https:\/\/www.rri.ro\/en\/wp-json\/wp\/v2\/comments?post=93241"}],"version-history":[{"count":0,"href":"https:\/\/www.rri.ro\/en\/wp-json\/wp\/v2\/posts\/93241\/revisions"}],"wp:featuredmedia":[{"embeddable":true,"href":"https:\/\/www.rri.ro\/en\/wp-json\/wp\/v2\/media\/93242"}],"wp:attachment":[{"href":"https:\/\/www.rri.ro\/en\/wp-json\/wp\/v2\/media?parent=93241"}],"wp:term":[{"taxonomy":"category","embeddable":true,"href":"https:\/\/www.rri.ro\/en\/wp-json\/wp\/v2\/categories?post=93241"},{"taxonomy":"post_tag","embeddable":true,"href":"https:\/\/www.rri.ro\/en\/wp-json\/wp\/v2\/tags?post=93241"},{"taxonomy":"author","embeddable":true,"href":"https:\/\/www.rri.ro\/en\/wp-json\/wp\/v2\/coauthors?post=93241"}],"curies":[{"name":"wp","href":"https:\/\/api.w.org\/{rel}","templated":true}]}}