{"id":93651,"date":"2022-11-03T13:50:00","date_gmt":"2022-11-03T11:50:00","guid":{"rendered":"http:\/\/devrri.freshlemon.ro\/news-and-current-affairs\/newsflash\/wave-of-retirements-in-the-justice-system-93651.html"},"modified":"2024-02-19T09:09:58","modified_gmt":"2024-02-19T07:09:58","slug":"wave-of-retirements-in-the-justice-system","status":"publish","type":"post","link":"https:\/\/www.rri.ro\/en\/news-and-current-affairs\/today-in-the-news\/wave-of-retirements-in-the-justice-system-id93651.html","title":{"rendered":"Wave of retirements in the justice system"},"content":{"rendered":"<\/p>\n<p>Romania&#8217;s&#13;<br \/>\nJustice Minister, C\u0103t\u0103lin Predoiu, has warned the speculation in the public&#13;<br \/>\nsphere regarding the so-called special pensions that don&#8217;t observe the&#13;<br \/>\ncontribution principle, may disrupt the activity of courts of law and&#13;<br \/>\nprosecutors&#8217; offices, as many magistrates might choose to mass-retire. In the&#13;<br \/>\nlast days alone, 65 retirement requests were submitted to the Superior Council&#13;<br \/>\nof Magistracy (CSM). The applicants include a few sonorous names, such as a CSM&#13;<br \/>\njudge, Gabriela Baltag, the head of the former Special Section investigating&#13;<br \/>\nCrime in Justice, Adina Florea, or Felix B\u0103nil\u0103, the former head of the&#13;<br \/>\nDirectorate Investigating Organized Crime and Terrorism (DIICOT). <\/p>\n<p><\/p>\n<p><\/p>\n<p>Minister&#13;<br \/>\nPredoiu met with representatives of the top institutions in the field, giving&#13;<br \/>\nassurances that the government is currently not examining any project aimed at&#13;<br \/>\nmodifying the current legislation in the justice system. Any such project, the&#13;<br \/>\nRomanian official argued, will have to undergo a number of steps prior to its&#13;<br \/>\nadoption, and the Ministry will issue an opinion only after ensuring&#13;<br \/>\nmagistrates stay independent and the justice system will remain efficient.&#13;<br \/>\nPensions are a constituent of the magistrates&#8217; status, C\u0103t\u0103lin Predoiu went on&#13;<br \/>\nto say. The Justice Minister called for public responsibility when debating the&#13;<br \/>\nissue, including from magistrates. Concerns spiked after the World Bank&#13;<br \/>\nfinalized its plan for reforming the pension system in Romania, also suggesting&#13;<br \/>\nthat current pensions should observe the contribution system, by scrapping any&#13;<br \/>\nprivileged categories exempted from this rule. <\/p>\n<p><\/p>\n<p><\/p>\n<p><\/p>\n<p>Additionally, the World Bank&#13;<br \/>\nwants all special pensions to be capped at the level of income reported during&#13;<br \/>\nmagistrates&#8217; term in office, while the retirement age of magistrates should be&#13;<br \/>\nthe same as for any other public worker. Pension reform is a top goal under the&#13;<br \/>\nRecovery and Resilience Plan, which the authorities have agreed upon with EU&#13;<br \/>\nrepresentatives and which should be completed by the end of the year. In a&#13;<br \/>\ncountry with some five million pensioners receiving the equivalent of some 400&#13;<br \/>\nEUR every month, the issue of special pensions, which in some cases are ten&#13;<br \/>\ntimes higher, can produce social and political unrest, while lawmakers are&#13;<br \/>\ndoing little to remedy such anomalies. Government spokesman Dan C\u0103rbunaru says&#13;<br \/>\nthat any modifications the government is considering to implement in the&#13;<br \/>\npension system, including with regard to the retirement age, will not be&#13;<br \/>\nimplemented abruptly lest they should cause disruptions. As regards the&#13;<br \/>\nmilestone regarding special pensions the government must fulfill as part of its&#13;<br \/>\ncommitments at EU level, Dan C\u0103rbunaru said a special task force was created at&#13;<br \/>\ngovernment level, with Labor Ministry specialists conducting analyses and&#13;<br \/>\nconsulting with the World Bank. (VP)<\/p>\n<p><\/p>\n","protected":false},"excerpt":{"rendered":"<p>Dozens of magistrates have submitted the retirement requests<\/p>\n","protected":false},"author":105,"featured_media":84378,"comment_status":"closed","ping_status":"closed","sticky":false,"template":"","format":"standard","meta":{"_acf_changed":false,"footnotes":""},"categories":[37738],"tags":[28968,40705,40704,29669],"coauthors":[],"class_list":["post-93651","post","type-post","status-publish","format-standard","has-post-thumbnail","hentry","category-today-in-the-news","tag-catalin-predoiu","tag-magistrates-and-prosecutors","tag-retirement-requests","tag-special-pensions"],"acf":[],"yoast_head":"<!-- This site is optimized with the Yoast SEO plugin v27.3 - https:\/\/yoast.com\/product\/yoast-seo-wordpress\/ -->\n<title>Wave of retirements in the justice system - Radio Romania International<\/title>\n<meta name=\"robots\" content=\"index, follow, max-snippet:-1, max-image-preview:large, max-video-preview:-1\" \/>\n<link rel=\"canonical\" href=\"https:\/\/www.rri.ro\/en\/news-and-current-affairs\/today-in-the-news\/wave-of-retirements-in-the-justice-system-id93651.html\" \/>\n<meta property=\"og:locale\" content=\"en_US\" \/>\n<meta property=\"og:type\" content=\"article\" \/>\n<meta property=\"og:title\" content=\"Wave of retirements in the justice system - Radio Romania International\" \/>\n<meta property=\"og:description\" content=\"Dozens of magistrates have submitted the retirement requests\" \/>\n<meta property=\"og:url\" content=\"https:\/\/www.rri.ro\/en\/news-and-current-affairs\/today-in-the-news\/wave-of-retirements-in-the-justice-system-id93651.html\" \/>\n<meta property=\"og:site_name\" content=\"Radio Romania International\" \/>\n<meta property=\"article:published_time\" content=\"2022-11-03T11:50:00+00:00\" \/>\n<meta property=\"article:modified_time\" content=\"2024-02-19T07:09:58+00:00\" \/>\n<meta property=\"og:image\" content=\"https:\/\/www.rri.ro\/wp-content\/uploads\/2023\/10\/catalin-predoiu-foto-just-ro.png\" \/>\n\t<meta property=\"og:image:width\" content=\"640\" \/>\n\t<meta property=\"og:image:height\" content=\"426\" \/>\n\t<meta property=\"og:image:type\" content=\"image\/png\" \/>\n<meta name=\"author\" content=\"Bogdan Matei\" \/>\n<meta name=\"twitter:card\" content=\"summary_large_image\" \/>\n<meta name=\"twitter:label1\" content=\"Written by\" \/>\n\t<meta name=\"twitter:data1\" content=\"Bogdan Matei\" \/>\n\t<meta name=\"twitter:label2\" content=\"Est. reading time\" \/>\n\t<meta name=\"twitter:data2\" content=\"2 minutes\" \/>\n<script type=\"application\/ld+json\" class=\"yoast-schema-graph\">{\"@context\":\"https:\\\/\\\/schema.org\",\"@graph\":[{\"@type\":\"Article\",\"@id\":\"https:\\\/\\\/www.rri.ro\\\/en\\\/news-and-current-affairs\\\/today-in-the-news\\\/wave-of-retirements-in-the-justice-system-id93651.html#article\",\"isPartOf\":{\"@id\":\"https:\\\/\\\/www.rri.ro\\\/en\\\/news-and-current-affairs\\\/today-in-the-news\\\/wave-of-retirements-in-the-justice-system-id93651.html\"},\"author\":{\"name\":\"Bogdan Matei\",\"@id\":\"https:\\\/\\\/www.rri.ro\\\/#\\\/schema\\\/person\\\/0ed327d40678578e6dbb840527e3ba32\"},\"headline\":\"Wave of retirements in the justice system\",\"datePublished\":\"2022-11-03T11:50:00+00:00\",\"dateModified\":\"2024-02-19T07:09:58+00:00\",\"mainEntityOfPage\":{\"@id\":\"https:\\\/\\\/www.rri.ro\\\/en\\\/news-and-current-affairs\\\/today-in-the-news\\\/wave-of-retirements-in-the-justice-system-id93651.html\"},\"wordCount\":444,\"image\":{\"@id\":\"https:\\\/\\\/www.rri.ro\\\/en\\\/news-and-current-affairs\\\/today-in-the-news\\\/wave-of-retirements-in-the-justice-system-id93651.html#primaryimage\"},\"thumbnailUrl\":\"https:\\\/\\\/www.rri.ro\\\/wp-content\\\/uploads\\\/2023\\\/10\\\/catalin-predoiu-foto-just-ro.png\",\"keywords\":[\"Catalin Predoiu\",\"magistrates and prosecutors\",\"retirement requests\",\"special pensions\"],\"articleSection\":[\"Today in the News\"],\"inLanguage\":\"en-US\"},{\"@type\":\"WebPage\",\"@id\":\"https:\\\/\\\/www.rri.ro\\\/en\\\/news-and-current-affairs\\\/today-in-the-news\\\/wave-of-retirements-in-the-justice-system-id93651.html\",\"url\":\"https:\\\/\\\/www.rri.ro\\\/en\\\/news-and-current-affairs\\\/today-in-the-news\\\/wave-of-retirements-in-the-justice-system-id93651.html\",\"name\":\"Wave of retirements in the justice system - Radio Romania International\",\"isPartOf\":{\"@id\":\"https:\\\/\\\/www.rri.ro\\\/#website\"},\"primaryImageOfPage\":{\"@id\":\"https:\\\/\\\/www.rri.ro\\\/en\\\/news-and-current-affairs\\\/today-in-the-news\\\/wave-of-retirements-in-the-justice-system-id93651.html#primaryimage\"},\"image\":{\"@id\":\"https:\\\/\\\/www.rri.ro\\\/en\\\/news-and-current-affairs\\\/today-in-the-news\\\/wave-of-retirements-in-the-justice-system-id93651.html#primaryimage\"},\"thumbnailUrl\":\"https:\\\/\\\/www.rri.ro\\\/wp-content\\\/uploads\\\/2023\\\/10\\\/catalin-predoiu-foto-just-ro.png\",\"datePublished\":\"2022-11-03T11:50:00+00:00\",\"dateModified\":\"2024-02-19T07:09:58+00:00\",\"author\":{\"@id\":\"https:\\\/\\\/www.rri.ro\\\/#\\\/schema\\\/person\\\/0ed327d40678578e6dbb840527e3ba32\"},\"breadcrumb\":{\"@id\":\"https:\\\/\\\/www.rri.ro\\\/en\\\/news-and-current-affairs\\\/today-in-the-news\\\/wave-of-retirements-in-the-justice-system-id93651.html#breadcrumb\"},\"inLanguage\":\"en-US\",\"potentialAction\":[{\"@type\":\"ReadAction\",\"target\":[\"https:\\\/\\\/www.rri.ro\\\/en\\\/news-and-current-affairs\\\/today-in-the-news\\\/wave-of-retirements-in-the-justice-system-id93651.html\"]}]},{\"@type\":\"ImageObject\",\"inLanguage\":\"en-US\",\"@id\":\"https:\\\/\\\/www.rri.ro\\\/en\\\/news-and-current-affairs\\\/today-in-the-news\\\/wave-of-retirements-in-the-justice-system-id93651.html#primaryimage\",\"url\":\"https:\\\/\\\/www.rri.ro\\\/wp-content\\\/uploads\\\/2023\\\/10\\\/catalin-predoiu-foto-just-ro.png\",\"contentUrl\":\"https:\\\/\\\/www.rri.ro\\\/wp-content\\\/uploads\\\/2023\\\/10\\\/catalin-predoiu-foto-just-ro.png\",\"width\":640,\"height\":426},{\"@type\":\"BreadcrumbList\",\"@id\":\"https:\\\/\\\/www.rri.ro\\\/en\\\/news-and-current-affairs\\\/today-in-the-news\\\/wave-of-retirements-in-the-justice-system-id93651.html#breadcrumb\",\"itemListElement\":[{\"@type\":\"ListItem\",\"position\":1,\"name\":\"Homepage\",\"item\":\"https:\\\/\\\/www.rri.ro\\\/en\"},{\"@type\":\"ListItem\",\"position\":2,\"name\":\"News and Current Affairs\",\"item\":\"https:\\\/\\\/www.rri.ro\\\/en\\\/news-and-current-affairs\"},{\"@type\":\"ListItem\",\"position\":3,\"name\":\"Today in the News\",\"item\":\"https:\\\/\\\/www.rri.ro\\\/en\\\/news-and-current-affairs\\\/today-in-the-news\"},{\"@type\":\"ListItem\",\"position\":4,\"name\":\"Wave of retirements in the justice system\"}]},{\"@type\":\"WebSite\",\"@id\":\"https:\\\/\\\/www.rri.ro\\\/#website\",\"url\":\"https:\\\/\\\/www.rri.ro\\\/\",\"name\":\"Radio Romania International\",\"description\":\"Totul despre Rom\u00e2nia \u015fi rom\u00e2ni, \u00een 13 limbi\\\/dialecte!\",\"inLanguage\":\"en-US\"},{\"@type\":\"Person\",\"@id\":\"https:\\\/\\\/www.rri.ro\\\/#\\\/schema\\\/person\\\/0ed327d40678578e6dbb840527e3ba32\",\"name\":\"Bogdan Matei\",\"url\":\"https:\\\/\\\/www.rri.ro\\\/en\\\/author\\\/bogdan-matei\"}]}<\/script>\n<!-- \/ Yoast SEO plugin. -->","yoast_head_json":{"title":"Wave of retirements in the justice system - Radio Romania International","robots":{"index":"index","follow":"follow","max-snippet":"max-snippet:-1","max-image-preview":"max-image-preview:large","max-video-preview":"max-video-preview:-1"},"canonical":"https:\/\/www.rri.ro\/en\/news-and-current-affairs\/today-in-the-news\/wave-of-retirements-in-the-justice-system-id93651.html","og_locale":"en_US","og_type":"article","og_title":"Wave of retirements in the justice system - Radio Romania International","og_description":"Dozens of magistrates have submitted the retirement requests","og_url":"https:\/\/www.rri.ro\/en\/news-and-current-affairs\/today-in-the-news\/wave-of-retirements-in-the-justice-system-id93651.html","og_site_name":"Radio Romania International","article_published_time":"2022-11-03T11:50:00+00:00","article_modified_time":"2024-02-19T07:09:58+00:00","og_image":[{"width":640,"height":426,"url":"https:\/\/www.rri.ro\/wp-content\/uploads\/2023\/10\/catalin-predoiu-foto-just-ro.png","type":"image\/png"}],"author":"Bogdan Matei","twitter_card":"summary_large_image","twitter_misc":{"Written by":"Bogdan Matei","Est. reading time":"2 minutes"},"schema":{"@context":"https:\/\/schema.org","@graph":[{"@type":"Article","@id":"https:\/\/www.rri.ro\/en\/news-and-current-affairs\/today-in-the-news\/wave-of-retirements-in-the-justice-system-id93651.html#article","isPartOf":{"@id":"https:\/\/www.rri.ro\/en\/news-and-current-affairs\/today-in-the-news\/wave-of-retirements-in-the-justice-system-id93651.html"},"author":{"name":"Bogdan Matei","@id":"https:\/\/www.rri.ro\/#\/schema\/person\/0ed327d40678578e6dbb840527e3ba32"},"headline":"Wave of retirements in the justice system","datePublished":"2022-11-03T11:50:00+00:00","dateModified":"2024-02-19T07:09:58+00:00","mainEntityOfPage":{"@id":"https:\/\/www.rri.ro\/en\/news-and-current-affairs\/today-in-the-news\/wave-of-retirements-in-the-justice-system-id93651.html"},"wordCount":444,"image":{"@id":"https:\/\/www.rri.ro\/en\/news-and-current-affairs\/today-in-the-news\/wave-of-retirements-in-the-justice-system-id93651.html#primaryimage"},"thumbnailUrl":"https:\/\/www.rri.ro\/wp-content\/uploads\/2023\/10\/catalin-predoiu-foto-just-ro.png","keywords":["Catalin Predoiu","magistrates and prosecutors","retirement requests","special pensions"],"articleSection":["Today in the News"],"inLanguage":"en-US"},{"@type":"WebPage","@id":"https:\/\/www.rri.ro\/en\/news-and-current-affairs\/today-in-the-news\/wave-of-retirements-in-the-justice-system-id93651.html","url":"https:\/\/www.rri.ro\/en\/news-and-current-affairs\/today-in-the-news\/wave-of-retirements-in-the-justice-system-id93651.html","name":"Wave of retirements in the justice system - Radio Romania International","isPartOf":{"@id":"https:\/\/www.rri.ro\/#website"},"primaryImageOfPage":{"@id":"https:\/\/www.rri.ro\/en\/news-and-current-affairs\/today-in-the-news\/wave-of-retirements-in-the-justice-system-id93651.html#primaryimage"},"image":{"@id":"https:\/\/www.rri.ro\/en\/news-and-current-affairs\/today-in-the-news\/wave-of-retirements-in-the-justice-system-id93651.html#primaryimage"},"thumbnailUrl":"https:\/\/www.rri.ro\/wp-content\/uploads\/2023\/10\/catalin-predoiu-foto-just-ro.png","datePublished":"2022-11-03T11:50:00+00:00","dateModified":"2024-02-19T07:09:58+00:00","author":{"@id":"https:\/\/www.rri.ro\/#\/schema\/person\/0ed327d40678578e6dbb840527e3ba32"},"breadcrumb":{"@id":"https:\/\/www.rri.ro\/en\/news-and-current-affairs\/today-in-the-news\/wave-of-retirements-in-the-justice-system-id93651.html#breadcrumb"},"inLanguage":"en-US","potentialAction":[{"@type":"ReadAction","target":["https:\/\/www.rri.ro\/en\/news-and-current-affairs\/today-in-the-news\/wave-of-retirements-in-the-justice-system-id93651.html"]}]},{"@type":"ImageObject","inLanguage":"en-US","@id":"https:\/\/www.rri.ro\/en\/news-and-current-affairs\/today-in-the-news\/wave-of-retirements-in-the-justice-system-id93651.html#primaryimage","url":"https:\/\/www.rri.ro\/wp-content\/uploads\/2023\/10\/catalin-predoiu-foto-just-ro.png","contentUrl":"https:\/\/www.rri.ro\/wp-content\/uploads\/2023\/10\/catalin-predoiu-foto-just-ro.png","width":640,"height":426},{"@type":"BreadcrumbList","@id":"https:\/\/www.rri.ro\/en\/news-and-current-affairs\/today-in-the-news\/wave-of-retirements-in-the-justice-system-id93651.html#breadcrumb","itemListElement":[{"@type":"ListItem","position":1,"name":"Homepage","item":"https:\/\/www.rri.ro\/en"},{"@type":"ListItem","position":2,"name":"News and Current Affairs","item":"https:\/\/www.rri.ro\/en\/news-and-current-affairs"},{"@type":"ListItem","position":3,"name":"Today in the News","item":"https:\/\/www.rri.ro\/en\/news-and-current-affairs\/today-in-the-news"},{"@type":"ListItem","position":4,"name":"Wave of retirements in the justice system"}]},{"@type":"WebSite","@id":"https:\/\/www.rri.ro\/#website","url":"https:\/\/www.rri.ro\/","name":"Radio Romania International","description":"Totul despre Rom\u00e2nia \u015fi rom\u00e2ni, \u00een 13 limbi\/dialecte!","inLanguage":"en-US"},{"@type":"Person","@id":"https:\/\/www.rri.ro\/#\/schema\/person\/0ed327d40678578e6dbb840527e3ba32","name":"Bogdan Matei","url":"https:\/\/www.rri.ro\/en\/author\/bogdan-matei"}]}},"_links":{"self":[{"href":"https:\/\/www.rri.ro\/en\/wp-json\/wp\/v2\/posts\/93651","targetHints":{"allow":["GET"]}}],"collection":[{"href":"https:\/\/www.rri.ro\/en\/wp-json\/wp\/v2\/posts"}],"about":[{"href":"https:\/\/www.rri.ro\/en\/wp-json\/wp\/v2\/types\/post"}],"author":[{"embeddable":true,"href":"https:\/\/www.rri.ro\/en\/wp-json\/wp\/v2\/users\/105"}],"replies":[{"embeddable":true,"href":"https:\/\/www.rri.ro\/en\/wp-json\/wp\/v2\/comments?post=93651"}],"version-history":[{"count":0,"href":"https:\/\/www.rri.ro\/en\/wp-json\/wp\/v2\/posts\/93651\/revisions"}],"wp:featuredmedia":[{"embeddable":true,"href":"https:\/\/www.rri.ro\/en\/wp-json\/wp\/v2\/media\/84378"}],"wp:attachment":[{"href":"https:\/\/www.rri.ro\/en\/wp-json\/wp\/v2\/media?parent=93651"}],"wp:term":[{"taxonomy":"category","embeddable":true,"href":"https:\/\/www.rri.ro\/en\/wp-json\/wp\/v2\/categories?post=93651"},{"taxonomy":"post_tag","embeddable":true,"href":"https:\/\/www.rri.ro\/en\/wp-json\/wp\/v2\/tags?post=93651"},{"taxonomy":"author","embeddable":true,"href":"https:\/\/www.rri.ro\/en\/wp-json\/wp\/v2\/coauthors?post=93651"}],"curies":[{"name":"wp","href":"https:\/\/api.w.org\/{rel}","templated":true}]}}