{"id":937388,"date":"2025-10-09T13:55:11","date_gmt":"2025-10-09T10:55:11","guid":{"rendered":"https:\/\/www.rri.ro\/?p=937388"},"modified":"2025-10-09T14:39:07","modified_gmt":"2025-10-09T11:39:07","slug":"october-9-2025-2","status":"publish","type":"post","link":"https:\/\/www.rri.ro\/en\/in-the-news\/october-9-2025-2-id937388.html","title":{"rendered":"October 9, 2025"},"content":{"rendered":"<p>NOBEL \u2013 Hungarian writer L\u00e1szl\u00f3 Krasznahorkai won the 2025 Nobel Prize in Literature on Thursday \u201cfor his impressive and visionary work that, amidst apocalyptic terror, reaffirms the power of art,\u201d the Swedish Academy in Stockholm said in a statement. Last year, the Nobel Prize in Literature went to South Korean writer Han Kang \u201cfor her intensely poetic prose that confronts historical traumas and exposes the fragility of human life.\u201d Earlier this week, the Swedish Academy announced the Nobel Prizes in Physics, Medicine and Chemistry. This year\u2019s Nobel Peace Prize will be announced on Friday, and the winner of the Prize in Economic Sciences will be announced on Monday. The awards will be presented at a special ceremony on December 10.<\/p>\n<p>&nbsp;<\/p>\n<p>HOLOCAUST &#8211; President Nicu\u015for Dan has said today that, in a historical context marked by increasingly heightened tensions and the tendency to shift responsibility for personal or social failures onto others, it is essential to combat, by all means, anti-Semitic, xenophobic or hate speech. The head of state participated in Bucharest in the ceremony marking the National Holocaust Remembrance Day in Romania. This Day offers us an opportunity to remember those experiences and urges us to be vigilant in the face of manifestations of hatred, not to fall into the trap of silence or indifference, said the National Institute for Holocaust Studies in Romania &#8220;Elie Wiesel&#8221;. According to the Institute, in the middle of the last century, over 300,000 Jews of Romanian or Ukrainian origin, victims of the regime led by Romanian Marshal Ion Antonescu, were deported and died of bullets, cold, hunger or disease. Also, 11,000 Roma were exterminated as a result of a racial policy.<\/p>\n<p>&nbsp;<\/p>\n<p>RESOLUTION &#8211; The European Parliament is adopting today a draft resolution condemning the incidents in which the airspace of the European Union and NATO has been violated in recent times, violations attributed to Russia, the Radio Romania correspondent in Strasbourg reported. The majority of MEPs believe that these incidents, which targeted Poland, Romania, Estonia, Germany, Denmark or Belgium, are not accidental, and the response must be firm. The majority of parliamentarians demand the rapid adoption of the 19th package of sanctions, much harsher, against Moscow and the use of all resources generated by seized Russian assets, to support the invaded Ukraine.<\/p>\n<p>&nbsp;<\/p>\n<p>FINANCING &#8211; The European Investment Bank will finance with 1 billion euros the construction of the A1 Sibiu &#8211; Pite\u015fti motorway, Romania&#8217;s most important road infrastructure project and the first motorway to cross the Carpathian Mountains. The contract for the first financing tranche, worth half a billion euros, was signed by Finance Minister Alexandru Nazare. The total value of the project, with a length of 122 kilometers, is estimated at almost 6 billion euros.<\/p>\n<p>&nbsp;<\/p>\n<p>AGREEMENT &#8211; President Nicu\u015for Dan welcomed, on Thursday, the agreement between Israel and Hamas on the ceasefire and the release of all hostages in Gaza, conveying that Romania remains committed to supporting efforts to achieve lasting peace in the Middle East. &#8220;I warmly welcome the ceasefire agreement and the safe return of all Israeli hostages from Gaza. I appreciate the efforts and valuable leadership of President Donald Trump, as well as Egypt, Qatar and Turkey and all partners involved in achieving this important progress in the negotiations. This brings much-needed hope for peace and stability in the region,&#8221; Nicu\u015for Dan said on a social media platform. Leaders of European institutions and heads of state and government from France, Germany and Spain also welcomed the agreement. European Commission President Ursula von der Leyen praised the US, Qatar, Egypt and Turkey for their diplomatic efforts, while EU foreign policy chief Kaja Kallas called the deal a significant achievement and a real chance to end the war and free all hostages. Israel and Hamas reached an agreement on Wednesday on the first phase of US President Donald Trump&#8217;s peace plan for Gaza, namely, a ceasefire and a deal on the release of hostages. This could pave the way for an end to the two-year war that has destabilised the Middle East.<\/p>\n<p>&nbsp;<\/p>\n<p>WEATHER \u2013 The weather is normalizing today in Romania, after the torrential rains on Wednesday. Light precipitation is still falling in the south and southeast, areas that, on Wednesday, were under a red code alert for heavy rain caused by a cyclone formed in the Mediterranean Sea. The heavy rains and wind caused numerous problems, affecting households, roads and electrical networks. Emergency teams worked continuously to rescue people in difficulty and to eliminate the effects of the severe weather.\u00a0 There were over 100 localities affected, of which 17 were left without electricity. (EE)<\/p>\n","protected":false},"excerpt":{"rendered":"<p>NOBEL \u2013 Hungarian writer L\u00e1szl\u00f3 Krasznahorkai won the 2025 Nobel Prize in Literature on Thursday \u201cfor his impressive and visionary work that, amidst apocalyptic terror, reaffirms the power of art,\u201d the Swedish Academy in Stockholm said in a statement. Last year, the Nobel Prize in Literature went to South Korean writer Han Kang \u201cfor her [&hellip;]<\/p>\n","protected":false},"author":113,"featured_media":731782,"comment_status":"closed","ping_status":"closed","sticky":false,"template":"","format":"standard","meta":{"_acf_changed":false,"footnotes":""},"categories":[169205,22],"tags":[33523,29344,35810,177842,29343],"coauthors":[116091],"class_list":["post-937388","post","type-post","status-publish","format-standard","has-post-thumbnail","hentry","category-in-the-news","category-newsflash","tag-gaza","tag-holocaust","tag-literature","tag-message-weather","tag-nobel"],"acf":[],"yoast_head":"<!-- This site is optimized with the Yoast SEO plugin v27.3 - https:\/\/yoast.com\/product\/yoast-seo-wordpress\/ -->\n<title>October 9, 2025 - Radio Romania International<\/title>\n<meta name=\"robots\" content=\"index, follow, max-snippet:-1, max-image-preview:large, max-video-preview:-1\" \/>\n<link rel=\"canonical\" href=\"https:\/\/www.rri.ro\/en\/in-the-news\/october-9-2025-2-id937388.html\" \/>\n<meta property=\"og:locale\" content=\"en_US\" \/>\n<meta property=\"og:type\" content=\"article\" \/>\n<meta property=\"og:title\" content=\"October 9, 2025 - Radio Romania International\" \/>\n<meta property=\"og:description\" content=\"NOBEL \u2013 Hungarian writer L\u00e1szl\u00f3 Krasznahorkai won the 2025 Nobel Prize in Literature on Thursday \u201cfor his impressive and visionary work that, amidst apocalyptic terror, reaffirms the power of art,\u201d the Swedish Academy in Stockholm said in a statement. Last year, the Nobel Prize in Literature went to South Korean writer Han Kang \u201cfor her [&hellip;]\" \/>\n<meta property=\"og:url\" content=\"https:\/\/www.rri.ro\/en\/in-the-news\/october-9-2025-2-id937388.html\" \/>\n<meta property=\"og:site_name\" content=\"Radio Romania International\" \/>\n<meta property=\"article:published_time\" content=\"2025-10-09T10:55:11+00:00\" \/>\n<meta property=\"article:modified_time\" content=\"2025-10-09T11:39:07+00:00\" \/>\n<meta property=\"og:image\" content=\"https:\/\/www.rri.ro\/wp-content\/uploads\/2024\/04\/Newsflash-stiri-bleu-960x540-1.jpg\" \/>\n\t<meta property=\"og:image:width\" content=\"960\" \/>\n\t<meta property=\"og:image:height\" content=\"540\" \/>\n\t<meta property=\"og:image:type\" content=\"image\/jpeg\" \/>\n<meta name=\"author\" content=\"Newsroom\" \/>\n<meta name=\"twitter:card\" content=\"summary_large_image\" \/>\n<meta name=\"twitter:label1\" content=\"Written by\" \/>\n\t<meta name=\"twitter:data1\" content=\"Newsroom\" \/>\n\t<meta name=\"twitter:label2\" content=\"Est. reading time\" \/>\n\t<meta name=\"twitter:data2\" content=\"4 minutes\" \/>\n<script type=\"application\/ld+json\" class=\"yoast-schema-graph\">{\"@context\":\"https:\\\/\\\/schema.org\",\"@graph\":[{\"@type\":\"Article\",\"@id\":\"https:\\\/\\\/www.rri.ro\\\/en\\\/in-the-news\\\/october-9-2025-2-id937388.html#article\",\"isPartOf\":{\"@id\":\"https:\\\/\\\/www.rri.ro\\\/en\\\/in-the-news\\\/october-9-2025-2-id937388.html\"},\"author\":{\"name\":\"Newsroom\",\"@id\":\"https:\\\/\\\/www.rri.ro\\\/#\\\/schema\\\/person\\\/4a479940371b9fdefd194f561e8a7f88\"},\"headline\":\"October 9, 2025\",\"datePublished\":\"2025-10-09T10:55:11+00:00\",\"dateModified\":\"2025-10-09T11:39:07+00:00\",\"mainEntityOfPage\":{\"@id\":\"https:\\\/\\\/www.rri.ro\\\/en\\\/in-the-news\\\/october-9-2025-2-id937388.html\"},\"wordCount\":766,\"image\":{\"@id\":\"https:\\\/\\\/www.rri.ro\\\/en\\\/in-the-news\\\/october-9-2025-2-id937388.html#primaryimage\"},\"thumbnailUrl\":\"https:\\\/\\\/www.rri.ro\\\/wp-content\\\/uploads\\\/2024\\\/04\\\/Newsflash-stiri-bleu-960x540-1.jpg\",\"keywords\":[\"Gaza\",\"Holocaust\",\"literature\",\"message weather\",\"Nobel\"],\"articleSection\":[\"in the news\",\"Newsflash\"],\"inLanguage\":\"en-US\"},{\"@type\":\"WebPage\",\"@id\":\"https:\\\/\\\/www.rri.ro\\\/en\\\/in-the-news\\\/october-9-2025-2-id937388.html\",\"url\":\"https:\\\/\\\/www.rri.ro\\\/en\\\/in-the-news\\\/october-9-2025-2-id937388.html\",\"name\":\"October 9, 2025 - Radio Romania International\",\"isPartOf\":{\"@id\":\"https:\\\/\\\/www.rri.ro\\\/#website\"},\"primaryImageOfPage\":{\"@id\":\"https:\\\/\\\/www.rri.ro\\\/en\\\/in-the-news\\\/october-9-2025-2-id937388.html#primaryimage\"},\"image\":{\"@id\":\"https:\\\/\\\/www.rri.ro\\\/en\\\/in-the-news\\\/october-9-2025-2-id937388.html#primaryimage\"},\"thumbnailUrl\":\"https:\\\/\\\/www.rri.ro\\\/wp-content\\\/uploads\\\/2024\\\/04\\\/Newsflash-stiri-bleu-960x540-1.jpg\",\"datePublished\":\"2025-10-09T10:55:11+00:00\",\"dateModified\":\"2025-10-09T11:39:07+00:00\",\"author\":{\"@id\":\"https:\\\/\\\/www.rri.ro\\\/#\\\/schema\\\/person\\\/4a479940371b9fdefd194f561e8a7f88\"},\"breadcrumb\":{\"@id\":\"https:\\\/\\\/www.rri.ro\\\/en\\\/in-the-news\\\/october-9-2025-2-id937388.html#breadcrumb\"},\"inLanguage\":\"en-US\",\"potentialAction\":[{\"@type\":\"ReadAction\",\"target\":[\"https:\\\/\\\/www.rri.ro\\\/en\\\/in-the-news\\\/october-9-2025-2-id937388.html\"]}]},{\"@type\":\"ImageObject\",\"inLanguage\":\"en-US\",\"@id\":\"https:\\\/\\\/www.rri.ro\\\/en\\\/in-the-news\\\/october-9-2025-2-id937388.html#primaryimage\",\"url\":\"https:\\\/\\\/www.rri.ro\\\/wp-content\\\/uploads\\\/2024\\\/04\\\/Newsflash-stiri-bleu-960x540-1.jpg\",\"contentUrl\":\"https:\\\/\\\/www.rri.ro\\\/wp-content\\\/uploads\\\/2024\\\/04\\\/Newsflash-stiri-bleu-960x540-1.jpg\",\"width\":960,\"height\":540,\"caption\":\"Newsflash\"},{\"@type\":\"BreadcrumbList\",\"@id\":\"https:\\\/\\\/www.rri.ro\\\/en\\\/in-the-news\\\/october-9-2025-2-id937388.html#breadcrumb\",\"itemListElement\":[{\"@type\":\"ListItem\",\"position\":1,\"name\":\"Homepage\",\"item\":\"https:\\\/\\\/www.rri.ro\\\/en\"},{\"@type\":\"ListItem\",\"position\":2,\"name\":\"in the news\",\"item\":\"https:\\\/\\\/www.rri.ro\\\/en\\\/in-the-news\"},{\"@type\":\"ListItem\",\"position\":3,\"name\":\"October 9, 2025\"}]},{\"@type\":\"WebSite\",\"@id\":\"https:\\\/\\\/www.rri.ro\\\/#website\",\"url\":\"https:\\\/\\\/www.rri.ro\\\/\",\"name\":\"Radio Romania International\",\"description\":\"Totul despre Rom\u00e2nia \u015fi rom\u00e2ni, \u00een 13 limbi\\\/dialecte!\",\"inLanguage\":\"en-US\"},{\"@type\":\"Person\",\"@id\":\"https:\\\/\\\/www.rri.ro\\\/#\\\/schema\\\/person\\\/4a479940371b9fdefd194f561e8a7f88\",\"name\":\"Newsroom\",\"url\":\"https:\\\/\\\/www.rri.ro\\\/en\\\/author\\\/newsroom\"}]}<\/script>\n<!-- \/ Yoast SEO plugin. -->","yoast_head_json":{"title":"October 9, 2025 - Radio Romania International","robots":{"index":"index","follow":"follow","max-snippet":"max-snippet:-1","max-image-preview":"max-image-preview:large","max-video-preview":"max-video-preview:-1"},"canonical":"https:\/\/www.rri.ro\/en\/in-the-news\/october-9-2025-2-id937388.html","og_locale":"en_US","og_type":"article","og_title":"October 9, 2025 - Radio Romania International","og_description":"NOBEL \u2013 Hungarian writer L\u00e1szl\u00f3 Krasznahorkai won the 2025 Nobel Prize in Literature on Thursday \u201cfor his impressive and visionary work that, amidst apocalyptic terror, reaffirms the power of art,\u201d the Swedish Academy in Stockholm said in a statement. Last year, the Nobel Prize in Literature went to South Korean writer Han Kang \u201cfor her [&hellip;]","og_url":"https:\/\/www.rri.ro\/en\/in-the-news\/october-9-2025-2-id937388.html","og_site_name":"Radio Romania International","article_published_time":"2025-10-09T10:55:11+00:00","article_modified_time":"2025-10-09T11:39:07+00:00","og_image":[{"width":960,"height":540,"url":"https:\/\/www.rri.ro\/wp-content\/uploads\/2024\/04\/Newsflash-stiri-bleu-960x540-1.jpg","type":"image\/jpeg"}],"author":"Newsroom","twitter_card":"summary_large_image","twitter_misc":{"Written by":"Newsroom","Est. reading time":"4 minutes"},"schema":{"@context":"https:\/\/schema.org","@graph":[{"@type":"Article","@id":"https:\/\/www.rri.ro\/en\/in-the-news\/october-9-2025-2-id937388.html#article","isPartOf":{"@id":"https:\/\/www.rri.ro\/en\/in-the-news\/october-9-2025-2-id937388.html"},"author":{"name":"Newsroom","@id":"https:\/\/www.rri.ro\/#\/schema\/person\/4a479940371b9fdefd194f561e8a7f88"},"headline":"October 9, 2025","datePublished":"2025-10-09T10:55:11+00:00","dateModified":"2025-10-09T11:39:07+00:00","mainEntityOfPage":{"@id":"https:\/\/www.rri.ro\/en\/in-the-news\/october-9-2025-2-id937388.html"},"wordCount":766,"image":{"@id":"https:\/\/www.rri.ro\/en\/in-the-news\/october-9-2025-2-id937388.html#primaryimage"},"thumbnailUrl":"https:\/\/www.rri.ro\/wp-content\/uploads\/2024\/04\/Newsflash-stiri-bleu-960x540-1.jpg","keywords":["Gaza","Holocaust","literature","message weather","Nobel"],"articleSection":["in the news","Newsflash"],"inLanguage":"en-US"},{"@type":"WebPage","@id":"https:\/\/www.rri.ro\/en\/in-the-news\/october-9-2025-2-id937388.html","url":"https:\/\/www.rri.ro\/en\/in-the-news\/october-9-2025-2-id937388.html","name":"October 9, 2025 - Radio Romania International","isPartOf":{"@id":"https:\/\/www.rri.ro\/#website"},"primaryImageOfPage":{"@id":"https:\/\/www.rri.ro\/en\/in-the-news\/october-9-2025-2-id937388.html#primaryimage"},"image":{"@id":"https:\/\/www.rri.ro\/en\/in-the-news\/october-9-2025-2-id937388.html#primaryimage"},"thumbnailUrl":"https:\/\/www.rri.ro\/wp-content\/uploads\/2024\/04\/Newsflash-stiri-bleu-960x540-1.jpg","datePublished":"2025-10-09T10:55:11+00:00","dateModified":"2025-10-09T11:39:07+00:00","author":{"@id":"https:\/\/www.rri.ro\/#\/schema\/person\/4a479940371b9fdefd194f561e8a7f88"},"breadcrumb":{"@id":"https:\/\/www.rri.ro\/en\/in-the-news\/october-9-2025-2-id937388.html#breadcrumb"},"inLanguage":"en-US","potentialAction":[{"@type":"ReadAction","target":["https:\/\/www.rri.ro\/en\/in-the-news\/october-9-2025-2-id937388.html"]}]},{"@type":"ImageObject","inLanguage":"en-US","@id":"https:\/\/www.rri.ro\/en\/in-the-news\/october-9-2025-2-id937388.html#primaryimage","url":"https:\/\/www.rri.ro\/wp-content\/uploads\/2024\/04\/Newsflash-stiri-bleu-960x540-1.jpg","contentUrl":"https:\/\/www.rri.ro\/wp-content\/uploads\/2024\/04\/Newsflash-stiri-bleu-960x540-1.jpg","width":960,"height":540,"caption":"Newsflash"},{"@type":"BreadcrumbList","@id":"https:\/\/www.rri.ro\/en\/in-the-news\/october-9-2025-2-id937388.html#breadcrumb","itemListElement":[{"@type":"ListItem","position":1,"name":"Homepage","item":"https:\/\/www.rri.ro\/en"},{"@type":"ListItem","position":2,"name":"in the news","item":"https:\/\/www.rri.ro\/en\/in-the-news"},{"@type":"ListItem","position":3,"name":"October 9, 2025"}]},{"@type":"WebSite","@id":"https:\/\/www.rri.ro\/#website","url":"https:\/\/www.rri.ro\/","name":"Radio Romania International","description":"Totul despre Rom\u00e2nia \u015fi rom\u00e2ni, \u00een 13 limbi\/dialecte!","inLanguage":"en-US"},{"@type":"Person","@id":"https:\/\/www.rri.ro\/#\/schema\/person\/4a479940371b9fdefd194f561e8a7f88","name":"Newsroom","url":"https:\/\/www.rri.ro\/en\/author\/newsroom"}]}},"_links":{"self":[{"href":"https:\/\/www.rri.ro\/en\/wp-json\/wp\/v2\/posts\/937388","targetHints":{"allow":["GET"]}}],"collection":[{"href":"https:\/\/www.rri.ro\/en\/wp-json\/wp\/v2\/posts"}],"about":[{"href":"https:\/\/www.rri.ro\/en\/wp-json\/wp\/v2\/types\/post"}],"author":[{"embeddable":true,"href":"https:\/\/www.rri.ro\/en\/wp-json\/wp\/v2\/users\/113"}],"replies":[{"embeddable":true,"href":"https:\/\/www.rri.ro\/en\/wp-json\/wp\/v2\/comments?post=937388"}],"version-history":[{"count":0,"href":"https:\/\/www.rri.ro\/en\/wp-json\/wp\/v2\/posts\/937388\/revisions"}],"wp:featuredmedia":[{"embeddable":true,"href":"https:\/\/www.rri.ro\/en\/wp-json\/wp\/v2\/media\/731782"}],"wp:attachment":[{"href":"https:\/\/www.rri.ro\/en\/wp-json\/wp\/v2\/media?parent=937388"}],"wp:term":[{"taxonomy":"category","embeddable":true,"href":"https:\/\/www.rri.ro\/en\/wp-json\/wp\/v2\/categories?post=937388"},{"taxonomy":"post_tag","embeddable":true,"href":"https:\/\/www.rri.ro\/en\/wp-json\/wp\/v2\/tags?post=937388"},{"taxonomy":"author","embeddable":true,"href":"https:\/\/www.rri.ro\/en\/wp-json\/wp\/v2\/coauthors?post=937388"}],"curies":[{"name":"wp","href":"https:\/\/api.w.org\/{rel}","templated":true}]}}