{"id":94949,"date":"2023-03-09T14:00:00","date_gmt":"2023-03-09T12:00:00","guid":{"rendered":"http:\/\/devrri.freshlemon.ro\/news-and-current-affairs\/newsflash\/on-gender-equality-94949.html"},"modified":"2024-02-19T09:12:50","modified_gmt":"2024-02-19T07:12:50","slug":"on-gender-equality","status":"publish","type":"post","link":"https:\/\/www.rri.ro\/en\/news-and-current-affairs\/today-in-the-news\/on-gender-equality-id94949.html","title":{"rendered":"On gender equality"},"content":{"rendered":"<\/p>\n<p>The rise in intimidation,&#13;<br \/>\nharassment and hate speech against women and girls, including online, requires&#13;<br \/>\nimmediate and firm action, reads a joint statement signed by over 20 embassies&#13;<br \/>\nand the representative office of the European Commission in Romania on March 8, the International&#13;<br \/>\nWomen&#8217;s Day.<\/p>\n<p><\/p>\n<p>&#13;<br \/>\n&#13;<br \/>\n&#13;<br \/>\n&#13;<\/p>\n<p>We celebrate the&#13;<br \/>\nachievements regarding substantive gender equality and the progress&#13;<br \/>\naccomplished so far in securing the rights of women and girls all over the&#13;<br \/>\nglobe. At the same time, we must acknowledge that much remains to be done until&#13;<br \/>\nwomen and girls can fully exercise their human rights, the statement reads.&#13;<br \/>\nAccording to the document, Ensuring&#13;<br \/>\nwomen&#8217;s full, equal, effective and meaningful participation in all spheres of&#13;<br \/>\npublic and private life, including their political representation and&#13;<br \/>\nleadership in decision-making processes, is essential to achieving gender&#13;<br \/>\nequality. <\/p>\n<p><\/p>\n<p>&#13;<br \/>\n&#13;<br \/>\n&#13;<br \/>\n&#13;<\/p>\n<p>The signatories also&#13;<br \/>\nemphasise that women and girls have the right to live free from violence and discrimination.&#13;<br \/>\nHowever, violence against women and girls is the most common human rights&#13;<br \/>\nviolation as almost 1 in 3 women has experienced, at least once in her life, physical&#13;<br \/>\nand\/or sexual violence &#8211; a fact unchanged for over a decade. (&#8230;) Access to&#13;<br \/>\ncomprehensive support services and to justice for victims and survivors of&#13;<br \/>\nsexual and gender-based violence has to be ensured, they argue. <\/p>\n<p><\/p>\n<p>&#13;<br \/>\n&#13;<br \/>\n&#13;<br \/>\n&#13;<\/p>\n<p>The fact that women are&#13;<br \/>\nnot adequately represented in national parliaments and governments, including in&#13;<br \/>\nRomania, is not good for democracy, the European Commissioner for Equality Helena&#13;<br \/>\nDalli said in her turn. Early this week, she was on an official visit to&#13;<br \/>\nBucharest, to attend a conference on empowering women in Romania. As the EU&#13;<br \/>\nofficial put it, all women must have financial and economic independence; we must&#13;<br \/>\nrecognise and appreciate the work and contribution of women, and we must give&#13;<br \/>\nthem the tools to achieve balance between their personal and professional&#13;<br \/>\nlives, she added. <\/p>\n<p><\/p>\n<p>&#13;<br \/>\n&#13;<br \/>\n&#13;<br \/>\n&#13;<\/p>\n<p>Helena Dalli also pointed&#13;<br \/>\nout that in Romania 46% of women, as against only 25% of men, are the primary&#13;<br \/>\ncare givers to children, elders or disabled members of their families. A fair&#13;<br \/>\nsharing of responsibilities would help men and women to have equal&#13;<br \/>\nopportunities to work without sacrificing their family life, the EU&#13;<br \/>\nCommissioner explained, while also saying that women currently earn an average&#13;<br \/>\n30% less per hour than men.<\/p>\n<p><\/p>\n<p>&#13;<br \/>\n&#13;<br \/>\n&#13;<br \/>\n&#13;<\/p>\n<p>She also discussed the high teenage&#13;<br \/>\npregnancy rate in Romania, which propagates&#13;<br \/>\npoverty, and the discrimination against Roma people, both in terms of gender&#13;<br \/>\nand ethnicity. The EU official described the situation in which Roma live in&#13;<br \/>\nmany communities in the European Union as &#8216;scandalous&#8217; and &#8216;unacceptable&#8217;. <\/p>\n<p><\/p>\n<p>&#13;<br \/>\n&#13;<br \/>\n&#13;<br \/>\n&#13;<\/p>\n<p>And she also mentioned&#13;<br \/>\nthat the violation of the rights of people in the LGBTIQ community is contrary&#13;<br \/>\nto the spirit of the European Union and warned that EU funding&#13;<br \/>\nshould not reach the local authorities in areas where these people are&#13;<br \/>\nexcluded. (AMP)<\/p><\/p>\n","protected":false},"excerpt":{"rendered":"<p>Women in public life are particularly targeted by intimidation, hate speech and sexual harassment<\/p>\n","protected":false},"author":108,"featured_media":94950,"comment_status":"closed","ping_status":"closed","sticky":false,"template":"","format":"standard","meta":{"_acf_changed":false,"footnotes":""},"categories":[37738],"tags":[30296,36076,36075,40831,36111,31697],"coauthors":[],"class_list":["post-94949","post","type-post","status-publish","format-standard","has-post-thumbnail","hentry","category-today-in-the-news","tag-day","tag-equality","tag-gender","tag-harassment","tag-international","tag-women"],"acf":[],"yoast_head":"<!-- This site is optimized with the Yoast SEO plugin v27.5 - https:\/\/yoast.com\/product\/yoast-seo-wordpress\/ -->\n<title>On gender equality - Radio Romania International<\/title>\n<meta name=\"robots\" content=\"index, follow, max-snippet:-1, max-image-preview:large, max-video-preview:-1\" \/>\n<link rel=\"canonical\" href=\"https:\/\/www.rri.ro\/en\/news-and-current-affairs\/today-in-the-news\/on-gender-equality-id94949.html\" \/>\n<meta property=\"og:locale\" content=\"en_US\" \/>\n<meta property=\"og:type\" content=\"article\" \/>\n<meta property=\"og:title\" content=\"On gender equality - Radio Romania International\" \/>\n<meta property=\"og:description\" content=\"Women in public life are particularly targeted by intimidation, hate speech and sexual harassment\" \/>\n<meta property=\"og:url\" content=\"https:\/\/www.rri.ro\/en\/news-and-current-affairs\/today-in-the-news\/on-gender-equality-id94949.html\" \/>\n<meta property=\"og:site_name\" content=\"Radio Romania International\" \/>\n<meta property=\"article:published_time\" content=\"2023-03-09T12:00:00+00:00\" \/>\n<meta property=\"article:modified_time\" content=\"2024-02-19T07:12:50+00:00\" \/>\n<meta property=\"og:image\" content=\"https:\/\/www.rri.ro\/wp-content\/uploads\/2023\/10\/declaratie-comuna-de-ziua-internationala-a-femeii-sursa-foto-Facebook-Comisia-Europeana-in-Romania.png\" \/>\n\t<meta property=\"og:image:width\" content=\"640\" \/>\n\t<meta property=\"og:image:height\" content=\"427\" \/>\n\t<meta property=\"og:image:type\" content=\"image\/png\" \/>\n<meta name=\"author\" content=\"Corina Cristea\" \/>\n<meta name=\"twitter:card\" content=\"summary_large_image\" \/>\n<meta name=\"twitter:label1\" content=\"Written by\" \/>\n\t<meta name=\"twitter:data1\" content=\"Corina Cristea\" \/>\n\t<meta name=\"twitter:label2\" content=\"Est. reading time\" \/>\n\t<meta name=\"twitter:data2\" content=\"2 minutes\" \/>\n<script type=\"application\/ld+json\" class=\"yoast-schema-graph\">{\"@context\":\"https:\\\/\\\/schema.org\",\"@graph\":[{\"@type\":\"Article\",\"@id\":\"https:\\\/\\\/www.rri.ro\\\/en\\\/news-and-current-affairs\\\/today-in-the-news\\\/on-gender-equality-id94949.html#article\",\"isPartOf\":{\"@id\":\"https:\\\/\\\/www.rri.ro\\\/en\\\/news-and-current-affairs\\\/today-in-the-news\\\/on-gender-equality-id94949.html\"},\"author\":{\"name\":\"Corina Cristea\",\"@id\":\"https:\\\/\\\/www.rri.ro\\\/#\\\/schema\\\/person\\\/f9ab1cb3569dee1b2c033a814bb7f0fc\"},\"headline\":\"On gender equality\",\"datePublished\":\"2023-03-09T12:00:00+00:00\",\"dateModified\":\"2024-02-19T07:12:50+00:00\",\"mainEntityOfPage\":{\"@id\":\"https:\\\/\\\/www.rri.ro\\\/en\\\/news-and-current-affairs\\\/today-in-the-news\\\/on-gender-equality-id94949.html\"},\"wordCount\":468,\"image\":{\"@id\":\"https:\\\/\\\/www.rri.ro\\\/en\\\/news-and-current-affairs\\\/today-in-the-news\\\/on-gender-equality-id94949.html#primaryimage\"},\"thumbnailUrl\":\"https:\\\/\\\/www.rri.ro\\\/wp-content\\\/uploads\\\/2023\\\/10\\\/declaratie-comuna-de-ziua-internationala-a-femeii-sursa-foto-Facebook-Comisia-Europeana-in-Romania.png\",\"keywords\":[\"Day\",\"equality\",\"gender\",\"harassment\",\"international\",\"women\"],\"articleSection\":[\"Today in the News\"],\"inLanguage\":\"en-US\"},{\"@type\":\"WebPage\",\"@id\":\"https:\\\/\\\/www.rri.ro\\\/en\\\/news-and-current-affairs\\\/today-in-the-news\\\/on-gender-equality-id94949.html\",\"url\":\"https:\\\/\\\/www.rri.ro\\\/en\\\/news-and-current-affairs\\\/today-in-the-news\\\/on-gender-equality-id94949.html\",\"name\":\"On gender equality - Radio Romania International\",\"isPartOf\":{\"@id\":\"https:\\\/\\\/www.rri.ro\\\/#website\"},\"primaryImageOfPage\":{\"@id\":\"https:\\\/\\\/www.rri.ro\\\/en\\\/news-and-current-affairs\\\/today-in-the-news\\\/on-gender-equality-id94949.html#primaryimage\"},\"image\":{\"@id\":\"https:\\\/\\\/www.rri.ro\\\/en\\\/news-and-current-affairs\\\/today-in-the-news\\\/on-gender-equality-id94949.html#primaryimage\"},\"thumbnailUrl\":\"https:\\\/\\\/www.rri.ro\\\/wp-content\\\/uploads\\\/2023\\\/10\\\/declaratie-comuna-de-ziua-internationala-a-femeii-sursa-foto-Facebook-Comisia-Europeana-in-Romania.png\",\"datePublished\":\"2023-03-09T12:00:00+00:00\",\"dateModified\":\"2024-02-19T07:12:50+00:00\",\"author\":{\"@id\":\"https:\\\/\\\/www.rri.ro\\\/#\\\/schema\\\/person\\\/f9ab1cb3569dee1b2c033a814bb7f0fc\"},\"breadcrumb\":{\"@id\":\"https:\\\/\\\/www.rri.ro\\\/en\\\/news-and-current-affairs\\\/today-in-the-news\\\/on-gender-equality-id94949.html#breadcrumb\"},\"inLanguage\":\"en-US\",\"potentialAction\":[{\"@type\":\"ReadAction\",\"target\":[\"https:\\\/\\\/www.rri.ro\\\/en\\\/news-and-current-affairs\\\/today-in-the-news\\\/on-gender-equality-id94949.html\"]}]},{\"@type\":\"ImageObject\",\"inLanguage\":\"en-US\",\"@id\":\"https:\\\/\\\/www.rri.ro\\\/en\\\/news-and-current-affairs\\\/today-in-the-news\\\/on-gender-equality-id94949.html#primaryimage\",\"url\":\"https:\\\/\\\/www.rri.ro\\\/wp-content\\\/uploads\\\/2023\\\/10\\\/declaratie-comuna-de-ziua-internationala-a-femeii-sursa-foto-Facebook-Comisia-Europeana-in-Romania.png\",\"contentUrl\":\"https:\\\/\\\/www.rri.ro\\\/wp-content\\\/uploads\\\/2023\\\/10\\\/declaratie-comuna-de-ziua-internationala-a-femeii-sursa-foto-Facebook-Comisia-Europeana-in-Romania.png\",\"width\":640,\"height\":427},{\"@type\":\"BreadcrumbList\",\"@id\":\"https:\\\/\\\/www.rri.ro\\\/en\\\/news-and-current-affairs\\\/today-in-the-news\\\/on-gender-equality-id94949.html#breadcrumb\",\"itemListElement\":[{\"@type\":\"ListItem\",\"position\":1,\"name\":\"Homepage\",\"item\":\"https:\\\/\\\/www.rri.ro\\\/en\"},{\"@type\":\"ListItem\",\"position\":2,\"name\":\"News and Current Affairs\",\"item\":\"https:\\\/\\\/www.rri.ro\\\/en\\\/news-and-current-affairs\"},{\"@type\":\"ListItem\",\"position\":3,\"name\":\"Today in the News\",\"item\":\"https:\\\/\\\/www.rri.ro\\\/en\\\/news-and-current-affairs\\\/today-in-the-news\"},{\"@type\":\"ListItem\",\"position\":4,\"name\":\"On gender equality\"}]},{\"@type\":\"WebSite\",\"@id\":\"https:\\\/\\\/www.rri.ro\\\/#website\",\"url\":\"https:\\\/\\\/www.rri.ro\\\/\",\"name\":\"Radio Romania International\",\"description\":\"Totul despre Rom\u00e2nia \u015fi rom\u00e2ni, \u00een 13 limbi\\\/dialecte!\",\"inLanguage\":\"en-US\"},{\"@type\":\"Person\",\"@id\":\"https:\\\/\\\/www.rri.ro\\\/#\\\/schema\\\/person\\\/f9ab1cb3569dee1b2c033a814bb7f0fc\",\"name\":\"Corina Cristea\",\"url\":\"https:\\\/\\\/www.rri.ro\\\/en\\\/author\\\/corina-cristea\"}]}<\/script>\n<!-- \/ Yoast SEO plugin. -->","yoast_head_json":{"title":"On gender equality - Radio Romania International","robots":{"index":"index","follow":"follow","max-snippet":"max-snippet:-1","max-image-preview":"max-image-preview:large","max-video-preview":"max-video-preview:-1"},"canonical":"https:\/\/www.rri.ro\/en\/news-and-current-affairs\/today-in-the-news\/on-gender-equality-id94949.html","og_locale":"en_US","og_type":"article","og_title":"On gender equality - Radio Romania International","og_description":"Women in public life are particularly targeted by intimidation, hate speech and sexual harassment","og_url":"https:\/\/www.rri.ro\/en\/news-and-current-affairs\/today-in-the-news\/on-gender-equality-id94949.html","og_site_name":"Radio Romania International","article_published_time":"2023-03-09T12:00:00+00:00","article_modified_time":"2024-02-19T07:12:50+00:00","og_image":[{"width":640,"height":427,"url":"https:\/\/www.rri.ro\/wp-content\/uploads\/2023\/10\/declaratie-comuna-de-ziua-internationala-a-femeii-sursa-foto-Facebook-Comisia-Europeana-in-Romania.png","type":"image\/png"}],"author":"Corina Cristea","twitter_card":"summary_large_image","twitter_misc":{"Written by":"Corina Cristea","Est. reading time":"2 minutes"},"schema":{"@context":"https:\/\/schema.org","@graph":[{"@type":"Article","@id":"https:\/\/www.rri.ro\/en\/news-and-current-affairs\/today-in-the-news\/on-gender-equality-id94949.html#article","isPartOf":{"@id":"https:\/\/www.rri.ro\/en\/news-and-current-affairs\/today-in-the-news\/on-gender-equality-id94949.html"},"author":{"name":"Corina Cristea","@id":"https:\/\/www.rri.ro\/#\/schema\/person\/f9ab1cb3569dee1b2c033a814bb7f0fc"},"headline":"On gender equality","datePublished":"2023-03-09T12:00:00+00:00","dateModified":"2024-02-19T07:12:50+00:00","mainEntityOfPage":{"@id":"https:\/\/www.rri.ro\/en\/news-and-current-affairs\/today-in-the-news\/on-gender-equality-id94949.html"},"wordCount":468,"image":{"@id":"https:\/\/www.rri.ro\/en\/news-and-current-affairs\/today-in-the-news\/on-gender-equality-id94949.html#primaryimage"},"thumbnailUrl":"https:\/\/www.rri.ro\/wp-content\/uploads\/2023\/10\/declaratie-comuna-de-ziua-internationala-a-femeii-sursa-foto-Facebook-Comisia-Europeana-in-Romania.png","keywords":["Day","equality","gender","harassment","international","women"],"articleSection":["Today in the News"],"inLanguage":"en-US"},{"@type":"WebPage","@id":"https:\/\/www.rri.ro\/en\/news-and-current-affairs\/today-in-the-news\/on-gender-equality-id94949.html","url":"https:\/\/www.rri.ro\/en\/news-and-current-affairs\/today-in-the-news\/on-gender-equality-id94949.html","name":"On gender equality - Radio Romania International","isPartOf":{"@id":"https:\/\/www.rri.ro\/#website"},"primaryImageOfPage":{"@id":"https:\/\/www.rri.ro\/en\/news-and-current-affairs\/today-in-the-news\/on-gender-equality-id94949.html#primaryimage"},"image":{"@id":"https:\/\/www.rri.ro\/en\/news-and-current-affairs\/today-in-the-news\/on-gender-equality-id94949.html#primaryimage"},"thumbnailUrl":"https:\/\/www.rri.ro\/wp-content\/uploads\/2023\/10\/declaratie-comuna-de-ziua-internationala-a-femeii-sursa-foto-Facebook-Comisia-Europeana-in-Romania.png","datePublished":"2023-03-09T12:00:00+00:00","dateModified":"2024-02-19T07:12:50+00:00","author":{"@id":"https:\/\/www.rri.ro\/#\/schema\/person\/f9ab1cb3569dee1b2c033a814bb7f0fc"},"breadcrumb":{"@id":"https:\/\/www.rri.ro\/en\/news-and-current-affairs\/today-in-the-news\/on-gender-equality-id94949.html#breadcrumb"},"inLanguage":"en-US","potentialAction":[{"@type":"ReadAction","target":["https:\/\/www.rri.ro\/en\/news-and-current-affairs\/today-in-the-news\/on-gender-equality-id94949.html"]}]},{"@type":"ImageObject","inLanguage":"en-US","@id":"https:\/\/www.rri.ro\/en\/news-and-current-affairs\/today-in-the-news\/on-gender-equality-id94949.html#primaryimage","url":"https:\/\/www.rri.ro\/wp-content\/uploads\/2023\/10\/declaratie-comuna-de-ziua-internationala-a-femeii-sursa-foto-Facebook-Comisia-Europeana-in-Romania.png","contentUrl":"https:\/\/www.rri.ro\/wp-content\/uploads\/2023\/10\/declaratie-comuna-de-ziua-internationala-a-femeii-sursa-foto-Facebook-Comisia-Europeana-in-Romania.png","width":640,"height":427},{"@type":"BreadcrumbList","@id":"https:\/\/www.rri.ro\/en\/news-and-current-affairs\/today-in-the-news\/on-gender-equality-id94949.html#breadcrumb","itemListElement":[{"@type":"ListItem","position":1,"name":"Homepage","item":"https:\/\/www.rri.ro\/en"},{"@type":"ListItem","position":2,"name":"News and Current Affairs","item":"https:\/\/www.rri.ro\/en\/news-and-current-affairs"},{"@type":"ListItem","position":3,"name":"Today in the News","item":"https:\/\/www.rri.ro\/en\/news-and-current-affairs\/today-in-the-news"},{"@type":"ListItem","position":4,"name":"On gender equality"}]},{"@type":"WebSite","@id":"https:\/\/www.rri.ro\/#website","url":"https:\/\/www.rri.ro\/","name":"Radio Romania International","description":"Totul despre Rom\u00e2nia \u015fi rom\u00e2ni, \u00een 13 limbi\/dialecte!","inLanguage":"en-US"},{"@type":"Person","@id":"https:\/\/www.rri.ro\/#\/schema\/person\/f9ab1cb3569dee1b2c033a814bb7f0fc","name":"Corina Cristea","url":"https:\/\/www.rri.ro\/en\/author\/corina-cristea"}]}},"_links":{"self":[{"href":"https:\/\/www.rri.ro\/en\/wp-json\/wp\/v2\/posts\/94949","targetHints":{"allow":["GET"]}}],"collection":[{"href":"https:\/\/www.rri.ro\/en\/wp-json\/wp\/v2\/posts"}],"about":[{"href":"https:\/\/www.rri.ro\/en\/wp-json\/wp\/v2\/types\/post"}],"author":[{"embeddable":true,"href":"https:\/\/www.rri.ro\/en\/wp-json\/wp\/v2\/users\/108"}],"replies":[{"embeddable":true,"href":"https:\/\/www.rri.ro\/en\/wp-json\/wp\/v2\/comments?post=94949"}],"version-history":[{"count":0,"href":"https:\/\/www.rri.ro\/en\/wp-json\/wp\/v2\/posts\/94949\/revisions"}],"wp:featuredmedia":[{"embeddable":true,"href":"https:\/\/www.rri.ro\/en\/wp-json\/wp\/v2\/media\/94950"}],"wp:attachment":[{"href":"https:\/\/www.rri.ro\/en\/wp-json\/wp\/v2\/media?parent=94949"}],"wp:term":[{"taxonomy":"category","embeddable":true,"href":"https:\/\/www.rri.ro\/en\/wp-json\/wp\/v2\/categories?post=94949"},{"taxonomy":"post_tag","embeddable":true,"href":"https:\/\/www.rri.ro\/en\/wp-json\/wp\/v2\/tags?post=94949"},{"taxonomy":"author","embeddable":true,"href":"https:\/\/www.rri.ro\/en\/wp-json\/wp\/v2\/coauthors?post=94949"}],"curies":[{"name":"wp","href":"https:\/\/api.w.org\/{rel}","templated":true}]}}