{"id":961304,"date":"2025-12-11T14:00:32","date_gmt":"2025-12-11T12:00:32","guid":{"rendered":"https:\/\/www.rri.ro\/?p=961304"},"modified":"2025-12-11T12:34:37","modified_gmt":"2025-12-11T10:34:37","slug":"rris-personality-of-the-year-in-2025","status":"publish","type":"post","link":"https:\/\/www.rri.ro\/en\/useful-information-en\/useful-information\/rris-personality-of-the-year-in-2025-id961304.html","title":{"rendered":"RRI\u2019s Personality of the Year in 2025"},"content":{"rendered":"<p class=\"western\" lang=\"fr-FR\" align=\"justify\"><span style=\"font-family: Arial, sans-serif;\"><span style=\"font-size: medium;\">It\u2019s been a difficult and complicated year, with Russia\u2019s war in Ukraine waging on, conflicts in the Middle East, natural disasters and the effects of climate change. Under these circumstances, <\/span><\/span><span style=\"font-family: Arial, sans-serif;\"><span style=\"font-size: medium;\">who, in your opinion, has had the most positive influence on the world in 2025? And why? <\/span><\/span><\/p>\n<p class=\"western\" lang=\"fr-FR\" align=\"justify\"><span style=\"font-family: Arial, sans-serif;\"><span style=\"font-size: medium;\">Your choice can be a global figure or someone who is unknown to the wider public but whose story you find inspiring.<\/span><\/span><\/p>\n<p class=\"western\" lang=\"fr-FR\" align=\"justify\"><span style=\"font-family: Arial, sans-serif;\"><span style=\"font-size: medium;\">We\u2019re looking forward to your proposals, either in text or audio format, by email, Facebook, Instagram or WhatsApp at 0040.744.312.650.<\/span><\/span><\/p>\n<p class=\"western\" lang=\"fr-FR\" align=\"justify\"><span style=\"font-family: Arial, sans-serif;\"><span style=\"font-size: medium;\">Stay tuned to find out the name of\u00a0RRI\u2019s 2025 Personality of the Year in our programmes and online on Thursday, 1st January 2026.\u00a0<\/span><\/span><\/p>\n","protected":false},"excerpt":{"rendered":"<p>It\u2019s been a difficult and complicated year, with Russia\u2019s war in Ukraine waging on, conflicts in the Middle East, natural disasters and the effects of climate change. Under these circumstances, who, in your opinion, has had the most positive influence on the world in 2025? And why? Your choice can be a global figure or [&hellip;]<\/p>\n","protected":false},"author":28,"featured_media":528538,"comment_status":"closed","ping_status":"closed","sticky":false,"template":"","format":"standard","meta":{"_acf_changed":false,"footnotes":""},"categories":[113199],"tags":[],"coauthors":[115205],"class_list":["post-961304","post","type-post","status-publish","format-standard","has-post-thumbnail","hentry","category-useful-information"],"acf":[],"yoast_head":"<!-- This site is optimized with the Yoast SEO plugin v27.3 - https:\/\/yoast.com\/product\/yoast-seo-wordpress\/ -->\n<title>RRI\u2019s Personality of the Year in 2025 - Radio Romania International<\/title>\n<meta name=\"robots\" content=\"index, follow, max-snippet:-1, max-image-preview:large, max-video-preview:-1\" \/>\n<link rel=\"canonical\" href=\"https:\/\/www.rri.ro\/en\/useful-information-en\/useful-information\/rris-personality-of-the-year-in-2025-id961304.html\" \/>\n<meta property=\"og:locale\" content=\"en_US\" \/>\n<meta property=\"og:type\" content=\"article\" \/>\n<meta property=\"og:title\" content=\"RRI\u2019s Personality of the Year in 2025 - Radio Romania International\" \/>\n<meta property=\"og:description\" content=\"It\u2019s been a difficult and complicated year, with Russia\u2019s war in Ukraine waging on, conflicts in the Middle East, natural disasters and the effects of climate change. Under these circumstances, who, in your opinion, has had the most positive influence on the world in 2025? And why? Your choice can be a global figure or [&hellip;]\" \/>\n<meta property=\"og:url\" content=\"https:\/\/www.rri.ro\/en\/useful-information-en\/useful-information\/rris-personality-of-the-year-in-2025-id961304.html\" \/>\n<meta property=\"og:site_name\" content=\"Radio Romania International\" \/>\n<meta property=\"article:published_time\" content=\"2025-12-11T12:00:32+00:00\" \/>\n<meta property=\"og:image\" content=\"https:\/\/www.rri.ro\/wp-content\/uploads\/2023\/10\/omul-anului-2.jpg\" \/>\n\t<meta property=\"og:image:width\" content=\"640\" \/>\n\t<meta property=\"og:image:height\" content=\"480\" \/>\n\t<meta property=\"og:image:type\" content=\"image\/jpeg\" \/>\n<meta name=\"author\" content=\"Eugen Cojocariu\" \/>\n<meta name=\"twitter:card\" content=\"summary_large_image\" \/>\n<meta name=\"twitter:label1\" content=\"Written by\" \/>\n\t<meta name=\"twitter:data1\" content=\"Eugen Cojocariu\" \/>\n\t<meta name=\"twitter:label2\" content=\"Est. reading time\" \/>\n\t<meta name=\"twitter:data2\" content=\"1 minute\" \/>\n<script type=\"application\/ld+json\" class=\"yoast-schema-graph\">{\"@context\":\"https:\\\/\\\/schema.org\",\"@graph\":[{\"@type\":\"Article\",\"@id\":\"https:\\\/\\\/www.rri.ro\\\/en\\\/useful-information-en\\\/useful-information\\\/rris-personality-of-the-year-in-2025-id961304.html#article\",\"isPartOf\":{\"@id\":\"https:\\\/\\\/www.rri.ro\\\/en\\\/useful-information-en\\\/useful-information\\\/rris-personality-of-the-year-in-2025-id961304.html\"},\"author\":{\"name\":\"Eugen Cojocariu\",\"@id\":\"https:\\\/\\\/www.rri.ro\\\/#\\\/schema\\\/person\\\/7e1d12a0ddf50bb2d58f812a617e5eaa\"},\"headline\":\"RRI\u2019s Personality of the Year in 2025\",\"datePublished\":\"2025-12-11T12:00:32+00:00\",\"mainEntityOfPage\":{\"@id\":\"https:\\\/\\\/www.rri.ro\\\/en\\\/useful-information-en\\\/useful-information\\\/rris-personality-of-the-year-in-2025-id961304.html\"},\"wordCount\":120,\"image\":{\"@id\":\"https:\\\/\\\/www.rri.ro\\\/en\\\/useful-information-en\\\/useful-information\\\/rris-personality-of-the-year-in-2025-id961304.html#primaryimage\"},\"thumbnailUrl\":\"https:\\\/\\\/www.rri.ro\\\/wp-content\\\/uploads\\\/2023\\\/10\\\/omul-anului-2.jpg\",\"articleSection\":[\"Things to know\"],\"inLanguage\":\"en-US\"},{\"@type\":\"WebPage\",\"@id\":\"https:\\\/\\\/www.rri.ro\\\/en\\\/useful-information-en\\\/useful-information\\\/rris-personality-of-the-year-in-2025-id961304.html\",\"url\":\"https:\\\/\\\/www.rri.ro\\\/en\\\/useful-information-en\\\/useful-information\\\/rris-personality-of-the-year-in-2025-id961304.html\",\"name\":\"RRI\u2019s Personality of the Year in 2025 - Radio Romania International\",\"isPartOf\":{\"@id\":\"https:\\\/\\\/www.rri.ro\\\/#website\"},\"primaryImageOfPage\":{\"@id\":\"https:\\\/\\\/www.rri.ro\\\/en\\\/useful-information-en\\\/useful-information\\\/rris-personality-of-the-year-in-2025-id961304.html#primaryimage\"},\"image\":{\"@id\":\"https:\\\/\\\/www.rri.ro\\\/en\\\/useful-information-en\\\/useful-information\\\/rris-personality-of-the-year-in-2025-id961304.html#primaryimage\"},\"thumbnailUrl\":\"https:\\\/\\\/www.rri.ro\\\/wp-content\\\/uploads\\\/2023\\\/10\\\/omul-anului-2.jpg\",\"datePublished\":\"2025-12-11T12:00:32+00:00\",\"author\":{\"@id\":\"https:\\\/\\\/www.rri.ro\\\/#\\\/schema\\\/person\\\/7e1d12a0ddf50bb2d58f812a617e5eaa\"},\"breadcrumb\":{\"@id\":\"https:\\\/\\\/www.rri.ro\\\/en\\\/useful-information-en\\\/useful-information\\\/rris-personality-of-the-year-in-2025-id961304.html#breadcrumb\"},\"inLanguage\":\"en-US\",\"potentialAction\":[{\"@type\":\"ReadAction\",\"target\":[\"https:\\\/\\\/www.rri.ro\\\/en\\\/useful-information-en\\\/useful-information\\\/rris-personality-of-the-year-in-2025-id961304.html\"]}]},{\"@type\":\"ImageObject\",\"inLanguage\":\"en-US\",\"@id\":\"https:\\\/\\\/www.rri.ro\\\/en\\\/useful-information-en\\\/useful-information\\\/rris-personality-of-the-year-in-2025-id961304.html#primaryimage\",\"url\":\"https:\\\/\\\/www.rri.ro\\\/wp-content\\\/uploads\\\/2023\\\/10\\\/omul-anului-2.jpg\",\"contentUrl\":\"https:\\\/\\\/www.rri.ro\\\/wp-content\\\/uploads\\\/2023\\\/10\\\/omul-anului-2.jpg\",\"width\":640,\"height\":480},{\"@type\":\"BreadcrumbList\",\"@id\":\"https:\\\/\\\/www.rri.ro\\\/en\\\/useful-information-en\\\/useful-information\\\/rris-personality-of-the-year-in-2025-id961304.html#breadcrumb\",\"itemListElement\":[{\"@type\":\"ListItem\",\"position\":1,\"name\":\"Homepage\",\"item\":\"https:\\\/\\\/www.rri.ro\\\/en\"},{\"@type\":\"ListItem\",\"position\":2,\"name\":\"Useful information\",\"item\":\"https:\\\/\\\/www.rri.ro\\\/en\\\/useful-information-en\"},{\"@type\":\"ListItem\",\"position\":3,\"name\":\"Things to know\",\"item\":\"https:\\\/\\\/www.rri.ro\\\/en\\\/useful-information-en\\\/useful-information\"},{\"@type\":\"ListItem\",\"position\":4,\"name\":\"RRI\u2019s Personality of the Year in 2025\"}]},{\"@type\":\"WebSite\",\"@id\":\"https:\\\/\\\/www.rri.ro\\\/#website\",\"url\":\"https:\\\/\\\/www.rri.ro\\\/\",\"name\":\"Radio Romania International\",\"description\":\"Totul despre Rom\u00e2nia \u015fi rom\u00e2ni, \u00een 13 limbi\\\/dialecte!\",\"inLanguage\":\"en-US\"},{\"@type\":\"Person\",\"@id\":\"https:\\\/\\\/www.rri.ro\\\/#\\\/schema\\\/person\\\/7e1d12a0ddf50bb2d58f812a617e5eaa\",\"name\":\"Eugen Cojocariu\",\"url\":\"https:\\\/\\\/www.rri.ro\\\/en\\\/author\\\/eugen-cojocariu\"}]}<\/script>\n<!-- \/ Yoast SEO plugin. -->","yoast_head_json":{"title":"RRI\u2019s Personality of the Year in 2025 - Radio Romania International","robots":{"index":"index","follow":"follow","max-snippet":"max-snippet:-1","max-image-preview":"max-image-preview:large","max-video-preview":"max-video-preview:-1"},"canonical":"https:\/\/www.rri.ro\/en\/useful-information-en\/useful-information\/rris-personality-of-the-year-in-2025-id961304.html","og_locale":"en_US","og_type":"article","og_title":"RRI\u2019s Personality of the Year in 2025 - Radio Romania International","og_description":"It\u2019s been a difficult and complicated year, with Russia\u2019s war in Ukraine waging on, conflicts in the Middle East, natural disasters and the effects of climate change. Under these circumstances, who, in your opinion, has had the most positive influence on the world in 2025? And why? Your choice can be a global figure or [&hellip;]","og_url":"https:\/\/www.rri.ro\/en\/useful-information-en\/useful-information\/rris-personality-of-the-year-in-2025-id961304.html","og_site_name":"Radio Romania International","article_published_time":"2025-12-11T12:00:32+00:00","og_image":[{"width":640,"height":480,"url":"https:\/\/www.rri.ro\/wp-content\/uploads\/2023\/10\/omul-anului-2.jpg","type":"image\/jpeg"}],"author":"Eugen Cojocariu","twitter_card":"summary_large_image","twitter_misc":{"Written by":"Eugen Cojocariu","Est. reading time":"1 minute"},"schema":{"@context":"https:\/\/schema.org","@graph":[{"@type":"Article","@id":"https:\/\/www.rri.ro\/en\/useful-information-en\/useful-information\/rris-personality-of-the-year-in-2025-id961304.html#article","isPartOf":{"@id":"https:\/\/www.rri.ro\/en\/useful-information-en\/useful-information\/rris-personality-of-the-year-in-2025-id961304.html"},"author":{"name":"Eugen Cojocariu","@id":"https:\/\/www.rri.ro\/#\/schema\/person\/7e1d12a0ddf50bb2d58f812a617e5eaa"},"headline":"RRI\u2019s Personality of the Year in 2025","datePublished":"2025-12-11T12:00:32+00:00","mainEntityOfPage":{"@id":"https:\/\/www.rri.ro\/en\/useful-information-en\/useful-information\/rris-personality-of-the-year-in-2025-id961304.html"},"wordCount":120,"image":{"@id":"https:\/\/www.rri.ro\/en\/useful-information-en\/useful-information\/rris-personality-of-the-year-in-2025-id961304.html#primaryimage"},"thumbnailUrl":"https:\/\/www.rri.ro\/wp-content\/uploads\/2023\/10\/omul-anului-2.jpg","articleSection":["Things to know"],"inLanguage":"en-US"},{"@type":"WebPage","@id":"https:\/\/www.rri.ro\/en\/useful-information-en\/useful-information\/rris-personality-of-the-year-in-2025-id961304.html","url":"https:\/\/www.rri.ro\/en\/useful-information-en\/useful-information\/rris-personality-of-the-year-in-2025-id961304.html","name":"RRI\u2019s Personality of the Year in 2025 - Radio Romania International","isPartOf":{"@id":"https:\/\/www.rri.ro\/#website"},"primaryImageOfPage":{"@id":"https:\/\/www.rri.ro\/en\/useful-information-en\/useful-information\/rris-personality-of-the-year-in-2025-id961304.html#primaryimage"},"image":{"@id":"https:\/\/www.rri.ro\/en\/useful-information-en\/useful-information\/rris-personality-of-the-year-in-2025-id961304.html#primaryimage"},"thumbnailUrl":"https:\/\/www.rri.ro\/wp-content\/uploads\/2023\/10\/omul-anului-2.jpg","datePublished":"2025-12-11T12:00:32+00:00","author":{"@id":"https:\/\/www.rri.ro\/#\/schema\/person\/7e1d12a0ddf50bb2d58f812a617e5eaa"},"breadcrumb":{"@id":"https:\/\/www.rri.ro\/en\/useful-information-en\/useful-information\/rris-personality-of-the-year-in-2025-id961304.html#breadcrumb"},"inLanguage":"en-US","potentialAction":[{"@type":"ReadAction","target":["https:\/\/www.rri.ro\/en\/useful-information-en\/useful-information\/rris-personality-of-the-year-in-2025-id961304.html"]}]},{"@type":"ImageObject","inLanguage":"en-US","@id":"https:\/\/www.rri.ro\/en\/useful-information-en\/useful-information\/rris-personality-of-the-year-in-2025-id961304.html#primaryimage","url":"https:\/\/www.rri.ro\/wp-content\/uploads\/2023\/10\/omul-anului-2.jpg","contentUrl":"https:\/\/www.rri.ro\/wp-content\/uploads\/2023\/10\/omul-anului-2.jpg","width":640,"height":480},{"@type":"BreadcrumbList","@id":"https:\/\/www.rri.ro\/en\/useful-information-en\/useful-information\/rris-personality-of-the-year-in-2025-id961304.html#breadcrumb","itemListElement":[{"@type":"ListItem","position":1,"name":"Homepage","item":"https:\/\/www.rri.ro\/en"},{"@type":"ListItem","position":2,"name":"Useful information","item":"https:\/\/www.rri.ro\/en\/useful-information-en"},{"@type":"ListItem","position":3,"name":"Things to know","item":"https:\/\/www.rri.ro\/en\/useful-information-en\/useful-information"},{"@type":"ListItem","position":4,"name":"RRI\u2019s Personality of the Year in 2025"}]},{"@type":"WebSite","@id":"https:\/\/www.rri.ro\/#website","url":"https:\/\/www.rri.ro\/","name":"Radio Romania International","description":"Totul despre Rom\u00e2nia \u015fi rom\u00e2ni, \u00een 13 limbi\/dialecte!","inLanguage":"en-US"},{"@type":"Person","@id":"https:\/\/www.rri.ro\/#\/schema\/person\/7e1d12a0ddf50bb2d58f812a617e5eaa","name":"Eugen Cojocariu","url":"https:\/\/www.rri.ro\/en\/author\/eugen-cojocariu"}]}},"_links":{"self":[{"href":"https:\/\/www.rri.ro\/en\/wp-json\/wp\/v2\/posts\/961304","targetHints":{"allow":["GET"]}}],"collection":[{"href":"https:\/\/www.rri.ro\/en\/wp-json\/wp\/v2\/posts"}],"about":[{"href":"https:\/\/www.rri.ro\/en\/wp-json\/wp\/v2\/types\/post"}],"author":[{"embeddable":true,"href":"https:\/\/www.rri.ro\/en\/wp-json\/wp\/v2\/users\/28"}],"replies":[{"embeddable":true,"href":"https:\/\/www.rri.ro\/en\/wp-json\/wp\/v2\/comments?post=961304"}],"version-history":[{"count":0,"href":"https:\/\/www.rri.ro\/en\/wp-json\/wp\/v2\/posts\/961304\/revisions"}],"wp:featuredmedia":[{"embeddable":true,"href":"https:\/\/www.rri.ro\/en\/wp-json\/wp\/v2\/media\/528538"}],"wp:attachment":[{"href":"https:\/\/www.rri.ro\/en\/wp-json\/wp\/v2\/media?parent=961304"}],"wp:term":[{"taxonomy":"category","embeddable":true,"href":"https:\/\/www.rri.ro\/en\/wp-json\/wp\/v2\/categories?post=961304"},{"taxonomy":"post_tag","embeddable":true,"href":"https:\/\/www.rri.ro\/en\/wp-json\/wp\/v2\/tags?post=961304"},{"taxonomy":"author","embeddable":true,"href":"https:\/\/www.rri.ro\/en\/wp-json\/wp\/v2\/coauthors?post=961304"}],"curies":[{"name":"wp","href":"https:\/\/api.w.org\/{rel}","templated":true}]}}